{"id":298861,"date":"2023-08-05T13:00:41","date_gmt":"2023-08-05T11:00:41","guid":{"rendered":"https:\/\/www.intoscana.it\/it\/?p=298861"},"modified":"2023-08-05T13:00:41","modified_gmt":"2023-08-05T11:00:41","slug":"torna-il-pacchetto-scuola-stanziati-6-milioni-dalla-regione","status":"publish","type":"post","link":"https:\/\/www.intoscana.it\/it\/torna-il-pacchetto-scuola-stanziati-6-milioni-dalla-regione\/","title":{"rendered":"Torna il Pacchetto scuola, stanziati 6 milioni dalla Regione"},"content":{"rendered":"<p>In arrivo il &#8220;<em>Pacchetto Scuola<\/em>&#8221; per il prossimo <strong>anno scolastico 2023\/2024<\/strong>. La Regione Toscana conferma il sostegno economico per gli <strong>studenti delle secondarie<\/strong> appartenenti a <strong>famiglie a basso reddito<\/strong>.<\/p>\n<p>Un contributo da destinare alle spese necessarie alla frequenza, all&#8217;acquisto di <strong>libri scolastici,<\/strong> materiale didattico di vario tipo ed altri <strong>servizi scolastici. <\/strong>Il budget complessivo per l&#8217;intervento ammonta ad ora a <strong>6 milioni di euro<\/strong>.<\/p>\n<h3>Nardini: garantire il diritto allo studio<\/h3>\n<p>\u201c<em>Garantire il diritto allo studio \u00e8 per la nostra Regione una priorit\u00e0 assoluta, per questo attraverso questa misura manteniamo un impegno pluriennale, ancora pi\u00f9 prezioso in una difficile fase socioeconomica come quella che stiamo vivendo<\/em>\u201d, afferma l\u2019assessora all\u2019istruzione <strong>Alessandra Nardini<\/strong>.<\/p>\n<p>L&#8217;assessora sottolinea \u201c<em>la scelta della giunta regionale di integrare i finanziamenti statali e regionali gi\u00e0 impegnati con ulteriori 500 mila euro stanziati con l\u2019ultima variazione di bilancio, auspicando che anche nella prossima variazione si possa ulteriormente intervenire in questo senso<\/em>\u201d.<\/p>\n<h3>Le informazioni nel comune di residenza<\/h3>\n<p>Nei giorni scorsi l\u2019assessora ha inviato una lettera a studenti e genitori potenzialmente interessati con cui invita ad informarsi sulla misura presso il proprio <strong>Comune di residenza<\/strong>: \u00e8 l\u2019ente che eroga concretamente il contributo. Termine ultimo per presentare la domanda: 22 settembre.<\/p>\n<h3>I requisiti necessari<\/h3>\n<p>I <strong>requisiti necessari<\/strong> per richiedere il beneficio sono rimasti <strong>inalterati<\/strong>. Il contributo massimo erogabile \u00e8 di <strong>300 euro a pacchetto<\/strong> per qualunque anno di iscrizione alle secondarie statali o paritarie. L\u2019Isee richiesto deve essere minore o uguale a <strong>15.748,78 euro per nucleo familiare<\/strong>, innalzato a 36 mila euro nei comuni di Capraia Isola e Isola del Giglio in quanto territori svantaggiati.<\/p>\n","protected":false},"excerpt":{"rendered":"<p>Contributo di 300 euro anche quest&#8217;anno per gli studenti delle secondarie appartenenti a famiglie disagiate. Nardini: &#8220;Garantire il diritto allo studio&#8221;<\/p>\n","protected":false},"author":525,"featured_media":149680,"comment_status":"open","ping_status":"open","sticky":false,"template":"","format":"standard","meta":{"_acf_changed":false,"footnotes":""},"categories":[494],"tags":[151,212],"class_list":["post-298861","post","type-post","status-publish","format-standard","has-post-thumbnail","hentry","category-attualita","tag-regione-toscana","tag-scuola"],"acf":[],"yoast_head":"<!-- This site is optimized with the Yoast SEO Premium plugin v24.2 (Yoast SEO v25.6) - https:\/\/yoast.com\/wordpress\/plugins\/seo\/ -->\n<title>Torna il Pacchetto scuola, stanziati 6 milioni dalla Regione - intoscana<\/title>\n<meta name=\"description\" content=\"Contributo di 300 euro anche quest&#039;anno per aiutare gli studenti delle secondarie appartenenti a famiglie disagiate\" \/>\n<meta name=\"robots\" content=\"index, follow, max-snippet:-1, max-image-preview:large, max-video-preview:-1\" \/>\n<link rel=\"canonical\" href=\"https:\/\/www.intoscana.it\/it\/torna-il-pacchetto-scuola-stanziati-6-milioni-dalla-regione\/\" \/>\n<meta property=\"og:locale\" content=\"it_IT\" \/>\n<meta property=\"og:type\" content=\"article\" \/>\n<meta property=\"og:title\" content=\"Torna il Pacchetto scuola, stanziati 6 milioni dalla Regione\" \/>\n<meta property=\"og:description\" content=\"Contributo di 300 euro anche quest&#039;anno per aiutare gli studenti delle secondarie appartenenti a famiglie disagiate\" \/>\n<meta property=\"og:url\" content=\"https:\/\/www.intoscana.it\/it\/torna-il-pacchetto-scuola-stanziati-6-milioni-dalla-regione\/\" \/>\n<meta property=\"og:site_name\" content=\"intoscana\" \/>\n<meta property=\"article:publisher\" content=\"https:\/\/www.facebook.com\/intoscana.it\" \/>\n<meta property=\"article:published_time\" content=\"2023-08-05T11:00:41+00:00\" \/>\n<meta property=\"og:image\" content=\"https:\/\/www.intoscana.it\/wp-content\/uploads\/Scuola-vuota-Ivan-Aleksic-Unsplash.jpg\" \/>\n\t<meta property=\"og:image:width\" content=\"1600\" \/>\n\t<meta property=\"og:image:height\" content=\"900\" \/>\n\t<meta property=\"og:image:type\" content=\"image\/jpeg\" \/>\n<meta name=\"author\" content=\"Redazione\" \/>\n<meta name=\"twitter:card\" content=\"summary_large_image\" \/>\n<meta name=\"twitter:creator\" content=\"@intoscana\" \/>\n<meta name=\"twitter:site\" content=\"@intoscana\" \/>\n<meta name=\"twitter:label1\" content=\"Written by\" \/>\n\t<meta name=\"twitter:data1\" content=\"Redazione\" \/>\n\t<meta name=\"twitter:label2\" content=\"Est. reading time\" \/>\n\t<meta name=\"twitter:data2\" content=\"1 minuto\" \/>\n<script type=\"application\/ld+json\" class=\"yoast-schema-graph\">{\"@context\":\"https:\/\/schema.org\",\"@graph\":[{\"@type\":\"WebPage\",\"@id\":\"https:\/\/www.intoscana.it\/it\/torna-il-pacchetto-scuola-stanziati-6-milioni-dalla-regione\/\",\"url\":\"https:\/\/www.intoscana.it\/it\/torna-il-pacchetto-scuola-stanziati-6-milioni-dalla-regione\/\",\"name\":\"Torna il Pacchetto scuola, stanziati 6 milioni dalla Regione - intoscana\",\"isPartOf\":{\"@id\":\"https:\/\/www.intoscana.it\/it\/#website\"},\"primaryImageOfPage\":{\"@id\":\"https:\/\/www.intoscana.it\/it\/torna-il-pacchetto-scuola-stanziati-6-milioni-dalla-regione\/#primaryimage\"},\"image\":{\"@id\":\"https:\/\/www.intoscana.it\/it\/torna-il-pacchetto-scuola-stanziati-6-milioni-dalla-regione\/#primaryimage\"},\"thumbnailUrl\":\"https:\/\/www.intoscana.it\/wp-content\/uploads\/Scuola-vuota-Ivan-Aleksic-Unsplash.jpg\",\"datePublished\":\"2023-08-05T11:00:41+00:00\",\"author\":{\"@id\":\"https:\/\/www.intoscana.it\/it\/#\/schema\/person\/9223810753230f20bd670fdd322661f8\"},\"description\":\"Contributo di 300 euro anche quest'anno per aiutare gli studenti delle secondarie appartenenti a famiglie disagiate\",\"breadcrumb\":{\"@id\":\"https:\/\/www.intoscana.it\/it\/torna-il-pacchetto-scuola-stanziati-6-milioni-dalla-regione\/#breadcrumb\"},\"inLanguage\":\"it-IT\",\"potentialAction\":[{\"@type\":\"ReadAction\",\"target\":[\"https:\/\/www.intoscana.it\/it\/torna-il-pacchetto-scuola-stanziati-6-milioni-dalla-regione\/\"]}]},{\"@type\":\"ImageObject\",\"inLanguage\":\"it-IT\",\"@id\":\"https:\/\/www.intoscana.it\/it\/torna-il-pacchetto-scuola-stanziati-6-milioni-dalla-regione\/#primaryimage\",\"url\":\"https:\/\/www.intoscana.it\/wp-content\/uploads\/Scuola-vuota-Ivan-Aleksic-Unsplash.jpg\",\"contentUrl\":\"https:\/\/www.intoscana.it\/wp-content\/uploads\/Scuola-vuota-Ivan-Aleksic-Unsplash.jpg\",\"width\":1600,\"height\":900,\"caption\":\"Scuola, una classe vuota\"},{\"@type\":\"BreadcrumbList\",\"@id\":\"https:\/\/www.intoscana.it\/it\/torna-il-pacchetto-scuola-stanziati-6-milioni-dalla-regione\/#breadcrumb\",\"itemListElement\":[{\"@type\":\"ListItem\",\"position\":1,\"name\":\"Home\",\"item\":\"https:\/\/www.intoscana.it\/it\/\"},{\"@type\":\"ListItem\",\"position\":2,\"name\":\"Torna il Pacchetto scuola, stanziati 6 milioni dalla Regione\"}]},{\"@type\":\"WebSite\",\"@id\":\"https:\/\/www.intoscana.it\/it\/#website\",\"url\":\"https:\/\/www.intoscana.it\/it\/\",\"name\":\"intoscana\",\"description\":\"\",\"potentialAction\":[{\"@type\":\"SearchAction\",\"target\":{\"@type\":\"EntryPoint\",\"urlTemplate\":\"https:\/\/www.intoscana.it\/it\/?s={search_term_string}\"},\"query-input\":{\"@type\":\"PropertyValueSpecification\",\"valueRequired\":true,\"valueName\":\"search_term_string\"}}],\"inLanguage\":\"it-IT\"},{\"@type\":\"Person\",\"@id\":\"https:\/\/www.intoscana.it\/it\/#\/schema\/person\/9223810753230f20bd670fdd322661f8\",\"name\":\"Redazione\",\"url\":\"https:\/\/www.intoscana.it\/it\/author\/redazione\/\"}]}<\/script>\n<!-- \/ Yoast SEO Premium plugin. -->","yoast_head_json":{"title":"Torna il Pacchetto scuola, stanziati 6 milioni dalla Regione - intoscana","description":"Contributo di 300 euro anche quest'anno per aiutare gli studenti delle secondarie appartenenti a famiglie disagiate","robots":{"index":"index","follow":"follow","max-snippet":"max-snippet:-1","max-image-preview":"max-image-preview:large","max-video-preview":"max-video-preview:-1"},"canonical":"https:\/\/www.intoscana.it\/it\/torna-il-pacchetto-scuola-stanziati-6-milioni-dalla-regione\/","og_locale":"it_IT","og_type":"article","og_title":"Torna il Pacchetto scuola, stanziati 6 milioni dalla Regione","og_description":"Contributo di 300 euro anche quest'anno per aiutare gli studenti delle secondarie appartenenti a famiglie disagiate","og_url":"https:\/\/www.intoscana.it\/it\/torna-il-pacchetto-scuola-stanziati-6-milioni-dalla-regione\/","og_site_name":"intoscana","article_publisher":"https:\/\/www.facebook.com\/intoscana.it","article_published_time":"2023-08-05T11:00:41+00:00","og_image":[{"width":1600,"height":900,"url":"https:\/\/www.intoscana.it\/wp-content\/uploads\/Scuola-vuota-Ivan-Aleksic-Unsplash.jpg","type":"image\/jpeg"}],"author":"Redazione","twitter_card":"summary_large_image","twitter_creator":"@intoscana","twitter_site":"@intoscana","twitter_misc":{"Written by":"Redazione","Est. reading time":"1 minuto"},"schema":{"@context":"https:\/\/schema.org","@graph":[{"@type":"WebPage","@id":"https:\/\/www.intoscana.it\/it\/torna-il-pacchetto-scuola-stanziati-6-milioni-dalla-regione\/","url":"https:\/\/www.intoscana.it\/it\/torna-il-pacchetto-scuola-stanziati-6-milioni-dalla-regione\/","name":"Torna il Pacchetto scuola, stanziati 6 milioni dalla Regione - intoscana","isPartOf":{"@id":"https:\/\/www.intoscana.it\/it\/#website"},"primaryImageOfPage":{"@id":"https:\/\/www.intoscana.it\/it\/torna-il-pacchetto-scuola-stanziati-6-milioni-dalla-regione\/#primaryimage"},"image":{"@id":"https:\/\/www.intoscana.it\/it\/torna-il-pacchetto-scuola-stanziati-6-milioni-dalla-regione\/#primaryimage"},"thumbnailUrl":"https:\/\/www.intoscana.it\/wp-content\/uploads\/Scuola-vuota-Ivan-Aleksic-Unsplash.jpg","datePublished":"2023-08-05T11:00:41+00:00","author":{"@id":"https:\/\/www.intoscana.it\/it\/#\/schema\/person\/9223810753230f20bd670fdd322661f8"},"description":"Contributo di 300 euro anche quest'anno per aiutare gli studenti delle secondarie appartenenti a famiglie disagiate","breadcrumb":{"@id":"https:\/\/www.intoscana.it\/it\/torna-il-pacchetto-scuola-stanziati-6-milioni-dalla-regione\/#breadcrumb"},"inLanguage":"it-IT","potentialAction":[{"@type":"ReadAction","target":["https:\/\/www.intoscana.it\/it\/torna-il-pacchetto-scuola-stanziati-6-milioni-dalla-regione\/"]}]},{"@type":"ImageObject","inLanguage":"it-IT","@id":"https:\/\/www.intoscana.it\/it\/torna-il-pacchetto-scuola-stanziati-6-milioni-dalla-regione\/#primaryimage","url":"https:\/\/www.intoscana.it\/wp-content\/uploads\/Scuola-vuota-Ivan-Aleksic-Unsplash.jpg","contentUrl":"https:\/\/www.intoscana.it\/wp-content\/uploads\/Scuola-vuota-Ivan-Aleksic-Unsplash.jpg","width":1600,"height":900,"caption":"Scuola, una classe vuota"},{"@type":"BreadcrumbList","@id":"https:\/\/www.intoscana.it\/it\/torna-il-pacchetto-scuola-stanziati-6-milioni-dalla-regione\/#breadcrumb","itemListElement":[{"@type":"ListItem","position":1,"name":"Home","item":"https:\/\/www.intoscana.it\/it\/"},{"@type":"ListItem","position":2,"name":"Torna il Pacchetto scuola, stanziati 6 milioni dalla Regione"}]},{"@type":"WebSite","@id":"https:\/\/www.intoscana.it\/it\/#website","url":"https:\/\/www.intoscana.it\/it\/","name":"intoscana","description":"","potentialAction":[{"@type":"SearchAction","target":{"@type":"EntryPoint","urlTemplate":"https:\/\/www.intoscana.it\/it\/?s={search_term_string}"},"query-input":{"@type":"PropertyValueSpecification","valueRequired":true,"valueName":"search_term_string"}}],"inLanguage":"it-IT"},{"@type":"Person","@id":"https:\/\/www.intoscana.it\/it\/#\/schema\/person\/9223810753230f20bd670fdd322661f8","name":"Redazione","url":"https:\/\/www.intoscana.it\/it\/author\/redazione\/"}]}},"_links":{"self":[{"href":"https:\/\/www.intoscana.it\/it\/wp-json\/wp\/v2\/posts\/298861","targetHints":{"allow":["GET"]}}],"collection":[{"href":"https:\/\/www.intoscana.it\/it\/wp-json\/wp\/v2\/posts"}],"about":[{"href":"https:\/\/www.intoscana.it\/it\/wp-json\/wp\/v2\/types\/post"}],"author":[{"embeddable":true,"href":"https:\/\/www.intoscana.it\/it\/wp-json\/wp\/v2\/users\/525"}],"replies":[{"embeddable":true,"href":"https:\/\/www.intoscana.it\/it\/wp-json\/wp\/v2\/comments?post=298861"}],"version-history":[{"count":0,"href":"https:\/\/www.intoscana.it\/it\/wp-json\/wp\/v2\/posts\/298861\/revisions"}],"wp:featuredmedia":[{"embeddable":true,"href":"https:\/\/www.intoscana.it\/it\/wp-json\/wp\/v2\/media\/149680"}],"wp:attachment":[{"href":"https:\/\/www.intoscana.it\/it\/wp-json\/wp\/v2\/media?parent=298861"}],"wp:term":[{"taxonomy":"category","embeddable":true,"href":"https:\/\/www.intoscana.it\/it\/wp-json\/wp\/v2\/categories?post=298861"},{"taxonomy":"post_tag","embeddable":true,"href":"https:\/\/www.intoscana.it\/it\/wp-json\/wp\/v2\/tags?post=298861"}],"curies":[{"name":"wp","href":"https:\/\/api.w.org\/{rel}","templated":true}]}}