{"id":298884,"date":"2023-08-05T16:47:16","date_gmt":"2023-08-05T14:47:16","guid":{"rendered":"https:\/\/www.intoscana.it\/it\/?p=298884"},"modified":"2023-08-05T16:47:16","modified_gmt":"2023-08-05T14:47:16","slug":"carnevale-di-viareggio-a-lucia-annunziata-londina-doro","status":"publish","type":"post","link":"https:\/\/www.intoscana.it\/it\/carnevale-di-viareggio-a-lucia-annunziata-londina-doro\/","title":{"rendered":"Carnevale di Viareggio, a Lucia Annunziata l&#8217;Ondina d&#8217;oro"},"content":{"rendered":"<p>Il Premio <strong>Ondina d&#8217;Oro<\/strong> del <strong>Carnevale di Viareggio<\/strong> 2023 \u00e8 stato consegnato alla giornalista <strong>Lucia Annunziata<\/strong>. La cerimonia si \u00e8 svolta nella Galleria d&#8217;arte moderna e contemporanea &#8216;<em>Lorenzo Viani&#8217;<\/em> a Viareggio. Un riconoscimento che premia <strong>le eccellenze femminili<\/strong> e che in questo anno celebrativo dei <strong>150 anni<\/strong> del Carnevale di Viareggio \u00e8 stato assegnato alla Annunziata.<\/p>\n<p>Il premio \u00e8 stato consegnato dal sindaco di Viareggio <strong>Giorgio Del Ghingaro<\/strong> e dalla Fondazione Carnevale presente con il vice presidente <strong>Marco Sereni<\/strong>. A Viareggio anche il governatore della Toscana <strong>Eugenio Giani<\/strong>.<\/p>\n<figure id=\"post-298887 media-298887\" class=\"align-none\"><img decoding=\"async\" src=\"https:\/\/www.intoscana.it\/wp-content\/uploads\/Lucia-Annunziata-riceve-lOndina-doro-del-Carnevale-di-Viareggio-\u00a9-FB-Carnevale-di-Viareggio.jpeg\" alt=\"\" \/><\/figure>\n<div class=\"titleimg\">Lucia Annunziata riceve l\u2019Ondina d\u2019oro del Carnevale di Viareggio \u2013 \u00a9 FB Carnevale di Viareggio<\/div>\n<p>&#8220;<em>Ha fatto comunicazione da sempre oltre che informazione negli anni di giornalismo televisivo ed il premio a lei assegnato \u00e8 in tema con il nostro Carnevale, perch\u00e8 i maestri costruttori attraverso i carri allegorici fanno anche loro informazione<\/em>&#8220;, ha detto il primo cittadino.<\/p>\n<p>Sereni ha portato i saluti della presidente <strong>Maria Lina Marcucci<\/strong> che era assente. &#8220;<em>Dopo che Lucia Annunziata ha visitato la Cittadella del Carnevale abbiamo capito che abbiamo fatto bene a darle il premio. Ci ha dato anche dei consigli preziosi, ha visitata il Museo, gli hangar ed \u00e8 stata ammirata dalle costruzioni, \u00e8 una giornalista che ha fatto la storia della nostra televisione<\/em>&#8220;, ha sottolineato Sereni.<\/p>\n<h3>Annunziata: la Cittadella come Hollywood<\/h3>\n<p><strong>Lucia Annunziata<\/strong> ha ringraziato per il riconoscimento che le \u00e8 stato attribuito. &#8220;<em>Ho ammirato le costruzioni realizzate dai costruttori del Carnevale, la Cittadella \u00e8 Hollywood dove in America oggi viene utilizzata tanta tecnologia, mentre invece a Viareggio c&#8217;\u00e8 la manualit\u00e0 ed \u00e8 questa l&#8217;arma in pi\u00f9 che fa la differenza. Sono stata poi a Torre del Lago ed ho assistito alla Turandot di Puccini. Qui c&#8217;\u00e8 cultura, mare, divertimento, Viareggio \u00e8 davvero una bella citt\u00e0. Per quanto riguarda il Carnevale l&#8217;ho detto anche ai componenti della Fondazione potenzierei il merchandising<\/em>&#8221; ha sottolineato la giornalista.<\/p>\n<p>Nell&#8217;introdurla, prima di consegnarle il premio, \u00e8 stato proiettato un breve filmato con spezzoni delle sue trasmissioni. <strong>Eugenio Giani<\/strong> ha evidenziato che anche la Toscana partecipa al premio assegnato a Lucia Annunziata da parte della Fondazione Carnevale.<\/p>\n","protected":false},"excerpt":{"rendered":"<p>Un riconoscimento che premia le eccellenze femminili e che quest&#8217;anno ha un sapore particolare in occasione dei 150 anni della kermesse<\/p>\n","protected":false},"author":525,"featured_media":298886,"comment_status":"open","ping_status":"open","sticky":false,"template":"","format":"standard","meta":{"_acf_changed":false,"footnotes":""},"categories":[4],"tags":[1533],"class_list":["post-298884","post","type-post","status-publish","format-standard","has-post-thumbnail","hentry","category-storie","tag-carnevale-di-viareggio"],"acf":[],"yoast_head":"<!-- This site is optimized with the Yoast SEO Premium plugin v24.2 (Yoast SEO v25.6) - https:\/\/yoast.com\/wordpress\/plugins\/seo\/ -->\n<title>Carnevale di Viareggio, a Lucia Annunziata l&#039;Ondina d&#039;oro - intoscana<\/title>\n<meta name=\"description\" content=\"Un riconoscimento che premia le eccellenze femminili e che quest&#039;anno ha un sapore particolare in occasione dei 150 anni della kermesse\" \/>\n<meta name=\"robots\" content=\"index, follow, max-snippet:-1, max-image-preview:large, max-video-preview:-1\" \/>\n<link rel=\"canonical\" href=\"https:\/\/www.intoscana.it\/it\/carnevale-di-viareggio-a-lucia-annunziata-londina-doro\/\" \/>\n<meta property=\"og:locale\" content=\"it_IT\" \/>\n<meta property=\"og:type\" content=\"article\" \/>\n<meta property=\"og:title\" content=\"Carnevale di Viareggio, a Lucia Annunziata l&#039;Ondina d&#039;oro\" \/>\n<meta property=\"og:description\" content=\"Un riconoscimento che premia le eccellenze femminili e che quest&#039;anno ha un sapore particolare in occasione dei 150 anni della kermesse\" \/>\n<meta property=\"og:url\" content=\"https:\/\/www.intoscana.it\/it\/carnevale-di-viareggio-a-lucia-annunziata-londina-doro\/\" \/>\n<meta property=\"og:site_name\" content=\"intoscana\" \/>\n<meta property=\"article:publisher\" content=\"https:\/\/www.facebook.com\/intoscana.it\" \/>\n<meta property=\"article:published_time\" content=\"2023-08-05T14:47:16+00:00\" \/>\n<meta property=\"og:image\" content=\"https:\/\/www.intoscana.it\/wp-content\/uploads\/Lucia-Annunziata-riceve-il-premio-del-Carnevale-di-Viareggio-\u00a9-FB-Carnevale-di-Viareggio.jpeg\" \/>\n\t<meta property=\"og:image:width\" content=\"1440\" \/>\n\t<meta property=\"og:image:height\" content=\"960\" \/>\n\t<meta property=\"og:image:type\" content=\"image\/jpeg\" \/>\n<meta name=\"author\" content=\"Redazione\" \/>\n<meta name=\"twitter:card\" content=\"summary_large_image\" \/>\n<meta name=\"twitter:creator\" content=\"@intoscana\" \/>\n<meta name=\"twitter:site\" content=\"@intoscana\" \/>\n<meta name=\"twitter:label1\" content=\"Written by\" \/>\n\t<meta name=\"twitter:data1\" content=\"Redazione\" \/>\n\t<meta name=\"twitter:label2\" content=\"Est. reading time\" \/>\n\t<meta name=\"twitter:data2\" content=\"2 minuti\" \/>\n<script type=\"application\/ld+json\" class=\"yoast-schema-graph\">{\"@context\":\"https:\/\/schema.org\",\"@graph\":[{\"@type\":\"WebPage\",\"@id\":\"https:\/\/www.intoscana.it\/it\/carnevale-di-viareggio-a-lucia-annunziata-londina-doro\/\",\"url\":\"https:\/\/www.intoscana.it\/it\/carnevale-di-viareggio-a-lucia-annunziata-londina-doro\/\",\"name\":\"Carnevale di Viareggio, a Lucia Annunziata l'Ondina d'oro - intoscana\",\"isPartOf\":{\"@id\":\"https:\/\/www.intoscana.it\/it\/#website\"},\"primaryImageOfPage\":{\"@id\":\"https:\/\/www.intoscana.it\/it\/carnevale-di-viareggio-a-lucia-annunziata-londina-doro\/#primaryimage\"},\"image\":{\"@id\":\"https:\/\/www.intoscana.it\/it\/carnevale-di-viareggio-a-lucia-annunziata-londina-doro\/#primaryimage\"},\"thumbnailUrl\":\"https:\/\/www.intoscana.it\/wp-content\/uploads\/Lucia-Annunziata-riceve-il-premio-del-Carnevale-di-Viareggio-\u00a9-FB-Carnevale-di-Viareggio.jpeg\",\"datePublished\":\"2023-08-05T14:47:16+00:00\",\"author\":{\"@id\":\"https:\/\/www.intoscana.it\/it\/#\/schema\/person\/9223810753230f20bd670fdd322661f8\"},\"description\":\"Un riconoscimento che premia le eccellenze femminili e che quest'anno ha un sapore particolare in occasione dei 150 anni della kermesse\",\"breadcrumb\":{\"@id\":\"https:\/\/www.intoscana.it\/it\/carnevale-di-viareggio-a-lucia-annunziata-londina-doro\/#breadcrumb\"},\"inLanguage\":\"it-IT\",\"potentialAction\":[{\"@type\":\"ReadAction\",\"target\":[\"https:\/\/www.intoscana.it\/it\/carnevale-di-viareggio-a-lucia-annunziata-londina-doro\/\"]}]},{\"@type\":\"ImageObject\",\"inLanguage\":\"it-IT\",\"@id\":\"https:\/\/www.intoscana.it\/it\/carnevale-di-viareggio-a-lucia-annunziata-londina-doro\/#primaryimage\",\"url\":\"https:\/\/www.intoscana.it\/wp-content\/uploads\/Lucia-Annunziata-riceve-il-premio-del-Carnevale-di-Viareggio-\u00a9-FB-Carnevale-di-Viareggio.jpeg\",\"contentUrl\":\"https:\/\/www.intoscana.it\/wp-content\/uploads\/Lucia-Annunziata-riceve-il-premio-del-Carnevale-di-Viareggio-\u00a9-FB-Carnevale-di-Viareggio.jpeg\",\"width\":1440,\"height\":960},{\"@type\":\"BreadcrumbList\",\"@id\":\"https:\/\/www.intoscana.it\/it\/carnevale-di-viareggio-a-lucia-annunziata-londina-doro\/#breadcrumb\",\"itemListElement\":[{\"@type\":\"ListItem\",\"position\":1,\"name\":\"Home\",\"item\":\"https:\/\/www.intoscana.it\/it\/\"},{\"@type\":\"ListItem\",\"position\":2,\"name\":\"Carnevale di Viareggio, a Lucia Annunziata l&#8217;Ondina d&#8217;oro\"}]},{\"@type\":\"WebSite\",\"@id\":\"https:\/\/www.intoscana.it\/it\/#website\",\"url\":\"https:\/\/www.intoscana.it\/it\/\",\"name\":\"intoscana\",\"description\":\"\",\"potentialAction\":[{\"@type\":\"SearchAction\",\"target\":{\"@type\":\"EntryPoint\",\"urlTemplate\":\"https:\/\/www.intoscana.it\/it\/?s={search_term_string}\"},\"query-input\":{\"@type\":\"PropertyValueSpecification\",\"valueRequired\":true,\"valueName\":\"search_term_string\"}}],\"inLanguage\":\"it-IT\"},{\"@type\":\"Person\",\"@id\":\"https:\/\/www.intoscana.it\/it\/#\/schema\/person\/9223810753230f20bd670fdd322661f8\",\"name\":\"Redazione\",\"url\":\"https:\/\/www.intoscana.it\/it\/author\/redazione\/\"}]}<\/script>\n<!-- \/ Yoast SEO Premium plugin. -->","yoast_head_json":{"title":"Carnevale di Viareggio, a Lucia Annunziata l'Ondina d'oro - intoscana","description":"Un riconoscimento che premia le eccellenze femminili e che quest'anno ha un sapore particolare in occasione dei 150 anni della kermesse","robots":{"index":"index","follow":"follow","max-snippet":"max-snippet:-1","max-image-preview":"max-image-preview:large","max-video-preview":"max-video-preview:-1"},"canonical":"https:\/\/www.intoscana.it\/it\/carnevale-di-viareggio-a-lucia-annunziata-londina-doro\/","og_locale":"it_IT","og_type":"article","og_title":"Carnevale di Viareggio, a Lucia Annunziata l'Ondina d'oro","og_description":"Un riconoscimento che premia le eccellenze femminili e che quest'anno ha un sapore particolare in occasione dei 150 anni della kermesse","og_url":"https:\/\/www.intoscana.it\/it\/carnevale-di-viareggio-a-lucia-annunziata-londina-doro\/","og_site_name":"intoscana","article_publisher":"https:\/\/www.facebook.com\/intoscana.it","article_published_time":"2023-08-05T14:47:16+00:00","og_image":[{"width":1440,"height":960,"url":"https:\/\/www.intoscana.it\/wp-content\/uploads\/Lucia-Annunziata-riceve-il-premio-del-Carnevale-di-Viareggio-\u00a9-FB-Carnevale-di-Viareggio.jpeg","type":"image\/jpeg"}],"author":"Redazione","twitter_card":"summary_large_image","twitter_creator":"@intoscana","twitter_site":"@intoscana","twitter_misc":{"Written by":"Redazione","Est. reading time":"2 minuti"},"schema":{"@context":"https:\/\/schema.org","@graph":[{"@type":"WebPage","@id":"https:\/\/www.intoscana.it\/it\/carnevale-di-viareggio-a-lucia-annunziata-londina-doro\/","url":"https:\/\/www.intoscana.it\/it\/carnevale-di-viareggio-a-lucia-annunziata-londina-doro\/","name":"Carnevale di Viareggio, a Lucia Annunziata l'Ondina d'oro - intoscana","isPartOf":{"@id":"https:\/\/www.intoscana.it\/it\/#website"},"primaryImageOfPage":{"@id":"https:\/\/www.intoscana.it\/it\/carnevale-di-viareggio-a-lucia-annunziata-londina-doro\/#primaryimage"},"image":{"@id":"https:\/\/www.intoscana.it\/it\/carnevale-di-viareggio-a-lucia-annunziata-londina-doro\/#primaryimage"},"thumbnailUrl":"https:\/\/www.intoscana.it\/wp-content\/uploads\/Lucia-Annunziata-riceve-il-premio-del-Carnevale-di-Viareggio-\u00a9-FB-Carnevale-di-Viareggio.jpeg","datePublished":"2023-08-05T14:47:16+00:00","author":{"@id":"https:\/\/www.intoscana.it\/it\/#\/schema\/person\/9223810753230f20bd670fdd322661f8"},"description":"Un riconoscimento che premia le eccellenze femminili e che quest'anno ha un sapore particolare in occasione dei 150 anni della kermesse","breadcrumb":{"@id":"https:\/\/www.intoscana.it\/it\/carnevale-di-viareggio-a-lucia-annunziata-londina-doro\/#breadcrumb"},"inLanguage":"it-IT","potentialAction":[{"@type":"ReadAction","target":["https:\/\/www.intoscana.it\/it\/carnevale-di-viareggio-a-lucia-annunziata-londina-doro\/"]}]},{"@type":"ImageObject","inLanguage":"it-IT","@id":"https:\/\/www.intoscana.it\/it\/carnevale-di-viareggio-a-lucia-annunziata-londina-doro\/#primaryimage","url":"https:\/\/www.intoscana.it\/wp-content\/uploads\/Lucia-Annunziata-riceve-il-premio-del-Carnevale-di-Viareggio-\u00a9-FB-Carnevale-di-Viareggio.jpeg","contentUrl":"https:\/\/www.intoscana.it\/wp-content\/uploads\/Lucia-Annunziata-riceve-il-premio-del-Carnevale-di-Viareggio-\u00a9-FB-Carnevale-di-Viareggio.jpeg","width":1440,"height":960},{"@type":"BreadcrumbList","@id":"https:\/\/www.intoscana.it\/it\/carnevale-di-viareggio-a-lucia-annunziata-londina-doro\/#breadcrumb","itemListElement":[{"@type":"ListItem","position":1,"name":"Home","item":"https:\/\/www.intoscana.it\/it\/"},{"@type":"ListItem","position":2,"name":"Carnevale di Viareggio, a Lucia Annunziata l&#8217;Ondina d&#8217;oro"}]},{"@type":"WebSite","@id":"https:\/\/www.intoscana.it\/it\/#website","url":"https:\/\/www.intoscana.it\/it\/","name":"intoscana","description":"","potentialAction":[{"@type":"SearchAction","target":{"@type":"EntryPoint","urlTemplate":"https:\/\/www.intoscana.it\/it\/?s={search_term_string}"},"query-input":{"@type":"PropertyValueSpecification","valueRequired":true,"valueName":"search_term_string"}}],"inLanguage":"it-IT"},{"@type":"Person","@id":"https:\/\/www.intoscana.it\/it\/#\/schema\/person\/9223810753230f20bd670fdd322661f8","name":"Redazione","url":"https:\/\/www.intoscana.it\/it\/author\/redazione\/"}]}},"_links":{"self":[{"href":"https:\/\/www.intoscana.it\/it\/wp-json\/wp\/v2\/posts\/298884","targetHints":{"allow":["GET"]}}],"collection":[{"href":"https:\/\/www.intoscana.it\/it\/wp-json\/wp\/v2\/posts"}],"about":[{"href":"https:\/\/www.intoscana.it\/it\/wp-json\/wp\/v2\/types\/post"}],"author":[{"embeddable":true,"href":"https:\/\/www.intoscana.it\/it\/wp-json\/wp\/v2\/users\/525"}],"replies":[{"embeddable":true,"href":"https:\/\/www.intoscana.it\/it\/wp-json\/wp\/v2\/comments?post=298884"}],"version-history":[{"count":0,"href":"https:\/\/www.intoscana.it\/it\/wp-json\/wp\/v2\/posts\/298884\/revisions"}],"wp:featuredmedia":[{"embeddable":true,"href":"https:\/\/www.intoscana.it\/it\/wp-json\/wp\/v2\/media\/298886"}],"wp:attachment":[{"href":"https:\/\/www.intoscana.it\/it\/wp-json\/wp\/v2\/media?parent=298884"}],"wp:term":[{"taxonomy":"category","embeddable":true,"href":"https:\/\/www.intoscana.it\/it\/wp-json\/wp\/v2\/categories?post=298884"},{"taxonomy":"post_tag","embeddable":true,"href":"https:\/\/www.intoscana.it\/it\/wp-json\/wp\/v2\/tags?post=298884"}],"curies":[{"name":"wp","href":"https:\/\/api.w.org\/{rel}","templated":true}]}}