{"id":299271,"date":"2023-08-09T16:48:12","date_gmt":"2023-08-09T14:48:12","guid":{"rendered":"https:\/\/www.intoscana.it\/it\/?p=299271"},"modified":"2023-09-06T15:52:44","modified_gmt":"2023-09-06T13:52:44","slug":"premio-pieve-a-ezio-mauro-il-riconoscimento-citta-del-diario-2023","status":"publish","type":"post","link":"https:\/\/www.intoscana.it\/it\/premio-pieve-a-ezio-mauro-il-riconoscimento-citta-del-diario-2023\/","title":{"rendered":"Premio Pieve, a Ezio Mauro il riconoscimento &#8220;Citt\u00e0 del diario 2023&#8221;"},"content":{"rendered":"<p>A <strong>Ezio Mauro<\/strong> il Premio Citta\u0300 del diario 2023. Un riconoscimento che assume valore simbolico nel centenario dalla nascita di <strong>Saverio Tutino<\/strong>, fondatore dell\u2019<strong>Archivio di Pieve Santo Stefano<\/strong>. <mark>Il giornalista fu infatti inviato speciale come esperto di politica internazionale di &#8220;Repubblica&#8221; nel 1976, quotidiano che poi fu diretto da Mauro per ben vent\u2019anni, dal 1996 al 2016.<\/mark><\/p>\n<p>La motivazione: per \u201cla passione per la storia, la scelta del metodo giornalistico come schema privilegiato di indagine e racconto, l\u2019attenzione sempre rivolta ai veri protagonisti dell\u2019et\u00e0 contemporanea: gli uomini, le donne, le \u201cmasse\u201d che hanno animato, spesso subito, le grandi guerre e le ondate migratorie, le metamorfosi della politica, i progressi e i rovesci della societ\u00e0 e dell\u2019economia\u201d. <mark>Il Premio Citta\u0300 del diario \u00e8 il riconoscimento rivolto alle personalit\u00e0 del panorama culturale che pi\u00f9 si distinguono per il loro lavoro sulla memoria, assegnato in anni recenti a Pupi Avati, Walter Veltroni, Francesco Guccini, Andrea Riccardi, solo per citarne alcuni.<\/mark><\/p>\n<p>Dopo la direzione di <strong>Repubblica<\/strong>, Mauro ha lavorato a prestigiosi progetti editoriali e documentaristici, raccontando alcune tra le pagine pi\u00f9 importanti e controverse del Novecento: dall\u2019avvento del Fascismo in Italia alla sua caduta, alla rivoluzione in Russia, al crollo del Muro di Berlino.<br \/>\nIl Premio sar\u00e0 consegnato il 17 settembre nell\u2019ambito della manifestazione conclusiva del <strong>Premio Pieve 2023<\/strong>.<\/p>\n<figure id=\"post-299279 media-299279\" class=\"align-none\"><img decoding=\"async\" src=\"https:\/\/www.intoscana.it\/wp-content\/uploads\/Giulia-Ciancaglini-Premio-Tutino-Giornalista.jpeg\" alt=\"\" \/><\/figure>\n<div class=\"titleimg\">_Giulia-Ciancaglini-Premio-Tutino-Giornalista<\/div>\n<p>Altro riconoscimento importante \u00e8 il Premio Tutino Giornalista 2023 che sar\u00e0 invece attribuito a <strong>Giulia Ciancaglini<\/strong> \u201cper il modo in cui presidia ogni giorno il complesso sistema di relazioni e incroci nel mondo dei media dell\u2019era digitale, assieme a una squadra di primo livello come quella del gruppo Gedi. Giulia esercita la sua professione con tutti i valori e i sentimenti propri dell\u2019etica giornalistica, permettendo a milioni di lettori -che usano i social network come fonte primaria di informazione- di avere accesso a notizie corrette, oneste e limpide\u201d.<br \/>\nConsegna il premio Gloria Argele\u0301s <mark>venerd\u00ec 15 settembre durante l\u2019incontro con Pier Vittorio Buffa e Mario Tedeschini Lalli.<\/mark><\/p>\n<p>&nbsp;<\/p>\n","protected":false},"excerpt":{"rendered":"<p>Nel centenario della nascita di Saverio Tutino, la scelta \u00e8 ricaduta sull&#8217;ex direttore di Repubblica. Il Premio Tutino Giornalista va a Giulia Ciancaglini<\/p>\n","protected":false},"author":525,"featured_media":299278,"comment_status":"open","ping_status":"open","sticky":false,"template":"","format":"standard","meta":{"_acf_changed":false,"footnotes":""},"categories":[493],"tags":[138],"class_list":["post-299271","post","type-post","status-publish","format-standard","has-post-thumbnail","hentry","category-cultura","tag-premio-pieve"],"acf":[],"yoast_head":"<!-- This site is optimized with the Yoast SEO Premium plugin v24.2 (Yoast SEO v25.6) - https:\/\/yoast.com\/wordpress\/plugins\/seo\/ -->\n<title>Premio Pieve, a Ezio Mauro il riconoscimento &quot;Citt\u00e0 del diario 2023&quot; - intoscana<\/title>\n<meta name=\"description\" content=\"Nel centenario della nascita di Saverio Tutino, la scelta \u00e8 ricaduta sull&#039;ex direttore di Repubblica. Il Premio Tutino Giornalista va a Giulia Ciancaglini\" \/>\n<meta name=\"robots\" content=\"index, follow, max-snippet:-1, max-image-preview:large, max-video-preview:-1\" \/>\n<link rel=\"canonical\" href=\"https:\/\/www.intoscana.it\/it\/premio-pieve-a-ezio-mauro-il-riconoscimento-citta-del-diario-2023\/\" \/>\n<meta property=\"og:locale\" content=\"it_IT\" \/>\n<meta property=\"og:type\" content=\"article\" \/>\n<meta property=\"og:title\" content=\"Premio Pieve, a Ezio Mauro il riconoscimento &quot;Citt\u00e0 del diario 2023&quot;\" \/>\n<meta property=\"og:description\" content=\"Nel centenario della nascita di Saverio Tutino, la scelta \u00e8 ricaduta sull&#039;ex direttore di Repubblica. Il Premio Tutino Giornalista va a Giulia Ciancaglini\" \/>\n<meta property=\"og:url\" content=\"https:\/\/www.intoscana.it\/it\/premio-pieve-a-ezio-mauro-il-riconoscimento-citta-del-diario-2023\/\" \/>\n<meta property=\"og:site_name\" content=\"intoscana\" \/>\n<meta property=\"article:publisher\" content=\"https:\/\/www.facebook.com\/intoscana.it\" \/>\n<meta property=\"article:published_time\" content=\"2023-08-09T14:48:12+00:00\" \/>\n<meta property=\"article:modified_time\" content=\"2023-09-06T13:52:44+00:00\" \/>\n<meta property=\"og:image\" content=\"https:\/\/www.intoscana.it\/wp-content\/uploads\/EzioMauro-foto-GiacomoMaestri.jpeg\" \/>\n\t<meta property=\"og:image:width\" content=\"640\" \/>\n\t<meta property=\"og:image:height\" content=\"360\" \/>\n\t<meta property=\"og:image:type\" content=\"image\/jpeg\" \/>\n<meta name=\"author\" content=\"Redazione\" \/>\n<meta name=\"twitter:card\" content=\"summary_large_image\" \/>\n<meta name=\"twitter:creator\" content=\"@intoscana\" \/>\n<meta name=\"twitter:site\" content=\"@intoscana\" \/>\n<meta name=\"twitter:label1\" content=\"Written by\" \/>\n\t<meta name=\"twitter:data1\" content=\"Redazione\" \/>\n\t<meta name=\"twitter:label2\" content=\"Est. reading time\" \/>\n\t<meta name=\"twitter:data2\" content=\"2 minuti\" \/>\n<script type=\"application\/ld+json\" class=\"yoast-schema-graph\">{\"@context\":\"https:\/\/schema.org\",\"@graph\":[{\"@type\":\"WebPage\",\"@id\":\"https:\/\/www.intoscana.it\/it\/premio-pieve-a-ezio-mauro-il-riconoscimento-citta-del-diario-2023\/\",\"url\":\"https:\/\/www.intoscana.it\/it\/premio-pieve-a-ezio-mauro-il-riconoscimento-citta-del-diario-2023\/\",\"name\":\"Premio Pieve, a Ezio Mauro il riconoscimento \\\"Citt\u00e0 del diario 2023\\\" - intoscana\",\"isPartOf\":{\"@id\":\"https:\/\/www.intoscana.it\/it\/#website\"},\"primaryImageOfPage\":{\"@id\":\"https:\/\/www.intoscana.it\/it\/premio-pieve-a-ezio-mauro-il-riconoscimento-citta-del-diario-2023\/#primaryimage\"},\"image\":{\"@id\":\"https:\/\/www.intoscana.it\/it\/premio-pieve-a-ezio-mauro-il-riconoscimento-citta-del-diario-2023\/#primaryimage\"},\"thumbnailUrl\":\"https:\/\/www.intoscana.it\/wp-content\/uploads\/EzioMauro-foto-GiacomoMaestri.jpeg\",\"datePublished\":\"2023-08-09T14:48:12+00:00\",\"dateModified\":\"2023-09-06T13:52:44+00:00\",\"author\":{\"@id\":\"https:\/\/www.intoscana.it\/it\/#\/schema\/person\/9223810753230f20bd670fdd322661f8\"},\"description\":\"Nel centenario della nascita di Saverio Tutino, la scelta \u00e8 ricaduta sull'ex direttore di Repubblica. Il Premio Tutino Giornalista va a Giulia Ciancaglini\",\"breadcrumb\":{\"@id\":\"https:\/\/www.intoscana.it\/it\/premio-pieve-a-ezio-mauro-il-riconoscimento-citta-del-diario-2023\/#breadcrumb\"},\"inLanguage\":\"it-IT\",\"potentialAction\":[{\"@type\":\"ReadAction\",\"target\":[\"https:\/\/www.intoscana.it\/it\/premio-pieve-a-ezio-mauro-il-riconoscimento-citta-del-diario-2023\/\"]}]},{\"@type\":\"ImageObject\",\"inLanguage\":\"it-IT\",\"@id\":\"https:\/\/www.intoscana.it\/it\/premio-pieve-a-ezio-mauro-il-riconoscimento-citta-del-diario-2023\/#primaryimage\",\"url\":\"https:\/\/www.intoscana.it\/wp-content\/uploads\/EzioMauro-foto-GiacomoMaestri.jpeg\",\"contentUrl\":\"https:\/\/www.intoscana.it\/wp-content\/uploads\/EzioMauro-foto-GiacomoMaestri.jpeg\",\"width\":640,\"height\":360},{\"@type\":\"BreadcrumbList\",\"@id\":\"https:\/\/www.intoscana.it\/it\/premio-pieve-a-ezio-mauro-il-riconoscimento-citta-del-diario-2023\/#breadcrumb\",\"itemListElement\":[{\"@type\":\"ListItem\",\"position\":1,\"name\":\"Home\",\"item\":\"https:\/\/www.intoscana.it\/it\/\"},{\"@type\":\"ListItem\",\"position\":2,\"name\":\"Premio Pieve, a Ezio Mauro il riconoscimento &#8220;Citt\u00e0 del diario 2023&#8221;\"}]},{\"@type\":\"WebSite\",\"@id\":\"https:\/\/www.intoscana.it\/it\/#website\",\"url\":\"https:\/\/www.intoscana.it\/it\/\",\"name\":\"intoscana\",\"description\":\"\",\"potentialAction\":[{\"@type\":\"SearchAction\",\"target\":{\"@type\":\"EntryPoint\",\"urlTemplate\":\"https:\/\/www.intoscana.it\/it\/?s={search_term_string}\"},\"query-input\":{\"@type\":\"PropertyValueSpecification\",\"valueRequired\":true,\"valueName\":\"search_term_string\"}}],\"inLanguage\":\"it-IT\"},{\"@type\":\"Person\",\"@id\":\"https:\/\/www.intoscana.it\/it\/#\/schema\/person\/9223810753230f20bd670fdd322661f8\",\"name\":\"Redazione\",\"url\":\"https:\/\/www.intoscana.it\/it\/author\/redazione\/\"}]}<\/script>\n<!-- \/ Yoast SEO Premium plugin. -->","yoast_head_json":{"title":"Premio Pieve, a Ezio Mauro il riconoscimento \"Citt\u00e0 del diario 2023\" - intoscana","description":"Nel centenario della nascita di Saverio Tutino, la scelta \u00e8 ricaduta sull'ex direttore di Repubblica. Il Premio Tutino Giornalista va a Giulia Ciancaglini","robots":{"index":"index","follow":"follow","max-snippet":"max-snippet:-1","max-image-preview":"max-image-preview:large","max-video-preview":"max-video-preview:-1"},"canonical":"https:\/\/www.intoscana.it\/it\/premio-pieve-a-ezio-mauro-il-riconoscimento-citta-del-diario-2023\/","og_locale":"it_IT","og_type":"article","og_title":"Premio Pieve, a Ezio Mauro il riconoscimento \"Citt\u00e0 del diario 2023\"","og_description":"Nel centenario della nascita di Saverio Tutino, la scelta \u00e8 ricaduta sull'ex direttore di Repubblica. Il Premio Tutino Giornalista va a Giulia Ciancaglini","og_url":"https:\/\/www.intoscana.it\/it\/premio-pieve-a-ezio-mauro-il-riconoscimento-citta-del-diario-2023\/","og_site_name":"intoscana","article_publisher":"https:\/\/www.facebook.com\/intoscana.it","article_published_time":"2023-08-09T14:48:12+00:00","article_modified_time":"2023-09-06T13:52:44+00:00","og_image":[{"width":640,"height":360,"url":"https:\/\/www.intoscana.it\/wp-content\/uploads\/EzioMauro-foto-GiacomoMaestri.jpeg","type":"image\/jpeg"}],"author":"Redazione","twitter_card":"summary_large_image","twitter_creator":"@intoscana","twitter_site":"@intoscana","twitter_misc":{"Written by":"Redazione","Est. reading time":"2 minuti"},"schema":{"@context":"https:\/\/schema.org","@graph":[{"@type":"WebPage","@id":"https:\/\/www.intoscana.it\/it\/premio-pieve-a-ezio-mauro-il-riconoscimento-citta-del-diario-2023\/","url":"https:\/\/www.intoscana.it\/it\/premio-pieve-a-ezio-mauro-il-riconoscimento-citta-del-diario-2023\/","name":"Premio Pieve, a Ezio Mauro il riconoscimento \"Citt\u00e0 del diario 2023\" - intoscana","isPartOf":{"@id":"https:\/\/www.intoscana.it\/it\/#website"},"primaryImageOfPage":{"@id":"https:\/\/www.intoscana.it\/it\/premio-pieve-a-ezio-mauro-il-riconoscimento-citta-del-diario-2023\/#primaryimage"},"image":{"@id":"https:\/\/www.intoscana.it\/it\/premio-pieve-a-ezio-mauro-il-riconoscimento-citta-del-diario-2023\/#primaryimage"},"thumbnailUrl":"https:\/\/www.intoscana.it\/wp-content\/uploads\/EzioMauro-foto-GiacomoMaestri.jpeg","datePublished":"2023-08-09T14:48:12+00:00","dateModified":"2023-09-06T13:52:44+00:00","author":{"@id":"https:\/\/www.intoscana.it\/it\/#\/schema\/person\/9223810753230f20bd670fdd322661f8"},"description":"Nel centenario della nascita di Saverio Tutino, la scelta \u00e8 ricaduta sull'ex direttore di Repubblica. Il Premio Tutino Giornalista va a Giulia Ciancaglini","breadcrumb":{"@id":"https:\/\/www.intoscana.it\/it\/premio-pieve-a-ezio-mauro-il-riconoscimento-citta-del-diario-2023\/#breadcrumb"},"inLanguage":"it-IT","potentialAction":[{"@type":"ReadAction","target":["https:\/\/www.intoscana.it\/it\/premio-pieve-a-ezio-mauro-il-riconoscimento-citta-del-diario-2023\/"]}]},{"@type":"ImageObject","inLanguage":"it-IT","@id":"https:\/\/www.intoscana.it\/it\/premio-pieve-a-ezio-mauro-il-riconoscimento-citta-del-diario-2023\/#primaryimage","url":"https:\/\/www.intoscana.it\/wp-content\/uploads\/EzioMauro-foto-GiacomoMaestri.jpeg","contentUrl":"https:\/\/www.intoscana.it\/wp-content\/uploads\/EzioMauro-foto-GiacomoMaestri.jpeg","width":640,"height":360},{"@type":"BreadcrumbList","@id":"https:\/\/www.intoscana.it\/it\/premio-pieve-a-ezio-mauro-il-riconoscimento-citta-del-diario-2023\/#breadcrumb","itemListElement":[{"@type":"ListItem","position":1,"name":"Home","item":"https:\/\/www.intoscana.it\/it\/"},{"@type":"ListItem","position":2,"name":"Premio Pieve, a Ezio Mauro il riconoscimento &#8220;Citt\u00e0 del diario 2023&#8221;"}]},{"@type":"WebSite","@id":"https:\/\/www.intoscana.it\/it\/#website","url":"https:\/\/www.intoscana.it\/it\/","name":"intoscana","description":"","potentialAction":[{"@type":"SearchAction","target":{"@type":"EntryPoint","urlTemplate":"https:\/\/www.intoscana.it\/it\/?s={search_term_string}"},"query-input":{"@type":"PropertyValueSpecification","valueRequired":true,"valueName":"search_term_string"}}],"inLanguage":"it-IT"},{"@type":"Person","@id":"https:\/\/www.intoscana.it\/it\/#\/schema\/person\/9223810753230f20bd670fdd322661f8","name":"Redazione","url":"https:\/\/www.intoscana.it\/it\/author\/redazione\/"}]}},"_links":{"self":[{"href":"https:\/\/www.intoscana.it\/it\/wp-json\/wp\/v2\/posts\/299271","targetHints":{"allow":["GET"]}}],"collection":[{"href":"https:\/\/www.intoscana.it\/it\/wp-json\/wp\/v2\/posts"}],"about":[{"href":"https:\/\/www.intoscana.it\/it\/wp-json\/wp\/v2\/types\/post"}],"author":[{"embeddable":true,"href":"https:\/\/www.intoscana.it\/it\/wp-json\/wp\/v2\/users\/525"}],"replies":[{"embeddable":true,"href":"https:\/\/www.intoscana.it\/it\/wp-json\/wp\/v2\/comments?post=299271"}],"version-history":[{"count":0,"href":"https:\/\/www.intoscana.it\/it\/wp-json\/wp\/v2\/posts\/299271\/revisions"}],"wp:featuredmedia":[{"embeddable":true,"href":"https:\/\/www.intoscana.it\/it\/wp-json\/wp\/v2\/media\/299278"}],"wp:attachment":[{"href":"https:\/\/www.intoscana.it\/it\/wp-json\/wp\/v2\/media?parent=299271"}],"wp:term":[{"taxonomy":"category","embeddable":true,"href":"https:\/\/www.intoscana.it\/it\/wp-json\/wp\/v2\/categories?post=299271"},{"taxonomy":"post_tag","embeddable":true,"href":"https:\/\/www.intoscana.it\/it\/wp-json\/wp\/v2\/tags?post=299271"}],"curies":[{"name":"wp","href":"https:\/\/api.w.org\/{rel}","templated":true}]}}