{"id":299411,"date":"2023-08-10T17:49:32","date_gmt":"2023-08-10T15:49:32","guid":{"rendered":"https:\/\/www.intoscana.it\/it\/?p=299411"},"modified":"2023-09-05T08:06:14","modified_gmt":"2023-09-05T06:06:14","slug":"regione-toscana-100mila-euro-per-il-contrasto-alla-vespa-velutina","status":"publish","type":"post","link":"https:\/\/www.intoscana.it\/it\/regione-toscana-100mila-euro-per-il-contrasto-alla-vespa-velutina\/","title":{"rendered":"Regione Toscana, 100mila euro per il contrasto alla Vespa velutina"},"content":{"rendered":"<p>Centomila euro a sostegno degli <strong>apicoltori del territorio<\/strong> toscano per contrastare la diffusione della <strong>Vespa velutina<\/strong>. La Regione Toscana realizzer\u00e0 un <strong>sistema di monitoraggio<\/strong> della presenza della specie invasiva, e al contempo dar\u00e0 corso all&#8217;attivit\u00e0 di <strong>distruzione\/neutralizzazione dei nidi<\/strong>, individuati anche con tecniche sperimentali.<\/p>\n<p>&#8220;<em>Con questo provvedimento<\/em> &#8211; ha spiegato la vicepresidente della Regione e assessora all&#8217;Agroalimentare <strong>Stefania Saccardi<\/strong> &#8211; <em>vogliamo mettere in atto uno strumento a supporto degli apicoltori del territorio, per intensificare la lotta contro una specie invasiva. La vespa velutina sta minacciando il patrimonio apistico regionale e le relative produzioni. In questo modo intendiamo dare una risposta concreta ad una delle minacce pi\u00f9 insidiose per la nostra apicoltura, le cui produzioni sono state gi\u00e0 duramente ridotte in questi anni, a causa degli effetti del cambiamento climatico<\/em>&#8220;.<\/p>\n<p>La Regione si avvarr\u00e0 della <strong>collaborazione sia delle istituzioni scientifiche<\/strong>: l&#8217;Universit\u00e0 di Pisa, col Dipartimento di Sciente veterinarie e Dipartimento di Biologia e l&#8217;Universit\u00e0 di Firenze, col Dipartimento di biologia che in questi anni hanno svolto attivit\u00e0 di ricerca sulla specie, sia delle <strong>Associazioni apistiche<\/strong> maggiormente rappresentative gi\u00e0 individuate, attraverso la loro adesione al Piano di gestione del calabrone a zampe gialle, <strong>Vespa velutina 2023<\/strong>.<\/p>\n","protected":false},"excerpt":{"rendered":"<p>La vice presidente Saccardi: &#8220;Sistema di monitoraggio della presenza della specie invasiva e attivit\u00e0 di distruzione\/neutralizzazione dei nidi&#8221;<\/p>\n","protected":false},"author":525,"featured_media":303034,"comment_status":"open","ping_status":"open","sticky":false,"template":"","format":"standard","meta":{"_acf_changed":false,"footnotes":""},"categories":[494],"tags":[363,4769],"class_list":["post-299411","post","type-post","status-publish","format-standard","has-post-thumbnail","hentry","category-attualita","tag-agricoltura","tag-stefania-saccardi"],"acf":[],"yoast_head":"<!-- This site is optimized with the Yoast SEO Premium plugin v24.2 (Yoast SEO v25.6) - https:\/\/yoast.com\/wordpress\/plugins\/seo\/ -->\n<title>Regione Toscana, 100mila euro per il contrasto alla Vespa velutina - intoscana<\/title>\n<meta name=\"description\" content=\"La vice presidente Saccardi: &quot;Sistema di monitoraggio della presenza della specie invasiva e attivit\u00e0 di distruzione\/neutralizzazione nidi&quot;\" \/>\n<meta name=\"robots\" content=\"index, follow, max-snippet:-1, max-image-preview:large, max-video-preview:-1\" \/>\n<link rel=\"canonical\" href=\"https:\/\/www.intoscana.it\/it\/regione-toscana-100mila-euro-per-il-contrasto-alla-vespa-velutina\/\" \/>\n<meta property=\"og:locale\" content=\"it_IT\" \/>\n<meta property=\"og:type\" content=\"article\" \/>\n<meta property=\"og:title\" content=\"Regione Toscana, 100mila euro per il contrasto alla Vespa velutina\" \/>\n<meta property=\"og:description\" content=\"La vice presidente Saccardi: &quot;Sistema di monitoraggio della presenza della specie invasiva e attivit\u00e0 di distruzione\/neutralizzazione nidi&quot;\" \/>\n<meta property=\"og:url\" content=\"https:\/\/www.intoscana.it\/it\/regione-toscana-100mila-euro-per-il-contrasto-alla-vespa-velutina\/\" \/>\n<meta property=\"og:site_name\" content=\"intoscana\" \/>\n<meta property=\"article:publisher\" content=\"https:\/\/www.facebook.com\/intoscana.it\" \/>\n<meta property=\"article:published_time\" content=\"2023-08-10T15:49:32+00:00\" \/>\n<meta property=\"article:modified_time\" content=\"2023-09-05T06:06:14+00:00\" \/>\n<meta property=\"og:image\" content=\"https:\/\/www.intoscana.it\/wp-content\/uploads\/La-vespa-velutina.jpg\" \/>\n\t<meta property=\"og:image:width\" content=\"1073\" \/>\n\t<meta property=\"og:image:height\" content=\"695\" \/>\n\t<meta property=\"og:image:type\" content=\"image\/jpeg\" \/>\n<meta name=\"author\" content=\"Redazione\" \/>\n<meta name=\"twitter:card\" content=\"summary_large_image\" \/>\n<meta name=\"twitter:creator\" content=\"@intoscana\" \/>\n<meta name=\"twitter:site\" content=\"@intoscana\" \/>\n<meta name=\"twitter:label1\" content=\"Written by\" \/>\n\t<meta name=\"twitter:data1\" content=\"Redazione\" \/>\n\t<meta name=\"twitter:label2\" content=\"Est. reading time\" \/>\n\t<meta name=\"twitter:data2\" content=\"1 minuto\" \/>\n<script type=\"application\/ld+json\" class=\"yoast-schema-graph\">{\"@context\":\"https:\/\/schema.org\",\"@graph\":[{\"@type\":\"WebPage\",\"@id\":\"https:\/\/www.intoscana.it\/it\/regione-toscana-100mila-euro-per-il-contrasto-alla-vespa-velutina\/\",\"url\":\"https:\/\/www.intoscana.it\/it\/regione-toscana-100mila-euro-per-il-contrasto-alla-vespa-velutina\/\",\"name\":\"Regione Toscana, 100mila euro per il contrasto alla Vespa velutina - intoscana\",\"isPartOf\":{\"@id\":\"https:\/\/www.intoscana.it\/it\/#website\"},\"primaryImageOfPage\":{\"@id\":\"https:\/\/www.intoscana.it\/it\/regione-toscana-100mila-euro-per-il-contrasto-alla-vespa-velutina\/#primaryimage\"},\"image\":{\"@id\":\"https:\/\/www.intoscana.it\/it\/regione-toscana-100mila-euro-per-il-contrasto-alla-vespa-velutina\/#primaryimage\"},\"thumbnailUrl\":\"https:\/\/www.intoscana.it\/wp-content\/uploads\/La-vespa-velutina.jpg\",\"datePublished\":\"2023-08-10T15:49:32+00:00\",\"dateModified\":\"2023-09-05T06:06:14+00:00\",\"author\":{\"@id\":\"https:\/\/www.intoscana.it\/it\/#\/schema\/person\/9223810753230f20bd670fdd322661f8\"},\"description\":\"La vice presidente Saccardi: \\\"Sistema di monitoraggio della presenza della specie invasiva e attivit\u00e0 di distruzione\/neutralizzazione nidi\\\"\",\"breadcrumb\":{\"@id\":\"https:\/\/www.intoscana.it\/it\/regione-toscana-100mila-euro-per-il-contrasto-alla-vespa-velutina\/#breadcrumb\"},\"inLanguage\":\"it-IT\",\"potentialAction\":[{\"@type\":\"ReadAction\",\"target\":[\"https:\/\/www.intoscana.it\/it\/regione-toscana-100mila-euro-per-il-contrasto-alla-vespa-velutina\/\"]}]},{\"@type\":\"ImageObject\",\"inLanguage\":\"it-IT\",\"@id\":\"https:\/\/www.intoscana.it\/it\/regione-toscana-100mila-euro-per-il-contrasto-alla-vespa-velutina\/#primaryimage\",\"url\":\"https:\/\/www.intoscana.it\/wp-content\/uploads\/La-vespa-velutina.jpg\",\"contentUrl\":\"https:\/\/www.intoscana.it\/wp-content\/uploads\/La-vespa-velutina.jpg\",\"width\":1073,\"height\":695},{\"@type\":\"BreadcrumbList\",\"@id\":\"https:\/\/www.intoscana.it\/it\/regione-toscana-100mila-euro-per-il-contrasto-alla-vespa-velutina\/#breadcrumb\",\"itemListElement\":[{\"@type\":\"ListItem\",\"position\":1,\"name\":\"Home\",\"item\":\"https:\/\/www.intoscana.it\/it\/\"},{\"@type\":\"ListItem\",\"position\":2,\"name\":\"Regione Toscana, 100mila euro per il contrasto alla Vespa velutina\"}]},{\"@type\":\"WebSite\",\"@id\":\"https:\/\/www.intoscana.it\/it\/#website\",\"url\":\"https:\/\/www.intoscana.it\/it\/\",\"name\":\"intoscana\",\"description\":\"\",\"potentialAction\":[{\"@type\":\"SearchAction\",\"target\":{\"@type\":\"EntryPoint\",\"urlTemplate\":\"https:\/\/www.intoscana.it\/it\/?s={search_term_string}\"},\"query-input\":{\"@type\":\"PropertyValueSpecification\",\"valueRequired\":true,\"valueName\":\"search_term_string\"}}],\"inLanguage\":\"it-IT\"},{\"@type\":\"Person\",\"@id\":\"https:\/\/www.intoscana.it\/it\/#\/schema\/person\/9223810753230f20bd670fdd322661f8\",\"name\":\"Redazione\",\"url\":\"https:\/\/www.intoscana.it\/it\/author\/redazione\/\"}]}<\/script>\n<!-- \/ Yoast SEO Premium plugin. -->","yoast_head_json":{"title":"Regione Toscana, 100mila euro per il contrasto alla Vespa velutina - intoscana","description":"La vice presidente Saccardi: \"Sistema di monitoraggio della presenza della specie invasiva e attivit\u00e0 di distruzione\/neutralizzazione nidi\"","robots":{"index":"index","follow":"follow","max-snippet":"max-snippet:-1","max-image-preview":"max-image-preview:large","max-video-preview":"max-video-preview:-1"},"canonical":"https:\/\/www.intoscana.it\/it\/regione-toscana-100mila-euro-per-il-contrasto-alla-vespa-velutina\/","og_locale":"it_IT","og_type":"article","og_title":"Regione Toscana, 100mila euro per il contrasto alla Vespa velutina","og_description":"La vice presidente Saccardi: \"Sistema di monitoraggio della presenza della specie invasiva e attivit\u00e0 di distruzione\/neutralizzazione nidi\"","og_url":"https:\/\/www.intoscana.it\/it\/regione-toscana-100mila-euro-per-il-contrasto-alla-vespa-velutina\/","og_site_name":"intoscana","article_publisher":"https:\/\/www.facebook.com\/intoscana.it","article_published_time":"2023-08-10T15:49:32+00:00","article_modified_time":"2023-09-05T06:06:14+00:00","og_image":[{"width":1073,"height":695,"url":"https:\/\/www.intoscana.it\/wp-content\/uploads\/La-vespa-velutina.jpg","type":"image\/jpeg"}],"author":"Redazione","twitter_card":"summary_large_image","twitter_creator":"@intoscana","twitter_site":"@intoscana","twitter_misc":{"Written by":"Redazione","Est. reading time":"1 minuto"},"schema":{"@context":"https:\/\/schema.org","@graph":[{"@type":"WebPage","@id":"https:\/\/www.intoscana.it\/it\/regione-toscana-100mila-euro-per-il-contrasto-alla-vespa-velutina\/","url":"https:\/\/www.intoscana.it\/it\/regione-toscana-100mila-euro-per-il-contrasto-alla-vespa-velutina\/","name":"Regione Toscana, 100mila euro per il contrasto alla Vespa velutina - intoscana","isPartOf":{"@id":"https:\/\/www.intoscana.it\/it\/#website"},"primaryImageOfPage":{"@id":"https:\/\/www.intoscana.it\/it\/regione-toscana-100mila-euro-per-il-contrasto-alla-vespa-velutina\/#primaryimage"},"image":{"@id":"https:\/\/www.intoscana.it\/it\/regione-toscana-100mila-euro-per-il-contrasto-alla-vespa-velutina\/#primaryimage"},"thumbnailUrl":"https:\/\/www.intoscana.it\/wp-content\/uploads\/La-vespa-velutina.jpg","datePublished":"2023-08-10T15:49:32+00:00","dateModified":"2023-09-05T06:06:14+00:00","author":{"@id":"https:\/\/www.intoscana.it\/it\/#\/schema\/person\/9223810753230f20bd670fdd322661f8"},"description":"La vice presidente Saccardi: \"Sistema di monitoraggio della presenza della specie invasiva e attivit\u00e0 di distruzione\/neutralizzazione nidi\"","breadcrumb":{"@id":"https:\/\/www.intoscana.it\/it\/regione-toscana-100mila-euro-per-il-contrasto-alla-vespa-velutina\/#breadcrumb"},"inLanguage":"it-IT","potentialAction":[{"@type":"ReadAction","target":["https:\/\/www.intoscana.it\/it\/regione-toscana-100mila-euro-per-il-contrasto-alla-vespa-velutina\/"]}]},{"@type":"ImageObject","inLanguage":"it-IT","@id":"https:\/\/www.intoscana.it\/it\/regione-toscana-100mila-euro-per-il-contrasto-alla-vespa-velutina\/#primaryimage","url":"https:\/\/www.intoscana.it\/wp-content\/uploads\/La-vespa-velutina.jpg","contentUrl":"https:\/\/www.intoscana.it\/wp-content\/uploads\/La-vespa-velutina.jpg","width":1073,"height":695},{"@type":"BreadcrumbList","@id":"https:\/\/www.intoscana.it\/it\/regione-toscana-100mila-euro-per-il-contrasto-alla-vespa-velutina\/#breadcrumb","itemListElement":[{"@type":"ListItem","position":1,"name":"Home","item":"https:\/\/www.intoscana.it\/it\/"},{"@type":"ListItem","position":2,"name":"Regione Toscana, 100mila euro per il contrasto alla Vespa velutina"}]},{"@type":"WebSite","@id":"https:\/\/www.intoscana.it\/it\/#website","url":"https:\/\/www.intoscana.it\/it\/","name":"intoscana","description":"","potentialAction":[{"@type":"SearchAction","target":{"@type":"EntryPoint","urlTemplate":"https:\/\/www.intoscana.it\/it\/?s={search_term_string}"},"query-input":{"@type":"PropertyValueSpecification","valueRequired":true,"valueName":"search_term_string"}}],"inLanguage":"it-IT"},{"@type":"Person","@id":"https:\/\/www.intoscana.it\/it\/#\/schema\/person\/9223810753230f20bd670fdd322661f8","name":"Redazione","url":"https:\/\/www.intoscana.it\/it\/author\/redazione\/"}]}},"_links":{"self":[{"href":"https:\/\/www.intoscana.it\/it\/wp-json\/wp\/v2\/posts\/299411","targetHints":{"allow":["GET"]}}],"collection":[{"href":"https:\/\/www.intoscana.it\/it\/wp-json\/wp\/v2\/posts"}],"about":[{"href":"https:\/\/www.intoscana.it\/it\/wp-json\/wp\/v2\/types\/post"}],"author":[{"embeddable":true,"href":"https:\/\/www.intoscana.it\/it\/wp-json\/wp\/v2\/users\/525"}],"replies":[{"embeddable":true,"href":"https:\/\/www.intoscana.it\/it\/wp-json\/wp\/v2\/comments?post=299411"}],"version-history":[{"count":0,"href":"https:\/\/www.intoscana.it\/it\/wp-json\/wp\/v2\/posts\/299411\/revisions"}],"wp:featuredmedia":[{"embeddable":true,"href":"https:\/\/www.intoscana.it\/it\/wp-json\/wp\/v2\/media\/303034"}],"wp:attachment":[{"href":"https:\/\/www.intoscana.it\/it\/wp-json\/wp\/v2\/media?parent=299411"}],"wp:term":[{"taxonomy":"category","embeddable":true,"href":"https:\/\/www.intoscana.it\/it\/wp-json\/wp\/v2\/categories?post=299411"},{"taxonomy":"post_tag","embeddable":true,"href":"https:\/\/www.intoscana.it\/it\/wp-json\/wp\/v2\/tags?post=299411"}],"curies":[{"name":"wp","href":"https:\/\/api.w.org\/{rel}","templated":true}]}}