{"id":299492,"date":"2023-08-11T12:06:54","date_gmt":"2023-08-11T10:06:54","guid":{"rendered":"https:\/\/www.intoscana.it\/it\/?p=299492"},"modified":"2023-08-17T14:08:36","modified_gmt":"2023-08-17T12:08:36","slug":"prato-palco-della-grande-musica-di-fine-estate-svelate-le-ultime-date-dei-concerti-gratuiti-in-piazza-del-mercato-nuovo","status":"publish","type":"post","link":"https:\/\/www.intoscana.it\/it\/prato-palco-della-grande-musica-di-fine-estate-svelate-le-ultime-date-dei-concerti-gratuiti-in-piazza-del-mercato-nuovo\/","title":{"rendered":"Prato, palco della grande musica di fine estate: svelate le ultime date dei concerti gratuiti in piazza del Mercato Nuovo"},"content":{"rendered":"<p><strong>Dj Prezioso<\/strong> gioved\u00ec <strong>7 settembre<\/strong>, <strong>Metempsicosi<\/strong> venerd\u00ec <strong>15 settembre<\/strong> con i dj che hanno fatto la storia delle serate toscane al Jaiss e del Torquemada. Il <strong>Settembre a Prato<\/strong>, la rassegna in programma in piazza del Mercato Nuovo dal 6 al 17 settembre, ha annunciato le ultime due date dei concerti gratuiti che per dodici giorni caratterizzeranno la fine dell\u2019estate dei pratesi.<\/p>\n<h3>DJ Prezioso e Metempsicosi<\/h3>\n<p>Con l&#8217;annuncio degli ultimi nomi si chiude il cartellone di <strong><a href=\"https:\/\/www.intoscana.it\/it\/articolo\/a-settembre-in-piazza-del-mercato-nuovo-a-prato-torna-lantico-gioco-della-palla-grossa\/\">concerti che animeranno piazza del Mercato Nuovo<\/a> <\/strong>tutti gratuiti. Dopo <strong>Jerry Cal\u00e0<\/strong>, <strong>Cristina D&#8217;Avena<\/strong>, gioved\u00ec 7 settembre sul palco di piazza del Mercato Nuovo salir\u00e0 dunque <strong>dj Prezioso.<\/strong> Arrivato alla ribalta del grande pubblico con la programmazione su <strong>Radio Deejay,<\/strong> Giorgio Prezioso si esibir\u00e0 in piazza del Mercato Nuovo a Prato portando tutta la sua discografia: dai successi di inizio millennio, fino alle ultime produzioni musicali.<\/p>\n<p>L\u2019altra serata particolarmente attesa in piazza del Mercato Nuovo \u00e8 quella di <strong>Metempsicosi<\/strong>. Dalle ore 19, venerd\u00ec 15 settembre, sul palco si alterneranno sei dj che hanno caratterizzato la vita notturna di pi\u00f9 generazioni a cavallo fra la fine degli anni Novanta e l\u2019inizio del nuovo millennio. In serie ci saranno <strong>Mario Pi\u00f9, Ricky Le Roy, Franchino, Joy Kitikonti, Oozicky e Luca Pechino.<\/strong> Una serata imperdibile per gli amanti del genere, che andr\u00e0 avanti fino a mezzanotte.<\/p>\n<p><em>\u201cAbbiamo voluto regalare alla citt\u00e0 di Prato una rassegna d\u2019alto livello, con nomi di richiamo su scala nazionale \u2013<\/em> spiegano gli organizzatori &#8211;<em>. Una serie di concerti pi\u00f9 ambiziosa rispetto all\u2019edizione dell\u2019anno passato, e dalla quale ci aspettiamo un\u2019importante risposta in termini di presenze\u201d.<\/em><\/p>\n<h3>La Palla Grossa, biglietti gi\u00e0 in vendita su CiaoTicket<\/h3>\n<p>Passando alla Palla Grossa, i biglietti sono gi\u00e0 in vendita e si sta gi\u00e0 registrando un successo di consensi. L\u2019obiettivo \u00e8 di arrivare al tutto esaurito proprio come accaduto nell\u2019edizione dell\u2019anno passato. Ricordiamo che <strong>sabato 9 settembre<\/strong> \u00e8 in programma la prima semifinale fra Azzurri di Santa Maria e Gialli di Santo Stefano, mentre il giorno dopo ci sar\u00e0 la seconda semifinale che metter\u00e0 di fronte i campioni in carica dei Rossi di Santa Trinita contro i Verdi di San Marco. Le squadre vincenti si daranno appuntamento a<strong> sabato 16 settembre<\/strong> con la finalissima.<\/p>\n<h3>E poi c&#8217;\u00e8 il Settembre Prato \u00e8 spettacolo<\/h3>\n<p>La citt\u00e0 del tessile si fa regina di musica per la fine dell&#8217;estate, ricordiamo infatti che dal 31 agosto a met\u00e0 settembre si terr\u00e0 anche il festival <a href=\"https:\/\/www.intoscana.it\/it\/articolo\/settembre-prato-e-spettacolo-2023-due-settimane-di-musica-e-divertimento\/\" target=\"_blank\" rel=\"noopener\"><strong>Settembre, Prato \u00e8 spettacolo<\/strong><\/a>, \u00a0organizzato da <strong>Fonderia Cultart<\/strong> in collaborazione con il Comune di Prato.\u00a0 Le location saranno piazza Duomo, villa Guicciardini, il ritrovato Garibaldi e alcuni luoghi rinati della citt\u00e0 come il playground del Serraglio, Gli <strong>Articolo 31<\/strong> apriranno la kermesse musicale che porter\u00e0 in citt\u00e0 la musica internazionale con il concerto degli <a href=\"https:\/\/www.intoscana.it\/it\/articolo\/il-3-settembre-gli-editors-in-concerto-al-settembre-prato-e-spettacolo\/\"><strong>Editors<\/strong> <\/a>il 3 settembre. E poi <strong>Daniele Silvestri<\/strong>, <strong>Bugo<\/strong>, <strong>Umberto Tozzi<\/strong>, <strong>Edoardo Bennato<\/strong> e molti altri.<\/p>\n","protected":false},"excerpt":{"rendered":"<p>Dj Prezioso e\u00a0Metempsicosi sono gli ultimi artisti annunciati per\u00a0Settembre a Prato, la rassegna in programma in piazza del Mercato Nuovo dal 6 al 17 settembre e che si affianca al festival Settembre, Prato \u00e8 spettacolo<\/p>\n","protected":false},"author":525,"featured_media":299493,"comment_status":"open","ping_status":"open","sticky":false,"template":"","format":"standard","meta":{"_acf_changed":false,"footnotes":""},"categories":[14],"tags":[235,395,3135],"class_list":["post-299492","post","type-post","status-publish","format-standard","has-post-thumbnail","hentry","category-musica","tag-estate","tag-eventi-in-toscana","tag-festival-musicali"],"acf":[],"yoast_head":"<!-- This site is optimized with the Yoast SEO Premium plugin v24.2 (Yoast SEO v25.6) - https:\/\/yoast.com\/wordpress\/plugins\/seo\/ -->\n<title>Prato, palco della grande musica di fine estate: svelate le ultime date dei concerti gratuiti in piazza del Mercato Nuovo - intoscana<\/title>\n<meta name=\"description\" content=\"Dj Prezioso e\u00a0Metempsicosi sono gli ultimi artisti annunciati per\u00a0Settembre a Prato, in programma dal 6 al 17 settembre\" \/>\n<meta name=\"robots\" content=\"index, follow, max-snippet:-1, max-image-preview:large, max-video-preview:-1\" \/>\n<link rel=\"canonical\" href=\"https:\/\/www.intoscana.it\/it\/prato-palco-della-grande-musica-di-fine-estate-svelate-le-ultime-date-dei-concerti-gratuiti-in-piazza-del-mercato-nuovo\/\" \/>\n<meta property=\"og:locale\" content=\"it_IT\" \/>\n<meta property=\"og:type\" content=\"article\" \/>\n<meta property=\"og:title\" content=\"Prato, palco della grande musica di fine estate: svelate le ultime date dei concerti gratuiti in piazza del Mercato Nuovo\" \/>\n<meta property=\"og:description\" content=\"Dj Prezioso e\u00a0Metempsicosi sono gli ultimi artisti annunciati per\u00a0Settembre a Prato, in programma dal 6 al 17 settembre\" \/>\n<meta property=\"og:url\" content=\"https:\/\/www.intoscana.it\/it\/prato-palco-della-grande-musica-di-fine-estate-svelate-le-ultime-date-dei-concerti-gratuiti-in-piazza-del-mercato-nuovo\/\" \/>\n<meta property=\"og:site_name\" content=\"intoscana\" \/>\n<meta property=\"article:publisher\" content=\"https:\/\/www.facebook.com\/intoscana.it\" \/>\n<meta property=\"article:published_time\" content=\"2023-08-11T10:06:54+00:00\" \/>\n<meta property=\"article:modified_time\" content=\"2023-08-17T12:08:36+00:00\" \/>\n<meta property=\"og:image\" content=\"https:\/\/www.intoscana.it\/wp-content\/uploads\/settembre-a-prato.jpg\" \/>\n\t<meta property=\"og:image:width\" content=\"2048\" \/>\n\t<meta property=\"og:image:height\" content=\"1235\" \/>\n\t<meta property=\"og:image:type\" content=\"image\/jpeg\" \/>\n<meta name=\"author\" content=\"Redazione\" \/>\n<meta name=\"twitter:card\" content=\"summary_large_image\" \/>\n<meta name=\"twitter:creator\" content=\"@intoscana\" \/>\n<meta name=\"twitter:site\" content=\"@intoscana\" \/>\n<meta name=\"twitter:label1\" content=\"Written by\" \/>\n\t<meta name=\"twitter:data1\" content=\"Redazione\" \/>\n\t<meta name=\"twitter:label2\" content=\"Est. reading time\" \/>\n\t<meta name=\"twitter:data2\" content=\"2 minuti\" \/>\n<script type=\"application\/ld+json\" class=\"yoast-schema-graph\">{\"@context\":\"https:\/\/schema.org\",\"@graph\":[{\"@type\":\"WebPage\",\"@id\":\"https:\/\/www.intoscana.it\/it\/prato-palco-della-grande-musica-di-fine-estate-svelate-le-ultime-date-dei-concerti-gratuiti-in-piazza-del-mercato-nuovo\/\",\"url\":\"https:\/\/www.intoscana.it\/it\/prato-palco-della-grande-musica-di-fine-estate-svelate-le-ultime-date-dei-concerti-gratuiti-in-piazza-del-mercato-nuovo\/\",\"name\":\"Prato, palco della grande musica di fine estate: svelate le ultime date dei concerti gratuiti in piazza del Mercato Nuovo - intoscana\",\"isPartOf\":{\"@id\":\"https:\/\/www.intoscana.it\/it\/#website\"},\"primaryImageOfPage\":{\"@id\":\"https:\/\/www.intoscana.it\/it\/prato-palco-della-grande-musica-di-fine-estate-svelate-le-ultime-date-dei-concerti-gratuiti-in-piazza-del-mercato-nuovo\/#primaryimage\"},\"image\":{\"@id\":\"https:\/\/www.intoscana.it\/it\/prato-palco-della-grande-musica-di-fine-estate-svelate-le-ultime-date-dei-concerti-gratuiti-in-piazza-del-mercato-nuovo\/#primaryimage\"},\"thumbnailUrl\":\"https:\/\/www.intoscana.it\/wp-content\/uploads\/settembre-a-prato.jpg\",\"datePublished\":\"2023-08-11T10:06:54+00:00\",\"dateModified\":\"2023-08-17T12:08:36+00:00\",\"author\":{\"@id\":\"https:\/\/www.intoscana.it\/it\/#\/schema\/person\/9223810753230f20bd670fdd322661f8\"},\"description\":\"Dj Prezioso e\u00a0Metempsicosi sono gli ultimi artisti annunciati per\u00a0Settembre a Prato, in programma dal 6 al 17 settembre\",\"breadcrumb\":{\"@id\":\"https:\/\/www.intoscana.it\/it\/prato-palco-della-grande-musica-di-fine-estate-svelate-le-ultime-date-dei-concerti-gratuiti-in-piazza-del-mercato-nuovo\/#breadcrumb\"},\"inLanguage\":\"it-IT\",\"potentialAction\":[{\"@type\":\"ReadAction\",\"target\":[\"https:\/\/www.intoscana.it\/it\/prato-palco-della-grande-musica-di-fine-estate-svelate-le-ultime-date-dei-concerti-gratuiti-in-piazza-del-mercato-nuovo\/\"]}]},{\"@type\":\"ImageObject\",\"inLanguage\":\"it-IT\",\"@id\":\"https:\/\/www.intoscana.it\/it\/prato-palco-della-grande-musica-di-fine-estate-svelate-le-ultime-date-dei-concerti-gratuiti-in-piazza-del-mercato-nuovo\/#primaryimage\",\"url\":\"https:\/\/www.intoscana.it\/wp-content\/uploads\/settembre-a-prato.jpg\",\"contentUrl\":\"https:\/\/www.intoscana.it\/wp-content\/uploads\/settembre-a-prato.jpg\",\"width\":2048,\"height\":1235},{\"@type\":\"BreadcrumbList\",\"@id\":\"https:\/\/www.intoscana.it\/it\/prato-palco-della-grande-musica-di-fine-estate-svelate-le-ultime-date-dei-concerti-gratuiti-in-piazza-del-mercato-nuovo\/#breadcrumb\",\"itemListElement\":[{\"@type\":\"ListItem\",\"position\":1,\"name\":\"Home\",\"item\":\"https:\/\/www.intoscana.it\/it\/\"},{\"@type\":\"ListItem\",\"position\":2,\"name\":\"Prato, palco della grande musica di fine estate: svelate le ultime date dei concerti gratuiti in piazza del Mercato Nuovo\"}]},{\"@type\":\"WebSite\",\"@id\":\"https:\/\/www.intoscana.it\/it\/#website\",\"url\":\"https:\/\/www.intoscana.it\/it\/\",\"name\":\"intoscana\",\"description\":\"\",\"potentialAction\":[{\"@type\":\"SearchAction\",\"target\":{\"@type\":\"EntryPoint\",\"urlTemplate\":\"https:\/\/www.intoscana.it\/it\/?s={search_term_string}\"},\"query-input\":{\"@type\":\"PropertyValueSpecification\",\"valueRequired\":true,\"valueName\":\"search_term_string\"}}],\"inLanguage\":\"it-IT\"},{\"@type\":\"Person\",\"@id\":\"https:\/\/www.intoscana.it\/it\/#\/schema\/person\/9223810753230f20bd670fdd322661f8\",\"name\":\"Redazione\",\"url\":\"https:\/\/www.intoscana.it\/it\/author\/redazione\/\"}]}<\/script>\n<!-- \/ Yoast SEO Premium plugin. -->","yoast_head_json":{"title":"Prato, palco della grande musica di fine estate: svelate le ultime date dei concerti gratuiti in piazza del Mercato Nuovo - intoscana","description":"Dj Prezioso e\u00a0Metempsicosi sono gli ultimi artisti annunciati per\u00a0Settembre a Prato, in programma dal 6 al 17 settembre","robots":{"index":"index","follow":"follow","max-snippet":"max-snippet:-1","max-image-preview":"max-image-preview:large","max-video-preview":"max-video-preview:-1"},"canonical":"https:\/\/www.intoscana.it\/it\/prato-palco-della-grande-musica-di-fine-estate-svelate-le-ultime-date-dei-concerti-gratuiti-in-piazza-del-mercato-nuovo\/","og_locale":"it_IT","og_type":"article","og_title":"Prato, palco della grande musica di fine estate: svelate le ultime date dei concerti gratuiti in piazza del Mercato Nuovo","og_description":"Dj Prezioso e\u00a0Metempsicosi sono gli ultimi artisti annunciati per\u00a0Settembre a Prato, in programma dal 6 al 17 settembre","og_url":"https:\/\/www.intoscana.it\/it\/prato-palco-della-grande-musica-di-fine-estate-svelate-le-ultime-date-dei-concerti-gratuiti-in-piazza-del-mercato-nuovo\/","og_site_name":"intoscana","article_publisher":"https:\/\/www.facebook.com\/intoscana.it","article_published_time":"2023-08-11T10:06:54+00:00","article_modified_time":"2023-08-17T12:08:36+00:00","og_image":[{"width":2048,"height":1235,"url":"https:\/\/www.intoscana.it\/wp-content\/uploads\/settembre-a-prato.jpg","type":"image\/jpeg"}],"author":"Redazione","twitter_card":"summary_large_image","twitter_creator":"@intoscana","twitter_site":"@intoscana","twitter_misc":{"Written by":"Redazione","Est. reading time":"2 minuti"},"schema":{"@context":"https:\/\/schema.org","@graph":[{"@type":"WebPage","@id":"https:\/\/www.intoscana.it\/it\/prato-palco-della-grande-musica-di-fine-estate-svelate-le-ultime-date-dei-concerti-gratuiti-in-piazza-del-mercato-nuovo\/","url":"https:\/\/www.intoscana.it\/it\/prato-palco-della-grande-musica-di-fine-estate-svelate-le-ultime-date-dei-concerti-gratuiti-in-piazza-del-mercato-nuovo\/","name":"Prato, palco della grande musica di fine estate: svelate le ultime date dei concerti gratuiti in piazza del Mercato Nuovo - intoscana","isPartOf":{"@id":"https:\/\/www.intoscana.it\/it\/#website"},"primaryImageOfPage":{"@id":"https:\/\/www.intoscana.it\/it\/prato-palco-della-grande-musica-di-fine-estate-svelate-le-ultime-date-dei-concerti-gratuiti-in-piazza-del-mercato-nuovo\/#primaryimage"},"image":{"@id":"https:\/\/www.intoscana.it\/it\/prato-palco-della-grande-musica-di-fine-estate-svelate-le-ultime-date-dei-concerti-gratuiti-in-piazza-del-mercato-nuovo\/#primaryimage"},"thumbnailUrl":"https:\/\/www.intoscana.it\/wp-content\/uploads\/settembre-a-prato.jpg","datePublished":"2023-08-11T10:06:54+00:00","dateModified":"2023-08-17T12:08:36+00:00","author":{"@id":"https:\/\/www.intoscana.it\/it\/#\/schema\/person\/9223810753230f20bd670fdd322661f8"},"description":"Dj Prezioso e\u00a0Metempsicosi sono gli ultimi artisti annunciati per\u00a0Settembre a Prato, in programma dal 6 al 17 settembre","breadcrumb":{"@id":"https:\/\/www.intoscana.it\/it\/prato-palco-della-grande-musica-di-fine-estate-svelate-le-ultime-date-dei-concerti-gratuiti-in-piazza-del-mercato-nuovo\/#breadcrumb"},"inLanguage":"it-IT","potentialAction":[{"@type":"ReadAction","target":["https:\/\/www.intoscana.it\/it\/prato-palco-della-grande-musica-di-fine-estate-svelate-le-ultime-date-dei-concerti-gratuiti-in-piazza-del-mercato-nuovo\/"]}]},{"@type":"ImageObject","inLanguage":"it-IT","@id":"https:\/\/www.intoscana.it\/it\/prato-palco-della-grande-musica-di-fine-estate-svelate-le-ultime-date-dei-concerti-gratuiti-in-piazza-del-mercato-nuovo\/#primaryimage","url":"https:\/\/www.intoscana.it\/wp-content\/uploads\/settembre-a-prato.jpg","contentUrl":"https:\/\/www.intoscana.it\/wp-content\/uploads\/settembre-a-prato.jpg","width":2048,"height":1235},{"@type":"BreadcrumbList","@id":"https:\/\/www.intoscana.it\/it\/prato-palco-della-grande-musica-di-fine-estate-svelate-le-ultime-date-dei-concerti-gratuiti-in-piazza-del-mercato-nuovo\/#breadcrumb","itemListElement":[{"@type":"ListItem","position":1,"name":"Home","item":"https:\/\/www.intoscana.it\/it\/"},{"@type":"ListItem","position":2,"name":"Prato, palco della grande musica di fine estate: svelate le ultime date dei concerti gratuiti in piazza del Mercato Nuovo"}]},{"@type":"WebSite","@id":"https:\/\/www.intoscana.it\/it\/#website","url":"https:\/\/www.intoscana.it\/it\/","name":"intoscana","description":"","potentialAction":[{"@type":"SearchAction","target":{"@type":"EntryPoint","urlTemplate":"https:\/\/www.intoscana.it\/it\/?s={search_term_string}"},"query-input":{"@type":"PropertyValueSpecification","valueRequired":true,"valueName":"search_term_string"}}],"inLanguage":"it-IT"},{"@type":"Person","@id":"https:\/\/www.intoscana.it\/it\/#\/schema\/person\/9223810753230f20bd670fdd322661f8","name":"Redazione","url":"https:\/\/www.intoscana.it\/it\/author\/redazione\/"}]}},"_links":{"self":[{"href":"https:\/\/www.intoscana.it\/it\/wp-json\/wp\/v2\/posts\/299492","targetHints":{"allow":["GET"]}}],"collection":[{"href":"https:\/\/www.intoscana.it\/it\/wp-json\/wp\/v2\/posts"}],"about":[{"href":"https:\/\/www.intoscana.it\/it\/wp-json\/wp\/v2\/types\/post"}],"author":[{"embeddable":true,"href":"https:\/\/www.intoscana.it\/it\/wp-json\/wp\/v2\/users\/525"}],"replies":[{"embeddable":true,"href":"https:\/\/www.intoscana.it\/it\/wp-json\/wp\/v2\/comments?post=299492"}],"version-history":[{"count":0,"href":"https:\/\/www.intoscana.it\/it\/wp-json\/wp\/v2\/posts\/299492\/revisions"}],"wp:featuredmedia":[{"embeddable":true,"href":"https:\/\/www.intoscana.it\/it\/wp-json\/wp\/v2\/media\/299493"}],"wp:attachment":[{"href":"https:\/\/www.intoscana.it\/it\/wp-json\/wp\/v2\/media?parent=299492"}],"wp:term":[{"taxonomy":"category","embeddable":true,"href":"https:\/\/www.intoscana.it\/it\/wp-json\/wp\/v2\/categories?post=299492"},{"taxonomy":"post_tag","embeddable":true,"href":"https:\/\/www.intoscana.it\/it\/wp-json\/wp\/v2\/tags?post=299492"}],"curies":[{"name":"wp","href":"https:\/\/api.w.org\/{rel}","templated":true}]}}