{"id":299582,"date":"2023-08-12T12:08:45","date_gmt":"2023-08-12T10:08:45","guid":{"rendered":"https:\/\/www.intoscana.it\/it\/?p=299582"},"modified":"2023-08-17T15:53:18","modified_gmt":"2023-08-17T13:53:18","slug":"s-anna-di-stazzema-mattarella-un-dovere-ricordare-il-massacro","status":"publish","type":"post","link":"https:\/\/www.intoscana.it\/it\/s-anna-di-stazzema-mattarella-un-dovere-ricordare-il-massacro\/","title":{"rendered":"S. Anna di Stazzema, Mattarella: &#8220;Un dovere ricordare il massacro&#8221;"},"content":{"rendered":"<p>Nel parco nazionale della pace, a <strong>Sant&#8217;Anna di Stazzema<\/strong>, un monumento ricorda le 560 vittime (130 i bambini, solo <a href=\"http:\/\/www.straginazifasciste.it\/wp-content\/uploads\/schede\/SANT_ANNA%20DI%20STAZZEMA%2012.08.1944.pdf\">394 le identificate<\/a>). Fu qui che all&#8217;alba del <strong>12 agosto del 1944<\/strong> venne compiuta la <strong>strage nazifascista<\/strong> da tre reparti della 16\u00aa divisione Panzergrenadier \u00abReichs; f\u00fchrer-SS\u00bb, accompagnati da bande di fascisti.<\/p>\n<p>Agli inizi del mese Sant\u2019Anna era stata dichiarata <strong>zona bianca dai tedeschi<\/strong> e aveva quindi accolto la popolazione civile sfollata, ma questo non risparmi\u00f2 <strong>donne vecchi e bambini<\/strong> dalla furia dei soldati. Una ferita ancora aperta della <strong>seconda guerra mondiale<\/strong>.<\/p>\n<p>Il presidente della Repubblica <strong>Sergio Mattarella<\/strong>, in occasione del 79\u00b0 anniversario, ha inviato un messaggio per invitare a non dimenticare quanto avvenne. &#8220;<em>Sant&#8217;Anna di Stazzema \u00e8 uno dei luoghi simbolo della tragedia della Seconda Guerra Mondiale in cui affondano le radici pi\u00f9 profonde dei valori della Costituzione repubblicana. Un luogo di memoria, di dolore immenso, insensato e ingiustificabile, divenuto emblema di riscatto civile, di ribellione alla violenza pi\u00f9 feroce e disumana, di solidariet\u00e0, di ricostruzione morale e sociale<\/em>&#8221; scrive<strong> Mattarella<\/strong>.<\/p>\n<h3>Un dovere per la nostra comunit\u00e0<\/h3>\n<p>&#8220;<em>E&#8217; un dovere per la nostra comunit\u00e0 ricordare quanto avvenne settantanove anni or sono a Sant&#8217;Anna e nelle altre frazioni di Stazzema, quando militari nazisti delle SS, sostenuti da fascisti locali, misero in atto una delle stragi pi\u00f9 efferate del conflitto. Fu un massacro di vite innocenti. Donne, anziani, bambini &#8211; ben oltre cinquecento &#8211; vennero uccisi senza piet\u00e0. Tanti i corpi bruciati e resi irriconoscibili<\/em>&#8220;, aggiunge il presidente della Repubblica.<\/p>\n<h3>L&#8217;Europa tocc\u00f2 il fondo dell&#8217;abisso<\/h3>\n<p>&#8220;<em>L&#8217;Europa<\/em> &#8211; osserva Mattarella &#8211; <em>tocc\u00f2 il fondo dell&#8217;abisso. Neppure l&#8217;infamia della rappresaglia poteva giustificare lo sterminio, la strategia dell&#8217;annientamento. Da quegli abissi sono ripartiti il cammino del popolo italiano e del Continente europeo e spetta a ciascuno custodire e consegnare il testimone della memoria alle generazioni pi\u00f9 giovani perch\u00e9 possano essere consapevoli protagoniste di un futuro responsabile in cui non siano pi\u00f9 messi a rischio i valori della persona umana<\/em>&#8220;.<\/p>\n<h3>Giani: mai pi\u00f9 fatti del genere<\/h3>\n<p>\u201c<em>Sant\u2019Anna di Stazzema \u00e8 stato uno degli eccidi nazifascisti pi\u00f9 atroci della storia del nostro Paese e non solo della Toscana<\/em>\u201d commenta il presidente della Regione, <strong>Eugenio Giani<\/strong>. \u201c<em>Non dobbiamo dimenticare<\/em> \u2013 prosegue &#8211; <em>perch\u00e9 dimenticare rende fragili ed esposti alle insidie che si nascondono dietro l\u2019intolleranza. Ricordare e coltivare la memoria \u00e8 un antidoto affinch\u00e9 ci\u00f2 che \u00e8 stato non riaccada. \u00a0Purtroppo intolleranze e discriminazione continuano ad essere piaghe anche del mondo di oggi e con fermezza dobbiamo quindi contrastarle educando principalmente le nuove generazioni\u201d<\/em>.<\/p>\n<figure id=\"post-299606 media-299606\" class=\"align-none\"><img decoding=\"async\" src=\"https:\/\/www.intoscana.it\/wp-content\/uploads\/WhatsApp-Image-2023-08-12-at-13.23.54.jpeg\" alt=\"\" \/><\/figure>\n<div class=\"titleimg\">Le celebrazioni per il 79\u00b0 anniversario della strage di Sant\u2019Anna di Stazzema<\/div>\n<h3>Una denuncia corale si leva durante le celebrazioni<\/h3>\n<p>Le celebrazioni del 79\u00b0 anniversario sono state nel segno di una <strong>denuncia corale<\/strong> contro i tanti episodi di matrice neo-fascista e soprattutto contro i tentativi mediatici di inquinare, confondere, manipolare, negare la verit\u00e0 storica.<\/p>\n<p>A levarsi in tal senso la voce di <strong>Maurizio Verona<\/strong> sindaco di Stazzema, e presidente dell\u2019Istituzione Parco nazionale della Pace, di <strong>Stefano Bonaccini<\/strong> presidente della Regione Emilia Romagna e oratore ufficiale della cerimonia di oggi, fino ad <strong>Alessandra Nardini<\/strong> assessore alla memoria della Regione Toscana.<\/p>\n<p>Particolarmente partecipata, pi\u00f9 del solito quest&#8217;anno, <strong>la cerimonia<\/strong> con la deposizione della corona di allora al monumento ai caduti e la santa messa. Successivamente il corteo si \u00e8 spostato, come di consueto, al Monumento ossario dopo l\u2019inaugurazione della mostra \u201c<em>Colori per la Pace<\/em>\u201c.<\/p>\n<figure id=\"post-299605 media-299605\" class=\"align-none\"><img decoding=\"async\" src=\"https:\/\/www.intoscana.it\/wp-content\/uploads\/WhatsApp-Image-2023-08-12-at-13.16.31-e1691850215720.jpeg\" alt=\"\" \/><\/figure>\n<div class=\"titleimg\">Le celebrazioni per il 79\u00b0 anniversario della strage di Sant\u2019Anna di Stazzema<\/div>\n<h3>Verona: no a ogni logica di annacquare la verit\u00e0<\/h3>\n<p>&#8220;<em>Non si pu\u00f2 accettare una logica che tende ad annacquare la verit\u00e0, a indebolirla, confonderla, una logica per cui la guerra \u00e8 una cosa brutta e cattiva in cui tutto \u00e8 lecito. Sappiamo bene invece che c\u2019erano soldati e civili, che c\u2019era chi combatteva per la libert\u00e0 e chi invece combatteva a fianco di chi occupava il nostro Paese, i fascisti, che non furono solo accompagnatori, ma anche esecutori, spesso con maggiore crudezza nei massacri di civili<\/em>&#8221; spiega il sindaco di Stazzema, <strong>Maurizio Verona<\/strong>.<\/p>\n<p>Per il sindaco &#8220;<em>gli anni di distanza ci avrebbero dovuto permettere di raggiungere una memoria comune, perch\u00e9 fondata sui valori della nostra Carta Costituzionale, cosa a cui invece non siamo mai addivenuti per una precisa volont\u00e0 politica, di equiparare le vittime, di fare un unico conto del dolore, di inquinare la memoria con lo scopo di manipolarla&#8221;<\/em>.<\/p>\n<p>La risposta da <strong>Sant&#8217;Anna di Stazzema<\/strong> \u00e8\u00a0con progetti e attivit\u00e0 rivolte a scuole di ogni ordine e grado, con un&#8217;ampia <strong>offerta didattica del Museo<\/strong> e con nuove collaborazioni con la facolt\u00e0 di Ingegneria dell\u2019Universit\u00e0 di Pisa per la <strong>prima masterclass<\/strong> per studenti universitari sul tema della <strong>progettazione dei luoghi della memoria<\/strong>. Inoltre l&#8217;amministrazione comunale rilancia anche sul piano normativo.<\/p>\n<h3>La proposta di legge contro la propaganda nazi-fascista<\/h3>\n<p>&#8220;<em>Tre anni fa da qui part\u00ec la sfida per presentare una legge di iniziativa popolare contro la vendita di oggetti con simboli fascisti e nazisti e contro la propaganda delle ideologie fascista e nazista con particolare riferimento alla rete. In piena pandemia abbiamo raccolto la cifra straordinaria di 250 mila firme, consegnate alla Camera il 29 aprile del 2021. La legge \u00e8 stata incardinata senza essere discussa nella scorsa legislatura e riproposta nella attuale legislatura con il n. 4, e mantiene oggi pi\u00f9 che mai la sua piena attualit\u00e0<\/em>&#8221; conclude il sindaco.<\/p>\n<figure id=\"post-299609 media-299609\" class=\"align-none\"><img decoding=\"async\" src=\"https:\/\/www.intoscana.it\/wp-content\/uploads\/WhatsApp-Image-2023-08-12-at-13.24.03-1-e1691850181353.jpeg\" alt=\"\" \/><\/figure>\n<div class=\"titleimg\">Le celebrazioni per il 79\u00b0 anniversario della strage di Sant\u2019Anna di Stazzema<\/div>\n<h3>Bonaccini: non passer\u00e0 chi vuole riscrivere la storia<\/h3>\n<p>Alla luce degli ulti episodi il governatore dell&#8217;Emilia Romagna <strong>Stefano Bonaccini<\/strong> presente al Sacrario ribadisce &#8220;<em>quanto detto una settimana fa, durante la commemorazione della strage a Bologna: Non passeranno. Non passer\u00e0 chiunque tenter\u00e0 di riscrivere la storia del Due Agosto come di tutte le stragi del nostro Paese per opportunit\u00e0 politica o per rendiconto personale. Da noi come istituzioni e da noi come cittadini troveranno un\u2019opposizione durissima e senza sconti. Difendere la democrazia \u00e8 una laboriosa opera quotidiana. Luoghi come Sant\u2019Anna di Stazzema danno alla democrazia ispirazione e linfa vitale&#8221;<\/em>.<\/p>\n<h3>Le attivit\u00e0 del Museo e del Parco nazionale della pace<\/h3>\n<p>L\u2019<strong>Associazione Martiri di Sant\u2019Anna<\/strong> ha anche sottolineato il ruolo essenziale del lavoro quotidiano che viene svolto nel <strong>Parco nazionale della pace<\/strong> di Sant\u2019Anna. Il presidente dell\u2019Associazione <strong>Umberto Mancini <\/strong>ha ringraziato\u00a0<em>&#8220;le tante scuole ed i tanti insegnanti che gi\u00e0 portano i loro ragazzi quass\u00f9 a Sant\u2019Anna; nel 2022, sono state ben 221 le scolaresche che, con circa 10.000 studenti, hanno visitato il nostro paese ed il Museo, ed altri 1.300 ragazzi hanno partecipato ad iniziative e\/o a corsi on line. Nel complesso il Museo, sempre nel 2022, \u00e8 stato visitato (tra gruppi e singoli) da oltre 25.000 persone. Questi numeri, peraltro in costante crescita, e le tante altre iniziative culturali che si svolgono qui, a Sant\u2019Anna, confermano quanto sia importante l\u2019attivit\u00e0 di promozione e diffusione della conoscenza storica, ed insieme di vera e propria educazione civica, che viene quotidianamente svolta dagli operatori del Museo e dal Parco Nazionale della Pace&#8221;<\/em>.<\/p>\n<h3>Nardini: il Paese non ha fatto i conti con la storia<\/h3>\n<p>Non \u00e8 mancata l&#8217;analisi dell&#8217;assessora della Regione Toscana alla memoria <strong>Alessandra Nardini<\/strong>. &#8220;<em>Oggi bisogna ricordare l\u2019abisso che ha toccato l\u2019uomo nella storia moderna<\/em> \u2013 sottolinea<strong>\u00a0Nardini<\/strong>\u00a0-. <em>Non possiamo non ammettere che il nostro Paese non ha saputo fare i conti con la nostra storia, a differenza di altri Stati. E penso alla Germania. Perch\u00e9 ancora oggi c\u2019\u00e8 chi prova a raccontare che il fascismo ha realizzato anche cose buone. Invece Il fascismo \u00e8 stata una dittatura che ha provocato orrori come la strage che oggi ricordiamo. \u00c8 stato odio, devastazione e olio di ricino. I fascisti accompagnarono i nazisti in questi luoghi e insieme a loro (come ha ricordato il sindaco di Stazzema) compirono centinai di vittime. E allora non possiamo tollerare che quella storia, di quegli anni bui e vergognosi, qualcuno provi a riscriverla e rinnegarla. Nel nostro Paese non c\u2019\u00e8 spazio per nessun tentativo di negazionismo e revisionismo<\/em>&#8220;.<\/p>\n<p><strong>Toscana ed Emilia Romagna<\/strong> sono state tra le regioni pi\u00f9 colpiti dalle stragi nazifasciste sul finire della seconda guerra mondiale. Tra l\u2019aprile e l\u2019agosto del 1944 <strong>solo in Toscana<\/strong> ce ne furono <strong>pi\u00f9 di 280<\/strong> ed almeno ottantatr\u00e9 sono stati i comuni interessati, con circa <strong>4500 morti<\/strong> tra i civili.<\/p>\n<p>\u201c<em>Quella mattina a Stazzema nazisti e fascisti uccisero anche bambini di pochi mesi, donne ed anziani<\/em> \u2013 ricorda ancora \u00a0l\u2019assessora \u00a0Nardini \u2013 <em>La distruzione non risparmi\u00f2 nessuno. A Sant&#8217;Anna ci furono carni bruciate, strazio, corpi dilaniati. Oggi da qui diciamolo forte e chiaro: i movimenti neonazisti e neofascisti vanno sciolti\u201d. \u00a0<\/em><\/p>\n","protected":false},"excerpt":{"rendered":"<p>Per il presidente della Repubblica ciascuno deve essere testimone di quanto avvenne quel 12 agosto del 1944 con la morte di 560 innocenti e custodirne la memoria per le future generazioni<\/p>\n","protected":false},"author":525,"featured_media":299610,"comment_status":"open","ping_status":"open","sticky":false,"template":"","format":"standard","meta":{"_acf_changed":false,"footnotes":""},"categories":[494],"tags":[4367,4581],"class_list":["post-299582","post","type-post","status-publish","format-standard","has-post-thumbnail","hentry","category-attualita","tag-santanna-stazzema","tag-sergio-mattarella"],"acf":[],"yoast_head":"<!-- This site is optimized with the Yoast SEO Premium plugin v24.2 (Yoast SEO v25.6) - https:\/\/yoast.com\/wordpress\/plugins\/seo\/ -->\n<title>S. Anna di Stazzema, Mattarella: &quot;Un dovere ricordare il massacro&quot; - intoscana<\/title>\n<meta name=\"description\" content=\"Per il presidente della Repubblica ciascuno deve essere testimone di quanto avvenne e custodirne la memoria per le future generazioni\" \/>\n<meta name=\"robots\" content=\"index, follow, max-snippet:-1, max-image-preview:large, max-video-preview:-1\" \/>\n<link rel=\"canonical\" href=\"https:\/\/www.intoscana.it\/it\/s-anna-di-stazzema-mattarella-un-dovere-ricordare-il-massacro\/\" \/>\n<meta property=\"og:locale\" content=\"it_IT\" \/>\n<meta property=\"og:type\" content=\"article\" \/>\n<meta property=\"og:title\" content=\"S. Anna di Stazzema, Mattarella: &quot;Un dovere ricordare il massacro&quot;\" \/>\n<meta property=\"og:description\" content=\"Per il presidente della Repubblica ciascuno deve essere testimone di quanto avvenne e custodirne la memoria per le future generazioni\" \/>\n<meta property=\"og:url\" content=\"https:\/\/www.intoscana.it\/it\/s-anna-di-stazzema-mattarella-un-dovere-ricordare-il-massacro\/\" \/>\n<meta property=\"og:site_name\" content=\"intoscana\" \/>\n<meta property=\"article:publisher\" content=\"https:\/\/www.facebook.com\/intoscana.it\" \/>\n<meta property=\"article:published_time\" content=\"2023-08-12T10:08:45+00:00\" \/>\n<meta property=\"article:modified_time\" content=\"2023-08-17T13:53:18+00:00\" \/>\n<meta property=\"og:image\" content=\"https:\/\/www.intoscana.it\/wp-content\/uploads\/WhatsApp-Image-2023-08-12-at-13.24.06-1.jpeg\" \/>\n\t<meta property=\"og:image:width\" content=\"1600\" \/>\n\t<meta property=\"og:image:height\" content=\"1200\" \/>\n\t<meta property=\"og:image:type\" content=\"image\/jpeg\" \/>\n<meta name=\"author\" content=\"Redazione\" \/>\n<meta name=\"twitter:card\" content=\"summary_large_image\" \/>\n<meta name=\"twitter:creator\" content=\"@intoscana\" \/>\n<meta name=\"twitter:site\" content=\"@intoscana\" \/>\n<meta name=\"twitter:label1\" content=\"Written by\" \/>\n\t<meta name=\"twitter:data1\" content=\"Redazione\" \/>\n\t<meta name=\"twitter:label2\" content=\"Est. reading time\" \/>\n\t<meta name=\"twitter:data2\" content=\"7 minuti\" \/>\n<script type=\"application\/ld+json\" class=\"yoast-schema-graph\">{\"@context\":\"https:\/\/schema.org\",\"@graph\":[{\"@type\":\"WebPage\",\"@id\":\"https:\/\/www.intoscana.it\/it\/s-anna-di-stazzema-mattarella-un-dovere-ricordare-il-massacro\/\",\"url\":\"https:\/\/www.intoscana.it\/it\/s-anna-di-stazzema-mattarella-un-dovere-ricordare-il-massacro\/\",\"name\":\"S. Anna di Stazzema, Mattarella: \\\"Un dovere ricordare il massacro\\\" - intoscana\",\"isPartOf\":{\"@id\":\"https:\/\/www.intoscana.it\/it\/#website\"},\"primaryImageOfPage\":{\"@id\":\"https:\/\/www.intoscana.it\/it\/s-anna-di-stazzema-mattarella-un-dovere-ricordare-il-massacro\/#primaryimage\"},\"image\":{\"@id\":\"https:\/\/www.intoscana.it\/it\/s-anna-di-stazzema-mattarella-un-dovere-ricordare-il-massacro\/#primaryimage\"},\"thumbnailUrl\":\"https:\/\/www.intoscana.it\/wp-content\/uploads\/WhatsApp-Image-2023-08-12-at-13.24.06-1.jpeg\",\"datePublished\":\"2023-08-12T10:08:45+00:00\",\"dateModified\":\"2023-08-17T13:53:18+00:00\",\"author\":{\"@id\":\"https:\/\/www.intoscana.it\/it\/#\/schema\/person\/9223810753230f20bd670fdd322661f8\"},\"description\":\"Per il presidente della Repubblica ciascuno deve essere testimone di quanto avvenne e custodirne la memoria per le future generazioni\",\"breadcrumb\":{\"@id\":\"https:\/\/www.intoscana.it\/it\/s-anna-di-stazzema-mattarella-un-dovere-ricordare-il-massacro\/#breadcrumb\"},\"inLanguage\":\"it-IT\",\"potentialAction\":[{\"@type\":\"ReadAction\",\"target\":[\"https:\/\/www.intoscana.it\/it\/s-anna-di-stazzema-mattarella-un-dovere-ricordare-il-massacro\/\"]}]},{\"@type\":\"ImageObject\",\"inLanguage\":\"it-IT\",\"@id\":\"https:\/\/www.intoscana.it\/it\/s-anna-di-stazzema-mattarella-un-dovere-ricordare-il-massacro\/#primaryimage\",\"url\":\"https:\/\/www.intoscana.it\/wp-content\/uploads\/WhatsApp-Image-2023-08-12-at-13.24.06-1.jpeg\",\"contentUrl\":\"https:\/\/www.intoscana.it\/wp-content\/uploads\/WhatsApp-Image-2023-08-12-at-13.24.06-1.jpeg\",\"width\":1600,\"height\":1200,\"caption\":\"Le celebrazioni per il 79\u00b0 anniversario della strage di Sant'Anna di Stazzema\"},{\"@type\":\"BreadcrumbList\",\"@id\":\"https:\/\/www.intoscana.it\/it\/s-anna-di-stazzema-mattarella-un-dovere-ricordare-il-massacro\/#breadcrumb\",\"itemListElement\":[{\"@type\":\"ListItem\",\"position\":1,\"name\":\"Home\",\"item\":\"https:\/\/www.intoscana.it\/it\/\"},{\"@type\":\"ListItem\",\"position\":2,\"name\":\"S. Anna di Stazzema, Mattarella: &#8220;Un dovere ricordare il massacro&#8221;\"}]},{\"@type\":\"WebSite\",\"@id\":\"https:\/\/www.intoscana.it\/it\/#website\",\"url\":\"https:\/\/www.intoscana.it\/it\/\",\"name\":\"intoscana\",\"description\":\"\",\"potentialAction\":[{\"@type\":\"SearchAction\",\"target\":{\"@type\":\"EntryPoint\",\"urlTemplate\":\"https:\/\/www.intoscana.it\/it\/?s={search_term_string}\"},\"query-input\":{\"@type\":\"PropertyValueSpecification\",\"valueRequired\":true,\"valueName\":\"search_term_string\"}}],\"inLanguage\":\"it-IT\"},{\"@type\":\"Person\",\"@id\":\"https:\/\/www.intoscana.it\/it\/#\/schema\/person\/9223810753230f20bd670fdd322661f8\",\"name\":\"Redazione\",\"url\":\"https:\/\/www.intoscana.it\/it\/author\/redazione\/\"}]}<\/script>\n<!-- \/ Yoast SEO Premium plugin. -->","yoast_head_json":{"title":"S. Anna di Stazzema, Mattarella: \"Un dovere ricordare il massacro\" - intoscana","description":"Per il presidente della Repubblica ciascuno deve essere testimone di quanto avvenne e custodirne la memoria per le future generazioni","robots":{"index":"index","follow":"follow","max-snippet":"max-snippet:-1","max-image-preview":"max-image-preview:large","max-video-preview":"max-video-preview:-1"},"canonical":"https:\/\/www.intoscana.it\/it\/s-anna-di-stazzema-mattarella-un-dovere-ricordare-il-massacro\/","og_locale":"it_IT","og_type":"article","og_title":"S. Anna di Stazzema, Mattarella: \"Un dovere ricordare il massacro\"","og_description":"Per il presidente della Repubblica ciascuno deve essere testimone di quanto avvenne e custodirne la memoria per le future generazioni","og_url":"https:\/\/www.intoscana.it\/it\/s-anna-di-stazzema-mattarella-un-dovere-ricordare-il-massacro\/","og_site_name":"intoscana","article_publisher":"https:\/\/www.facebook.com\/intoscana.it","article_published_time":"2023-08-12T10:08:45+00:00","article_modified_time":"2023-08-17T13:53:18+00:00","og_image":[{"width":1600,"height":1200,"url":"https:\/\/www.intoscana.it\/wp-content\/uploads\/WhatsApp-Image-2023-08-12-at-13.24.06-1.jpeg","type":"image\/jpeg"}],"author":"Redazione","twitter_card":"summary_large_image","twitter_creator":"@intoscana","twitter_site":"@intoscana","twitter_misc":{"Written by":"Redazione","Est. reading time":"7 minuti"},"schema":{"@context":"https:\/\/schema.org","@graph":[{"@type":"WebPage","@id":"https:\/\/www.intoscana.it\/it\/s-anna-di-stazzema-mattarella-un-dovere-ricordare-il-massacro\/","url":"https:\/\/www.intoscana.it\/it\/s-anna-di-stazzema-mattarella-un-dovere-ricordare-il-massacro\/","name":"S. Anna di Stazzema, Mattarella: \"Un dovere ricordare il massacro\" - intoscana","isPartOf":{"@id":"https:\/\/www.intoscana.it\/it\/#website"},"primaryImageOfPage":{"@id":"https:\/\/www.intoscana.it\/it\/s-anna-di-stazzema-mattarella-un-dovere-ricordare-il-massacro\/#primaryimage"},"image":{"@id":"https:\/\/www.intoscana.it\/it\/s-anna-di-stazzema-mattarella-un-dovere-ricordare-il-massacro\/#primaryimage"},"thumbnailUrl":"https:\/\/www.intoscana.it\/wp-content\/uploads\/WhatsApp-Image-2023-08-12-at-13.24.06-1.jpeg","datePublished":"2023-08-12T10:08:45+00:00","dateModified":"2023-08-17T13:53:18+00:00","author":{"@id":"https:\/\/www.intoscana.it\/it\/#\/schema\/person\/9223810753230f20bd670fdd322661f8"},"description":"Per il presidente della Repubblica ciascuno deve essere testimone di quanto avvenne e custodirne la memoria per le future generazioni","breadcrumb":{"@id":"https:\/\/www.intoscana.it\/it\/s-anna-di-stazzema-mattarella-un-dovere-ricordare-il-massacro\/#breadcrumb"},"inLanguage":"it-IT","potentialAction":[{"@type":"ReadAction","target":["https:\/\/www.intoscana.it\/it\/s-anna-di-stazzema-mattarella-un-dovere-ricordare-il-massacro\/"]}]},{"@type":"ImageObject","inLanguage":"it-IT","@id":"https:\/\/www.intoscana.it\/it\/s-anna-di-stazzema-mattarella-un-dovere-ricordare-il-massacro\/#primaryimage","url":"https:\/\/www.intoscana.it\/wp-content\/uploads\/WhatsApp-Image-2023-08-12-at-13.24.06-1.jpeg","contentUrl":"https:\/\/www.intoscana.it\/wp-content\/uploads\/WhatsApp-Image-2023-08-12-at-13.24.06-1.jpeg","width":1600,"height":1200,"caption":"Le celebrazioni per il 79\u00b0 anniversario della strage di Sant'Anna di Stazzema"},{"@type":"BreadcrumbList","@id":"https:\/\/www.intoscana.it\/it\/s-anna-di-stazzema-mattarella-un-dovere-ricordare-il-massacro\/#breadcrumb","itemListElement":[{"@type":"ListItem","position":1,"name":"Home","item":"https:\/\/www.intoscana.it\/it\/"},{"@type":"ListItem","position":2,"name":"S. Anna di Stazzema, Mattarella: &#8220;Un dovere ricordare il massacro&#8221;"}]},{"@type":"WebSite","@id":"https:\/\/www.intoscana.it\/it\/#website","url":"https:\/\/www.intoscana.it\/it\/","name":"intoscana","description":"","potentialAction":[{"@type":"SearchAction","target":{"@type":"EntryPoint","urlTemplate":"https:\/\/www.intoscana.it\/it\/?s={search_term_string}"},"query-input":{"@type":"PropertyValueSpecification","valueRequired":true,"valueName":"search_term_string"}}],"inLanguage":"it-IT"},{"@type":"Person","@id":"https:\/\/www.intoscana.it\/it\/#\/schema\/person\/9223810753230f20bd670fdd322661f8","name":"Redazione","url":"https:\/\/www.intoscana.it\/it\/author\/redazione\/"}]}},"_links":{"self":[{"href":"https:\/\/www.intoscana.it\/it\/wp-json\/wp\/v2\/posts\/299582","targetHints":{"allow":["GET"]}}],"collection":[{"href":"https:\/\/www.intoscana.it\/it\/wp-json\/wp\/v2\/posts"}],"about":[{"href":"https:\/\/www.intoscana.it\/it\/wp-json\/wp\/v2\/types\/post"}],"author":[{"embeddable":true,"href":"https:\/\/www.intoscana.it\/it\/wp-json\/wp\/v2\/users\/525"}],"replies":[{"embeddable":true,"href":"https:\/\/www.intoscana.it\/it\/wp-json\/wp\/v2\/comments?post=299582"}],"version-history":[{"count":0,"href":"https:\/\/www.intoscana.it\/it\/wp-json\/wp\/v2\/posts\/299582\/revisions"}],"wp:featuredmedia":[{"embeddable":true,"href":"https:\/\/www.intoscana.it\/it\/wp-json\/wp\/v2\/media\/299610"}],"wp:attachment":[{"href":"https:\/\/www.intoscana.it\/it\/wp-json\/wp\/v2\/media?parent=299582"}],"wp:term":[{"taxonomy":"category","embeddable":true,"href":"https:\/\/www.intoscana.it\/it\/wp-json\/wp\/v2\/categories?post=299582"},{"taxonomy":"post_tag","embeddable":true,"href":"https:\/\/www.intoscana.it\/it\/wp-json\/wp\/v2\/tags?post=299582"}],"curies":[{"name":"wp","href":"https:\/\/api.w.org\/{rel}","templated":true}]}}