{"id":299661,"date":"2023-08-14T09:37:56","date_gmt":"2023-08-14T07:37:56","guid":{"rendered":"https:\/\/www.intoscana.it\/it\/?p=299661"},"modified":"2023-08-14T09:46:40","modified_gmt":"2023-08-14T07:46:40","slug":"meliciano-promenade-incroci-teatro-26-agosto-2023","status":"publish","type":"post","link":"https:\/\/www.intoscana.it\/it\/meliciano-promenade-incroci-teatro-26-agosto-2023\/","title":{"rendered":"Il borgo di Meliciano si trasforma in un teatro a cielo aperto per un giorno con &#8220;Incroci&#8221;"},"content":{"rendered":"<p><strong>In provincia di Arezzo<\/strong> si trova un paesino che una volta l&#8217;anno trasforma le sue vie, le sue piazze e le sue case in <strong>un teatro diffuso.<\/strong><\/p>\n<p><strong>Un sogno ad occhi aperti<\/strong> che ogni anno dal 2018 si ripete grazie alla <strong>Compagnia Broken Jump<\/strong> diretta da <strong>Michele Guidi e Samuel Angus McGehee<\/strong> che d\u00e0 vita a un\u00a0progetto chiamato <em><strong>\u201cPromenade\u201d<\/strong> <\/em>con l\u2019intento di inserire il teatro in spazi non convenzionali.<\/p>\n<p><a href=\"https:\/\/www.brokenjump.net\" target=\"_blank\" rel=\"noopener\" class=\"broken_link\"><strong>Broken Jump<\/strong><\/a> \u00e8 un compagnia di artisti che si dedica alla creazione di spettacoli che <strong>portano il teatro fuori dal teatro<\/strong>, in<strong> luoghi non convenzionali<\/strong> di particolare interesse culturale, con l&#8217;obiettivo di creare <strong>una nuova sinergia artistica tra comunit\u00e0 e territorio<\/strong> con <strong>un evento collettivo.<\/strong><\/p>\n<p>L\u2019originalit\u00e0 di \u201cPromenade\u201d sta infatti nell\u2019interazione tra gli attori e la comunit\u00e0 che ospita l\u2019evento. <strong>Tutti partecipano attivamente<\/strong> nella realizzazione di due giorni di spettacoli in un esempio di <strong>teatro site specific.<\/strong><\/p>\n<p>Promenade si ripeter\u00e0 anche quest&#8217;anno per un giorno solo:<strong> sabato 26 agosto, inizio alle 17, prenotazione obbligatoria <\/strong>alla mail: <em>\u00a0<strong>prenotazioni.brokenjump@gmail.com.<\/strong><\/em><\/p>\n<figure id=\"post-299662 media-299662\" class=\"align-none\"><img decoding=\"async\" src=\"https:\/\/www.intoscana.it\/wp-content\/uploads\/119412167_731491564069309_812235438003691958_n.jpg\" alt=\"\" \/><\/figure>\n<p>Quest&#8217;anno non c&#8217;\u00e8 un vero e proprio tema, &#8211; ci ha spiegato<strong> il direttore artistico (insieme a Samuel Angus Mc Gehee) Michele Guidi &#8211;<\/strong> la tematica la far\u00e0 il pubblico. Gli<em><strong> &#8220;Incroci&#8221;<\/strong><\/em> (da cui il titolo) saranno creati dal <strong>pubblico che sar\u00e0 diviso in sei gruppi<\/strong>. Ogni gruppo sar\u00e0 guidato da una maschera che lo porter\u00e0 in<strong> sei stazioni diverse.<\/strong> La cosa bella \u00e8 che queste stazioni sono abbastanza vicine tra di loro, quindi ci saranno in cui il pubblico si incrocer\u00e0, come &#8220;traffico umano&#8221;. <strong>Per ogni stazione abbiamo scelto un linguaggio diverso,<\/strong> ci sar\u00e0: <strong>teatro danza performativo, teatro di immagine, teatro di figura con i pupazzi, teatro di narrazione, una conferenza<\/strong> una cosa ancora pi\u00f9 antica del teatro e infine <strong>una video installazione.<\/strong> Quindi sei stazioni diverse, ognuna di loro durer\u00e0 circa venti minuti, per <strong>un totale di due ore e mezzo.<\/strong><\/p>\n<p><strong>Sono tante le difficolt\u00e0 che affrontate per \u00a0realizzare ogni anno un&#8217;esperienza cos\u00ec bella, cosa vi d\u00e0 la forza di andare avanti?<\/strong><\/p>\n<p>Quello a cui teniamo di pi\u00f9 \u00e8 che ogni anno sia uno spettacolo originale, io e Sam adoriamo la sperimentazione, \u00e8 una cosa che il pubblico vede con occhi diversi, \u00e8 un sogno. Chi ce lo fa fare non lo so, Dioniso?<strong> La nostra passione totale per il teatro<\/strong>. Facciamo questo lavoro da tanti anni, ma <strong>aver trovato la comunit\u00e0 di Meliciano \u00e8 stato un regalo<\/strong> perch\u00e8 farlo in un altro luogo non sarebbe la stessa cosa. Negli ultimi anni siamo diventati pi\u00f9 realisti e meno sognatori, <strong>esperienze nate dal basso come questa<\/strong> in un paese come l&#8217;Italia <strong>non sono quasi pi\u00f9 possibili.<\/strong> Il problema \u00e8 che come collettivo siamo pi\u00f9 artisti che organizzatori e ancora dobbiamo crescere.<\/p>\n<p><strong>Come scegliete gli artisti che ogni anno partecipano e danno forma a Promenade?<\/strong><\/p>\n<p>Abbiamo un nucleo di aficionados che dal primo anno ad oggi ci hanno seguiti\u00a0in questa avventura. <strong>Sabrina, Jessica e Valentina<\/strong> per esempio sono con noi da sempre. Non vogliamo nessun &#8216;ego&#8217; da prima donna, non \u00e8 cos\u00ec lo spettacolo. <strong>Viene sempre prima la &#8216;visione&#8217; del progetto che ci parla e ci chiede gli attori e attrici giuste<\/strong>. C&#8217;\u00e8 sempre qualche esterno perch\u00e8 vogliamo unire professionisti ad amatoriali, \u00e8 una cosa a cui teniamo molto. Questa cosa non cambier\u00e0 mai, <strong>crediamo nel mix dei linguaggi<\/strong>, nel vortice che si crea. <strong>Broken Jump<\/strong> nasce sette anni fa anche grazie all&#8217;incontro con l&#8217;<a href=\"https:\/\/www.dellarte.it\/\" target=\"_blank\" rel=\"noopener\"><strong>Accademia dell&#8217;Arte-European Theatre di Villa Godiola ad Arezzo<\/strong> <\/a>da cui vengono sempre delle risorse. Direi che <strong>ci sono sempre facce nuove ogni anno.<\/strong><\/p>\n<figure id=\"post-299663 media-299663\" class=\"align-none\"><img decoding=\"async\" src=\"https:\/\/www.intoscana.it\/wp-content\/uploads\/119734182_735884526963346_4188245730534361190_n.jpg\" alt=\"\" \/><\/figure>\n<p><strong>Cos&#8217;\u00e8 il teatro per te?<\/strong><\/p>\n<p>Per me <strong>il teatro \u00e8 un rito, \u00e8 una cosa talmente antica e ancestrale che non \u00e8 mai stata sconfitta<\/strong>. Questa \u00e8 la potenza del teatro, ha una magia in s\u00e8 pi\u00f9 forte di tutte le arti, insieme alla musica, smuove tanto.<strong> Io credo molto nel teatro politico anche se in Italia lo vediamo molto poco. U<\/strong>n teatro che ti lascia riflettere, ti scuote dentro, ti lascia qualcosa che ti rimane per giorni. Per me <strong>il teatro \u00e8 anche una forma di verit\u00e0 in cui ti rispecchi e ti stacchi dal quotidiano<\/strong>. Il teatro ti fa riflettere, questo dovrebbe essere, lo \u00e8 dal tempo dei Greci \u00e8 questa sua potenza. Il teatro pu\u00f2 anche solo far sognare, io non sono un esteta, non penso che il teatro debba essere bello, per me <strong>deve scuoterti le budella, strapparti qualcosa dentro e lasciare che il tempo ricucisca questa ferita che poi \u00e8 saggezza.<\/strong><\/p>\n<p><strong>Qual \u00e8 la situazione del teatro in Italia?<\/strong><\/p>\n<p><strong>In Italia il teatro ha perso il suo ruolo<\/strong>, vedo <strong>grandi spettacoli con grandi nomi, grandi macchine che per\u00f2 non funzionano.<\/strong> Bisognerebbe fare dei passi indietro nelle produzioni italiane. Devo dire che per\u00f2 <strong>dalle nicchie, dalle difficolt\u00e0 e da questa crisi stanno nascendo dei fiori molto forti.<\/strong> La chiamata al teatro ora \u00e8 fortissima, ci sono molti iscritti a teatro, \u00e8 una forma di linguaggio che sta aiutando in un&#8217;epoca in cui finalmente<strong> la salute mentale \u00e8 riconosciuta come importante<\/strong> e la corsa all&#8217;oro del lavoro in qualche modo sta rallentando, anche se siamo sempre di corsa. <strong>Il teatro ha un ritmo differente quello della vita,<\/strong> mentre noi stiamo andando verso l&#8217;accelerazionismo del lavoro.<\/p>\n<figure id=\"post-299665 media-299665\" class=\"align-none\"><img decoding=\"async\" src=\"https:\/\/www.intoscana.it\/wp-content\/uploads\/236650941_947729679112162_9058197944219273199_n.jpg\" alt=\"\" \/><\/figure>\n<p>Chi viene a <strong>Meliciano<\/strong> vedr\u00e0 il teatro in luoghi non convenzionali. Noi<strong> crediamo molto nel site specific, voremmo fare un manifesto e stiamo studiando da diversi anni <\/strong>facendo tanta ricerca. \u00c8 una \u00a0cosa nuova, <strong>c&#8217;\u00e8 bisogno di fare teatro fuori dai teatri,<\/strong> sono chiusi, sono dati ad &#8216;amici&#8217;, &#8216;colleghi&#8217; di politici. <strong>La politica \u00e8 entrata nel teatro come una piovra e ha preso tantissimi spazi<\/strong>, che non sono lasciati ai professionisti. Spesso sono in mano a compagnie amatoriali che sono da anni nel territorio<strong>. C&#8217;\u00e8 un dato di fatto i ragazzi della mia et\u00e0 non sono dentro quelle realt\u00e0<\/strong>, i teatri sono gestiti da persone che hanno 60-70 anni, non c&#8217;\u00e8 svecchiamento. Il lavoro ai giovani nel nostro ambito \u00e8 solamente retorica. \u00c8 un lavoro che viene retribuito in maniera scandalosa, quasi nessuno vive solo di teatro.<\/p>\n<p>Dopo gli spettacoli ci sar\u00e0 una <strong>cena organizzata dal Circolo di Meliciano.\u00a0<\/strong><\/p>\n<p><strong>Sabato 26 agosto<\/strong>, inizio alle 17, prenotazione: <strong>prenotazioni.brokenjump@gmail.com<\/strong><\/p>\n<figure id=\"post-299669 media-299669\" class=\"align-none\"><img decoding=\"async\" src=\"https:\/\/www.intoscana.it\/wp-content\/uploads\/PROMENADE_23_min.png\" alt=\"\" \/><\/figure>\n<div class=\"titleimg\"><\/div>\n","protected":false},"excerpt":{"rendered":"<p>Sabato 26 agosto la compagnia teatrale Broken Jump mette in scena la tradizionale &#8220;Promenade&#8221; di fine estate, un giorno per celebrare l&#8217;antico e modernissimo rito del teatro<\/p>\n","protected":false},"author":518,"featured_media":299672,"comment_status":"open","ping_status":"open","sticky":false,"template":"","format":"standard","meta":{"_acf_changed":false,"footnotes":""},"categories":[493],"tags":[196,227,236],"class_list":["post-299661","post","type-post","status-publish","format-standard","has-post-thumbnail","hentry","category-cultura","tag-arezzo","tag-arte-contemporanea","tag-teatro"],"acf":[],"yoast_head":"<!-- This site is optimized with the Yoast SEO Premium plugin v24.2 (Yoast SEO v25.6) - https:\/\/yoast.com\/wordpress\/plugins\/seo\/ -->\n<title>Il borgo di Meliciano si trasforma in un teatro a cielo aperto per un giorno con &quot;Incroci&quot; - intoscana<\/title>\n<meta name=\"description\" content=\"Sabato 26 agosto la compagnia teatrale Breken Jump mette ins cena la teadzionele &quot;Promenade&quot; di fine estate\" \/>\n<meta name=\"robots\" content=\"index, follow, max-snippet:-1, max-image-preview:large, max-video-preview:-1\" \/>\n<link rel=\"canonical\" href=\"https:\/\/www.intoscana.it\/it\/meliciano-promenade-incroci-teatro-26-agosto-2023\/\" \/>\n<meta property=\"og:locale\" content=\"it_IT\" \/>\n<meta property=\"og:type\" content=\"article\" \/>\n<meta property=\"og:title\" content=\"Il borgo di Meliciano si trasforma in un teatro a cielo aperto per un giorno con &quot;Incroci&quot;\" \/>\n<meta property=\"og:description\" content=\"Sabato 26 agosto la compagnia teatrale Breken Jump mette ins cena la teadzionele &quot;Promenade&quot; di fine estate\" \/>\n<meta property=\"og:url\" content=\"https:\/\/www.intoscana.it\/it\/meliciano-promenade-incroci-teatro-26-agosto-2023\/\" \/>\n<meta property=\"og:site_name\" content=\"intoscana\" \/>\n<meta property=\"article:publisher\" content=\"https:\/\/www.facebook.com\/intoscana.it\" \/>\n<meta property=\"article:published_time\" content=\"2023-08-14T07:37:56+00:00\" \/>\n<meta property=\"article:modified_time\" content=\"2023-08-14T07:46:40+00:00\" \/>\n<meta property=\"og:image\" content=\"https:\/\/www.intoscana.it\/wp-content\/uploads\/105960532_677983462753453_603932488730804833_n.jpg\" \/>\n\t<meta property=\"og:image:width\" content=\"1052\" \/>\n\t<meta property=\"og:image:height\" content=\"789\" \/>\n\t<meta property=\"og:image:type\" content=\"image\/jpeg\" \/>\n<meta name=\"author\" content=\"Costanza Baldini\" \/>\n<meta name=\"twitter:card\" content=\"summary_large_image\" \/>\n<meta name=\"twitter:creator\" content=\"@intoscana\" \/>\n<meta name=\"twitter:site\" content=\"@intoscana\" \/>\n<meta name=\"twitter:label1\" content=\"Written by\" \/>\n\t<meta name=\"twitter:data1\" content=\"Costanza Baldini\" \/>\n\t<meta name=\"twitter:label2\" content=\"Est. reading time\" \/>\n\t<meta name=\"twitter:data2\" content=\"5 minuti\" \/>\n<script type=\"application\/ld+json\" class=\"yoast-schema-graph\">{\"@context\":\"https:\/\/schema.org\",\"@graph\":[{\"@type\":\"WebPage\",\"@id\":\"https:\/\/www.intoscana.it\/it\/meliciano-promenade-incroci-teatro-26-agosto-2023\/\",\"url\":\"https:\/\/www.intoscana.it\/it\/meliciano-promenade-incroci-teatro-26-agosto-2023\/\",\"name\":\"Il borgo di Meliciano si trasforma in un teatro a cielo aperto per un giorno con \\\"Incroci\\\" - intoscana\",\"isPartOf\":{\"@id\":\"https:\/\/www.intoscana.it\/it\/#website\"},\"primaryImageOfPage\":{\"@id\":\"https:\/\/www.intoscana.it\/it\/meliciano-promenade-incroci-teatro-26-agosto-2023\/#primaryimage\"},\"image\":{\"@id\":\"https:\/\/www.intoscana.it\/it\/meliciano-promenade-incroci-teatro-26-agosto-2023\/#primaryimage\"},\"thumbnailUrl\":\"https:\/\/www.intoscana.it\/wp-content\/uploads\/105960532_677983462753453_603932488730804833_n.jpg\",\"datePublished\":\"2023-08-14T07:37:56+00:00\",\"dateModified\":\"2023-08-14T07:46:40+00:00\",\"author\":{\"@id\":\"https:\/\/www.intoscana.it\/it\/#\/schema\/person\/d469f35f09739bdf00bf5dd3f0647a82\"},\"description\":\"Sabato 26 agosto la compagnia teatrale Breken Jump mette ins cena la teadzionele \\\"Promenade\\\" di fine estate\",\"breadcrumb\":{\"@id\":\"https:\/\/www.intoscana.it\/it\/meliciano-promenade-incroci-teatro-26-agosto-2023\/#breadcrumb\"},\"inLanguage\":\"it-IT\",\"potentialAction\":[{\"@type\":\"ReadAction\",\"target\":[\"https:\/\/www.intoscana.it\/it\/meliciano-promenade-incroci-teatro-26-agosto-2023\/\"]}]},{\"@type\":\"ImageObject\",\"inLanguage\":\"it-IT\",\"@id\":\"https:\/\/www.intoscana.it\/it\/meliciano-promenade-incroci-teatro-26-agosto-2023\/#primaryimage\",\"url\":\"https:\/\/www.intoscana.it\/wp-content\/uploads\/105960532_677983462753453_603932488730804833_n.jpg\",\"contentUrl\":\"https:\/\/www.intoscana.it\/wp-content\/uploads\/105960532_677983462753453_603932488730804833_n.jpg\",\"width\":1052,\"height\":789},{\"@type\":\"BreadcrumbList\",\"@id\":\"https:\/\/www.intoscana.it\/it\/meliciano-promenade-incroci-teatro-26-agosto-2023\/#breadcrumb\",\"itemListElement\":[{\"@type\":\"ListItem\",\"position\":1,\"name\":\"Home\",\"item\":\"https:\/\/www.intoscana.it\/it\/\"},{\"@type\":\"ListItem\",\"position\":2,\"name\":\"Il borgo di Meliciano si trasforma in un teatro a cielo aperto per un giorno con &#8220;Incroci&#8221;\"}]},{\"@type\":\"WebSite\",\"@id\":\"https:\/\/www.intoscana.it\/it\/#website\",\"url\":\"https:\/\/www.intoscana.it\/it\/\",\"name\":\"intoscana\",\"description\":\"\",\"potentialAction\":[{\"@type\":\"SearchAction\",\"target\":{\"@type\":\"EntryPoint\",\"urlTemplate\":\"https:\/\/www.intoscana.it\/it\/?s={search_term_string}\"},\"query-input\":{\"@type\":\"PropertyValueSpecification\",\"valueRequired\":true,\"valueName\":\"search_term_string\"}}],\"inLanguage\":\"it-IT\"},{\"@type\":\"Person\",\"@id\":\"https:\/\/www.intoscana.it\/it\/#\/schema\/person\/d469f35f09739bdf00bf5dd3f0647a82\",\"name\":\"Costanza Baldini\",\"url\":\"https:\/\/www.intoscana.it\/it\/author\/costanza-baldini\/\"}]}<\/script>\n<!-- \/ Yoast SEO Premium plugin. -->","yoast_head_json":{"title":"Il borgo di Meliciano si trasforma in un teatro a cielo aperto per un giorno con \"Incroci\" - intoscana","description":"Sabato 26 agosto la compagnia teatrale Breken Jump mette ins cena la teadzionele \"Promenade\" di fine estate","robots":{"index":"index","follow":"follow","max-snippet":"max-snippet:-1","max-image-preview":"max-image-preview:large","max-video-preview":"max-video-preview:-1"},"canonical":"https:\/\/www.intoscana.it\/it\/meliciano-promenade-incroci-teatro-26-agosto-2023\/","og_locale":"it_IT","og_type":"article","og_title":"Il borgo di Meliciano si trasforma in un teatro a cielo aperto per un giorno con \"Incroci\"","og_description":"Sabato 26 agosto la compagnia teatrale Breken Jump mette ins cena la teadzionele \"Promenade\" di fine estate","og_url":"https:\/\/www.intoscana.it\/it\/meliciano-promenade-incroci-teatro-26-agosto-2023\/","og_site_name":"intoscana","article_publisher":"https:\/\/www.facebook.com\/intoscana.it","article_published_time":"2023-08-14T07:37:56+00:00","article_modified_time":"2023-08-14T07:46:40+00:00","og_image":[{"width":1052,"height":789,"url":"https:\/\/www.intoscana.it\/wp-content\/uploads\/105960532_677983462753453_603932488730804833_n.jpg","type":"image\/jpeg"}],"author":"Costanza Baldini","twitter_card":"summary_large_image","twitter_creator":"@intoscana","twitter_site":"@intoscana","twitter_misc":{"Written by":"Costanza Baldini","Est. reading time":"5 minuti"},"schema":{"@context":"https:\/\/schema.org","@graph":[{"@type":"WebPage","@id":"https:\/\/www.intoscana.it\/it\/meliciano-promenade-incroci-teatro-26-agosto-2023\/","url":"https:\/\/www.intoscana.it\/it\/meliciano-promenade-incroci-teatro-26-agosto-2023\/","name":"Il borgo di Meliciano si trasforma in un teatro a cielo aperto per un giorno con \"Incroci\" - intoscana","isPartOf":{"@id":"https:\/\/www.intoscana.it\/it\/#website"},"primaryImageOfPage":{"@id":"https:\/\/www.intoscana.it\/it\/meliciano-promenade-incroci-teatro-26-agosto-2023\/#primaryimage"},"image":{"@id":"https:\/\/www.intoscana.it\/it\/meliciano-promenade-incroci-teatro-26-agosto-2023\/#primaryimage"},"thumbnailUrl":"https:\/\/www.intoscana.it\/wp-content\/uploads\/105960532_677983462753453_603932488730804833_n.jpg","datePublished":"2023-08-14T07:37:56+00:00","dateModified":"2023-08-14T07:46:40+00:00","author":{"@id":"https:\/\/www.intoscana.it\/it\/#\/schema\/person\/d469f35f09739bdf00bf5dd3f0647a82"},"description":"Sabato 26 agosto la compagnia teatrale Breken Jump mette ins cena la teadzionele \"Promenade\" di fine estate","breadcrumb":{"@id":"https:\/\/www.intoscana.it\/it\/meliciano-promenade-incroci-teatro-26-agosto-2023\/#breadcrumb"},"inLanguage":"it-IT","potentialAction":[{"@type":"ReadAction","target":["https:\/\/www.intoscana.it\/it\/meliciano-promenade-incroci-teatro-26-agosto-2023\/"]}]},{"@type":"ImageObject","inLanguage":"it-IT","@id":"https:\/\/www.intoscana.it\/it\/meliciano-promenade-incroci-teatro-26-agosto-2023\/#primaryimage","url":"https:\/\/www.intoscana.it\/wp-content\/uploads\/105960532_677983462753453_603932488730804833_n.jpg","contentUrl":"https:\/\/www.intoscana.it\/wp-content\/uploads\/105960532_677983462753453_603932488730804833_n.jpg","width":1052,"height":789},{"@type":"BreadcrumbList","@id":"https:\/\/www.intoscana.it\/it\/meliciano-promenade-incroci-teatro-26-agosto-2023\/#breadcrumb","itemListElement":[{"@type":"ListItem","position":1,"name":"Home","item":"https:\/\/www.intoscana.it\/it\/"},{"@type":"ListItem","position":2,"name":"Il borgo di Meliciano si trasforma in un teatro a cielo aperto per un giorno con &#8220;Incroci&#8221;"}]},{"@type":"WebSite","@id":"https:\/\/www.intoscana.it\/it\/#website","url":"https:\/\/www.intoscana.it\/it\/","name":"intoscana","description":"","potentialAction":[{"@type":"SearchAction","target":{"@type":"EntryPoint","urlTemplate":"https:\/\/www.intoscana.it\/it\/?s={search_term_string}"},"query-input":{"@type":"PropertyValueSpecification","valueRequired":true,"valueName":"search_term_string"}}],"inLanguage":"it-IT"},{"@type":"Person","@id":"https:\/\/www.intoscana.it\/it\/#\/schema\/person\/d469f35f09739bdf00bf5dd3f0647a82","name":"Costanza Baldini","url":"https:\/\/www.intoscana.it\/it\/author\/costanza-baldini\/"}]}},"_links":{"self":[{"href":"https:\/\/www.intoscana.it\/it\/wp-json\/wp\/v2\/posts\/299661","targetHints":{"allow":["GET"]}}],"collection":[{"href":"https:\/\/www.intoscana.it\/it\/wp-json\/wp\/v2\/posts"}],"about":[{"href":"https:\/\/www.intoscana.it\/it\/wp-json\/wp\/v2\/types\/post"}],"author":[{"embeddable":true,"href":"https:\/\/www.intoscana.it\/it\/wp-json\/wp\/v2\/users\/518"}],"replies":[{"embeddable":true,"href":"https:\/\/www.intoscana.it\/it\/wp-json\/wp\/v2\/comments?post=299661"}],"version-history":[{"count":0,"href":"https:\/\/www.intoscana.it\/it\/wp-json\/wp\/v2\/posts\/299661\/revisions"}],"wp:featuredmedia":[{"embeddable":true,"href":"https:\/\/www.intoscana.it\/it\/wp-json\/wp\/v2\/media\/299672"}],"wp:attachment":[{"href":"https:\/\/www.intoscana.it\/it\/wp-json\/wp\/v2\/media?parent=299661"}],"wp:term":[{"taxonomy":"category","embeddable":true,"href":"https:\/\/www.intoscana.it\/it\/wp-json\/wp\/v2\/categories?post=299661"},{"taxonomy":"post_tag","embeddable":true,"href":"https:\/\/www.intoscana.it\/it\/wp-json\/wp\/v2\/tags?post=299661"}],"curies":[{"name":"wp","href":"https:\/\/api.w.org\/{rel}","templated":true}]}}