{"id":299805,"date":"2023-08-14T15:32:56","date_gmt":"2023-08-14T13:32:56","guid":{"rendered":"https:\/\/www.intoscana.it\/it\/?p=299805"},"modified":"2023-08-14T15:32:56","modified_gmt":"2023-08-14T13:32:56","slug":"i-poeti-del-piano-solo-tre-concerti-a-firenze-per-innamorarsi-della-musica","status":"publish","type":"post","link":"https:\/\/www.intoscana.it\/it\/i-poeti-del-piano-solo-tre-concerti-a-firenze-per-innamorarsi-della-musica\/","title":{"rendered":"I poeti del piano solo: tre concerti a Firenze per innamorarsi della musica"},"content":{"rendered":"<p>Torna per il quarto anno consecutivo <em><strong>I Poeti del Piano Solo,<\/strong><\/em> il festival totalmente dedicato al pianoforte, organizzato da <a href=\"https:\/\/www.musicusconcentus.com\" target=\"_blank\" rel=\"noopener\"><strong>Musicus Concentus<\/strong><\/a> in collaborazione con l\u2019Associazione <strong>Something Like This<\/strong> e con la direzione artistica del pianista <strong>Stefano Maurizi e di Fernando Fanutti.<\/strong><\/p>\n<p><strong>Un viaggio<\/strong> alla scoperta dei <strong>migliori talenti internazionali,<\/strong> che vedr\u00e0 esibirsi in <strong>Sala Vanni e al <a href=\"https:\/\/duomo.firenze.it\/it\/scopri\/museo-dell-opera-del-duomo\" target=\"_blank\" rel=\"noopener\" class=\"broken_link\">Museo dell\u2019Opera del Duomo<\/a> di Firenze<\/strong> tre assoluti maestri dello strumento.<\/p>\n<h3 class=\"titleimg\">I concerti in programma<\/h3>\n<p>Su comincia <strong>gioved\u00ec 28 settembre<\/strong> con il concerto di <strong>Yaron Herman<\/strong> al <a href=\"https:\/\/www.intoscana.it\/it\/articolo\/un-itinerario-visivo-e-sonoro-per-scoprire-i-capolavori-musicali-dellopera-del-duomo\/\" target=\"_blank\" rel=\"noopener\"><strong>Museo dell\u2019Opera del Duomo di Firenze<\/strong><\/a>, un evento a ingresso gratuito con prenotazione obbligatoria.<\/p>\n<p>Pianista e compositore di livello mondiale,<strong> Yaron Herman<\/strong> nonostante la sua giovane et\u00e0 ha presieduto la giuria del<strong> Montreux Jazz Festival Competition,<\/strong> \u00e8 stato protagonista di trasmissioni televisive in 39 paesi diversi, ha raccolto numerosi premi in tutto il mondo ed \u00e8 stato il primo pianista jazz a suonare nella Citt\u00e0 Proibita di Pechino.<\/p>\n<p>Con un background di<strong> musica tradizionale ebraica e la tradizione della musica europea,<\/strong> un breve periodo al Berklee College School of Music e la sua attuale presenza nella <strong>scena musicale parigina,<\/strong> Yaron Herman ha sviluppato uno stile senza precedenti di composizioni in tempo reale e improvvisazioni selvagge che culminano in una forma giocosa, cinematografica e sorprendente.<\/p>\n<p><em><strong>Alma,<\/strong> <\/em>il suo nuovo progetto solista, recentemente pubblicato da <strong>Na\u00efve Records,<\/strong> rappresenta un ulteriore salto di qualit\u00e0: un\u2019istantanea sbalorditiva del presente e, allo stesso tempo,<strong> uno specchio ricco del suo passato.<\/strong><\/p>\n<figure id=\"post-297955 media-297955\" class=\"align-none\"><img decoding=\"async\" src=\"https:\/\/www.intoscana.it\/wp-content\/uploads\/Yaron-Herman-cover-1024x512-1.png\" alt=\"\" \/><\/figure>\n<p><em>Yaron Herman<\/em><\/p>\n<p><strong>Venerd\u00ec 29 settembre Nik B\u00e4rtsch<\/strong> si esibir\u00e0 in <strong>Sala Vanni.<\/strong> Si tratta di <strong>uno dei pi\u00f9 originali e innovativi esponenti del jazz contemporaneo europeo.<\/strong><\/p>\n<p>La sua musica, che lo stesso autore definisce<em><strong> \u2018Ritual Groove Music\u2019<\/strong><\/em>, mostra una forte affinit\u00e0 con le architetture spaziali organizzate e con i principi di ripetizione e riduzione, oltre che con le ritmiche complesse.<\/p>\n<p><strong>\u00c8 un distillato del suono universale<\/strong> e non di una singola tradizione nazionale o stilistica, e si modifica continuamente attraverso sovrapposizioni, indirizzando l\u2019attenzione dell\u2019ascoltatore verso le variazioni minime e il fraseggio.<\/p>\n<p>Nato a Zurigo nel 1971, <strong>Nik B\u00e4rtsch inizia da giovanissimo come batterista,<\/strong> per poi proseguire con lo studio del pianoforte, della filosofia e della linguistica, rivolgendosi poi verso<strong> varie discipline del corpo e filosofie orientali. <\/strong><\/p>\n<p>Questa ricerca eclettica si esprime anche attraverso i suoi due principali progetti musicali,<strong> Ronin e Mobile.<\/strong> Il suo album pi\u00f9 recente, <em><strong>Entendre<\/strong><\/em>, si muove tra le sonorit\u00e0 pure del pianoforte acustico facendo tesoro della lezione minimalista, alternando <strong>melodie cantabili a momenti pi\u00f9 ipnotici<\/strong> in un contesto di<strong> grande profondit\u00e0 e fascino.<\/strong><\/p>\n<figure id=\"post-297954 media-297954\" class=\"align-none\"><img decoding=\"async\" src=\"https:\/\/www.intoscana.it\/wp-content\/uploads\/Nik-cover-sito-1024x512-1.png\" alt=\"\" \/><\/figure>\n<p><em>Nik Bartsch<\/em><\/p>\n<p>A conclusione della rassegna<em><strong> &#8220;I poeti del piano solo&#8221;<\/strong><\/em> sabato <strong>30 settembre<\/strong> in Sala Vanni si terr\u00e0 il concerto di <strong>Isfar Sarabski.<br \/>\n<\/strong><br \/>\nNato nel 1989 a Baku, Azerbaijan, <strong>Isfar Sarabski si \u00e8 formato presso il celebre Berklee College of Music di Boston<\/strong> per poi vincere nel 2009 la <strong>Solo Piano Competition del Montreux Jazz Festival<\/strong> e aggiudicarsi, l\u2019anno dopo, l\u2019Honorary Artist of Azerbaijan e lo Zirva State Prize.<\/p>\n<p>Pronipote del cantante <strong>Huseyngulu Sarabski, figura leggendaria della musica azera<\/strong>, Isfar ha firmato il suo debutto discografico nel 2021 con <em><strong>Planet<\/strong><\/em>, specchio di <strong>un\u2019idea eclettica del jazz<\/strong>, dove il linguaggio di derivazione afroamericana si mescola con<strong> esplorazioni elettroniche<\/strong>, echi sinfonici e un pianismo che pu\u00f2 rammentare <strong>Rachmaninov.<\/strong><\/p>\n<p><strong>Il suo \u00e8 un jazz impressionista<\/strong> ricco di riferimenti alla tradizione folcloristica del suo Paese di origine e nel contempo aperto all\u2019esplorazione di paesaggi sonori elettronici.<\/p>\n<p>Per lui, infatti, <strong>i confini tra i generi non esistono<\/strong>, lo stile musicale del trentenne azero talvolta pu\u00f2 essere accostato quello di <strong>Brad Mehldau,<\/strong> ma si avventura anche nel classico <strong>approccio minimalista.<\/strong><\/p>\n<figure id=\"post-299812 media-299812\" class=\"align-none\"><img decoding=\"async\" src=\"https:\/\/www.intoscana.it\/wp-content\/uploads\/I-poeti-del-piano-solo-2023-cover.png\" alt=\"\" \/><\/figure>\n<p><em>I poeti del piano solo 2023<\/em><\/p>\n","protected":false},"excerpt":{"rendered":"<p>Il 28, 29 e 30 settembre in Sala Vanni e al Museo dell&#8217;Opera del Duomo suoneranno tre dei pi\u00f9 grandi talenti del pianoforte a livello internazionale<\/p>\n","protected":false},"author":525,"featured_media":297953,"comment_status":"open","ping_status":"open","sticky":false,"template":"","format":"standard","meta":{"_acf_changed":false,"footnotes":""},"categories":[14],"tags":[216,4474,202],"class_list":["post-299805","post","type-post","status-publish","format-standard","has-post-thumbnail","hentry","category-musica","tag-concerti","tag-eventi","tag-firenze"],"acf":[],"yoast_head":"<!-- This site is optimized with the Yoast SEO Premium plugin v24.2 (Yoast SEO v25.6) - https:\/\/yoast.com\/wordpress\/plugins\/seo\/ -->\n<title>I poeti del piano solo: tre concerti a Firenze per innamorarsi della musica - intoscana<\/title>\n<meta name=\"description\" content=\"Il 28, 29 e 30 settembre in Sala Vanni e al Museo dell&#039;Opera del Duomo suoneranno tre dei pi\u00f9 grandi maestri del pianoforte\" \/>\n<meta name=\"robots\" content=\"index, follow, max-snippet:-1, max-image-preview:large, max-video-preview:-1\" \/>\n<link rel=\"canonical\" href=\"https:\/\/www.intoscana.it\/it\/i-poeti-del-piano-solo-tre-concerti-a-firenze-per-innamorarsi-della-musica\/\" \/>\n<meta property=\"og:locale\" content=\"it_IT\" \/>\n<meta property=\"og:type\" content=\"article\" \/>\n<meta property=\"og:title\" content=\"I poeti del piano solo: tre concerti a Firenze per innamorarsi della musica\" \/>\n<meta property=\"og:description\" content=\"Il 28, 29 e 30 settembre in Sala Vanni e al Museo dell&#039;Opera del Duomo suoneranno tre dei pi\u00f9 grandi maestri del pianoforte\" \/>\n<meta property=\"og:url\" content=\"https:\/\/www.intoscana.it\/it\/i-poeti-del-piano-solo-tre-concerti-a-firenze-per-innamorarsi-della-musica\/\" \/>\n<meta property=\"og:site_name\" content=\"intoscana\" \/>\n<meta property=\"article:publisher\" content=\"https:\/\/www.facebook.com\/intoscana.it\" \/>\n<meta property=\"article:published_time\" content=\"2023-08-14T13:32:56+00:00\" \/>\n<meta property=\"og:image\" content=\"https:\/\/www.intoscana.it\/wp-content\/uploads\/Isfar-Sarabski-cover-1024x512-1.png\" \/>\n\t<meta property=\"og:image:width\" content=\"1024\" \/>\n\t<meta property=\"og:image:height\" content=\"512\" \/>\n\t<meta property=\"og:image:type\" content=\"image\/png\" \/>\n<meta name=\"author\" content=\"Redazione\" \/>\n<meta name=\"twitter:card\" content=\"summary_large_image\" \/>\n<meta name=\"twitter:creator\" content=\"@intoscana\" \/>\n<meta name=\"twitter:site\" content=\"@intoscana\" \/>\n<meta name=\"twitter:label1\" content=\"Written by\" \/>\n\t<meta name=\"twitter:data1\" content=\"Redazione\" \/>\n\t<meta name=\"twitter:label2\" content=\"Est. reading time\" \/>\n\t<meta name=\"twitter:data2\" content=\"3 minuti\" \/>\n<script type=\"application\/ld+json\" class=\"yoast-schema-graph\">{\"@context\":\"https:\/\/schema.org\",\"@graph\":[{\"@type\":\"WebPage\",\"@id\":\"https:\/\/www.intoscana.it\/it\/i-poeti-del-piano-solo-tre-concerti-a-firenze-per-innamorarsi-della-musica\/\",\"url\":\"https:\/\/www.intoscana.it\/it\/i-poeti-del-piano-solo-tre-concerti-a-firenze-per-innamorarsi-della-musica\/\",\"name\":\"I poeti del piano solo: tre concerti a Firenze per innamorarsi della musica - intoscana\",\"isPartOf\":{\"@id\":\"https:\/\/www.intoscana.it\/it\/#website\"},\"primaryImageOfPage\":{\"@id\":\"https:\/\/www.intoscana.it\/it\/i-poeti-del-piano-solo-tre-concerti-a-firenze-per-innamorarsi-della-musica\/#primaryimage\"},\"image\":{\"@id\":\"https:\/\/www.intoscana.it\/it\/i-poeti-del-piano-solo-tre-concerti-a-firenze-per-innamorarsi-della-musica\/#primaryimage\"},\"thumbnailUrl\":\"https:\/\/www.intoscana.it\/wp-content\/uploads\/Isfar-Sarabski-cover-1024x512-1.png\",\"datePublished\":\"2023-08-14T13:32:56+00:00\",\"author\":{\"@id\":\"https:\/\/www.intoscana.it\/it\/#\/schema\/person\/9223810753230f20bd670fdd322661f8\"},\"description\":\"Il 28, 29 e 30 settembre in Sala Vanni e al Museo dell'Opera del Duomo suoneranno tre dei pi\u00f9 grandi maestri del pianoforte\",\"breadcrumb\":{\"@id\":\"https:\/\/www.intoscana.it\/it\/i-poeti-del-piano-solo-tre-concerti-a-firenze-per-innamorarsi-della-musica\/#breadcrumb\"},\"inLanguage\":\"it-IT\",\"potentialAction\":[{\"@type\":\"ReadAction\",\"target\":[\"https:\/\/www.intoscana.it\/it\/i-poeti-del-piano-solo-tre-concerti-a-firenze-per-innamorarsi-della-musica\/\"]}]},{\"@type\":\"ImageObject\",\"inLanguage\":\"it-IT\",\"@id\":\"https:\/\/www.intoscana.it\/it\/i-poeti-del-piano-solo-tre-concerti-a-firenze-per-innamorarsi-della-musica\/#primaryimage\",\"url\":\"https:\/\/www.intoscana.it\/wp-content\/uploads\/Isfar-Sarabski-cover-1024x512-1.png\",\"contentUrl\":\"https:\/\/www.intoscana.it\/wp-content\/uploads\/Isfar-Sarabski-cover-1024x512-1.png\",\"width\":1024,\"height\":512},{\"@type\":\"BreadcrumbList\",\"@id\":\"https:\/\/www.intoscana.it\/it\/i-poeti-del-piano-solo-tre-concerti-a-firenze-per-innamorarsi-della-musica\/#breadcrumb\",\"itemListElement\":[{\"@type\":\"ListItem\",\"position\":1,\"name\":\"Home\",\"item\":\"https:\/\/www.intoscana.it\/it\/\"},{\"@type\":\"ListItem\",\"position\":2,\"name\":\"I poeti del piano solo: tre concerti a Firenze per innamorarsi della musica\"}]},{\"@type\":\"WebSite\",\"@id\":\"https:\/\/www.intoscana.it\/it\/#website\",\"url\":\"https:\/\/www.intoscana.it\/it\/\",\"name\":\"intoscana\",\"description\":\"\",\"potentialAction\":[{\"@type\":\"SearchAction\",\"target\":{\"@type\":\"EntryPoint\",\"urlTemplate\":\"https:\/\/www.intoscana.it\/it\/?s={search_term_string}\"},\"query-input\":{\"@type\":\"PropertyValueSpecification\",\"valueRequired\":true,\"valueName\":\"search_term_string\"}}],\"inLanguage\":\"it-IT\"},{\"@type\":\"Person\",\"@id\":\"https:\/\/www.intoscana.it\/it\/#\/schema\/person\/9223810753230f20bd670fdd322661f8\",\"name\":\"Redazione\",\"url\":\"https:\/\/www.intoscana.it\/it\/author\/redazione\/\"}]}<\/script>\n<!-- \/ Yoast SEO Premium plugin. -->","yoast_head_json":{"title":"I poeti del piano solo: tre concerti a Firenze per innamorarsi della musica - intoscana","description":"Il 28, 29 e 30 settembre in Sala Vanni e al Museo dell'Opera del Duomo suoneranno tre dei pi\u00f9 grandi maestri del pianoforte","robots":{"index":"index","follow":"follow","max-snippet":"max-snippet:-1","max-image-preview":"max-image-preview:large","max-video-preview":"max-video-preview:-1"},"canonical":"https:\/\/www.intoscana.it\/it\/i-poeti-del-piano-solo-tre-concerti-a-firenze-per-innamorarsi-della-musica\/","og_locale":"it_IT","og_type":"article","og_title":"I poeti del piano solo: tre concerti a Firenze per innamorarsi della musica","og_description":"Il 28, 29 e 30 settembre in Sala Vanni e al Museo dell'Opera del Duomo suoneranno tre dei pi\u00f9 grandi maestri del pianoforte","og_url":"https:\/\/www.intoscana.it\/it\/i-poeti-del-piano-solo-tre-concerti-a-firenze-per-innamorarsi-della-musica\/","og_site_name":"intoscana","article_publisher":"https:\/\/www.facebook.com\/intoscana.it","article_published_time":"2023-08-14T13:32:56+00:00","og_image":[{"width":1024,"height":512,"url":"https:\/\/www.intoscana.it\/wp-content\/uploads\/Isfar-Sarabski-cover-1024x512-1.png","type":"image\/png"}],"author":"Redazione","twitter_card":"summary_large_image","twitter_creator":"@intoscana","twitter_site":"@intoscana","twitter_misc":{"Written by":"Redazione","Est. reading time":"3 minuti"},"schema":{"@context":"https:\/\/schema.org","@graph":[{"@type":"WebPage","@id":"https:\/\/www.intoscana.it\/it\/i-poeti-del-piano-solo-tre-concerti-a-firenze-per-innamorarsi-della-musica\/","url":"https:\/\/www.intoscana.it\/it\/i-poeti-del-piano-solo-tre-concerti-a-firenze-per-innamorarsi-della-musica\/","name":"I poeti del piano solo: tre concerti a Firenze per innamorarsi della musica - intoscana","isPartOf":{"@id":"https:\/\/www.intoscana.it\/it\/#website"},"primaryImageOfPage":{"@id":"https:\/\/www.intoscana.it\/it\/i-poeti-del-piano-solo-tre-concerti-a-firenze-per-innamorarsi-della-musica\/#primaryimage"},"image":{"@id":"https:\/\/www.intoscana.it\/it\/i-poeti-del-piano-solo-tre-concerti-a-firenze-per-innamorarsi-della-musica\/#primaryimage"},"thumbnailUrl":"https:\/\/www.intoscana.it\/wp-content\/uploads\/Isfar-Sarabski-cover-1024x512-1.png","datePublished":"2023-08-14T13:32:56+00:00","author":{"@id":"https:\/\/www.intoscana.it\/it\/#\/schema\/person\/9223810753230f20bd670fdd322661f8"},"description":"Il 28, 29 e 30 settembre in Sala Vanni e al Museo dell'Opera del Duomo suoneranno tre dei pi\u00f9 grandi maestri del pianoforte","breadcrumb":{"@id":"https:\/\/www.intoscana.it\/it\/i-poeti-del-piano-solo-tre-concerti-a-firenze-per-innamorarsi-della-musica\/#breadcrumb"},"inLanguage":"it-IT","potentialAction":[{"@type":"ReadAction","target":["https:\/\/www.intoscana.it\/it\/i-poeti-del-piano-solo-tre-concerti-a-firenze-per-innamorarsi-della-musica\/"]}]},{"@type":"ImageObject","inLanguage":"it-IT","@id":"https:\/\/www.intoscana.it\/it\/i-poeti-del-piano-solo-tre-concerti-a-firenze-per-innamorarsi-della-musica\/#primaryimage","url":"https:\/\/www.intoscana.it\/wp-content\/uploads\/Isfar-Sarabski-cover-1024x512-1.png","contentUrl":"https:\/\/www.intoscana.it\/wp-content\/uploads\/Isfar-Sarabski-cover-1024x512-1.png","width":1024,"height":512},{"@type":"BreadcrumbList","@id":"https:\/\/www.intoscana.it\/it\/i-poeti-del-piano-solo-tre-concerti-a-firenze-per-innamorarsi-della-musica\/#breadcrumb","itemListElement":[{"@type":"ListItem","position":1,"name":"Home","item":"https:\/\/www.intoscana.it\/it\/"},{"@type":"ListItem","position":2,"name":"I poeti del piano solo: tre concerti a Firenze per innamorarsi della musica"}]},{"@type":"WebSite","@id":"https:\/\/www.intoscana.it\/it\/#website","url":"https:\/\/www.intoscana.it\/it\/","name":"intoscana","description":"","potentialAction":[{"@type":"SearchAction","target":{"@type":"EntryPoint","urlTemplate":"https:\/\/www.intoscana.it\/it\/?s={search_term_string}"},"query-input":{"@type":"PropertyValueSpecification","valueRequired":true,"valueName":"search_term_string"}}],"inLanguage":"it-IT"},{"@type":"Person","@id":"https:\/\/www.intoscana.it\/it\/#\/schema\/person\/9223810753230f20bd670fdd322661f8","name":"Redazione","url":"https:\/\/www.intoscana.it\/it\/author\/redazione\/"}]}},"_links":{"self":[{"href":"https:\/\/www.intoscana.it\/it\/wp-json\/wp\/v2\/posts\/299805","targetHints":{"allow":["GET"]}}],"collection":[{"href":"https:\/\/www.intoscana.it\/it\/wp-json\/wp\/v2\/posts"}],"about":[{"href":"https:\/\/www.intoscana.it\/it\/wp-json\/wp\/v2\/types\/post"}],"author":[{"embeddable":true,"href":"https:\/\/www.intoscana.it\/it\/wp-json\/wp\/v2\/users\/525"}],"replies":[{"embeddable":true,"href":"https:\/\/www.intoscana.it\/it\/wp-json\/wp\/v2\/comments?post=299805"}],"version-history":[{"count":0,"href":"https:\/\/www.intoscana.it\/it\/wp-json\/wp\/v2\/posts\/299805\/revisions"}],"wp:featuredmedia":[{"embeddable":true,"href":"https:\/\/www.intoscana.it\/it\/wp-json\/wp\/v2\/media\/297953"}],"wp:attachment":[{"href":"https:\/\/www.intoscana.it\/it\/wp-json\/wp\/v2\/media?parent=299805"}],"wp:term":[{"taxonomy":"category","embeddable":true,"href":"https:\/\/www.intoscana.it\/it\/wp-json\/wp\/v2\/categories?post=299805"},{"taxonomy":"post_tag","embeddable":true,"href":"https:\/\/www.intoscana.it\/it\/wp-json\/wp\/v2\/tags?post=299805"}],"curies":[{"name":"wp","href":"https:\/\/api.w.org\/{rel}","templated":true}]}}