{"id":299828,"date":"2023-08-14T16:15:58","date_gmt":"2023-08-14T14:15:58","guid":{"rendered":"https:\/\/www.intoscana.it\/it\/?p=299828"},"modified":"2023-08-18T13:06:51","modified_gmt":"2023-08-18T11:06:51","slug":"quassu-su-questa-terra-che-racconta-a-santanna-di-stazzema-il-teatro-per-non-dimenticare","status":"publish","type":"post","link":"https:\/\/www.intoscana.it\/it\/quassu-su-questa-terra-che-racconta-a-santanna-di-stazzema-il-teatro-per-non-dimenticare\/","title":{"rendered":"&#8220;Quass\u00f9 su questa terra che racconta&#8221;: a Sant&#8217;Anna di Stazzema il teatro per non dimenticare"},"content":{"rendered":"<p><em><strong>\u201cQuass\u00f9 su questa terra che racconta\u201d<\/strong> <\/em>\u00e8 una rassegna dedicata al<strong> teatro di memoria<\/strong> nata con l&#8217;obiettivo di raccontare le <strong>storie legate al territorio toscano<\/strong> e al comune di <a href=\"https:\/\/www.intoscana.it\/it\/articolo\/marchio-patrimonio-europeo\/\" target=\"_blank\" rel=\"noopener\"><strong>Sant&#8217;Anna di Stazzema<\/strong><\/a> dove il <strong>12 agosto del 1944<\/strong> si \u00e8 consumato uno dei pi\u00f9 terribili<a href=\"https:\/\/www.intoscana.it\/it\/articolo\/santanna-di-stazzema-addio-a-mauro-pieri-superstite-delleccidio\/\" target=\"_blank\" rel=\"noopener\"><strong> eccidi del nazifascismo.<\/strong><\/a><\/p>\n<p><strong>560 persone tra vecchi e bambini furono massacrate<\/strong> dai soldati tedeschi di tre compagnie della 16. SS-Panzergrenadier-Division &#8220;Reichsf\u00fchrer-SS&#8221;, comandata dal <strong>Gruppenf\u00fchrer Max Simon.<\/strong><\/p>\n<p><strong>Il 18 e 20 agosto<\/strong> per due serate si alterneranno<strong> quattro spettacoli<\/strong> a cura del progetto<em><strong> \u201cNarratori Erranti\u201d,<\/strong><\/em> che \u00e8 composto dai quattro attori che si esibiranno a Sant\u2019Anna sulla piazza della chiesa: <strong>Elisabetta Salvarori, Luca Barsottelli, Fabrizio Brandi e Marco Azzurrini. <\/strong><\/p>\n<p>Il festival si svolge con la collaborazione del <strong>Parco nazionale della Pace di Sant\u2019Anna<\/strong>, l\u2019<a href=\"https:\/\/www.intoscana.it\/it\/articolo\/sant-anna-di-stazzema-mattarella-metsola\/\" target=\"_blank\" rel=\"noopener\"><strong>Associazione Martiri di Sant\u2019Anna<\/strong><\/a> e nell\u2019ambito del Festival D come Democrazia.<\/p>\n<p><em>&#8220;Questa iniziativa teatrale \u2013<\/em><strong> spiegano dall\u2019Associazione Martiri di Sant\u2019Anna &#8211;<\/strong><em> nasce anche dal nostro interessamento a far s\u00ec che nel paese di Sant\u2019Anna di Stazzema potessero essere fruibili manifestazioni artistiche, oltre a quelle che gi\u00e0 vengono organizzate, come la musica dell\u2019Associazione dell\u2019Organo della pace, o le mostre alla Fabbrica dei diritti, le opere di Vangi o di Finotti. Noi abbiamo inteso nella cultura una risposta al male che invest\u00ec la Versilia. E su questo la sensibilit\u00e0 del Parco nazionale della Pace, dal direttore, al presidente fino al Comitato scientifico, ci ha dato supporto ed \u00e8 nata questa iniziativa che ha preso corpo coinvolgendo anche altri gruppi di artisti che vengono a portare i loro lavori teatrali nel nostro paese e ne siamo riconoscenti. Ringraziamo perci\u00f2 il gruppo di organizzatori, i \u201cNarratori Erranti\u201d &#8220;.<\/em><\/p>\n<h3>Gli spettacoli<\/h3>\n<p><strong>Venerd\u00ec 18 agosto<\/strong> il primo spettacolo, alle ore 19, \u00e8 <em><strong>\u201cOtto con\u201d<\/strong><\/em>\u00a0con\u00a0<strong>Fabrizio Brandi, <\/strong>di<strong> Gabriele\u00a0Benucci .\u00a0<em>Otto con<\/em> <\/strong>\u00e8 il nome con cui, nel gergo del canottaggio, si indica l\u2019imbarcazione da gara con otto vogatori pi\u00f9 timoniere a bordo. Narrer\u00e0 la vicenda degli <strong>Scarronzoni, l\u2019Otto con pi\u00f9 famoso della storia sportiva italiana<\/strong> di tutti i tempi: dodici volte campioni nazionali, due volte campioni europei e due volte vice campioni olimpici a Los Angeles nel \u201932 e a Berlino nel \u201936. Tutti livornesi, tutti scaricatori di porto, manovali, e operai. Erano cos\u00ec anche gli Scarronzoni: generosi, sfrontati, possenti.<\/p>\n<p>La seconda performance \u00e8 alle 21.15 con <strong>Luca Barsottelli<\/strong> che metter\u00e0 in scena<em><strong> \u201cPolvere, una storia di pugni, zingari e nazismo\u201d,<\/strong> <\/em>che racconta di <strong>Johann Trollmann,<\/strong> il primo pugile a portare in Europa uno stile di boxe nuovo, quasi danzante. I giornalisti dicevano che era per met\u00e0 un pugile e per met\u00e0 un ballerino, uno che tirava pugni a ritmo di jazz. Nel 1931 vinse tredici incontri di fila ed era destinato a diventare il campione tedesco dei pesi mediomassimi. <strong>Era bello, ed era di origini Sinti.<\/strong> Suo padre riparava ombrelli e suonava il violino in strada o nelle birrerie. Il 9 giugno del 1933 Johann Trollmann fu chiamato a partecipare all&#8217;incontro per il titolo di campione dei pesi massimi e vinse. E <strong>per otto giorni uno zingaro fu campione dei pesi mediomassimi della Germania nazista.<\/strong><\/p>\n<figure id=\"post-299831 media-299831\" class=\"align-none\"><img decoding=\"async\" src=\"https:\/\/www.intoscana.it\/wp-content\/uploads\/Luca-Barsottelli-min-scaled.jpg\" alt=\"\" \/><\/figure>\n<div class=\"titleimg\">Luca Barsottelli<\/div>\n<p><strong>Domenica 20 agosto<\/strong> il terzo spettacolo sar\u00e0, alle 19, sempre sulla piazza della chiesa,<em><strong> \u201cDante va alla guerra\u201d<\/strong><\/em> con <strong>Marco Azzurrini.<\/strong> Narra le vicende di <strong>Dante Fiorentini, che partecip\u00f2 a tutte le varie fasi della seconda guerra mondiale<\/strong>, prima alla guerra di Grecia, partendo per l\u2019Albania all\u2019inizio del \u201940, poi, dopo il risolutivo intervento tedesco, trasferendosi prima in Friuli e poi in Francia, dove furono mandati un manipolo di soldati italiani, per giustificare l\u2019entrata in guerra dell\u2019Italia. Ma <strong>nella sua guerra Dante non incontr\u00f2 n\u00e9 un morto, n\u00e9 un ferito.<\/strong> Incontr\u00f2 la fame, a volte la sete e i pidocchi. Ebbe invece ben presenti le contraddizioni umane,<strong> l\u2019assurdit\u00e0 di quella guerra<\/strong>, come di tutte le guerre.<\/p>\n<p>Il festival<em><strong> \u201cQuass\u00f9 su questa terra che racconta\u201d <\/strong><\/em>si concluder\u00e0 alle 21,15 con <em><strong>\u201cL\u2019uomo coi fogli. Vita del capo Maggio Daniele Grillotti\u201d<\/strong><\/em> ed <strong>Elisabetta Salvatori<\/strong> in scena. E\u2019 la storia di <strong>Daniele Grillotti, un cavatore, un anarchico e un capo Maggio<\/strong>. Il Maggio era una forma di teatro cantato, fatto da gente del paese. Poteva durare anche quattro ore. Si rappresentava nelle aie durante le domeniche di maggio, i soggetti erano storie d\u2019amore o vite dei santi e il testo era in versi ottonari, scritti dal capo Maggio che era il regista dello spettacolo. L\u2019uomo coi fogli \u00e8 la storia di<strong> un uomo con ideologie forti, per le quali morir\u00e0<\/strong>. La storia di un paese. Storie di cavatori di marmo, di pittori, di persone che sono rimaste nella memoria della loro terra.<\/p>\n<figure id=\"post-299829 media-299829\" class=\"align-none\"><img decoding=\"async\" src=\"https:\/\/www.intoscana.it\/wp-content\/uploads\/Elisabetta-Salvatori.jpg\" alt=\"\" \/><\/figure>\n<div class=\"titleimg\">Elisabetta Salvatori<\/div>\n<p>&nbsp;<\/p>\n","protected":false},"excerpt":{"rendered":"<p>Venerd\u00ec 18 e domenica 20 agosto sulla piazza della chiesa del Parco nazionale della pace di Stazzema due spettacoli per ogni serata con la direzione artistica \u00e8 di \u201cNarratori Erranti\u201d<\/p>\n","protected":false},"author":525,"featured_media":299830,"comment_status":"open","ping_status":"open","sticky":false,"template":"","format":"standard","meta":{"_acf_changed":false,"footnotes":""},"categories":[493],"tags":[4367,236],"class_list":["post-299828","post","type-post","status-publish","format-standard","has-post-thumbnail","hentry","category-cultura","tag-santanna-stazzema","tag-teatro"],"acf":[],"yoast_head":"<!-- This site is optimized with the Yoast SEO Premium plugin v24.2 (Yoast SEO v25.6) - https:\/\/yoast.com\/wordpress\/plugins\/seo\/ -->\n<title>&quot;Quass\u00f9 su questa terra che racconta&quot;: a Sant&#039;Anna di Stazzema il teatro per non dimenticare - intoscana<\/title>\n<meta name=\"description\" content=\"Venerd\u00ec 18 e domenica 20 agosto sulla piazza della chiesa del Parco nazionale della pace di Stazzema due spettacoli per ogni serata\" \/>\n<meta name=\"robots\" content=\"index, follow, max-snippet:-1, max-image-preview:large, max-video-preview:-1\" \/>\n<link rel=\"canonical\" href=\"https:\/\/www.intoscana.it\/it\/quassu-su-questa-terra-che-racconta-a-santanna-di-stazzema-il-teatro-per-non-dimenticare\/\" \/>\n<meta property=\"og:locale\" content=\"it_IT\" \/>\n<meta property=\"og:type\" content=\"article\" \/>\n<meta property=\"og:title\" content=\"&quot;Quass\u00f9 su questa terra che racconta&quot;: a Sant&#039;Anna di Stazzema il teatro per non dimenticare\" \/>\n<meta property=\"og:description\" content=\"Venerd\u00ec 18 e domenica 20 agosto sulla piazza della chiesa del Parco nazionale della pace di Stazzema due spettacoli per ogni serata\" \/>\n<meta property=\"og:url\" content=\"https:\/\/www.intoscana.it\/it\/quassu-su-questa-terra-che-racconta-a-santanna-di-stazzema-il-teatro-per-non-dimenticare\/\" \/>\n<meta property=\"og:site_name\" content=\"intoscana\" \/>\n<meta property=\"article:publisher\" content=\"https:\/\/www.facebook.com\/intoscana.it\" \/>\n<meta property=\"article:published_time\" content=\"2023-08-14T14:15:58+00:00\" \/>\n<meta property=\"article:modified_time\" content=\"2023-08-18T11:06:51+00:00\" \/>\n<meta property=\"og:image\" content=\"https:\/\/www.intoscana.it\/wp-content\/uploads\/Fabrizio-Brandi.jpg\" \/>\n\t<meta property=\"og:image:width\" content=\"500\" \/>\n\t<meta property=\"og:image:height\" content=\"368\" \/>\n\t<meta property=\"og:image:type\" content=\"image\/jpeg\" \/>\n<meta name=\"author\" content=\"Redazione\" \/>\n<meta name=\"twitter:card\" content=\"summary_large_image\" \/>\n<meta name=\"twitter:creator\" content=\"@intoscana\" \/>\n<meta name=\"twitter:site\" content=\"@intoscana\" \/>\n<meta name=\"twitter:label1\" content=\"Written by\" \/>\n\t<meta name=\"twitter:data1\" content=\"Redazione\" \/>\n\t<meta name=\"twitter:label2\" content=\"Est. reading time\" \/>\n\t<meta name=\"twitter:data2\" content=\"4 minuti\" \/>\n<script type=\"application\/ld+json\" class=\"yoast-schema-graph\">{\"@context\":\"https:\/\/schema.org\",\"@graph\":[{\"@type\":\"WebPage\",\"@id\":\"https:\/\/www.intoscana.it\/it\/quassu-su-questa-terra-che-racconta-a-santanna-di-stazzema-il-teatro-per-non-dimenticare\/\",\"url\":\"https:\/\/www.intoscana.it\/it\/quassu-su-questa-terra-che-racconta-a-santanna-di-stazzema-il-teatro-per-non-dimenticare\/\",\"name\":\"\\\"Quass\u00f9 su questa terra che racconta\\\": a Sant'Anna di Stazzema il teatro per non dimenticare - intoscana\",\"isPartOf\":{\"@id\":\"https:\/\/www.intoscana.it\/it\/#website\"},\"primaryImageOfPage\":{\"@id\":\"https:\/\/www.intoscana.it\/it\/quassu-su-questa-terra-che-racconta-a-santanna-di-stazzema-il-teatro-per-non-dimenticare\/#primaryimage\"},\"image\":{\"@id\":\"https:\/\/www.intoscana.it\/it\/quassu-su-questa-terra-che-racconta-a-santanna-di-stazzema-il-teatro-per-non-dimenticare\/#primaryimage\"},\"thumbnailUrl\":\"https:\/\/www.intoscana.it\/wp-content\/uploads\/Fabrizio-Brandi.jpg\",\"datePublished\":\"2023-08-14T14:15:58+00:00\",\"dateModified\":\"2023-08-18T11:06:51+00:00\",\"author\":{\"@id\":\"https:\/\/www.intoscana.it\/it\/#\/schema\/person\/9223810753230f20bd670fdd322661f8\"},\"description\":\"Venerd\u00ec 18 e domenica 20 agosto sulla piazza della chiesa del Parco nazionale della pace di Stazzema due spettacoli per ogni serata\",\"breadcrumb\":{\"@id\":\"https:\/\/www.intoscana.it\/it\/quassu-su-questa-terra-che-racconta-a-santanna-di-stazzema-il-teatro-per-non-dimenticare\/#breadcrumb\"},\"inLanguage\":\"it-IT\",\"potentialAction\":[{\"@type\":\"ReadAction\",\"target\":[\"https:\/\/www.intoscana.it\/it\/quassu-su-questa-terra-che-racconta-a-santanna-di-stazzema-il-teatro-per-non-dimenticare\/\"]}]},{\"@type\":\"ImageObject\",\"inLanguage\":\"it-IT\",\"@id\":\"https:\/\/www.intoscana.it\/it\/quassu-su-questa-terra-che-racconta-a-santanna-di-stazzema-il-teatro-per-non-dimenticare\/#primaryimage\",\"url\":\"https:\/\/www.intoscana.it\/wp-content\/uploads\/Fabrizio-Brandi.jpg\",\"contentUrl\":\"https:\/\/www.intoscana.it\/wp-content\/uploads\/Fabrizio-Brandi.jpg\",\"width\":500,\"height\":368},{\"@type\":\"BreadcrumbList\",\"@id\":\"https:\/\/www.intoscana.it\/it\/quassu-su-questa-terra-che-racconta-a-santanna-di-stazzema-il-teatro-per-non-dimenticare\/#breadcrumb\",\"itemListElement\":[{\"@type\":\"ListItem\",\"position\":1,\"name\":\"Home\",\"item\":\"https:\/\/www.intoscana.it\/it\/\"},{\"@type\":\"ListItem\",\"position\":2,\"name\":\"&#8220;Quass\u00f9 su questa terra che racconta&#8221;: a Sant&#8217;Anna di Stazzema il teatro per non dimenticare\"}]},{\"@type\":\"WebSite\",\"@id\":\"https:\/\/www.intoscana.it\/it\/#website\",\"url\":\"https:\/\/www.intoscana.it\/it\/\",\"name\":\"intoscana\",\"description\":\"\",\"potentialAction\":[{\"@type\":\"SearchAction\",\"target\":{\"@type\":\"EntryPoint\",\"urlTemplate\":\"https:\/\/www.intoscana.it\/it\/?s={search_term_string}\"},\"query-input\":{\"@type\":\"PropertyValueSpecification\",\"valueRequired\":true,\"valueName\":\"search_term_string\"}}],\"inLanguage\":\"it-IT\"},{\"@type\":\"Person\",\"@id\":\"https:\/\/www.intoscana.it\/it\/#\/schema\/person\/9223810753230f20bd670fdd322661f8\",\"name\":\"Redazione\",\"url\":\"https:\/\/www.intoscana.it\/it\/author\/redazione\/\"}]}<\/script>\n<!-- \/ Yoast SEO Premium plugin. -->","yoast_head_json":{"title":"\"Quass\u00f9 su questa terra che racconta\": a Sant'Anna di Stazzema il teatro per non dimenticare - intoscana","description":"Venerd\u00ec 18 e domenica 20 agosto sulla piazza della chiesa del Parco nazionale della pace di Stazzema due spettacoli per ogni serata","robots":{"index":"index","follow":"follow","max-snippet":"max-snippet:-1","max-image-preview":"max-image-preview:large","max-video-preview":"max-video-preview:-1"},"canonical":"https:\/\/www.intoscana.it\/it\/quassu-su-questa-terra-che-racconta-a-santanna-di-stazzema-il-teatro-per-non-dimenticare\/","og_locale":"it_IT","og_type":"article","og_title":"\"Quass\u00f9 su questa terra che racconta\": a Sant'Anna di Stazzema il teatro per non dimenticare","og_description":"Venerd\u00ec 18 e domenica 20 agosto sulla piazza della chiesa del Parco nazionale della pace di Stazzema due spettacoli per ogni serata","og_url":"https:\/\/www.intoscana.it\/it\/quassu-su-questa-terra-che-racconta-a-santanna-di-stazzema-il-teatro-per-non-dimenticare\/","og_site_name":"intoscana","article_publisher":"https:\/\/www.facebook.com\/intoscana.it","article_published_time":"2023-08-14T14:15:58+00:00","article_modified_time":"2023-08-18T11:06:51+00:00","og_image":[{"width":500,"height":368,"url":"https:\/\/www.intoscana.it\/wp-content\/uploads\/Fabrizio-Brandi.jpg","type":"image\/jpeg"}],"author":"Redazione","twitter_card":"summary_large_image","twitter_creator":"@intoscana","twitter_site":"@intoscana","twitter_misc":{"Written by":"Redazione","Est. reading time":"4 minuti"},"schema":{"@context":"https:\/\/schema.org","@graph":[{"@type":"WebPage","@id":"https:\/\/www.intoscana.it\/it\/quassu-su-questa-terra-che-racconta-a-santanna-di-stazzema-il-teatro-per-non-dimenticare\/","url":"https:\/\/www.intoscana.it\/it\/quassu-su-questa-terra-che-racconta-a-santanna-di-stazzema-il-teatro-per-non-dimenticare\/","name":"\"Quass\u00f9 su questa terra che racconta\": a Sant'Anna di Stazzema il teatro per non dimenticare - intoscana","isPartOf":{"@id":"https:\/\/www.intoscana.it\/it\/#website"},"primaryImageOfPage":{"@id":"https:\/\/www.intoscana.it\/it\/quassu-su-questa-terra-che-racconta-a-santanna-di-stazzema-il-teatro-per-non-dimenticare\/#primaryimage"},"image":{"@id":"https:\/\/www.intoscana.it\/it\/quassu-su-questa-terra-che-racconta-a-santanna-di-stazzema-il-teatro-per-non-dimenticare\/#primaryimage"},"thumbnailUrl":"https:\/\/www.intoscana.it\/wp-content\/uploads\/Fabrizio-Brandi.jpg","datePublished":"2023-08-14T14:15:58+00:00","dateModified":"2023-08-18T11:06:51+00:00","author":{"@id":"https:\/\/www.intoscana.it\/it\/#\/schema\/person\/9223810753230f20bd670fdd322661f8"},"description":"Venerd\u00ec 18 e domenica 20 agosto sulla piazza della chiesa del Parco nazionale della pace di Stazzema due spettacoli per ogni serata","breadcrumb":{"@id":"https:\/\/www.intoscana.it\/it\/quassu-su-questa-terra-che-racconta-a-santanna-di-stazzema-il-teatro-per-non-dimenticare\/#breadcrumb"},"inLanguage":"it-IT","potentialAction":[{"@type":"ReadAction","target":["https:\/\/www.intoscana.it\/it\/quassu-su-questa-terra-che-racconta-a-santanna-di-stazzema-il-teatro-per-non-dimenticare\/"]}]},{"@type":"ImageObject","inLanguage":"it-IT","@id":"https:\/\/www.intoscana.it\/it\/quassu-su-questa-terra-che-racconta-a-santanna-di-stazzema-il-teatro-per-non-dimenticare\/#primaryimage","url":"https:\/\/www.intoscana.it\/wp-content\/uploads\/Fabrizio-Brandi.jpg","contentUrl":"https:\/\/www.intoscana.it\/wp-content\/uploads\/Fabrizio-Brandi.jpg","width":500,"height":368},{"@type":"BreadcrumbList","@id":"https:\/\/www.intoscana.it\/it\/quassu-su-questa-terra-che-racconta-a-santanna-di-stazzema-il-teatro-per-non-dimenticare\/#breadcrumb","itemListElement":[{"@type":"ListItem","position":1,"name":"Home","item":"https:\/\/www.intoscana.it\/it\/"},{"@type":"ListItem","position":2,"name":"&#8220;Quass\u00f9 su questa terra che racconta&#8221;: a Sant&#8217;Anna di Stazzema il teatro per non dimenticare"}]},{"@type":"WebSite","@id":"https:\/\/www.intoscana.it\/it\/#website","url":"https:\/\/www.intoscana.it\/it\/","name":"intoscana","description":"","potentialAction":[{"@type":"SearchAction","target":{"@type":"EntryPoint","urlTemplate":"https:\/\/www.intoscana.it\/it\/?s={search_term_string}"},"query-input":{"@type":"PropertyValueSpecification","valueRequired":true,"valueName":"search_term_string"}}],"inLanguage":"it-IT"},{"@type":"Person","@id":"https:\/\/www.intoscana.it\/it\/#\/schema\/person\/9223810753230f20bd670fdd322661f8","name":"Redazione","url":"https:\/\/www.intoscana.it\/it\/author\/redazione\/"}]}},"_links":{"self":[{"href":"https:\/\/www.intoscana.it\/it\/wp-json\/wp\/v2\/posts\/299828","targetHints":{"allow":["GET"]}}],"collection":[{"href":"https:\/\/www.intoscana.it\/it\/wp-json\/wp\/v2\/posts"}],"about":[{"href":"https:\/\/www.intoscana.it\/it\/wp-json\/wp\/v2\/types\/post"}],"author":[{"embeddable":true,"href":"https:\/\/www.intoscana.it\/it\/wp-json\/wp\/v2\/users\/525"}],"replies":[{"embeddable":true,"href":"https:\/\/www.intoscana.it\/it\/wp-json\/wp\/v2\/comments?post=299828"}],"version-history":[{"count":0,"href":"https:\/\/www.intoscana.it\/it\/wp-json\/wp\/v2\/posts\/299828\/revisions"}],"wp:featuredmedia":[{"embeddable":true,"href":"https:\/\/www.intoscana.it\/it\/wp-json\/wp\/v2\/media\/299830"}],"wp:attachment":[{"href":"https:\/\/www.intoscana.it\/it\/wp-json\/wp\/v2\/media?parent=299828"}],"wp:term":[{"taxonomy":"category","embeddable":true,"href":"https:\/\/www.intoscana.it\/it\/wp-json\/wp\/v2\/categories?post=299828"},{"taxonomy":"post_tag","embeddable":true,"href":"https:\/\/www.intoscana.it\/it\/wp-json\/wp\/v2\/tags?post=299828"}],"curies":[{"name":"wp","href":"https:\/\/api.w.org\/{rel}","templated":true}]}}