{"id":299962,"date":"2023-08-16T16:00:02","date_gmt":"2023-08-16T14:00:02","guid":{"rendered":"https:\/\/www.intoscana.it\/it\/?p=299962"},"modified":"2023-08-16T16:00:02","modified_gmt":"2023-08-16T14:00:02","slug":"etruschi-alla-scoperta-di-fufluns-dio-dimenticato-della-vendemmia","status":"publish","type":"post","link":"https:\/\/www.intoscana.it\/it\/etruschi-alla-scoperta-di-fufluns-dio-dimenticato-della-vendemmia\/","title":{"rendered":"Etruschi, alla scoperta di Fufluns: dio (dimenticato) della vendemmia"},"content":{"rendered":"<p><strong>Fufluns<\/strong> era <mark>il dio etrusco della vendemmia, del vino, della felicit\u00e0, della salute e della prosperit\u00e0<\/mark>. ll corrispettivo del dio greco <strong>Dioniso<\/strong> e della divinit\u00e0 romana <strong>Bacco<\/strong>. Solo molto meno famoso dell&#8217;uno e dell&#8217;altro anzi un perfetto sconosciuto quasi per tutti.<\/p>\n<p>Il Comune di <strong>Montepulciano<\/strong>, dopo aver vinto l\u2019VIII edizione del bando &#8220;<em>Giornata degli Etruschi 2023<\/em>&#8220;, promosso dal <strong>Consiglio Regionale della Toscana<\/strong>, si \u00e8 posto l&#8217;obiettivo di rimediare alla lacuna. Gi\u00e0, sfruttando le risorse regionali e aggiungendo un suo contributo vuole promuovere lo studio e la conoscenza della divinit\u00e0 etrusca con una pubblicazione, un canale video su You Tube e una presentazione pubblica presso la Fortezza Poliziana.<\/p>\n<h3>Alla scoperta di Fufluns, dio della vendemmia<\/h3>\n<p>Un modo per accendere i riflettori su questa <strong>figura mitologica<\/strong> etrusca ancora avvolta dal mistero. Il dio viene rappresentato di aspetto giovanile, con una <strong>ghirlanda di pampini<\/strong>, una collana. In mano il tirso, un&#8217;anfora o una coppa. Il nome potrebbe derivare da <strong>Fufluna<\/strong>, il nome etrusco di Populonia o da un vino.<\/p>\n<p>&#8220;<em>Con questo progetto, che vede come destinatario il grande pubblico, ci si propone di raccogliere e di esporre, in modo chiaro, divulgativo ed accessibile anche ai non addetti ai lavori, tutto ci\u00f2 che di questa divinit\u00e0 conosciamo al momento, a partire dall&#8217;etimologia del nome stesso, su cui ancora c&#8217;\u00e8 molta incertezza, a suoi legami con la complessa figura del dio greco Dionisio<\/em>&#8221; sottolinea <b>Lucia Musso<\/b>, assessore alla Cultura del <strong>Comune di Montepulciano<\/strong>.<\/p>\n<figure id=\"post-299963 media-299963\" class=\"align-none\"><img decoding=\"async\" src=\"https:\/\/www.intoscana.it\/wp-content\/uploads\/Piazza-Grande-Montepulciano-SI-scaled.jpg\" alt=\"\" \/><\/figure>\n<div class=\"titleimg\">Piazza Grande a Montepulciano \u2013 \u00a9 Comune di Montepulciano<\/div>\n<h3>Una campagna social e un canale YouTube<\/h3>\n<p>Il progetto, oltre alla pubblicazione di un volume, prevede la realizzazione di un canale You Tube con materiale video di ricerca e interviste. In aggiunta <strong>una campagna social<\/strong> propedeutica sia alla presentazione del volume che dello stesso canale You Tube.<\/p>\n<p>Per la redazione del catalogo verranno coinvolti i maggiori esperti e studiosi del territorio di Montepulciano. In particolare a <strong>Societ\u00e0 Storica Poliziana<\/strong>, associazione senza fini di lucro, i cui soci si dedicano, da oltre vent\u2019anni, allo studio del territorio e della sua storia, in sinergia con enti di istruzione e ricerca, prime fra tutte le Universit\u00e0 della provincia di Siena.<\/p>\n<p>Immancabile un collegamento con uno dei principali aspetti della cultura e dell&#8217;economia di Montepulciano: l&#8217;enologia. Si parler\u00e0 dell&#8217;introduzione della <strong>viticultura in Etruria<\/strong> e delle <strong>modalit\u00e0 di coltivazione<\/strong>, con particolare riferimento, fin dove possibile, all&#8217;Etruria interna.<\/p>\n<p>Questo progetto va a integrare lo studio intrapreso dal <strong>Consorzio del Vino Nobile<\/strong> di Montepulciano sulla <mark>storia e l&#8217;origine della coltivazione della vite e della produzione e commercializzazione del vino e del Vino Nobile nel territorio<\/mark>.<\/p>\n","protected":false},"excerpt":{"rendered":"<p>Il Comune di Montepulciano promuove con i finanziamenti del Consiglio regionale una pagina YouTube, una pubblicazione e una campagna social<\/p>\n","protected":false},"author":554,"featured_media":299965,"comment_status":"open","ping_status":"open","sticky":false,"template":"","format":"standard","meta":{"_acf_changed":false,"footnotes":""},"categories":[4],"tags":[6199,4452],"class_list":["post-299962","post","type-post","status-publish","format-standard","has-post-thumbnail","hentry","category-storie","tag-giornata-degli-etruschi","tag-montepulciano"],"acf":[],"yoast_head":"<!-- This site is optimized with the Yoast SEO Premium plugin v24.2 (Yoast SEO v25.6) - https:\/\/yoast.com\/wordpress\/plugins\/seo\/ -->\n<title>Etruschi, alla scoperta di Fufluns: dio (dimenticato) del vino - intoscana<\/title>\n<meta name=\"description\" content=\"Il Comune di Montepulciano promuove con i finanziamenti del Consiglio regionale una pagina YouTube, una pubblicazione e una campagna social\" \/>\n<meta name=\"robots\" content=\"index, follow, max-snippet:-1, max-image-preview:large, max-video-preview:-1\" \/>\n<link rel=\"canonical\" href=\"https:\/\/www.intoscana.it\/it\/etruschi-alla-scoperta-di-fufluns-dio-dimenticato-della-vendemmia\/\" \/>\n<meta property=\"og:locale\" content=\"it_IT\" \/>\n<meta property=\"og:type\" content=\"article\" \/>\n<meta property=\"og:title\" content=\"Etruschi, alla scoperta di Fufluns: dio (dimenticato) della vendemmia\" \/>\n<meta property=\"og:description\" content=\"Il Comune di Montepulciano promuove con i finanziamenti del Consiglio regionale una pagina YouTube, una pubblicazione e una campagna social\" \/>\n<meta property=\"og:url\" content=\"https:\/\/www.intoscana.it\/it\/etruschi-alla-scoperta-di-fufluns-dio-dimenticato-della-vendemmia\/\" \/>\n<meta property=\"og:site_name\" content=\"intoscana\" \/>\n<meta property=\"article:publisher\" content=\"https:\/\/www.facebook.com\/intoscana.it\" \/>\n<meta property=\"article:published_time\" content=\"2023-08-16T14:00:02+00:00\" \/>\n<meta property=\"og:image\" content=\"https:\/\/www.intoscana.it\/wp-content\/uploads\/Fufluns_.jpg\" \/>\n\t<meta property=\"og:image:width\" content=\"921\" \/>\n\t<meta property=\"og:image:height\" content=\"576\" \/>\n\t<meta property=\"og:image:type\" content=\"image\/jpeg\" \/>\n<meta name=\"author\" content=\"Raffaella Galamini\" \/>\n<meta name=\"twitter:card\" content=\"summary_large_image\" \/>\n<meta name=\"twitter:creator\" content=\"@orio\" \/>\n<meta name=\"twitter:site\" content=\"@intoscana\" \/>\n<meta name=\"twitter:label1\" content=\"Written by\" \/>\n\t<meta name=\"twitter:data1\" content=\"Raffaella Galamini\" \/>\n\t<meta name=\"twitter:label2\" content=\"Est. reading time\" \/>\n\t<meta name=\"twitter:data2\" content=\"2 minuti\" \/>\n<script type=\"application\/ld+json\" class=\"yoast-schema-graph\">{\"@context\":\"https:\/\/schema.org\",\"@graph\":[{\"@type\":\"WebPage\",\"@id\":\"https:\/\/www.intoscana.it\/it\/etruschi-alla-scoperta-di-fufluns-dio-dimenticato-della-vendemmia\/\",\"url\":\"https:\/\/www.intoscana.it\/it\/etruschi-alla-scoperta-di-fufluns-dio-dimenticato-della-vendemmia\/\",\"name\":\"Etruschi, alla scoperta di Fufluns: dio (dimenticato) del vino - intoscana\",\"isPartOf\":{\"@id\":\"https:\/\/www.intoscana.it\/it\/#website\"},\"primaryImageOfPage\":{\"@id\":\"https:\/\/www.intoscana.it\/it\/etruschi-alla-scoperta-di-fufluns-dio-dimenticato-della-vendemmia\/#primaryimage\"},\"image\":{\"@id\":\"https:\/\/www.intoscana.it\/it\/etruschi-alla-scoperta-di-fufluns-dio-dimenticato-della-vendemmia\/#primaryimage\"},\"thumbnailUrl\":\"https:\/\/www.intoscana.it\/wp-content\/uploads\/Fufluns_.jpg\",\"datePublished\":\"2023-08-16T14:00:02+00:00\",\"author\":{\"@id\":\"https:\/\/www.intoscana.it\/it\/#\/schema\/person\/9eb9daa846a49fe51af39a73d9d1986b\"},\"description\":\"Il Comune di Montepulciano promuove con i finanziamenti del Consiglio regionale una pagina YouTube, una pubblicazione e una campagna social\",\"breadcrumb\":{\"@id\":\"https:\/\/www.intoscana.it\/it\/etruschi-alla-scoperta-di-fufluns-dio-dimenticato-della-vendemmia\/#breadcrumb\"},\"inLanguage\":\"it-IT\",\"potentialAction\":[{\"@type\":\"ReadAction\",\"target\":[\"https:\/\/www.intoscana.it\/it\/etruschi-alla-scoperta-di-fufluns-dio-dimenticato-della-vendemmia\/\"]}]},{\"@type\":\"ImageObject\",\"inLanguage\":\"it-IT\",\"@id\":\"https:\/\/www.intoscana.it\/it\/etruschi-alla-scoperta-di-fufluns-dio-dimenticato-della-vendemmia\/#primaryimage\",\"url\":\"https:\/\/www.intoscana.it\/wp-content\/uploads\/Fufluns_.jpg\",\"contentUrl\":\"https:\/\/www.intoscana.it\/wp-content\/uploads\/Fufluns_.jpg\",\"width\":921,\"height\":576,\"caption\":\"Fufluns\"},{\"@type\":\"BreadcrumbList\",\"@id\":\"https:\/\/www.intoscana.it\/it\/etruschi-alla-scoperta-di-fufluns-dio-dimenticato-della-vendemmia\/#breadcrumb\",\"itemListElement\":[{\"@type\":\"ListItem\",\"position\":1,\"name\":\"Home\",\"item\":\"https:\/\/www.intoscana.it\/it\/\"},{\"@type\":\"ListItem\",\"position\":2,\"name\":\"Etruschi, alla scoperta di Fufluns: dio (dimenticato) della vendemmia\"}]},{\"@type\":\"WebSite\",\"@id\":\"https:\/\/www.intoscana.it\/it\/#website\",\"url\":\"https:\/\/www.intoscana.it\/it\/\",\"name\":\"intoscana\",\"description\":\"\",\"potentialAction\":[{\"@type\":\"SearchAction\",\"target\":{\"@type\":\"EntryPoint\",\"urlTemplate\":\"https:\/\/www.intoscana.it\/it\/?s={search_term_string}\"},\"query-input\":{\"@type\":\"PropertyValueSpecification\",\"valueRequired\":true,\"valueName\":\"search_term_string\"}}],\"inLanguage\":\"it-IT\"},{\"@type\":\"Person\",\"@id\":\"https:\/\/www.intoscana.it\/it\/#\/schema\/person\/9eb9daa846a49fe51af39a73d9d1986b\",\"name\":\"Raffaella Galamini\",\"sameAs\":[\"https:\/\/x.com\/orio\"],\"url\":\"https:\/\/www.intoscana.it\/it\/author\/r-galamini\/\"}]}<\/script>\n<!-- \/ Yoast SEO Premium plugin. -->","yoast_head_json":{"title":"Etruschi, alla scoperta di Fufluns: dio (dimenticato) del vino - intoscana","description":"Il Comune di Montepulciano promuove con i finanziamenti del Consiglio regionale una pagina YouTube, una pubblicazione e una campagna social","robots":{"index":"index","follow":"follow","max-snippet":"max-snippet:-1","max-image-preview":"max-image-preview:large","max-video-preview":"max-video-preview:-1"},"canonical":"https:\/\/www.intoscana.it\/it\/etruschi-alla-scoperta-di-fufluns-dio-dimenticato-della-vendemmia\/","og_locale":"it_IT","og_type":"article","og_title":"Etruschi, alla scoperta di Fufluns: dio (dimenticato) della vendemmia","og_description":"Il Comune di Montepulciano promuove con i finanziamenti del Consiglio regionale una pagina YouTube, una pubblicazione e una campagna social","og_url":"https:\/\/www.intoscana.it\/it\/etruschi-alla-scoperta-di-fufluns-dio-dimenticato-della-vendemmia\/","og_site_name":"intoscana","article_publisher":"https:\/\/www.facebook.com\/intoscana.it","article_published_time":"2023-08-16T14:00:02+00:00","og_image":[{"width":921,"height":576,"url":"https:\/\/www.intoscana.it\/wp-content\/uploads\/Fufluns_.jpg","type":"image\/jpeg"}],"author":"Raffaella Galamini","twitter_card":"summary_large_image","twitter_creator":"@orio","twitter_site":"@intoscana","twitter_misc":{"Written by":"Raffaella Galamini","Est. reading time":"2 minuti"},"schema":{"@context":"https:\/\/schema.org","@graph":[{"@type":"WebPage","@id":"https:\/\/www.intoscana.it\/it\/etruschi-alla-scoperta-di-fufluns-dio-dimenticato-della-vendemmia\/","url":"https:\/\/www.intoscana.it\/it\/etruschi-alla-scoperta-di-fufluns-dio-dimenticato-della-vendemmia\/","name":"Etruschi, alla scoperta di Fufluns: dio (dimenticato) del vino - intoscana","isPartOf":{"@id":"https:\/\/www.intoscana.it\/it\/#website"},"primaryImageOfPage":{"@id":"https:\/\/www.intoscana.it\/it\/etruschi-alla-scoperta-di-fufluns-dio-dimenticato-della-vendemmia\/#primaryimage"},"image":{"@id":"https:\/\/www.intoscana.it\/it\/etruschi-alla-scoperta-di-fufluns-dio-dimenticato-della-vendemmia\/#primaryimage"},"thumbnailUrl":"https:\/\/www.intoscana.it\/wp-content\/uploads\/Fufluns_.jpg","datePublished":"2023-08-16T14:00:02+00:00","author":{"@id":"https:\/\/www.intoscana.it\/it\/#\/schema\/person\/9eb9daa846a49fe51af39a73d9d1986b"},"description":"Il Comune di Montepulciano promuove con i finanziamenti del Consiglio regionale una pagina YouTube, una pubblicazione e una campagna social","breadcrumb":{"@id":"https:\/\/www.intoscana.it\/it\/etruschi-alla-scoperta-di-fufluns-dio-dimenticato-della-vendemmia\/#breadcrumb"},"inLanguage":"it-IT","potentialAction":[{"@type":"ReadAction","target":["https:\/\/www.intoscana.it\/it\/etruschi-alla-scoperta-di-fufluns-dio-dimenticato-della-vendemmia\/"]}]},{"@type":"ImageObject","inLanguage":"it-IT","@id":"https:\/\/www.intoscana.it\/it\/etruschi-alla-scoperta-di-fufluns-dio-dimenticato-della-vendemmia\/#primaryimage","url":"https:\/\/www.intoscana.it\/wp-content\/uploads\/Fufluns_.jpg","contentUrl":"https:\/\/www.intoscana.it\/wp-content\/uploads\/Fufluns_.jpg","width":921,"height":576,"caption":"Fufluns"},{"@type":"BreadcrumbList","@id":"https:\/\/www.intoscana.it\/it\/etruschi-alla-scoperta-di-fufluns-dio-dimenticato-della-vendemmia\/#breadcrumb","itemListElement":[{"@type":"ListItem","position":1,"name":"Home","item":"https:\/\/www.intoscana.it\/it\/"},{"@type":"ListItem","position":2,"name":"Etruschi, alla scoperta di Fufluns: dio (dimenticato) della vendemmia"}]},{"@type":"WebSite","@id":"https:\/\/www.intoscana.it\/it\/#website","url":"https:\/\/www.intoscana.it\/it\/","name":"intoscana","description":"","potentialAction":[{"@type":"SearchAction","target":{"@type":"EntryPoint","urlTemplate":"https:\/\/www.intoscana.it\/it\/?s={search_term_string}"},"query-input":{"@type":"PropertyValueSpecification","valueRequired":true,"valueName":"search_term_string"}}],"inLanguage":"it-IT"},{"@type":"Person","@id":"https:\/\/www.intoscana.it\/it\/#\/schema\/person\/9eb9daa846a49fe51af39a73d9d1986b","name":"Raffaella Galamini","sameAs":["https:\/\/x.com\/orio"],"url":"https:\/\/www.intoscana.it\/it\/author\/r-galamini\/"}]}},"_links":{"self":[{"href":"https:\/\/www.intoscana.it\/it\/wp-json\/wp\/v2\/posts\/299962","targetHints":{"allow":["GET"]}}],"collection":[{"href":"https:\/\/www.intoscana.it\/it\/wp-json\/wp\/v2\/posts"}],"about":[{"href":"https:\/\/www.intoscana.it\/it\/wp-json\/wp\/v2\/types\/post"}],"author":[{"embeddable":true,"href":"https:\/\/www.intoscana.it\/it\/wp-json\/wp\/v2\/users\/554"}],"replies":[{"embeddable":true,"href":"https:\/\/www.intoscana.it\/it\/wp-json\/wp\/v2\/comments?post=299962"}],"version-history":[{"count":0,"href":"https:\/\/www.intoscana.it\/it\/wp-json\/wp\/v2\/posts\/299962\/revisions"}],"wp:featuredmedia":[{"embeddable":true,"href":"https:\/\/www.intoscana.it\/it\/wp-json\/wp\/v2\/media\/299965"}],"wp:attachment":[{"href":"https:\/\/www.intoscana.it\/it\/wp-json\/wp\/v2\/media?parent=299962"}],"wp:term":[{"taxonomy":"category","embeddable":true,"href":"https:\/\/www.intoscana.it\/it\/wp-json\/wp\/v2\/categories?post=299962"},{"taxonomy":"post_tag","embeddable":true,"href":"https:\/\/www.intoscana.it\/it\/wp-json\/wp\/v2\/tags?post=299962"}],"curies":[{"name":"wp","href":"https:\/\/api.w.org\/{rel}","templated":true}]}}