{"id":300141,"date":"2023-08-17T12:26:58","date_gmt":"2023-08-17T10:26:58","guid":{"rendered":"https:\/\/www.intoscana.it\/it\/?p=300141"},"modified":"2023-08-17T15:14:40","modified_gmt":"2023-08-17T13:14:40","slug":"san-casciano-dei-bagni-il-21-agosto-ripartono-gli-scavi-al-santuario-ritrovato","status":"publish","type":"post","link":"https:\/\/www.intoscana.it\/it\/san-casciano-dei-bagni-il-21-agosto-ripartono-gli-scavi-al-santuario-ritrovato\/","title":{"rendered":"San Casciano dei Bagni, il 21 agosto ripartono gli scavi al &#8220;Santuario ritrovato&#8221;"},"content":{"rendered":"<p>La terra, le calde acque termali e il tempo hanno fatto il loro lavoro per pi\u00f9 di due millenni, ma adesso la meraviglia di bronzo \u00e8 riaffiorata e <strong>San Casciano dei Bagni<\/strong> continua a riservare sorprese. Questo \u00e8 quello che gli archeologi sanno e per questo continuano a lavorare per riportare alla luce le straordinarie testimonianze della civilt\u00e0 etrusca prima e romana poi: <mark>la seconda parte dell&#8217;ottava campagna di scavo \u00e8 cos\u00ec alle porte e il 21 agosto prender\u00e0 il via fino al prossimo 6 ottobre.<\/mark> Ben sette settimane in cui gli archeologi si addentreranno in quello che sembra essere &#8211; nostante qualche voce fuori dal coro &#8211;\u00a0 il pi\u00f9 grande ritrovamento dopo i Bronzi di Riace.<\/p>\n<div class=\"focuson\"><a href=\"https:\/\/www.intoscana.it\/it\/articolo\/san-casciano-dei-bagni-ritrovamento-statue\/\"><img decoding=\"async\" class=\"lazy\" src=\"https:\/\/www.intoscana.it\/wp-content\/uploads\/Abbracciando-Igea_Emanuele-Mariotti-2.jpg\" style=\"\">\n                <div class=\"cat\">La scoperta<\/div>\n                <h4><\/h4><\/a>\n              <\/div>\n<p>La prima parte della campagna di scavo, dal 19 giugno al 4 agosto, ha visto il team di archeologi &#8211; guidato dal dottor Emanuele Mariotti, direttore di scavo per il Comune di San Casciano dei Bagni, e con la direzione scientifica del professor Jacopo Tabolli dell&#8217;Universit\u00e0 per Stranieri di Siena &#8211;\u00a0 indagare i diversi settori che circondano la <strong>monumentale vasca sacra<\/strong>, raccogliendo dati fondamentali che permetteranno di ricostruire la lunga e complessa storia del santuario etrusco-romano. <mark>L&#8217;attivit\u00e0 \u00e8 aperta a studenti, specializzandi e dottorandi con curriculum archeologico e per partecipare \u00e8 necessario scrivere a mariotti.ema@gmail.com.<\/mark><\/p>\n<p><iframe loading=\"lazy\" title=\"Dal fango riemergono 24 statue di bronzo: a San Casciano dei Bagni la scoperta del secolo\" src=\"https:\/\/www.youtube.com\/embed\/x6kZcBrEyEM\" width=\"800\" height=\"500\" frameborder=\"0\" allowfullscreen=\"allowfullscreen\"><\/iframe><\/p>\n<p>\u201cTutto sta procedendo come previsto, stanno venendo fuori nuove strutture&#8221;, ha detto la sindaca di San Casciano dei Bagni <strong>Agnese Carletti<\/strong> commentando le attivit\u00e0 che hanno interessano il <strong>Bagno Grande <\/strong>per allargare l&#8217;area dello scavo. Prossimo passo:\u00a0 le ricerche per <strong>la scuola di medicina o la clinica<\/strong> che, gli archeologi ne sono sicuri, erano attive intorno al santuario e alle terme curative.<\/p>\n<blockquote class=\"instagram-media\" style=\"background: #FFF; border: 0; border-radius: 3px; box-shadow: 0 0 1px 0 rgba(0,0,0,0.5),0 1px 10px 0 rgba(0,0,0,0.15); margin: 1px; max-width: 540px; min-width: 326px; padding: 0; width: calc(100% - 2px);\" data-instgrm-captioned=\"\" data-instgrm-permalink=\"https:\/\/www.instagram.com\/reel\/Cv7S9KCIQGd\/?utm_source=ig_embed&amp;utm_campaign=loading\" data-instgrm-version=\"14\">\n<div style=\"padding: 16px;\">\n<p>&nbsp;<\/p>\n<div style=\"display: flex; flex-direction: row; align-items: center;\">\n<div style=\"background-color: #f4f4f4; border-radius: 50%; flex-grow: 0; height: 40px; margin-right: 14px; width: 40px;\"><\/div>\n<div style=\"display: flex; flex-direction: column; flex-grow: 1; justify-content: center;\">\n<div style=\"background-color: #f4f4f4; border-radius: 4px; flex-grow: 0; height: 14px; margin-bottom: 6px; width: 100px;\"><\/div>\n<div style=\"background-color: #f4f4f4; border-radius: 4px; flex-grow: 0; height: 14px; width: 60px;\"><\/div>\n<\/div>\n<\/div>\n<div style=\"padding: 19% 0;\"><\/div>\n<div style=\"display: block; height: 50px; margin: 0 auto 12px; width: 50px;\"><\/div>\n<div style=\"padding-top: 8px;\">\n<div style=\"color: #3897f0; font-family: Arial,sans-serif; font-size: 14px; font-style: normal; font-weight: 550; line-height: 18px;\">Visualizza questo post su Instagram<\/div>\n<\/div>\n<div style=\"padding: 12.5% 0;\"><\/div>\n<div style=\"display: flex; flex-direction: row; margin-bottom: 14px; align-items: center;\">\n<div>\n<div style=\"background-color: #f4f4f4; border-radius: 50%; height: 12.5px; width: 12.5px; transform: translateX(0px) translateY(7px);\"><\/div>\n<div style=\"background-color: #f4f4f4; height: 12.5px; transform: rotate(-45deg) translateX(3px) translateY(1px); width: 12.5px; flex-grow: 0; margin-right: 14px; margin-left: 2px;\"><\/div>\n<div style=\"background-color: #f4f4f4; border-radius: 50%; height: 12.5px; width: 12.5px; transform: translateX(9px) translateY(-18px);\"><\/div>\n<\/div>\n<div style=\"margin-left: 8px;\">\n<div style=\"background-color: #f4f4f4; border-radius: 50%; flex-grow: 0; height: 20px; width: 20px;\"><\/div>\n<div style=\"width: 0; height: 0; border-top: 2px solid transparent; border-left: 6px solid #f4f4f4; border-bottom: 2px solid transparent; transform: translateX(16px) translateY(-4px) rotate(30deg);\"><\/div>\n<\/div>\n<div style=\"margin-left: auto;\">\n<div style=\"width: 0px; border-top: 8px solid #F4F4F4; border-right: 8px solid transparent; transform: translateY(16px);\"><\/div>\n<div style=\"background-color: #f4f4f4; flex-grow: 0; height: 12px; width: 16px; transform: translateY(-4px);\"><\/div>\n<div style=\"width: 0; height: 0; border-top: 8px solid #F4F4F4; border-left: 8px solid transparent; transform: translateY(-4px) translateX(8px);\"><\/div>\n<\/div>\n<\/div>\n<div style=\"display: flex; flex-direction: column; flex-grow: 1; justify-content: center; margin-bottom: 24px;\">\n<div style=\"background-color: #f4f4f4; border-radius: 4px; flex-grow: 0; height: 14px; margin-bottom: 6px; width: 224px;\"><\/div>\n<div style=\"background-color: #f4f4f4; border-radius: 4px; flex-grow: 0; height: 14px; width: 144px;\"><\/div>\n<\/div>\n<p>&nbsp;<\/p>\n<p style=\"color: #c9c8cd; font-family: Arial,sans-serif; font-size: 14px; line-height: 17px; margin-bottom: 0; margin-top: 8px; overflow: hidden; padding: 8px 0 7px; text-align: center; text-overflow: ellipsis; white-space: nowrap;\"><a style=\"color: #c9c8cd; font-family: Arial,sans-serif; font-size: 14px; font-style: normal; font-weight: normal; line-height: 17px; text-decoration: none;\" href=\"https:\/\/www.instagram.com\/reel\/Cv7S9KCIQGd\/?utm_source=ig_embed&amp;utm_campaign=loading\" target=\"_blank\" rel=\"noopener\">Un post condiviso da Il Santuario Ritrovato (@il_santuario_ritrovato_scb)<\/a><\/p>\n<\/div>\n<\/blockquote>\n<p><script async src=\"\/\/www.instagram.com\/embed.js\"><\/script><\/p>\n<h3>La scoperta che cambier\u00e0 i libri di storia<\/h3>\n<p>Protetto per 2300 anni dal fango e dall\u2019acqua bollente, un tesoro \u00e8 riemerso negli ultimi anni dagli scavi di<strong> San Casciano dei Bagni<\/strong> in Toscana. Una scoperta che riscrive la storia e sulla quale sono gi\u00e0 al lavoro oltre <strong>60 esperti <\/strong>di tutto il mondo<strong>. <\/strong>Realizzate con tutta probabilit\u00e0 da artigiani locali, <strong>le 24 statue<\/strong> si possono datare tra il II secolo avanti Cristo e il I dopo<strong>.<\/strong><\/p>\n<p><strong>Il santuario,<\/strong> con le sue piscine ribollenti, le terrazze digradanti, le fontane, gli altari, <mark>esisteva almeno dal III secolo a.C. e rimase attivo fino al V d.C.,\u00a0quando in epoca cristiana venne chiuso ma non distrutto, le vasche vennero sigillate con pesanti colonne di pietra e le divinit\u00e0 affidate all\u2019acqua.<\/mark> \u00c8 anche per questo che, rimossa quella copertura, gli archeologi si sono trovati davanti un tesoro ancora intatto, di fatto <mark>il pi\u00f9 grande deposito di statue dell\u2019Italia antica.<\/mark><\/p>\n<figure id=\"post-300251 media-300251\" class=\"align-none\"><img decoding=\"async\" src=\"https:\/\/www.intoscana.it\/wp-content\/uploads\/San-Casciano-dei-Bagni.jpeg\" alt=\"\" \/><\/figure>\n<div class=\"titleimg\">San Casciano dei Bagni<\/div>\n<h3>La grande mostra al Quirinale<\/h3>\n<p>Inaugurata lo scorso giugno al Quirinale con il presidente della Repubblica <strong>Sergio Mattarella<\/strong>, la <a href=\"https:\/\/www.intoscana.it\/it\/articolo\/a-roma-al-quirinale-si-apre-la-mostra-gli-dei-ritornano-con-i-bronzi-di-san-casciano\/\" target=\"_blank\" rel=\"noopener\">mostra<\/a> dedicata alla grande scoperta &#8211; dopo una pausa estiva &#8211; <mark>riparte dal 2 settembre al 29 ottobre. L&#8217;esposizione dal titolo \u201c<em>Gli Dei ritornano. I bronzi di San Casciano<\/em>\u201d porta nella capitale le oltre venti statue e statuette, e migliaia di monete in bronzo e ex-voto anatomici.<\/mark><\/p>\n<figure id=\"post-292997 media-292997\" class=\"align-none\"><img decoding=\"async\" src=\"https:\/\/www.intoscana.it\/wp-content\/uploads\/IMG_3336.jpg\" alt=\"\" \/><\/figure>\n<div class=\"titleimg\">Mattarella all\u2019inaugurazione della mostra sui bronzi di San Casciano al Quirinale<\/div>\n<p>Il <strong>ministero della Cultura<\/strong> ha intanto acquistato la sede del museo nel centro di San Casciano &#8211; costata 600 mila euro &#8211; a cui si aggiungono i restauri, per un totale al momento di 140 mila euro, e gli espropri dei terreni circostanti allo scavo per consentire di ampliare la ricerca.<\/p>\n<p>&nbsp;<\/p>\n<p>&nbsp;<\/p>\n","protected":false},"excerpt":{"rendered":"<p>Riprendono le attivit\u00e0 degli archeologi intorno al Bagno Grande per scoprire gli altri tesori custoditi dalle calde acque termali per oltre due millenni. Dal 2 settembre torna la mostra al Quirinale<\/p>\n","protected":false},"author":545,"featured_media":256794,"comment_status":"open","ping_status":"open","sticky":false,"template":"","format":"standard","meta":{"_acf_changed":false,"footnotes":""},"categories":[493],"tags":[208,261,5846],"class_list":["post-300141","post","type-post","status-publish","format-standard","has-post-thumbnail","hentry","category-cultura","tag-archeologia","tag-etruschi","tag-san-casciano-dei-bagni"],"acf":[],"yoast_head":"<!-- This site is optimized with the Yoast SEO Premium plugin v24.2 (Yoast SEO v25.6) - https:\/\/yoast.com\/wordpress\/plugins\/seo\/ -->\n<title>San Casciano dei Bagni, il 21 agosto ripartono gli scavi al &quot;Santuario ritrovato&quot; - intoscana<\/title>\n<meta name=\"description\" content=\"Riprendono le attivit\u00e0 degli archeologi intorno al Bagno Grande per scoprire gli altri tesori custoditi dalle calde acque termali per oltre due millenni. Dal 2 settembre torna la mostra al Quirinale\" \/>\n<meta name=\"robots\" content=\"index, follow, max-snippet:-1, max-image-preview:large, max-video-preview:-1\" \/>\n<link rel=\"canonical\" href=\"https:\/\/www.intoscana.it\/it\/san-casciano-dei-bagni-il-21-agosto-ripartono-gli-scavi-al-santuario-ritrovato\/\" \/>\n<meta property=\"og:locale\" content=\"it_IT\" \/>\n<meta property=\"og:type\" content=\"article\" \/>\n<meta property=\"og:title\" content=\"San Casciano dei Bagni, il 21 agosto ripartono gli scavi al &quot;Santuario ritrovato&quot;\" \/>\n<meta property=\"og:description\" content=\"Riprendono le attivit\u00e0 degli archeologi intorno al Bagno Grande per scoprire gli altri tesori custoditi dalle calde acque termali per oltre due millenni. Dal 2 settembre torna la mostra al Quirinale\" \/>\n<meta property=\"og:url\" content=\"https:\/\/www.intoscana.it\/it\/san-casciano-dei-bagni-il-21-agosto-ripartono-gli-scavi-al-santuario-ritrovato\/\" \/>\n<meta property=\"og:site_name\" content=\"intoscana\" \/>\n<meta property=\"article:publisher\" content=\"https:\/\/www.facebook.com\/intoscana.it\" \/>\n<meta property=\"article:published_time\" content=\"2023-08-17T10:26:58+00:00\" \/>\n<meta property=\"article:modified_time\" content=\"2023-08-17T13:14:40+00:00\" \/>\n<meta property=\"og:image\" content=\"https:\/\/www.intoscana.it\/wp-content\/uploads\/101352663-c90487cd-daa0-4ca3-9b1b-4d00cb442b50.jpg\" \/>\n\t<meta property=\"og:image:width\" content=\"1140\" \/>\n\t<meta property=\"og:image:height\" content=\"640\" \/>\n\t<meta property=\"og:image:type\" content=\"image\/jpeg\" \/>\n<meta name=\"author\" content=\"Clara D&#039;Acunto\" \/>\n<meta name=\"twitter:card\" content=\"summary_large_image\" \/>\n<meta name=\"twitter:creator\" content=\"@intoscana\" \/>\n<meta name=\"twitter:site\" content=\"@intoscana\" \/>\n<meta name=\"twitter:label1\" content=\"Written by\" \/>\n\t<meta name=\"twitter:data1\" content=\"Clara D&#039;Acunto\" \/>\n\t<meta name=\"twitter:label2\" content=\"Est. reading time\" \/>\n\t<meta name=\"twitter:data2\" content=\"3 minuti\" \/>\n<script type=\"application\/ld+json\" class=\"yoast-schema-graph\">{\"@context\":\"https:\/\/schema.org\",\"@graph\":[{\"@type\":\"WebPage\",\"@id\":\"https:\/\/www.intoscana.it\/it\/san-casciano-dei-bagni-il-21-agosto-ripartono-gli-scavi-al-santuario-ritrovato\/\",\"url\":\"https:\/\/www.intoscana.it\/it\/san-casciano-dei-bagni-il-21-agosto-ripartono-gli-scavi-al-santuario-ritrovato\/\",\"name\":\"San Casciano dei Bagni, il 21 agosto ripartono gli scavi al \\\"Santuario ritrovato\\\" - intoscana\",\"isPartOf\":{\"@id\":\"https:\/\/www.intoscana.it\/it\/#website\"},\"primaryImageOfPage\":{\"@id\":\"https:\/\/www.intoscana.it\/it\/san-casciano-dei-bagni-il-21-agosto-ripartono-gli-scavi-al-santuario-ritrovato\/#primaryimage\"},\"image\":{\"@id\":\"https:\/\/www.intoscana.it\/it\/san-casciano-dei-bagni-il-21-agosto-ripartono-gli-scavi-al-santuario-ritrovato\/#primaryimage\"},\"thumbnailUrl\":\"https:\/\/www.intoscana.it\/wp-content\/uploads\/101352663-c90487cd-daa0-4ca3-9b1b-4d00cb442b50.jpg\",\"datePublished\":\"2023-08-17T10:26:58+00:00\",\"dateModified\":\"2023-08-17T13:14:40+00:00\",\"author\":{\"@id\":\"https:\/\/www.intoscana.it\/it\/#\/schema\/person\/137419af9ef5d385bde52864a841e6ce\"},\"description\":\"Riprendono le attivit\u00e0 degli archeologi intorno al Bagno Grande per scoprire gli altri tesori custoditi dalle calde acque termali per oltre due millenni. Dal 2 settembre torna la mostra al Quirinale\",\"breadcrumb\":{\"@id\":\"https:\/\/www.intoscana.it\/it\/san-casciano-dei-bagni-il-21-agosto-ripartono-gli-scavi-al-santuario-ritrovato\/#breadcrumb\"},\"inLanguage\":\"it-IT\",\"potentialAction\":[{\"@type\":\"ReadAction\",\"target\":[\"https:\/\/www.intoscana.it\/it\/san-casciano-dei-bagni-il-21-agosto-ripartono-gli-scavi-al-santuario-ritrovato\/\"]}]},{\"@type\":\"ImageObject\",\"inLanguage\":\"it-IT\",\"@id\":\"https:\/\/www.intoscana.it\/it\/san-casciano-dei-bagni-il-21-agosto-ripartono-gli-scavi-al-santuario-ritrovato\/#primaryimage\",\"url\":\"https:\/\/www.intoscana.it\/wp-content\/uploads\/101352663-c90487cd-daa0-4ca3-9b1b-4d00cb442b50.jpg\",\"contentUrl\":\"https:\/\/www.intoscana.it\/wp-content\/uploads\/101352663-c90487cd-daa0-4ca3-9b1b-4d00cb442b50.jpg\",\"width\":1140,\"height\":640,\"caption\":\"Il ritrovamento dei bronzi etruschi a San Casciano dei Bagni\"},{\"@type\":\"BreadcrumbList\",\"@id\":\"https:\/\/www.intoscana.it\/it\/san-casciano-dei-bagni-il-21-agosto-ripartono-gli-scavi-al-santuario-ritrovato\/#breadcrumb\",\"itemListElement\":[{\"@type\":\"ListItem\",\"position\":1,\"name\":\"Home\",\"item\":\"https:\/\/www.intoscana.it\/it\/\"},{\"@type\":\"ListItem\",\"position\":2,\"name\":\"San Casciano dei Bagni, il 21 agosto ripartono gli scavi al &#8220;Santuario ritrovato&#8221;\"}]},{\"@type\":\"WebSite\",\"@id\":\"https:\/\/www.intoscana.it\/it\/#website\",\"url\":\"https:\/\/www.intoscana.it\/it\/\",\"name\":\"intoscana\",\"description\":\"\",\"potentialAction\":[{\"@type\":\"SearchAction\",\"target\":{\"@type\":\"EntryPoint\",\"urlTemplate\":\"https:\/\/www.intoscana.it\/it\/?s={search_term_string}\"},\"query-input\":{\"@type\":\"PropertyValueSpecification\",\"valueRequired\":true,\"valueName\":\"search_term_string\"}}],\"inLanguage\":\"it-IT\"},{\"@type\":\"Person\",\"@id\":\"https:\/\/www.intoscana.it\/it\/#\/schema\/person\/137419af9ef5d385bde52864a841e6ce\",\"name\":\"Clara D'Acunto\",\"url\":\"https:\/\/www.intoscana.it\/it\/author\/clara-d_acunto\/\"}]}<\/script>\n<!-- \/ Yoast SEO Premium plugin. -->","yoast_head_json":{"title":"San Casciano dei Bagni, il 21 agosto ripartono gli scavi al \"Santuario ritrovato\" - intoscana","description":"Riprendono le attivit\u00e0 degli archeologi intorno al Bagno Grande per scoprire gli altri tesori custoditi dalle calde acque termali per oltre due millenni. Dal 2 settembre torna la mostra al Quirinale","robots":{"index":"index","follow":"follow","max-snippet":"max-snippet:-1","max-image-preview":"max-image-preview:large","max-video-preview":"max-video-preview:-1"},"canonical":"https:\/\/www.intoscana.it\/it\/san-casciano-dei-bagni-il-21-agosto-ripartono-gli-scavi-al-santuario-ritrovato\/","og_locale":"it_IT","og_type":"article","og_title":"San Casciano dei Bagni, il 21 agosto ripartono gli scavi al \"Santuario ritrovato\"","og_description":"Riprendono le attivit\u00e0 degli archeologi intorno al Bagno Grande per scoprire gli altri tesori custoditi dalle calde acque termali per oltre due millenni. Dal 2 settembre torna la mostra al Quirinale","og_url":"https:\/\/www.intoscana.it\/it\/san-casciano-dei-bagni-il-21-agosto-ripartono-gli-scavi-al-santuario-ritrovato\/","og_site_name":"intoscana","article_publisher":"https:\/\/www.facebook.com\/intoscana.it","article_published_time":"2023-08-17T10:26:58+00:00","article_modified_time":"2023-08-17T13:14:40+00:00","og_image":[{"width":1140,"height":640,"url":"https:\/\/www.intoscana.it\/wp-content\/uploads\/101352663-c90487cd-daa0-4ca3-9b1b-4d00cb442b50.jpg","type":"image\/jpeg"}],"author":"Clara D'Acunto","twitter_card":"summary_large_image","twitter_creator":"@intoscana","twitter_site":"@intoscana","twitter_misc":{"Written by":"Clara D'Acunto","Est. reading time":"3 minuti"},"schema":{"@context":"https:\/\/schema.org","@graph":[{"@type":"WebPage","@id":"https:\/\/www.intoscana.it\/it\/san-casciano-dei-bagni-il-21-agosto-ripartono-gli-scavi-al-santuario-ritrovato\/","url":"https:\/\/www.intoscana.it\/it\/san-casciano-dei-bagni-il-21-agosto-ripartono-gli-scavi-al-santuario-ritrovato\/","name":"San Casciano dei Bagni, il 21 agosto ripartono gli scavi al \"Santuario ritrovato\" - intoscana","isPartOf":{"@id":"https:\/\/www.intoscana.it\/it\/#website"},"primaryImageOfPage":{"@id":"https:\/\/www.intoscana.it\/it\/san-casciano-dei-bagni-il-21-agosto-ripartono-gli-scavi-al-santuario-ritrovato\/#primaryimage"},"image":{"@id":"https:\/\/www.intoscana.it\/it\/san-casciano-dei-bagni-il-21-agosto-ripartono-gli-scavi-al-santuario-ritrovato\/#primaryimage"},"thumbnailUrl":"https:\/\/www.intoscana.it\/wp-content\/uploads\/101352663-c90487cd-daa0-4ca3-9b1b-4d00cb442b50.jpg","datePublished":"2023-08-17T10:26:58+00:00","dateModified":"2023-08-17T13:14:40+00:00","author":{"@id":"https:\/\/www.intoscana.it\/it\/#\/schema\/person\/137419af9ef5d385bde52864a841e6ce"},"description":"Riprendono le attivit\u00e0 degli archeologi intorno al Bagno Grande per scoprire gli altri tesori custoditi dalle calde acque termali per oltre due millenni. Dal 2 settembre torna la mostra al Quirinale","breadcrumb":{"@id":"https:\/\/www.intoscana.it\/it\/san-casciano-dei-bagni-il-21-agosto-ripartono-gli-scavi-al-santuario-ritrovato\/#breadcrumb"},"inLanguage":"it-IT","potentialAction":[{"@type":"ReadAction","target":["https:\/\/www.intoscana.it\/it\/san-casciano-dei-bagni-il-21-agosto-ripartono-gli-scavi-al-santuario-ritrovato\/"]}]},{"@type":"ImageObject","inLanguage":"it-IT","@id":"https:\/\/www.intoscana.it\/it\/san-casciano-dei-bagni-il-21-agosto-ripartono-gli-scavi-al-santuario-ritrovato\/#primaryimage","url":"https:\/\/www.intoscana.it\/wp-content\/uploads\/101352663-c90487cd-daa0-4ca3-9b1b-4d00cb442b50.jpg","contentUrl":"https:\/\/www.intoscana.it\/wp-content\/uploads\/101352663-c90487cd-daa0-4ca3-9b1b-4d00cb442b50.jpg","width":1140,"height":640,"caption":"Il ritrovamento dei bronzi etruschi a San Casciano dei Bagni"},{"@type":"BreadcrumbList","@id":"https:\/\/www.intoscana.it\/it\/san-casciano-dei-bagni-il-21-agosto-ripartono-gli-scavi-al-santuario-ritrovato\/#breadcrumb","itemListElement":[{"@type":"ListItem","position":1,"name":"Home","item":"https:\/\/www.intoscana.it\/it\/"},{"@type":"ListItem","position":2,"name":"San Casciano dei Bagni, il 21 agosto ripartono gli scavi al &#8220;Santuario ritrovato&#8221;"}]},{"@type":"WebSite","@id":"https:\/\/www.intoscana.it\/it\/#website","url":"https:\/\/www.intoscana.it\/it\/","name":"intoscana","description":"","potentialAction":[{"@type":"SearchAction","target":{"@type":"EntryPoint","urlTemplate":"https:\/\/www.intoscana.it\/it\/?s={search_term_string}"},"query-input":{"@type":"PropertyValueSpecification","valueRequired":true,"valueName":"search_term_string"}}],"inLanguage":"it-IT"},{"@type":"Person","@id":"https:\/\/www.intoscana.it\/it\/#\/schema\/person\/137419af9ef5d385bde52864a841e6ce","name":"Clara D'Acunto","url":"https:\/\/www.intoscana.it\/it\/author\/clara-d_acunto\/"}]}},"_links":{"self":[{"href":"https:\/\/www.intoscana.it\/it\/wp-json\/wp\/v2\/posts\/300141","targetHints":{"allow":["GET"]}}],"collection":[{"href":"https:\/\/www.intoscana.it\/it\/wp-json\/wp\/v2\/posts"}],"about":[{"href":"https:\/\/www.intoscana.it\/it\/wp-json\/wp\/v2\/types\/post"}],"author":[{"embeddable":true,"href":"https:\/\/www.intoscana.it\/it\/wp-json\/wp\/v2\/users\/545"}],"replies":[{"embeddable":true,"href":"https:\/\/www.intoscana.it\/it\/wp-json\/wp\/v2\/comments?post=300141"}],"version-history":[{"count":0,"href":"https:\/\/www.intoscana.it\/it\/wp-json\/wp\/v2\/posts\/300141\/revisions"}],"wp:featuredmedia":[{"embeddable":true,"href":"https:\/\/www.intoscana.it\/it\/wp-json\/wp\/v2\/media\/256794"}],"wp:attachment":[{"href":"https:\/\/www.intoscana.it\/it\/wp-json\/wp\/v2\/media?parent=300141"}],"wp:term":[{"taxonomy":"category","embeddable":true,"href":"https:\/\/www.intoscana.it\/it\/wp-json\/wp\/v2\/categories?post=300141"},{"taxonomy":"post_tag","embeddable":true,"href":"https:\/\/www.intoscana.it\/it\/wp-json\/wp\/v2\/tags?post=300141"}],"curies":[{"name":"wp","href":"https:\/\/api.w.org\/{rel}","templated":true}]}}