{"id":300539,"date":"2023-08-18T13:31:05","date_gmt":"2023-08-18T11:31:05","guid":{"rendered":"https:\/\/www.intoscana.it\/it\/?p=300539"},"modified":"2023-08-23T13:07:41","modified_gmt":"2023-08-23T11:07:41","slug":"montepulciano-bravio-delle-botti-2023","status":"publish","type":"post","link":"https:\/\/www.intoscana.it\/it\/montepulciano-bravio-delle-botti-2023\/","title":{"rendered":"A Montepulciano torna il Brav\u00eco delle Botti: una settimana di festa nella citt\u00e0 poliziana"},"content":{"rendered":"<p>Degustazioni di Vino Nobile, spettacoli medievali e il gran finale con la gara delle botti. \u00c8 questo il ricco programma della settimana del <strong>Brav\u00eco delle Botti in cui Montepulciano,<\/strong> che \u00e8 stata presentata oggi: la citt\u00e0 poliziana si prepara cos\u00ec a rivivere la tradizione e la storia di una delle manifestazioni pi\u00f9 suggestive e imponenti della Toscana.<\/p>\n<h3>La novit\u00e0 di quest&#8217;anno: gli artisti di strada<\/h3>\n<p style=\"font-weight: 400;\">Tra le novit\u00e0 di quest&#8217;anno <mark>gli spettacoli degli artisti di strada che, durante le serate contradaiole, animeranno l&#8217;atmosfera e regaleranno intrattenimenti medievale.<\/mark> Non solo prove in notturna delle otto contrade dunque, quest\u2019anno nella settimana che precede la gara, il Brav\u00eco regaler\u00e0 a cittadini, visitatori e turisti un motivo in pi\u00f9 per rimanere affascinati dalla manifestazione. Marted\u00ec 22 agosto si esibir\u00e0 nel centro storico di Montepulciano <strong>&#8220;Il paggio dei Clerici Vagantes&#8221;<\/strong>, mentre mercoled\u00ec 23 agosto sar\u00e0 la volta de <strong>&#8220;Il Mago Abacuc&#8221; <\/strong>che offrir\u00e0 spettacoli di magia, giocoleria ed equilibrismo accompagnati da fuoco e altri elementi.<\/p>\n<p><em>\u201cIl Brav\u00eco \u00e8 sempre pi\u00f9 una festa di popolo, come dimostrano la partecipazione e l&#8217;entusiasmo giovanile che le otto contrade riescono a mobilitare. <\/em>\u2013 spiega il\u00a0<strong>Reggitore Andrea Biagianti<\/strong>\u00a0&#8211;<em> il lavoro che abbiamo fatto in questi anni, grazie alle energie del magistrato, all&#8217;impegno delle contrade e alle relazioni istituzionali con le diverse realt\u00e0 culturali e sociali del territorio, ci consente di presentare una manifestazione solida.&#8221;<\/em><\/p>\n<h3 style=\"font-weight: 400;\"><strong>Da Cantine in Piazza al Corteo dei ceri<\/strong><\/h3>\n<p style=\"font-weight: 400;\">\u00a0Il programma ufficiale del Brav\u00eco di quest&#8217;anno, messo a punto dal Magistrato delle Contrade di Montepulciano, prender\u00e0 il via venerd\u00ec 18 Agosto alle ore 19 in Piazza Grande con <strong>&#8220;Cantine in Piazza&#8221;,<\/strong> l\u2019appuntamento organizzato in collaborazione con il Consorzio del Vino Nobile di Montepulciano, dove <mark>sar\u00e0 possibile degustare vino Nobile e prodotti tipici con intrattenimento musicale dal vivo.<\/mark><\/p>\n<p style=\"font-weight: 400;\"><strong>Sabato 19 agosto<\/strong> il primo vero appuntamento con la tradizione: alle 21 in Piazza Grande infatti si aprir\u00e0 ufficialmente il Brav\u00eco 2023 con il Proclama del Gonfaloniere, accompagnato dall\u2019esibizione del <strong>Gruppo Sbandieratori e Tamburini di Montepulciano<\/strong>, seguiti dallo spettacolo della Compagnia Kronos Teatro Acrobatico &#8211; &#8220;Kaccia alle Streghe&#8221;.<br \/>\n<strong>Domenica 20 agosto<\/strong>\u00a0sar\u00e0 la giornata della presentazione del panno che andr\u00e0 alla contrada vincitrice. Anche per questa edizione il panno \u00e8 stato dipinto dall\u2019artista fiorentina <strong>Paola Imposimato<\/strong> e dedicato ai 75 anni dell\u2019entrata in vigore della Costituzione.<\/p>\n<p style=\"font-weight: 400;\">La giornata di domenica vedr\u00e0 poi la premiazione del concorso di <mark>&#8220;<a href=\"https:\/\/www.intoscana.it\/it\/articolo\/a-tavola-con-il-nobile-acquacotta-2023\/\">A Tavola con il Nobile<\/a>&#8221; organizzato in collaborazione con il Consorzio del Vino Nobile di Montepulciano e che vede le otto contrade del Brav\u00eco sfidarsi ai fornelli,<\/mark> a giudicare e a decretare la vincitrice un&#8217;attesa giuria di giornalisti enogastronomici. La cerimonia si svolger\u00e0 nel chiostro della Fortezza di Montepulciano e il panno, alle ore 18:30 verr\u00e0 esposto in Piazza Grande con l\u2019esibizione del Gruppo Sbandieratori e Tamburini.<\/p>\n<figure id=\"post-236357 media-236357\" class=\"align-none\">\n<p><figure style=\"width: 2000px\" class=\"wp-caption alignnone\"><img loading=\"lazy\" decoding=\"async\" src=\"https:\/\/www.intoscana.it\/wp-content\/uploads\/Corteo-ceri1.jpg\" alt=\"\" width=\"2000\" height=\"1333\" \/><figcaption class=\"wp-caption-text\">Il Corteo dei ceri<\/figcaption><\/figure><\/figure>\n<p style=\"font-weight: 400;\"><strong>Gioved\u00ec 24 Agosto dalle ore 21<\/strong>\u00a0appuntamento con la suggestiva e affascinante <strong>Serata dei Ceri Sacri.<\/strong> <mark>L\u2019imponente Corteo Storico, composto dalle otto contrade, partir\u00e0 dalla Colonna del Marzocco per arrivare in Piazza Grande,<\/mark> in religioso silenzio e illuminato solo con la luce delle candele, dove si svolger\u00e0 la cerimonia dell\u2019offerta dei Ceri in onore del patrono San Giovanni Decollato nella Chiesa SS Nome del Ges\u00f9. Dopo il Gruppo Sbandieratori e Tamburini incanter\u00e0 con lo sventolio di bandiere e rullo di tamburi, per poi lasciare la scena allo spettacolo della Compagnia Teatro Accademia Creativa &#8211; &#8220;Ignis&#8221;, fino ad arrivare a conclusione della serata con lo <strong>spettacolo pirotecnico.<\/strong><\/p>\n<h3>La gara di domenica 27 agosto<\/h3>\n<p>A partire dal 20 al 27 agosto tutte le <strong>contrade<\/strong> apriranno le loro<strong> cucine<\/strong> con i piatti tipici della tradizione locale e tanti appuntamenti aggiuntivi tra feste, musica dal vivo e serate a tema. E dal 20 al 25 agosto (con la pausa di gioved\u00ec 24 agosto) si terranno le <strong>prove notturne degli spingitori,<\/strong> con gli atleti delle rispettive contrade che proveranno il percorso di gara facendo rotolare le botti sulla pietra serena, in modo da elaborare le migliori strategie per la gara.<\/p>\n<p style=\"font-weight: 400;\">La settimana degli eventi culminer\u00e0 <strong>domenica 27 agosto<\/strong>, giorno della grande gara. La lunga giornata\u00a0inizier\u00e0 alle ore 9:30 in Piazza Grande con l&#8217;estrazione dell&#8217;ordine di partenza, l&#8217;esibizione dei quartetti di sbandieratori e tamburini e la marchiatura delle botti. Alle ore 12 Santa Messa nella Chiesa SS Nome di Ges\u00f9 alla presenza delle autorit\u00e0 e del mondo contradaiolo, con offerta dei ceri a San Giovanni Decollato.<\/p>\n<p style=\"font-weight: 400;\">Alle ore 15:30 partenza del <strong>corteo storico<\/strong> dalla Colonna del Marzocco che si snoder\u00e0 per le vie cittadine fino a Piazza Grande. Alle ore 18:30 \u00e8 il momento della <mark>gara vera e propria, con le coppie degli spingitori delle otto contrade che si sfideranno in un percorso di gara lungo 1,8 km<\/mark> per conquistare l&#8217;ambito Panno.<\/p>\n","protected":false},"excerpt":{"rendered":"<p>Si parte il 18 agosto con &#8220;Cantine in piazza&#8221; per arrivare a domenica 27 agosto quando le otto contrade si sfideranno nella tradizionale corsa con la notte<\/p>\n","protected":false},"author":525,"featured_media":234135,"comment_status":"open","ping_status":"open","sticky":false,"template":"","format":"standard","meta":{"_acf_changed":false,"footnotes":""},"categories":[493],"tags":[6495,4452],"class_list":["post-300539","post","type-post","status-publish","format-standard","has-post-thumbnail","hentry","category-cultura","tag-folklore","tag-montepulciano"],"acf":[],"yoast_head":"<!-- This site is optimized with the Yoast SEO Premium plugin v24.2 (Yoast SEO v25.6) - https:\/\/yoast.com\/wordpress\/plugins\/seo\/ -->\n<title>A Montepulciano torna il Brav\u00eco delle Botti: una settimana di festa nella citt\u00e0 poliziana - intoscana<\/title>\n<meta name=\"description\" content=\"Una settimana di eventi a Montepulciano per il Brav\u00eco delle Botti, la storica gara tra contrade che si terr\u00e0 domenica 27 agosto.\" \/>\n<meta name=\"robots\" content=\"index, follow, max-snippet:-1, max-image-preview:large, max-video-preview:-1\" \/>\n<link rel=\"canonical\" href=\"https:\/\/www.intoscana.it\/it\/montepulciano-bravio-delle-botti-2023\/\" \/>\n<meta property=\"og:locale\" content=\"it_IT\" \/>\n<meta property=\"og:type\" content=\"article\" \/>\n<meta property=\"og:title\" content=\"A Montepulciano torna il Brav\u00eco delle Botti: una settimana di festa nella citt\u00e0 poliziana\" \/>\n<meta property=\"og:description\" content=\"Una settimana di eventi a Montepulciano per il Brav\u00eco delle Botti, la storica gara tra contrade che si terr\u00e0 domenica 27 agosto.\" \/>\n<meta property=\"og:url\" content=\"https:\/\/www.intoscana.it\/it\/montepulciano-bravio-delle-botti-2023\/\" \/>\n<meta property=\"og:site_name\" content=\"intoscana\" \/>\n<meta property=\"article:publisher\" content=\"https:\/\/www.facebook.com\/intoscana.it\" \/>\n<meta property=\"article:published_time\" content=\"2023-08-18T11:31:05+00:00\" \/>\n<meta property=\"article:modified_time\" content=\"2023-08-23T11:07:41+00:00\" \/>\n<meta property=\"og:image\" content=\"https:\/\/www.intoscana.it\/wp-content\/uploads\/5cb9e1f79e849_bravio-delle-botti-di-montepulciano.jpg\" \/>\n\t<meta property=\"og:image:width\" content=\"2000\" \/>\n\t<meta property=\"og:image:height\" content=\"1333\" \/>\n\t<meta property=\"og:image:type\" content=\"image\/jpeg\" \/>\n<meta name=\"author\" content=\"Redazione\" \/>\n<meta name=\"twitter:card\" content=\"summary_large_image\" \/>\n<meta name=\"twitter:creator\" content=\"@intoscana\" \/>\n<meta name=\"twitter:site\" content=\"@intoscana\" \/>\n<meta name=\"twitter:label1\" content=\"Written by\" \/>\n\t<meta name=\"twitter:data1\" content=\"Redazione\" \/>\n\t<meta name=\"twitter:label2\" content=\"Est. reading time\" \/>\n\t<meta name=\"twitter:data2\" content=\"4 minuti\" \/>\n<script type=\"application\/ld+json\" class=\"yoast-schema-graph\">{\"@context\":\"https:\/\/schema.org\",\"@graph\":[{\"@type\":\"WebPage\",\"@id\":\"https:\/\/www.intoscana.it\/it\/montepulciano-bravio-delle-botti-2023\/\",\"url\":\"https:\/\/www.intoscana.it\/it\/montepulciano-bravio-delle-botti-2023\/\",\"name\":\"A Montepulciano torna il Brav\u00eco delle Botti: una settimana di festa nella citt\u00e0 poliziana - intoscana\",\"isPartOf\":{\"@id\":\"https:\/\/www.intoscana.it\/it\/#website\"},\"primaryImageOfPage\":{\"@id\":\"https:\/\/www.intoscana.it\/it\/montepulciano-bravio-delle-botti-2023\/#primaryimage\"},\"image\":{\"@id\":\"https:\/\/www.intoscana.it\/it\/montepulciano-bravio-delle-botti-2023\/#primaryimage\"},\"thumbnailUrl\":\"https:\/\/www.intoscana.it\/wp-content\/uploads\/5cb9e1f79e849_bravio-delle-botti-di-montepulciano.jpg\",\"datePublished\":\"2023-08-18T11:31:05+00:00\",\"dateModified\":\"2023-08-23T11:07:41+00:00\",\"author\":{\"@id\":\"https:\/\/www.intoscana.it\/it\/#\/schema\/person\/9223810753230f20bd670fdd322661f8\"},\"description\":\"Una settimana di eventi a Montepulciano per il Brav\u00eco delle Botti, la storica gara tra contrade che si terr\u00e0 domenica 27 agosto.\",\"breadcrumb\":{\"@id\":\"https:\/\/www.intoscana.it\/it\/montepulciano-bravio-delle-botti-2023\/#breadcrumb\"},\"inLanguage\":\"it-IT\",\"potentialAction\":[{\"@type\":\"ReadAction\",\"target\":[\"https:\/\/www.intoscana.it\/it\/montepulciano-bravio-delle-botti-2023\/\"]}]},{\"@type\":\"ImageObject\",\"inLanguage\":\"it-IT\",\"@id\":\"https:\/\/www.intoscana.it\/it\/montepulciano-bravio-delle-botti-2023\/#primaryimage\",\"url\":\"https:\/\/www.intoscana.it\/wp-content\/uploads\/5cb9e1f79e849_bravio-delle-botti-di-montepulciano.jpg\",\"contentUrl\":\"https:\/\/www.intoscana.it\/wp-content\/uploads\/5cb9e1f79e849_bravio-delle-botti-di-montepulciano.jpg\",\"width\":2000,\"height\":1333,\"caption\":\"Bravio delle Botti a Montepulciano\"},{\"@type\":\"BreadcrumbList\",\"@id\":\"https:\/\/www.intoscana.it\/it\/montepulciano-bravio-delle-botti-2023\/#breadcrumb\",\"itemListElement\":[{\"@type\":\"ListItem\",\"position\":1,\"name\":\"Home\",\"item\":\"https:\/\/www.intoscana.it\/it\/\"},{\"@type\":\"ListItem\",\"position\":2,\"name\":\"A Montepulciano torna il Brav\u00eco delle Botti: una settimana di festa nella citt\u00e0 poliziana\"}]},{\"@type\":\"WebSite\",\"@id\":\"https:\/\/www.intoscana.it\/it\/#website\",\"url\":\"https:\/\/www.intoscana.it\/it\/\",\"name\":\"intoscana\",\"description\":\"\",\"potentialAction\":[{\"@type\":\"SearchAction\",\"target\":{\"@type\":\"EntryPoint\",\"urlTemplate\":\"https:\/\/www.intoscana.it\/it\/?s={search_term_string}\"},\"query-input\":{\"@type\":\"PropertyValueSpecification\",\"valueRequired\":true,\"valueName\":\"search_term_string\"}}],\"inLanguage\":\"it-IT\"},{\"@type\":\"Person\",\"@id\":\"https:\/\/www.intoscana.it\/it\/#\/schema\/person\/9223810753230f20bd670fdd322661f8\",\"name\":\"Redazione\",\"url\":\"https:\/\/www.intoscana.it\/it\/author\/redazione\/\"}]}<\/script>\n<!-- \/ Yoast SEO Premium plugin. -->","yoast_head_json":{"title":"A Montepulciano torna il Brav\u00eco delle Botti: una settimana di festa nella citt\u00e0 poliziana - intoscana","description":"Una settimana di eventi a Montepulciano per il Brav\u00eco delle Botti, la storica gara tra contrade che si terr\u00e0 domenica 27 agosto.","robots":{"index":"index","follow":"follow","max-snippet":"max-snippet:-1","max-image-preview":"max-image-preview:large","max-video-preview":"max-video-preview:-1"},"canonical":"https:\/\/www.intoscana.it\/it\/montepulciano-bravio-delle-botti-2023\/","og_locale":"it_IT","og_type":"article","og_title":"A Montepulciano torna il Brav\u00eco delle Botti: una settimana di festa nella citt\u00e0 poliziana","og_description":"Una settimana di eventi a Montepulciano per il Brav\u00eco delle Botti, la storica gara tra contrade che si terr\u00e0 domenica 27 agosto.","og_url":"https:\/\/www.intoscana.it\/it\/montepulciano-bravio-delle-botti-2023\/","og_site_name":"intoscana","article_publisher":"https:\/\/www.facebook.com\/intoscana.it","article_published_time":"2023-08-18T11:31:05+00:00","article_modified_time":"2023-08-23T11:07:41+00:00","og_image":[{"width":2000,"height":1333,"url":"https:\/\/www.intoscana.it\/wp-content\/uploads\/5cb9e1f79e849_bravio-delle-botti-di-montepulciano.jpg","type":"image\/jpeg"}],"author":"Redazione","twitter_card":"summary_large_image","twitter_creator":"@intoscana","twitter_site":"@intoscana","twitter_misc":{"Written by":"Redazione","Est. reading time":"4 minuti"},"schema":{"@context":"https:\/\/schema.org","@graph":[{"@type":"WebPage","@id":"https:\/\/www.intoscana.it\/it\/montepulciano-bravio-delle-botti-2023\/","url":"https:\/\/www.intoscana.it\/it\/montepulciano-bravio-delle-botti-2023\/","name":"A Montepulciano torna il Brav\u00eco delle Botti: una settimana di festa nella citt\u00e0 poliziana - intoscana","isPartOf":{"@id":"https:\/\/www.intoscana.it\/it\/#website"},"primaryImageOfPage":{"@id":"https:\/\/www.intoscana.it\/it\/montepulciano-bravio-delle-botti-2023\/#primaryimage"},"image":{"@id":"https:\/\/www.intoscana.it\/it\/montepulciano-bravio-delle-botti-2023\/#primaryimage"},"thumbnailUrl":"https:\/\/www.intoscana.it\/wp-content\/uploads\/5cb9e1f79e849_bravio-delle-botti-di-montepulciano.jpg","datePublished":"2023-08-18T11:31:05+00:00","dateModified":"2023-08-23T11:07:41+00:00","author":{"@id":"https:\/\/www.intoscana.it\/it\/#\/schema\/person\/9223810753230f20bd670fdd322661f8"},"description":"Una settimana di eventi a Montepulciano per il Brav\u00eco delle Botti, la storica gara tra contrade che si terr\u00e0 domenica 27 agosto.","breadcrumb":{"@id":"https:\/\/www.intoscana.it\/it\/montepulciano-bravio-delle-botti-2023\/#breadcrumb"},"inLanguage":"it-IT","potentialAction":[{"@type":"ReadAction","target":["https:\/\/www.intoscana.it\/it\/montepulciano-bravio-delle-botti-2023\/"]}]},{"@type":"ImageObject","inLanguage":"it-IT","@id":"https:\/\/www.intoscana.it\/it\/montepulciano-bravio-delle-botti-2023\/#primaryimage","url":"https:\/\/www.intoscana.it\/wp-content\/uploads\/5cb9e1f79e849_bravio-delle-botti-di-montepulciano.jpg","contentUrl":"https:\/\/www.intoscana.it\/wp-content\/uploads\/5cb9e1f79e849_bravio-delle-botti-di-montepulciano.jpg","width":2000,"height":1333,"caption":"Bravio delle Botti a Montepulciano"},{"@type":"BreadcrumbList","@id":"https:\/\/www.intoscana.it\/it\/montepulciano-bravio-delle-botti-2023\/#breadcrumb","itemListElement":[{"@type":"ListItem","position":1,"name":"Home","item":"https:\/\/www.intoscana.it\/it\/"},{"@type":"ListItem","position":2,"name":"A Montepulciano torna il Brav\u00eco delle Botti: una settimana di festa nella citt\u00e0 poliziana"}]},{"@type":"WebSite","@id":"https:\/\/www.intoscana.it\/it\/#website","url":"https:\/\/www.intoscana.it\/it\/","name":"intoscana","description":"","potentialAction":[{"@type":"SearchAction","target":{"@type":"EntryPoint","urlTemplate":"https:\/\/www.intoscana.it\/it\/?s={search_term_string}"},"query-input":{"@type":"PropertyValueSpecification","valueRequired":true,"valueName":"search_term_string"}}],"inLanguage":"it-IT"},{"@type":"Person","@id":"https:\/\/www.intoscana.it\/it\/#\/schema\/person\/9223810753230f20bd670fdd322661f8","name":"Redazione","url":"https:\/\/www.intoscana.it\/it\/author\/redazione\/"}]}},"_links":{"self":[{"href":"https:\/\/www.intoscana.it\/it\/wp-json\/wp\/v2\/posts\/300539","targetHints":{"allow":["GET"]}}],"collection":[{"href":"https:\/\/www.intoscana.it\/it\/wp-json\/wp\/v2\/posts"}],"about":[{"href":"https:\/\/www.intoscana.it\/it\/wp-json\/wp\/v2\/types\/post"}],"author":[{"embeddable":true,"href":"https:\/\/www.intoscana.it\/it\/wp-json\/wp\/v2\/users\/525"}],"replies":[{"embeddable":true,"href":"https:\/\/www.intoscana.it\/it\/wp-json\/wp\/v2\/comments?post=300539"}],"version-history":[{"count":0,"href":"https:\/\/www.intoscana.it\/it\/wp-json\/wp\/v2\/posts\/300539\/revisions"}],"wp:featuredmedia":[{"embeddable":true,"href":"https:\/\/www.intoscana.it\/it\/wp-json\/wp\/v2\/media\/234135"}],"wp:attachment":[{"href":"https:\/\/www.intoscana.it\/it\/wp-json\/wp\/v2\/media?parent=300539"}],"wp:term":[{"taxonomy":"category","embeddable":true,"href":"https:\/\/www.intoscana.it\/it\/wp-json\/wp\/v2\/categories?post=300539"},{"taxonomy":"post_tag","embeddable":true,"href":"https:\/\/www.intoscana.it\/it\/wp-json\/wp\/v2\/tags?post=300539"}],"curies":[{"name":"wp","href":"https:\/\/api.w.org\/{rel}","templated":true}]}}