{"id":301095,"date":"2023-08-22T16:35:41","date_gmt":"2023-08-22T14:35:41","guid":{"rendered":"https:\/\/www.intoscana.it\/it\/?p=301095"},"modified":"2023-08-23T09:52:11","modified_gmt":"2023-08-23T07:52:11","slug":"incendio-nel-bosco-di-castellazzara-nel-grossetano-in-azione-due-elicotteri","status":"publish","type":"post","link":"https:\/\/www.intoscana.it\/it\/incendio-nel-bosco-di-castellazzara-nel-grossetano-in-azione-due-elicotteri\/","title":{"rendered":"Incendio nel bosco di Castell&#8217;Azzara nel grossetano, in azione due elicotteri"},"content":{"rendered":"<p>Dopo l&#8217;<a href=\"https:\/\/www.intoscana.it\/it\/articolo\/incendio-allelba-evacuate-abitazioni-e-un-campeggio-in-azione-elicotteri-e-due-canadair\/\" target=\"_blank\" rel=\"noopener\"><strong>incendio all&#8217;isola d&#8217;Elba<\/strong><\/a> ieri sera, ormai domato, <strong>torna bruciare la Toscana.<\/strong><\/p>\n<p>C&#8217;\u00e8 un incendio dal fronte esteso nel <strong>bosco nel comune di Castell&#8217;Azzara (Grosseto), sull&#8217;Amiata<\/strong>.<\/p>\n<p>Le fiamme, secondo quanto spiegato, sono in prossimit\u00e0 di un agriturismo e stanno impegnando <strong>squadre dei vigili del fuoco del distaccamento di Arcidosso, Manciano e di quello di Piancastagnaio<\/strong>.<\/p>\n<p><strong>Quindici le unit\u00e0 dei vigili del fuoco impegnate a terra<\/strong> e il funzionario tecnico di questo comando, supportate dai volontari della <strong>Regione Toscana<\/strong> e da <strong>due elicotteri. <\/strong><\/p>\n<p>Secondo quanto spiegato,<strong> scongiurato, al momento il coinvolgimento di abitazioni,<\/strong> con esclusione di un annesso agricolo che \u00e8 stato completamente distrutto dal fuoco. <strong>Non si registrano feriti.<\/strong><\/p>\n<h3>L&#8217;incendio all&#8217;Elba forse di natura dolosa<\/h3>\n<p>&#8220;Sono gi\u00e0 cominciate le attivit\u00e0 di indagine perch\u00e9 riteniamo che l&#8217;incendio sia di natura dolosa e stiamo portando avanti tutti gli accertamenti necessari per riuscire a individuare il responsabile&#8221; ha dichiarato<strong>\u00a0il comandante dei carabinieri forestali del Parco Arcipelago Toscano, Stefano Cipriani,<\/strong> parlando in merito all&#8217;incendio divampato la notte scorsa <strong>nel territorio del comune di Rio all&#8217;isola d&#8217;Elba<\/strong> che ha portato all&#8217;evacuazione di alcune case e di un campeggio e di un villaggio turistico, per <strong>un totale di circa 700 persone fatte allontanare a titolo precauzionale.<\/strong><\/p>\n<p>Riguardo alle operazioni di spegnimento nella tarda mattinata di oggi, grazie anche al massiccio intervento via aerea di due canadair della flotta aerea Vf e due elicotteri della Regione Toscana, operativi <strong>dalle prime luci dell&#8217;alba, non c&#8217;era gi\u00e0 pi\u00f9 fronte attivo,<\/strong> l&#8217;incendio cio\u00e8 era praticamente estinto con qualche rimasuglio di focolai sparsi che non ha per\u00f2 impedito di <strong>partire subito con la bonifica dell&#8217;area interessata dal rogo. <\/strong><\/p>\n","protected":false},"excerpt":{"rendered":"<p>Scongiurato al momento il coinvolgimento di abitazioni, con esclusione di un annesso agricolo che \u00e8 stato completamente distrutto dal fuoco<\/p>\n","protected":false},"author":525,"featured_media":272215,"comment_status":"open","ping_status":"open","sticky":false,"template":"","format":"standard","meta":{"_acf_changed":false,"footnotes":""},"categories":[494],"tags":[4433,151],"class_list":["post-301095","post","type-post","status-publish","format-standard","has-post-thumbnail","hentry","category-attualita","tag-incendio","tag-regione-toscana"],"acf":[],"yoast_head":"<!-- This site is optimized with the Yoast SEO Premium plugin v24.2 (Yoast SEO v25.6) - https:\/\/yoast.com\/wordpress\/plugins\/seo\/ -->\n<title>Incendio nel bosco di Castell&#039;Azzara nel grossetano, in azione due elicotteri - intoscana<\/title>\n<meta name=\"description\" content=\"Scongiurato al momento il coinvolgimento di abitazioni, con esclusione di un annesso agricolo che \u00e8 stato completamente distrutto dal fuoco\" \/>\n<meta name=\"robots\" content=\"index, follow, max-snippet:-1, max-image-preview:large, max-video-preview:-1\" \/>\n<link rel=\"canonical\" href=\"https:\/\/www.intoscana.it\/it\/incendio-nel-bosco-di-castellazzara-nel-grossetano-in-azione-due-elicotteri\/\" \/>\n<meta property=\"og:locale\" content=\"it_IT\" \/>\n<meta property=\"og:type\" content=\"article\" \/>\n<meta property=\"og:title\" content=\"Incendio nel bosco di Castell&#039;Azzara nel grossetano, in azione due elicotteri\" \/>\n<meta property=\"og:description\" content=\"Scongiurato al momento il coinvolgimento di abitazioni, con esclusione di un annesso agricolo che \u00e8 stato completamente distrutto dal fuoco\" \/>\n<meta property=\"og:url\" content=\"https:\/\/www.intoscana.it\/it\/incendio-nel-bosco-di-castellazzara-nel-grossetano-in-azione-due-elicotteri\/\" \/>\n<meta property=\"og:site_name\" content=\"intoscana\" \/>\n<meta property=\"article:publisher\" content=\"https:\/\/www.facebook.com\/intoscana.it\" \/>\n<meta property=\"article:published_time\" content=\"2023-08-22T14:35:41+00:00\" \/>\n<meta property=\"article:modified_time\" content=\"2023-08-23T07:52:11+00:00\" \/>\n<meta property=\"og:image\" content=\"https:\/\/www.intoscana.it\/wp-content\/uploads\/incendio-a-stazzema-278661.660x368.jpg\" \/>\n\t<meta property=\"og:image:width\" content=\"660\" \/>\n\t<meta property=\"og:image:height\" content=\"368\" \/>\n\t<meta property=\"og:image:type\" content=\"image\/jpeg\" \/>\n<meta name=\"author\" content=\"Redazione\" \/>\n<meta name=\"twitter:card\" content=\"summary_large_image\" \/>\n<meta name=\"twitter:creator\" content=\"@intoscana\" \/>\n<meta name=\"twitter:site\" content=\"@intoscana\" \/>\n<meta name=\"twitter:label1\" content=\"Written by\" \/>\n\t<meta name=\"twitter:data1\" content=\"Redazione\" \/>\n\t<meta name=\"twitter:label2\" content=\"Est. reading time\" \/>\n\t<meta name=\"twitter:data2\" content=\"1 minuto\" \/>\n<script type=\"application\/ld+json\" class=\"yoast-schema-graph\">{\"@context\":\"https:\/\/schema.org\",\"@graph\":[{\"@type\":\"WebPage\",\"@id\":\"https:\/\/www.intoscana.it\/it\/incendio-nel-bosco-di-castellazzara-nel-grossetano-in-azione-due-elicotteri\/\",\"url\":\"https:\/\/www.intoscana.it\/it\/incendio-nel-bosco-di-castellazzara-nel-grossetano-in-azione-due-elicotteri\/\",\"name\":\"Incendio nel bosco di Castell'Azzara nel grossetano, in azione due elicotteri - intoscana\",\"isPartOf\":{\"@id\":\"https:\/\/www.intoscana.it\/it\/#website\"},\"primaryImageOfPage\":{\"@id\":\"https:\/\/www.intoscana.it\/it\/incendio-nel-bosco-di-castellazzara-nel-grossetano-in-azione-due-elicotteri\/#primaryimage\"},\"image\":{\"@id\":\"https:\/\/www.intoscana.it\/it\/incendio-nel-bosco-di-castellazzara-nel-grossetano-in-azione-due-elicotteri\/#primaryimage\"},\"thumbnailUrl\":\"https:\/\/www.intoscana.it\/wp-content\/uploads\/incendio-a-stazzema-278661.660x368.jpg\",\"datePublished\":\"2023-08-22T14:35:41+00:00\",\"dateModified\":\"2023-08-23T07:52:11+00:00\",\"author\":{\"@id\":\"https:\/\/www.intoscana.it\/it\/#\/schema\/person\/9223810753230f20bd670fdd322661f8\"},\"description\":\"Scongiurato al momento il coinvolgimento di abitazioni, con esclusione di un annesso agricolo che \u00e8 stato completamente distrutto dal fuoco\",\"breadcrumb\":{\"@id\":\"https:\/\/www.intoscana.it\/it\/incendio-nel-bosco-di-castellazzara-nel-grossetano-in-azione-due-elicotteri\/#breadcrumb\"},\"inLanguage\":\"it-IT\",\"potentialAction\":[{\"@type\":\"ReadAction\",\"target\":[\"https:\/\/www.intoscana.it\/it\/incendio-nel-bosco-di-castellazzara-nel-grossetano-in-azione-due-elicotteri\/\"]}]},{\"@type\":\"ImageObject\",\"inLanguage\":\"it-IT\",\"@id\":\"https:\/\/www.intoscana.it\/it\/incendio-nel-bosco-di-castellazzara-nel-grossetano-in-azione-due-elicotteri\/#primaryimage\",\"url\":\"https:\/\/www.intoscana.it\/wp-content\/uploads\/incendio-a-stazzema-278661.660x368.jpg\",\"contentUrl\":\"https:\/\/www.intoscana.it\/wp-content\/uploads\/incendio-a-stazzema-278661.660x368.jpg\",\"width\":660,\"height\":368},{\"@type\":\"BreadcrumbList\",\"@id\":\"https:\/\/www.intoscana.it\/it\/incendio-nel-bosco-di-castellazzara-nel-grossetano-in-azione-due-elicotteri\/#breadcrumb\",\"itemListElement\":[{\"@type\":\"ListItem\",\"position\":1,\"name\":\"Home\",\"item\":\"https:\/\/www.intoscana.it\/it\/\"},{\"@type\":\"ListItem\",\"position\":2,\"name\":\"Incendio nel bosco di Castell&#8217;Azzara nel grossetano, in azione due elicotteri\"}]},{\"@type\":\"WebSite\",\"@id\":\"https:\/\/www.intoscana.it\/it\/#website\",\"url\":\"https:\/\/www.intoscana.it\/it\/\",\"name\":\"intoscana\",\"description\":\"\",\"potentialAction\":[{\"@type\":\"SearchAction\",\"target\":{\"@type\":\"EntryPoint\",\"urlTemplate\":\"https:\/\/www.intoscana.it\/it\/?s={search_term_string}\"},\"query-input\":{\"@type\":\"PropertyValueSpecification\",\"valueRequired\":true,\"valueName\":\"search_term_string\"}}],\"inLanguage\":\"it-IT\"},{\"@type\":\"Person\",\"@id\":\"https:\/\/www.intoscana.it\/it\/#\/schema\/person\/9223810753230f20bd670fdd322661f8\",\"name\":\"Redazione\",\"url\":\"https:\/\/www.intoscana.it\/it\/author\/redazione\/\"}]}<\/script>\n<!-- \/ Yoast SEO Premium plugin. -->","yoast_head_json":{"title":"Incendio nel bosco di Castell'Azzara nel grossetano, in azione due elicotteri - intoscana","description":"Scongiurato al momento il coinvolgimento di abitazioni, con esclusione di un annesso agricolo che \u00e8 stato completamente distrutto dal fuoco","robots":{"index":"index","follow":"follow","max-snippet":"max-snippet:-1","max-image-preview":"max-image-preview:large","max-video-preview":"max-video-preview:-1"},"canonical":"https:\/\/www.intoscana.it\/it\/incendio-nel-bosco-di-castellazzara-nel-grossetano-in-azione-due-elicotteri\/","og_locale":"it_IT","og_type":"article","og_title":"Incendio nel bosco di Castell'Azzara nel grossetano, in azione due elicotteri","og_description":"Scongiurato al momento il coinvolgimento di abitazioni, con esclusione di un annesso agricolo che \u00e8 stato completamente distrutto dal fuoco","og_url":"https:\/\/www.intoscana.it\/it\/incendio-nel-bosco-di-castellazzara-nel-grossetano-in-azione-due-elicotteri\/","og_site_name":"intoscana","article_publisher":"https:\/\/www.facebook.com\/intoscana.it","article_published_time":"2023-08-22T14:35:41+00:00","article_modified_time":"2023-08-23T07:52:11+00:00","og_image":[{"width":660,"height":368,"url":"https:\/\/www.intoscana.it\/wp-content\/uploads\/incendio-a-stazzema-278661.660x368.jpg","type":"image\/jpeg"}],"author":"Redazione","twitter_card":"summary_large_image","twitter_creator":"@intoscana","twitter_site":"@intoscana","twitter_misc":{"Written by":"Redazione","Est. reading time":"1 minuto"},"schema":{"@context":"https:\/\/schema.org","@graph":[{"@type":"WebPage","@id":"https:\/\/www.intoscana.it\/it\/incendio-nel-bosco-di-castellazzara-nel-grossetano-in-azione-due-elicotteri\/","url":"https:\/\/www.intoscana.it\/it\/incendio-nel-bosco-di-castellazzara-nel-grossetano-in-azione-due-elicotteri\/","name":"Incendio nel bosco di Castell'Azzara nel grossetano, in azione due elicotteri - intoscana","isPartOf":{"@id":"https:\/\/www.intoscana.it\/it\/#website"},"primaryImageOfPage":{"@id":"https:\/\/www.intoscana.it\/it\/incendio-nel-bosco-di-castellazzara-nel-grossetano-in-azione-due-elicotteri\/#primaryimage"},"image":{"@id":"https:\/\/www.intoscana.it\/it\/incendio-nel-bosco-di-castellazzara-nel-grossetano-in-azione-due-elicotteri\/#primaryimage"},"thumbnailUrl":"https:\/\/www.intoscana.it\/wp-content\/uploads\/incendio-a-stazzema-278661.660x368.jpg","datePublished":"2023-08-22T14:35:41+00:00","dateModified":"2023-08-23T07:52:11+00:00","author":{"@id":"https:\/\/www.intoscana.it\/it\/#\/schema\/person\/9223810753230f20bd670fdd322661f8"},"description":"Scongiurato al momento il coinvolgimento di abitazioni, con esclusione di un annesso agricolo che \u00e8 stato completamente distrutto dal fuoco","breadcrumb":{"@id":"https:\/\/www.intoscana.it\/it\/incendio-nel-bosco-di-castellazzara-nel-grossetano-in-azione-due-elicotteri\/#breadcrumb"},"inLanguage":"it-IT","potentialAction":[{"@type":"ReadAction","target":["https:\/\/www.intoscana.it\/it\/incendio-nel-bosco-di-castellazzara-nel-grossetano-in-azione-due-elicotteri\/"]}]},{"@type":"ImageObject","inLanguage":"it-IT","@id":"https:\/\/www.intoscana.it\/it\/incendio-nel-bosco-di-castellazzara-nel-grossetano-in-azione-due-elicotteri\/#primaryimage","url":"https:\/\/www.intoscana.it\/wp-content\/uploads\/incendio-a-stazzema-278661.660x368.jpg","contentUrl":"https:\/\/www.intoscana.it\/wp-content\/uploads\/incendio-a-stazzema-278661.660x368.jpg","width":660,"height":368},{"@type":"BreadcrumbList","@id":"https:\/\/www.intoscana.it\/it\/incendio-nel-bosco-di-castellazzara-nel-grossetano-in-azione-due-elicotteri\/#breadcrumb","itemListElement":[{"@type":"ListItem","position":1,"name":"Home","item":"https:\/\/www.intoscana.it\/it\/"},{"@type":"ListItem","position":2,"name":"Incendio nel bosco di Castell&#8217;Azzara nel grossetano, in azione due elicotteri"}]},{"@type":"WebSite","@id":"https:\/\/www.intoscana.it\/it\/#website","url":"https:\/\/www.intoscana.it\/it\/","name":"intoscana","description":"","potentialAction":[{"@type":"SearchAction","target":{"@type":"EntryPoint","urlTemplate":"https:\/\/www.intoscana.it\/it\/?s={search_term_string}"},"query-input":{"@type":"PropertyValueSpecification","valueRequired":true,"valueName":"search_term_string"}}],"inLanguage":"it-IT"},{"@type":"Person","@id":"https:\/\/www.intoscana.it\/it\/#\/schema\/person\/9223810753230f20bd670fdd322661f8","name":"Redazione","url":"https:\/\/www.intoscana.it\/it\/author\/redazione\/"}]}},"_links":{"self":[{"href":"https:\/\/www.intoscana.it\/it\/wp-json\/wp\/v2\/posts\/301095","targetHints":{"allow":["GET"]}}],"collection":[{"href":"https:\/\/www.intoscana.it\/it\/wp-json\/wp\/v2\/posts"}],"about":[{"href":"https:\/\/www.intoscana.it\/it\/wp-json\/wp\/v2\/types\/post"}],"author":[{"embeddable":true,"href":"https:\/\/www.intoscana.it\/it\/wp-json\/wp\/v2\/users\/525"}],"replies":[{"embeddable":true,"href":"https:\/\/www.intoscana.it\/it\/wp-json\/wp\/v2\/comments?post=301095"}],"version-history":[{"count":0,"href":"https:\/\/www.intoscana.it\/it\/wp-json\/wp\/v2\/posts\/301095\/revisions"}],"wp:featuredmedia":[{"embeddable":true,"href":"https:\/\/www.intoscana.it\/it\/wp-json\/wp\/v2\/media\/272215"}],"wp:attachment":[{"href":"https:\/\/www.intoscana.it\/it\/wp-json\/wp\/v2\/media?parent=301095"}],"wp:term":[{"taxonomy":"category","embeddable":true,"href":"https:\/\/www.intoscana.it\/it\/wp-json\/wp\/v2\/categories?post=301095"},{"taxonomy":"post_tag","embeddable":true,"href":"https:\/\/www.intoscana.it\/it\/wp-json\/wp\/v2\/tags?post=301095"}],"curies":[{"name":"wp","href":"https:\/\/api.w.org\/{rel}","templated":true}]}}