{"id":301148,"date":"2023-08-30T15:04:31","date_gmt":"2023-08-30T13:04:31","guid":{"rendered":"https:\/\/www.intoscana.it\/it\/?p=301148"},"modified":"2023-08-30T16:43:01","modified_gmt":"2023-08-30T14:43:01","slug":"lartista-invisibile-liu-bolin-in-mostra-a-palazzo-vecchio-con-il-progetto-hiding-in-florence","status":"publish","type":"post","link":"https:\/\/www.intoscana.it\/it\/lartista-invisibile-liu-bolin-in-mostra-a-palazzo-vecchio-con-il-progetto-hiding-in-florence\/","title":{"rendered":"L&#8217;artista &#8220;invisibile&#8221; Liu Bolin in mostra a Palazzo Vecchio con il progetto &#8220;Hiding in Florence&#8221;"},"content":{"rendered":"<p>Il capolavoro\u00a0pi\u00f9 grande di\u00a0<strong>Liu\u00a0Bolin<\/strong> \u00e8 quello di essere\u00a0diventato uno degli <strong>artisti contemporanei pi\u00f9 famosi nel mondo<\/strong> nel momento in cui<strong> come un mago o un&#8217;illusionista \u00e8 sparito.<\/strong><\/p>\n<p>Bolin \u00e8 infatti conosciuto per le sue <strong>performance mimetiche<\/strong>. Soprannominato<strong> \u201cl&#8217;uomo invisibile\u201d<\/strong>, ha fatto del <strong>camouflage<\/strong> il suo tratto distintivo.<\/p>\n<p>L&#8217;artista dipingendo il suo corpo e <strong>rimanendo immobile come una scultura vivente<\/strong>, fonde perfettamente il suo corpo con l&#8217;ambiente alle sue spalle e infine si fa fotografare.<\/p>\n<p>Dopo aver portato le sue performance a Milano, Venezia, Verona, Roma e Caserta <strong>Liu Bolin \u00e8 arrivato anche a Firenze<\/strong> dove fino al 18 settembre nella <strong>Sala d&#8217;Arme di Palazzo Vecchio<\/strong> sar\u00e0 esposto il progetto <em><strong>&#8220;Hiding in Florence&#8221;<\/strong><\/em>.<\/p>\n<p>In tutti <strong>sei straordinari scatti<\/strong> realizzati dall&#8217;artista per <strong>rendere\u00a0omaggio a Firenze, culla del Rinascimento<\/strong>, da sempre una delle grandi mete del Grand Tour anche contemporaneo.<\/p>\n<p>Nel progetto fiorentino sono stati coinvolte le maggiori istituzioni storiche e culturali che contribuiscono quotidianamente alla valorizzazione di un patrimonio ormai universale<strong>: Piazza della Signoria, le Gallerie degli Uffizi, la Biblioteca Marucelliana e lo stesso Palazzo Vecchio,<\/strong> che ospita la mostra.<\/p>\n<p><em>&#8220;Lavorare al progetto &#8216;Hiding in Florence&#8217; \u00e8 stata un&#8217;esperienza unica dove ho potuto vivere tutta la forza e la potenza dell&#8217;arte rinascimentale in una citt\u00e0 come Firenze dove la cultura e l&#8217;arte sono rimaste preziose e importanti per secoli&#8221;<\/em>, <strong>ha detto Liu Bolin.<\/strong> <em>&#8220;Questo lavoro \u00e8 stato per me una grande opportunit\u00e0 soprattutto perch\u00e9 mi sono confrontato con grandi artisti del passato come Giorgio Vasari, Antonio Canova, Pieter Paul Rubens e altri maestri che hanno reso Firenze una delle citt\u00e0 pi\u00f9 affascinanti del mondo&#8221;.<\/em><\/p>\n<figure id=\"post-302304 media-302304\" class=\"align-none\"><img decoding=\"async\" src=\"https:\/\/www.intoscana.it\/wp-content\/uploads\/1.-Sala-della-Niobe-Gallerie-degli-Uffizi-Firenze-scaled.jpg\" alt=\"\" \/><\/figure>\n<div class=\"titleimg\"><em>Sala della Niobe, Gallerie degli Uffizi, Firenze<\/em><\/div>\n<h3>Liu Bolin: un&#8217;arte politica<\/h3>\n<p>L&#8217;arte di <strong>Liu Bolin \u00e8 in realt\u00e0 anche una strategia di sopravvivenza e nasconde un segreto.<\/strong>\u00a0Tutto nasce nel 2005 quando il<strong> Souja Village International Ars Camp di Pechino<\/strong>, uno dei luoghi dove presero il via le prima esperienze di arte contemporanea in Cina e dove aveva lo studio lo stesso Bolin,<strong> fu raso al suolo.<\/strong><\/p>\n<p>L&#8217;artista si vide cos\u00ec costretto a riorganizzare il suo lavoro <strong>trasferendo lo studio direttamente in strada<\/strong>, nel mondo e le opere sulla sua pelle. Era il<strong> 17 novembre<\/strong> quando per la prima volta <strong>Bolin si mimetizz\u00f2 tra le macerie<\/strong> di quello che per lui era un<strong> luogo di vita, di gioia e di creativit\u00e0.<\/strong><\/p>\n<p>Nacque cos\u00ec il progetto<em><strong> &#8220;Hiding The City&#8221;<\/strong><\/em> in cui l&#8217;artista compiva <strong>un gesto di resistenza e di ribellione contro le autorit\u00e0.<\/strong><\/p>\n<p><strong>La sua attivit\u00e0 camaleontica,<\/strong> il suo sparire, rendersi invisibile nell&#8217;ambiente che lo circonda \u00e8 <strong>l&#8217;unico modo per poter proseguire la sua arte.<\/strong> Si \u00e8 letteralmente &#8220;nascosto&#8221; nei suoi quadri,<strong> trasformandosi in arte.<\/strong> Bolin sparisce nella bellezza per sopravvivere.<\/p>\n<p><strong>Un evento doloroso \u00e8 diventato la scintilla<\/strong> che ha portato a <strong>un nuovo sguardo sul mondo.<\/strong><\/p>\n<figure id=\"post-302306 media-302306\" class=\"align-none\"><img decoding=\"async\" src=\"https:\/\/www.intoscana.it\/wp-content\/uploads\/3.-Sala-di-Venere-Palazzo-Pitti-Firenze-scaled.jpg\" alt=\"\" \/><\/figure>\n<div class=\"titleimg\"><em>Sala di Venere, Palazzo Pitti, Firenze<\/em><\/div>\n<h3>La sfida tecnica di Liu Bolin<\/h3>\n<p>Ogni singola fotografia di <a href=\"https:\/\/www.intoscana.it\/it\/articolo\/agli-uffizi-gli-autoritratti-degli-artisti-contemporanei-giuseppe-penone-ilaria-sagaria-e-liu-bolin\/\" target=\"_blank\" rel=\"noopener\"><strong>Liu Bolin<\/strong><\/a> \u00e8 <strong>un processo complesso<\/strong> che prende vita da un <strong>insieme di tecniche diverse.<\/strong> L&#8217;artista inizia scattando una foto dell&#8217;ambiente sul quale vuole intervenire scegliendo <strong>una specifica prospettiva.<\/strong><\/p>\n<p>Successivamente <strong>lavora prima al computer e poi con colori e pennelli<\/strong>, insieme ai suoi collaboratori, per riprodurre sul suo corpo con un accurato\u00a0<strong>body-painting<\/strong> una porzione di realt\u00e0.<\/p>\n<p>In seguito c&#8217;\u00e8 <strong>la fase prettamente performativa<\/strong>, nella quale <strong><a href=\"https:\/\/it.wikipedia.org\/wiki\/Liu_Bolin\" target=\"_blank\" rel=\"noopener\">Bolin<\/a> diventa esso stesso &#8220;statua&#8221;<\/strong> che si inserisce nell&#8217;ambiente. Ultimo passo per la realizzazione dell&#8217;opera finale \u00e8 <strong>lo scatto con la macchina fotografica e la post-produzione.\u00a0<\/strong><\/p>\n<figure id=\"post-302311 media-302311\" class=\"align-none\"><img decoding=\"async\" src=\"https:\/\/www.intoscana.it\/wp-content\/uploads\/Biblioteca-Marucelliana-Firenze-3-Photo-credit-Yanzi-Creative-Courtesy-Galleria-Gaburro-scaled.jpg\" alt=\"\" \/><\/figure>\n<div class=\"titleimg\"><em>Biblioteca Marucelliana, Firenze, photo credit Yanzi Creative Courtesy Galleria Gaburro<\/em><\/div>\n<p>&nbsp;<\/p>\n<p>&nbsp;<\/p>\n","protected":false},"excerpt":{"rendered":"<p>Fino al 18 settembre nella sala d&#8217;Arme in mostra i sei straordinari scatti realizzati dall&#8217;artista proprio a Firenze tra Palazzo Vecchio, gli Uffizi, piazza della Signoria e la Biblioteca Marucelliana<\/p>\n","protected":false},"author":518,"featured_media":302308,"comment_status":"open","ping_status":"open","sticky":false,"template":"","format":"standard","meta":{"_acf_changed":false,"footnotes":""},"categories":[493],"tags":[227,4474,202,222],"class_list":["post-301148","post","type-post","status-publish","format-standard","has-post-thumbnail","hentry","category-cultura","tag-arte-contemporanea","tag-eventi","tag-firenze","tag-mostre"],"acf":[],"yoast_head":"<!-- This site is optimized with the Yoast SEO Premium plugin v24.2 (Yoast SEO v25.6) - https:\/\/yoast.com\/wordpress\/plugins\/seo\/ -->\n<title>L&#039;artista &quot;invisibile&quot; Liu Bolin in mostra a Palazzo Vecchio con il progetto &quot;Hiding in Florence&quot; - intoscana<\/title>\n<meta name=\"description\" content=\"Fino al 18 settembre nella sala d&#039;Arme in mostra i sei straordinari scatti realizzati dall&#039;artista proprio a Firenze\" \/>\n<meta name=\"robots\" content=\"index, follow, max-snippet:-1, max-image-preview:large, max-video-preview:-1\" \/>\n<link rel=\"canonical\" href=\"https:\/\/www.intoscana.it\/it\/lartista-invisibile-liu-bolin-in-mostra-a-palazzo-vecchio-con-il-progetto-hiding-in-florence\/\" \/>\n<meta property=\"og:locale\" content=\"it_IT\" \/>\n<meta property=\"og:type\" content=\"article\" \/>\n<meta property=\"og:title\" content=\"L&#039;artista &quot;invisibile&quot; Liu Bolin in mostra a Palazzo Vecchio con il progetto &quot;Hiding in Florence&quot;\" \/>\n<meta property=\"og:description\" content=\"Fino al 18 settembre nella sala d&#039;Arme in mostra i sei straordinari scatti realizzati dall&#039;artista proprio a Firenze\" \/>\n<meta property=\"og:url\" content=\"https:\/\/www.intoscana.it\/it\/lartista-invisibile-liu-bolin-in-mostra-a-palazzo-vecchio-con-il-progetto-hiding-in-florence\/\" \/>\n<meta property=\"og:site_name\" content=\"intoscana\" \/>\n<meta property=\"article:publisher\" content=\"https:\/\/www.facebook.com\/intoscana.it\" \/>\n<meta property=\"article:published_time\" content=\"2023-08-30T13:04:31+00:00\" \/>\n<meta property=\"article:modified_time\" content=\"2023-08-30T14:43:01+00:00\" \/>\n<meta property=\"og:image\" content=\"https:\/\/www.intoscana.it\/wp-content\/uploads\/5.-Sala-degli-Elementi-Palazzo-Vecchio-Firenze-scaled.jpg\" \/>\n\t<meta property=\"og:image:width\" content=\"2048\" \/>\n\t<meta property=\"og:image:height\" content=\"1141\" \/>\n\t<meta property=\"og:image:type\" content=\"image\/jpeg\" \/>\n<meta name=\"author\" content=\"Costanza Baldini\" \/>\n<meta name=\"twitter:card\" content=\"summary_large_image\" \/>\n<meta name=\"twitter:creator\" content=\"@intoscana\" \/>\n<meta name=\"twitter:site\" content=\"@intoscana\" \/>\n<meta name=\"twitter:label1\" content=\"Written by\" \/>\n\t<meta name=\"twitter:data1\" content=\"Costanza Baldini\" \/>\n\t<meta name=\"twitter:label2\" content=\"Est. reading time\" \/>\n\t<meta name=\"twitter:data2\" content=\"3 minuti\" \/>\n<script type=\"application\/ld+json\" class=\"yoast-schema-graph\">{\"@context\":\"https:\/\/schema.org\",\"@graph\":[{\"@type\":\"WebPage\",\"@id\":\"https:\/\/www.intoscana.it\/it\/lartista-invisibile-liu-bolin-in-mostra-a-palazzo-vecchio-con-il-progetto-hiding-in-florence\/\",\"url\":\"https:\/\/www.intoscana.it\/it\/lartista-invisibile-liu-bolin-in-mostra-a-palazzo-vecchio-con-il-progetto-hiding-in-florence\/\",\"name\":\"L'artista \\\"invisibile\\\" Liu Bolin in mostra a Palazzo Vecchio con il progetto \\\"Hiding in Florence\\\" - intoscana\",\"isPartOf\":{\"@id\":\"https:\/\/www.intoscana.it\/it\/#website\"},\"primaryImageOfPage\":{\"@id\":\"https:\/\/www.intoscana.it\/it\/lartista-invisibile-liu-bolin-in-mostra-a-palazzo-vecchio-con-il-progetto-hiding-in-florence\/#primaryimage\"},\"image\":{\"@id\":\"https:\/\/www.intoscana.it\/it\/lartista-invisibile-liu-bolin-in-mostra-a-palazzo-vecchio-con-il-progetto-hiding-in-florence\/#primaryimage\"},\"thumbnailUrl\":\"https:\/\/www.intoscana.it\/wp-content\/uploads\/5.-Sala-degli-Elementi-Palazzo-Vecchio-Firenze-scaled.jpg\",\"datePublished\":\"2023-08-30T13:04:31+00:00\",\"dateModified\":\"2023-08-30T14:43:01+00:00\",\"author\":{\"@id\":\"https:\/\/www.intoscana.it\/it\/#\/schema\/person\/d469f35f09739bdf00bf5dd3f0647a82\"},\"description\":\"Fino al 18 settembre nella sala d'Arme in mostra i sei straordinari scatti realizzati dall'artista proprio a Firenze\",\"breadcrumb\":{\"@id\":\"https:\/\/www.intoscana.it\/it\/lartista-invisibile-liu-bolin-in-mostra-a-palazzo-vecchio-con-il-progetto-hiding-in-florence\/#breadcrumb\"},\"inLanguage\":\"it-IT\",\"potentialAction\":[{\"@type\":\"ReadAction\",\"target\":[\"https:\/\/www.intoscana.it\/it\/lartista-invisibile-liu-bolin-in-mostra-a-palazzo-vecchio-con-il-progetto-hiding-in-florence\/\"]}]},{\"@type\":\"ImageObject\",\"inLanguage\":\"it-IT\",\"@id\":\"https:\/\/www.intoscana.it\/it\/lartista-invisibile-liu-bolin-in-mostra-a-palazzo-vecchio-con-il-progetto-hiding-in-florence\/#primaryimage\",\"url\":\"https:\/\/www.intoscana.it\/wp-content\/uploads\/5.-Sala-degli-Elementi-Palazzo-Vecchio-Firenze-scaled.jpg\",\"contentUrl\":\"https:\/\/www.intoscana.it\/wp-content\/uploads\/5.-Sala-degli-Elementi-Palazzo-Vecchio-Firenze-scaled.jpg\",\"width\":2048,\"height\":1141},{\"@type\":\"BreadcrumbList\",\"@id\":\"https:\/\/www.intoscana.it\/it\/lartista-invisibile-liu-bolin-in-mostra-a-palazzo-vecchio-con-il-progetto-hiding-in-florence\/#breadcrumb\",\"itemListElement\":[{\"@type\":\"ListItem\",\"position\":1,\"name\":\"Home\",\"item\":\"https:\/\/www.intoscana.it\/it\/\"},{\"@type\":\"ListItem\",\"position\":2,\"name\":\"L&#8217;artista &#8220;invisibile&#8221; Liu Bolin in mostra a Palazzo Vecchio con il progetto &#8220;Hiding in Florence&#8221;\"}]},{\"@type\":\"WebSite\",\"@id\":\"https:\/\/www.intoscana.it\/it\/#website\",\"url\":\"https:\/\/www.intoscana.it\/it\/\",\"name\":\"intoscana\",\"description\":\"\",\"potentialAction\":[{\"@type\":\"SearchAction\",\"target\":{\"@type\":\"EntryPoint\",\"urlTemplate\":\"https:\/\/www.intoscana.it\/it\/?s={search_term_string}\"},\"query-input\":{\"@type\":\"PropertyValueSpecification\",\"valueRequired\":true,\"valueName\":\"search_term_string\"}}],\"inLanguage\":\"it-IT\"},{\"@type\":\"Person\",\"@id\":\"https:\/\/www.intoscana.it\/it\/#\/schema\/person\/d469f35f09739bdf00bf5dd3f0647a82\",\"name\":\"Costanza Baldini\",\"url\":\"https:\/\/www.intoscana.it\/it\/author\/costanza-baldini\/\"}]}<\/script>\n<!-- \/ Yoast SEO Premium plugin. -->","yoast_head_json":{"title":"L'artista \"invisibile\" Liu Bolin in mostra a Palazzo Vecchio con il progetto \"Hiding in Florence\" - intoscana","description":"Fino al 18 settembre nella sala d'Arme in mostra i sei straordinari scatti realizzati dall'artista proprio a Firenze","robots":{"index":"index","follow":"follow","max-snippet":"max-snippet:-1","max-image-preview":"max-image-preview:large","max-video-preview":"max-video-preview:-1"},"canonical":"https:\/\/www.intoscana.it\/it\/lartista-invisibile-liu-bolin-in-mostra-a-palazzo-vecchio-con-il-progetto-hiding-in-florence\/","og_locale":"it_IT","og_type":"article","og_title":"L'artista \"invisibile\" Liu Bolin in mostra a Palazzo Vecchio con il progetto \"Hiding in Florence\"","og_description":"Fino al 18 settembre nella sala d'Arme in mostra i sei straordinari scatti realizzati dall'artista proprio a Firenze","og_url":"https:\/\/www.intoscana.it\/it\/lartista-invisibile-liu-bolin-in-mostra-a-palazzo-vecchio-con-il-progetto-hiding-in-florence\/","og_site_name":"intoscana","article_publisher":"https:\/\/www.facebook.com\/intoscana.it","article_published_time":"2023-08-30T13:04:31+00:00","article_modified_time":"2023-08-30T14:43:01+00:00","og_image":[{"width":2048,"height":1141,"url":"https:\/\/www.intoscana.it\/wp-content\/uploads\/5.-Sala-degli-Elementi-Palazzo-Vecchio-Firenze-scaled.jpg","type":"image\/jpeg"}],"author":"Costanza Baldini","twitter_card":"summary_large_image","twitter_creator":"@intoscana","twitter_site":"@intoscana","twitter_misc":{"Written by":"Costanza Baldini","Est. reading time":"3 minuti"},"schema":{"@context":"https:\/\/schema.org","@graph":[{"@type":"WebPage","@id":"https:\/\/www.intoscana.it\/it\/lartista-invisibile-liu-bolin-in-mostra-a-palazzo-vecchio-con-il-progetto-hiding-in-florence\/","url":"https:\/\/www.intoscana.it\/it\/lartista-invisibile-liu-bolin-in-mostra-a-palazzo-vecchio-con-il-progetto-hiding-in-florence\/","name":"L'artista \"invisibile\" Liu Bolin in mostra a Palazzo Vecchio con il progetto \"Hiding in Florence\" - intoscana","isPartOf":{"@id":"https:\/\/www.intoscana.it\/it\/#website"},"primaryImageOfPage":{"@id":"https:\/\/www.intoscana.it\/it\/lartista-invisibile-liu-bolin-in-mostra-a-palazzo-vecchio-con-il-progetto-hiding-in-florence\/#primaryimage"},"image":{"@id":"https:\/\/www.intoscana.it\/it\/lartista-invisibile-liu-bolin-in-mostra-a-palazzo-vecchio-con-il-progetto-hiding-in-florence\/#primaryimage"},"thumbnailUrl":"https:\/\/www.intoscana.it\/wp-content\/uploads\/5.-Sala-degli-Elementi-Palazzo-Vecchio-Firenze-scaled.jpg","datePublished":"2023-08-30T13:04:31+00:00","dateModified":"2023-08-30T14:43:01+00:00","author":{"@id":"https:\/\/www.intoscana.it\/it\/#\/schema\/person\/d469f35f09739bdf00bf5dd3f0647a82"},"description":"Fino al 18 settembre nella sala d'Arme in mostra i sei straordinari scatti realizzati dall'artista proprio a Firenze","breadcrumb":{"@id":"https:\/\/www.intoscana.it\/it\/lartista-invisibile-liu-bolin-in-mostra-a-palazzo-vecchio-con-il-progetto-hiding-in-florence\/#breadcrumb"},"inLanguage":"it-IT","potentialAction":[{"@type":"ReadAction","target":["https:\/\/www.intoscana.it\/it\/lartista-invisibile-liu-bolin-in-mostra-a-palazzo-vecchio-con-il-progetto-hiding-in-florence\/"]}]},{"@type":"ImageObject","inLanguage":"it-IT","@id":"https:\/\/www.intoscana.it\/it\/lartista-invisibile-liu-bolin-in-mostra-a-palazzo-vecchio-con-il-progetto-hiding-in-florence\/#primaryimage","url":"https:\/\/www.intoscana.it\/wp-content\/uploads\/5.-Sala-degli-Elementi-Palazzo-Vecchio-Firenze-scaled.jpg","contentUrl":"https:\/\/www.intoscana.it\/wp-content\/uploads\/5.-Sala-degli-Elementi-Palazzo-Vecchio-Firenze-scaled.jpg","width":2048,"height":1141},{"@type":"BreadcrumbList","@id":"https:\/\/www.intoscana.it\/it\/lartista-invisibile-liu-bolin-in-mostra-a-palazzo-vecchio-con-il-progetto-hiding-in-florence\/#breadcrumb","itemListElement":[{"@type":"ListItem","position":1,"name":"Home","item":"https:\/\/www.intoscana.it\/it\/"},{"@type":"ListItem","position":2,"name":"L&#8217;artista &#8220;invisibile&#8221; Liu Bolin in mostra a Palazzo Vecchio con il progetto &#8220;Hiding in Florence&#8221;"}]},{"@type":"WebSite","@id":"https:\/\/www.intoscana.it\/it\/#website","url":"https:\/\/www.intoscana.it\/it\/","name":"intoscana","description":"","potentialAction":[{"@type":"SearchAction","target":{"@type":"EntryPoint","urlTemplate":"https:\/\/www.intoscana.it\/it\/?s={search_term_string}"},"query-input":{"@type":"PropertyValueSpecification","valueRequired":true,"valueName":"search_term_string"}}],"inLanguage":"it-IT"},{"@type":"Person","@id":"https:\/\/www.intoscana.it\/it\/#\/schema\/person\/d469f35f09739bdf00bf5dd3f0647a82","name":"Costanza Baldini","url":"https:\/\/www.intoscana.it\/it\/author\/costanza-baldini\/"}]}},"_links":{"self":[{"href":"https:\/\/www.intoscana.it\/it\/wp-json\/wp\/v2\/posts\/301148","targetHints":{"allow":["GET"]}}],"collection":[{"href":"https:\/\/www.intoscana.it\/it\/wp-json\/wp\/v2\/posts"}],"about":[{"href":"https:\/\/www.intoscana.it\/it\/wp-json\/wp\/v2\/types\/post"}],"author":[{"embeddable":true,"href":"https:\/\/www.intoscana.it\/it\/wp-json\/wp\/v2\/users\/518"}],"replies":[{"embeddable":true,"href":"https:\/\/www.intoscana.it\/it\/wp-json\/wp\/v2\/comments?post=301148"}],"version-history":[{"count":0,"href":"https:\/\/www.intoscana.it\/it\/wp-json\/wp\/v2\/posts\/301148\/revisions"}],"wp:featuredmedia":[{"embeddable":true,"href":"https:\/\/www.intoscana.it\/it\/wp-json\/wp\/v2\/media\/302308"}],"wp:attachment":[{"href":"https:\/\/www.intoscana.it\/it\/wp-json\/wp\/v2\/media?parent=301148"}],"wp:term":[{"taxonomy":"category","embeddable":true,"href":"https:\/\/www.intoscana.it\/it\/wp-json\/wp\/v2\/categories?post=301148"},{"taxonomy":"post_tag","embeddable":true,"href":"https:\/\/www.intoscana.it\/it\/wp-json\/wp\/v2\/tags?post=301148"}],"curies":[{"name":"wp","href":"https:\/\/api.w.org\/{rel}","templated":true}]}}