{"id":301186,"date":"2023-08-23T12:23:35","date_gmt":"2023-08-23T10:23:35","guid":{"rendered":"https:\/\/www.intoscana.it\/it\/?p=301186"},"modified":"2023-08-23T12:23:35","modified_gmt":"2023-08-23T10:23:35","slug":"il-museo-archeologico-di-gonfienti-riconosciuto-di-rilevanza-regionale","status":"publish","type":"post","link":"https:\/\/www.intoscana.it\/it\/il-museo-archeologico-di-gonfienti-riconosciuto-di-rilevanza-regionale\/","title":{"rendered":"Il Museo archeologico di Gonfienti riconosciuto di rilevanza regionale"},"content":{"rendered":"<p>Il Museo Archeologico di <strong>Gonfienti<\/strong> di Campi Bisenzio \u00e8 da oggi di <strong>Museo di rilevanza regionale<\/strong> e, allo stesso tempo, \u00e8 entrato nel Sistema Museale Nazionale. Un riconoscimento ottenuto per la qualit\u00e0 in ambito museale, il rispetto agli standard regionali e nazionali, l\u2019accessibilit\u00e0, la fruizione, le attivit\u00e0 educative, la catalogazione,\u00a0 la ricerca scientifica e gli eventi (cos\u00ec come definito dal decreto ministeriale 113 del 2018).<\/p>\n<p>Grande soddisfazione del sindaco <strong>Andrea Tagliaferri<\/strong> e della direttrice scientifica del museo <strong>Francesca Bertini<\/strong>: &#8220;Un risultato significativo a solo un anno dall&#8217;apertura &#8211; sottolinea &#8211; di cui siamo veramente orgogliosi; <mark>la Regione Toscana ha premiato un lungo lavoro, frutto dell&#8217;impegno di tutti e tutte coloro che hanno a vario titolo operato prima e dopo l&#8217;apertura, teso a raggiungere gli standard e i servizi museali richiesti.<\/mark> Questa \u00e8 una conferma della seriet\u00e0 dell&#8217;attivit\u00e0 di valorizzazione intrapresa che ci impegneremo a mantenere nel tempo&#8221;.<\/p>\n<h3><em>Il riconoscimento<\/em><\/h3>\n<p>La qualifica \u00e8 stata ottenuta rispondendo ad un questionario di <strong>verifica<\/strong> composto da oltre 300 domande, necessarie ad accertare il possesso di tutti i nuovi requisiti definiti come standard minimi di qualit\u00e0 e gli eventuali obiettivi di miglioramento. <mark>786 sono i musei aperti al pubblico presenti all\u2019interno della Regione Toscana; 93 i Musei che nel 2023 hanno presentato istanza per il riconoscimento della qualifica, di cui 82 riconosciuti di rilevanza regionale.<\/mark><\/p>\n<p>&#8220;Oltre a questo grande riconoscimento &#8211; commenta ancora la direttrice &#8211; \u00e8 arrivata da poco la notizia che il Museo di Gonfienti \u00e8 risultato beneficiario di un contributo del<strong> Consiglio regionale<\/strong>, per aver partecipato al bando per la celebrazione della <mark>&#8220;Giornata degli Etruschi&#8221; che permetter\u00e0 di finanziare il 23 settembre un&#8217;iniziativa gratuita tesa ad avvicinare il pi\u00f9 ampio numero di persone alla conoscenza del Museo e alla presentazione dei volumi sugli scavi e i materiali dell&#8217;insediamento etrusco di Gonfienti,<\/mark> con la collaborazione della Soprintendenza competente e dell&#8217;Universit\u00e0 di Firenze&#8221;.<\/p>\n","protected":false},"excerpt":{"rendered":"<p>La realt\u00e0 di Campi Bisenzio, nel fiorentino, \u00e8 entrato anche nel sistema museale nazionale<\/p>\n","protected":false},"author":525,"featured_media":301185,"comment_status":"open","ping_status":"open","sticky":false,"template":"","format":"standard","meta":{"_acf_changed":false,"footnotes":""},"categories":[493],"tags":[261,226],"class_list":["post-301186","post","type-post","status-publish","format-standard","has-post-thumbnail","hentry","category-cultura","tag-etruschi","tag-musei"],"acf":[],"yoast_head":"<!-- This site is optimized with the Yoast SEO Premium plugin v24.2 (Yoast SEO v25.6) - https:\/\/yoast.com\/wordpress\/plugins\/seo\/ -->\n<title>Il Museo archeologico di Gonfienti riconosciuto di rilevanza regionale - intoscana<\/title>\n<meta name=\"description\" content=\"La realt\u00e0 di Campi Bisenzio, nel fiorentino, \u00e8 entrato anche nel sistema museale nazionale\" \/>\n<meta name=\"robots\" content=\"index, follow, max-snippet:-1, max-image-preview:large, max-video-preview:-1\" \/>\n<link rel=\"canonical\" href=\"https:\/\/www.intoscana.it\/it\/il-museo-archeologico-di-gonfienti-riconosciuto-di-rilevanza-regionale\/\" \/>\n<meta property=\"og:locale\" content=\"it_IT\" \/>\n<meta property=\"og:type\" content=\"article\" \/>\n<meta property=\"og:title\" content=\"Il Museo archeologico di Gonfienti riconosciuto di rilevanza regionale\" \/>\n<meta property=\"og:description\" content=\"La realt\u00e0 di Campi Bisenzio, nel fiorentino, \u00e8 entrato anche nel sistema museale nazionale\" \/>\n<meta property=\"og:url\" content=\"https:\/\/www.intoscana.it\/it\/il-museo-archeologico-di-gonfienti-riconosciuto-di-rilevanza-regionale\/\" \/>\n<meta property=\"og:site_name\" content=\"intoscana\" \/>\n<meta property=\"article:publisher\" content=\"https:\/\/www.facebook.com\/intoscana.it\" \/>\n<meta property=\"article:published_time\" content=\"2023-08-23T10:23:35+00:00\" \/>\n<meta property=\"og:image\" content=\"https:\/\/www.intoscana.it\/wp-content\/uploads\/Gonfienti.jpeg\" \/>\n\t<meta property=\"og:image:width\" content=\"1500\" \/>\n\t<meta property=\"og:image:height\" content=\"609\" \/>\n\t<meta property=\"og:image:type\" content=\"image\/jpeg\" \/>\n<meta name=\"author\" content=\"Redazione\" \/>\n<meta name=\"twitter:card\" content=\"summary_large_image\" \/>\n<meta name=\"twitter:creator\" content=\"@intoscana\" \/>\n<meta name=\"twitter:site\" content=\"@intoscana\" \/>\n<meta name=\"twitter:label1\" content=\"Written by\" \/>\n\t<meta name=\"twitter:data1\" content=\"Redazione\" \/>\n\t<meta name=\"twitter:label2\" content=\"Est. reading time\" \/>\n\t<meta name=\"twitter:data2\" content=\"2 minuti\" \/>\n<script type=\"application\/ld+json\" class=\"yoast-schema-graph\">{\"@context\":\"https:\/\/schema.org\",\"@graph\":[{\"@type\":\"WebPage\",\"@id\":\"https:\/\/www.intoscana.it\/it\/il-museo-archeologico-di-gonfienti-riconosciuto-di-rilevanza-regionale\/\",\"url\":\"https:\/\/www.intoscana.it\/it\/il-museo-archeologico-di-gonfienti-riconosciuto-di-rilevanza-regionale\/\",\"name\":\"Il Museo archeologico di Gonfienti riconosciuto di rilevanza regionale - intoscana\",\"isPartOf\":{\"@id\":\"https:\/\/www.intoscana.it\/it\/#website\"},\"primaryImageOfPage\":{\"@id\":\"https:\/\/www.intoscana.it\/it\/il-museo-archeologico-di-gonfienti-riconosciuto-di-rilevanza-regionale\/#primaryimage\"},\"image\":{\"@id\":\"https:\/\/www.intoscana.it\/it\/il-museo-archeologico-di-gonfienti-riconosciuto-di-rilevanza-regionale\/#primaryimage\"},\"thumbnailUrl\":\"https:\/\/www.intoscana.it\/wp-content\/uploads\/Gonfienti.jpeg\",\"datePublished\":\"2023-08-23T10:23:35+00:00\",\"author\":{\"@id\":\"https:\/\/www.intoscana.it\/it\/#\/schema\/person\/9223810753230f20bd670fdd322661f8\"},\"description\":\"La realt\u00e0 di Campi Bisenzio, nel fiorentino, \u00e8 entrato anche nel sistema museale nazionale\",\"breadcrumb\":{\"@id\":\"https:\/\/www.intoscana.it\/it\/il-museo-archeologico-di-gonfienti-riconosciuto-di-rilevanza-regionale\/#breadcrumb\"},\"inLanguage\":\"it-IT\",\"potentialAction\":[{\"@type\":\"ReadAction\",\"target\":[\"https:\/\/www.intoscana.it\/it\/il-museo-archeologico-di-gonfienti-riconosciuto-di-rilevanza-regionale\/\"]}]},{\"@type\":\"ImageObject\",\"inLanguage\":\"it-IT\",\"@id\":\"https:\/\/www.intoscana.it\/it\/il-museo-archeologico-di-gonfienti-riconosciuto-di-rilevanza-regionale\/#primaryimage\",\"url\":\"https:\/\/www.intoscana.it\/wp-content\/uploads\/Gonfienti.jpeg\",\"contentUrl\":\"https:\/\/www.intoscana.it\/wp-content\/uploads\/Gonfienti.jpeg\",\"width\":1500,\"height\":609},{\"@type\":\"BreadcrumbList\",\"@id\":\"https:\/\/www.intoscana.it\/it\/il-museo-archeologico-di-gonfienti-riconosciuto-di-rilevanza-regionale\/#breadcrumb\",\"itemListElement\":[{\"@type\":\"ListItem\",\"position\":1,\"name\":\"Home\",\"item\":\"https:\/\/www.intoscana.it\/it\/\"},{\"@type\":\"ListItem\",\"position\":2,\"name\":\"Il Museo archeologico di Gonfienti riconosciuto di rilevanza regionale\"}]},{\"@type\":\"WebSite\",\"@id\":\"https:\/\/www.intoscana.it\/it\/#website\",\"url\":\"https:\/\/www.intoscana.it\/it\/\",\"name\":\"intoscana\",\"description\":\"\",\"potentialAction\":[{\"@type\":\"SearchAction\",\"target\":{\"@type\":\"EntryPoint\",\"urlTemplate\":\"https:\/\/www.intoscana.it\/it\/?s={search_term_string}\"},\"query-input\":{\"@type\":\"PropertyValueSpecification\",\"valueRequired\":true,\"valueName\":\"search_term_string\"}}],\"inLanguage\":\"it-IT\"},{\"@type\":\"Person\",\"@id\":\"https:\/\/www.intoscana.it\/it\/#\/schema\/person\/9223810753230f20bd670fdd322661f8\",\"name\":\"Redazione\",\"url\":\"https:\/\/www.intoscana.it\/it\/author\/redazione\/\"}]}<\/script>\n<!-- \/ Yoast SEO Premium plugin. -->","yoast_head_json":{"title":"Il Museo archeologico di Gonfienti riconosciuto di rilevanza regionale - intoscana","description":"La realt\u00e0 di Campi Bisenzio, nel fiorentino, \u00e8 entrato anche nel sistema museale nazionale","robots":{"index":"index","follow":"follow","max-snippet":"max-snippet:-1","max-image-preview":"max-image-preview:large","max-video-preview":"max-video-preview:-1"},"canonical":"https:\/\/www.intoscana.it\/it\/il-museo-archeologico-di-gonfienti-riconosciuto-di-rilevanza-regionale\/","og_locale":"it_IT","og_type":"article","og_title":"Il Museo archeologico di Gonfienti riconosciuto di rilevanza regionale","og_description":"La realt\u00e0 di Campi Bisenzio, nel fiorentino, \u00e8 entrato anche nel sistema museale nazionale","og_url":"https:\/\/www.intoscana.it\/it\/il-museo-archeologico-di-gonfienti-riconosciuto-di-rilevanza-regionale\/","og_site_name":"intoscana","article_publisher":"https:\/\/www.facebook.com\/intoscana.it","article_published_time":"2023-08-23T10:23:35+00:00","og_image":[{"width":1500,"height":609,"url":"https:\/\/www.intoscana.it\/wp-content\/uploads\/Gonfienti.jpeg","type":"image\/jpeg"}],"author":"Redazione","twitter_card":"summary_large_image","twitter_creator":"@intoscana","twitter_site":"@intoscana","twitter_misc":{"Written by":"Redazione","Est. reading time":"2 minuti"},"schema":{"@context":"https:\/\/schema.org","@graph":[{"@type":"WebPage","@id":"https:\/\/www.intoscana.it\/it\/il-museo-archeologico-di-gonfienti-riconosciuto-di-rilevanza-regionale\/","url":"https:\/\/www.intoscana.it\/it\/il-museo-archeologico-di-gonfienti-riconosciuto-di-rilevanza-regionale\/","name":"Il Museo archeologico di Gonfienti riconosciuto di rilevanza regionale - intoscana","isPartOf":{"@id":"https:\/\/www.intoscana.it\/it\/#website"},"primaryImageOfPage":{"@id":"https:\/\/www.intoscana.it\/it\/il-museo-archeologico-di-gonfienti-riconosciuto-di-rilevanza-regionale\/#primaryimage"},"image":{"@id":"https:\/\/www.intoscana.it\/it\/il-museo-archeologico-di-gonfienti-riconosciuto-di-rilevanza-regionale\/#primaryimage"},"thumbnailUrl":"https:\/\/www.intoscana.it\/wp-content\/uploads\/Gonfienti.jpeg","datePublished":"2023-08-23T10:23:35+00:00","author":{"@id":"https:\/\/www.intoscana.it\/it\/#\/schema\/person\/9223810753230f20bd670fdd322661f8"},"description":"La realt\u00e0 di Campi Bisenzio, nel fiorentino, \u00e8 entrato anche nel sistema museale nazionale","breadcrumb":{"@id":"https:\/\/www.intoscana.it\/it\/il-museo-archeologico-di-gonfienti-riconosciuto-di-rilevanza-regionale\/#breadcrumb"},"inLanguage":"it-IT","potentialAction":[{"@type":"ReadAction","target":["https:\/\/www.intoscana.it\/it\/il-museo-archeologico-di-gonfienti-riconosciuto-di-rilevanza-regionale\/"]}]},{"@type":"ImageObject","inLanguage":"it-IT","@id":"https:\/\/www.intoscana.it\/it\/il-museo-archeologico-di-gonfienti-riconosciuto-di-rilevanza-regionale\/#primaryimage","url":"https:\/\/www.intoscana.it\/wp-content\/uploads\/Gonfienti.jpeg","contentUrl":"https:\/\/www.intoscana.it\/wp-content\/uploads\/Gonfienti.jpeg","width":1500,"height":609},{"@type":"BreadcrumbList","@id":"https:\/\/www.intoscana.it\/it\/il-museo-archeologico-di-gonfienti-riconosciuto-di-rilevanza-regionale\/#breadcrumb","itemListElement":[{"@type":"ListItem","position":1,"name":"Home","item":"https:\/\/www.intoscana.it\/it\/"},{"@type":"ListItem","position":2,"name":"Il Museo archeologico di Gonfienti riconosciuto di rilevanza regionale"}]},{"@type":"WebSite","@id":"https:\/\/www.intoscana.it\/it\/#website","url":"https:\/\/www.intoscana.it\/it\/","name":"intoscana","description":"","potentialAction":[{"@type":"SearchAction","target":{"@type":"EntryPoint","urlTemplate":"https:\/\/www.intoscana.it\/it\/?s={search_term_string}"},"query-input":{"@type":"PropertyValueSpecification","valueRequired":true,"valueName":"search_term_string"}}],"inLanguage":"it-IT"},{"@type":"Person","@id":"https:\/\/www.intoscana.it\/it\/#\/schema\/person\/9223810753230f20bd670fdd322661f8","name":"Redazione","url":"https:\/\/www.intoscana.it\/it\/author\/redazione\/"}]}},"_links":{"self":[{"href":"https:\/\/www.intoscana.it\/it\/wp-json\/wp\/v2\/posts\/301186","targetHints":{"allow":["GET"]}}],"collection":[{"href":"https:\/\/www.intoscana.it\/it\/wp-json\/wp\/v2\/posts"}],"about":[{"href":"https:\/\/www.intoscana.it\/it\/wp-json\/wp\/v2\/types\/post"}],"author":[{"embeddable":true,"href":"https:\/\/www.intoscana.it\/it\/wp-json\/wp\/v2\/users\/525"}],"replies":[{"embeddable":true,"href":"https:\/\/www.intoscana.it\/it\/wp-json\/wp\/v2\/comments?post=301186"}],"version-history":[{"count":0,"href":"https:\/\/www.intoscana.it\/it\/wp-json\/wp\/v2\/posts\/301186\/revisions"}],"wp:featuredmedia":[{"embeddable":true,"href":"https:\/\/www.intoscana.it\/it\/wp-json\/wp\/v2\/media\/301185"}],"wp:attachment":[{"href":"https:\/\/www.intoscana.it\/it\/wp-json\/wp\/v2\/media?parent=301186"}],"wp:term":[{"taxonomy":"category","embeddable":true,"href":"https:\/\/www.intoscana.it\/it\/wp-json\/wp\/v2\/categories?post=301186"},{"taxonomy":"post_tag","embeddable":true,"href":"https:\/\/www.intoscana.it\/it\/wp-json\/wp\/v2\/tags?post=301186"}],"curies":[{"name":"wp","href":"https:\/\/api.w.org\/{rel}","templated":true}]}}