{"id":301243,"date":"2023-08-31T15:10:04","date_gmt":"2023-08-31T13:10:04","guid":{"rendered":"https:\/\/www.intoscana.it\/it\/?p=301243"},"modified":"2023-08-31T15:23:16","modified_gmt":"2023-08-31T13:23:16","slug":"stia-capitale-del-ferro-battuto-300-fabbri-da-tutto-il-mondo-per-il-campionato-di-forgiatura","status":"publish","type":"post","link":"https:\/\/www.intoscana.it\/it\/stia-capitale-del-ferro-battuto-300-fabbri-da-tutto-il-mondo-per-il-campionato-di-forgiatura\/","title":{"rendered":"A Stia 300 fabbri da tutto il mondo per il campionato di forgiatura, Giani: &#8220;Cultura artigiana protagonista in Toscana&#8221;"},"content":{"rendered":"<p>Stia, in provincia di Arezzo, e il <strong>ferro battuto<\/strong>: una tradizione che si rinnova con il <a href=\"https:\/\/www.biennaleartefabbrile.it\/biennale\/\" target=\"_blank\" rel=\"noopener\">Campionato mondiale di forgiatura<\/a> e che <mark>in questa 11esima edizione richiamer\u00e0 ben 300 fabbri da tutto il mondo.<\/mark>.<\/p>\n<p>L&#8217;appuntamento \u00e8 <strong>dal 31 agosto al 3 settembre<\/strong> e l&#8217;evento \u00e8 inserito nella 25esima edizione della Biennale d&#8217;arte fabbrile, <strong>la pi\u00f9 antica delle mostre d&#8217;artigianato artistico del ferro forgiato.<\/strong><\/p>\n<p>Fino a domenica tanti eventi per <strong>celebrare un&#8217;eccellenza del territorio casentinese<\/strong> con gli artigiani che la portano avanti, insieme ai maestri fabbri e agli appassionati che arrivano da<strong> 16 nazioni.<\/strong><\/p>\n<p>La <strong>Regione Toscana<\/strong> per valorizzare le competenze artigianali legate al ferro e per favorire l&#8217;avviamento al lavoro dei giovani <strong>ha investito in Casentino 800 mila euro nella Scuola di Arti e Mestieri<\/strong>. Inaugurata lo scorso anno ha visto la partenza dei primi corsi.<\/p>\n<p><em>&#8220;Il ruolo dell\u2019artigiano \u00e8 fondamentale per la trasmissione dei saperi e dei valori che costituiscono un patrimonio straordinario della nostra regione &#8211;<\/em><strong> ha dichiarato il presidente della Regione Toscana Eugenio Giani che ha partecipato all&#8217;inaugurazione-.<\/strong><em> Arte e artigianato sono da sempre un unico concetto nella nostra cultura, si pensi all&#8217;esperienza delle botteghe rinascimentali. \u00c8 per questo che l&#8217;arte della forgiatura diventa in questa manifestazione una vera e propria espressione di arte contemporanea. Ringrazio il sindaco Nicol\u00f2 Caleri, gli artigiani del territorio e gli organizzatori di questa manifestazione. Abbiamo bisogno di mantenere questa eccellenza e di raccontare questa qualit\u00e0 al mondo&#8221;.<\/em><\/p>\n<figure id=\"post-302535 media-302535\" class=\"align-none\"><img decoding=\"async\" src=\"https:\/\/www.intoscana.it\/wp-content\/uploads\/371857810_851989579627075_7846513317210502344_n.jpeg\" alt=\"\" \/><\/figure>\n<h3 class=\"titleimg\"><em>Il programma<\/em><\/h3>\n<p>Il tema scelto per l&#8217;edizione 2023 e su cui i maestri si affronteranno a colpi di martello su forge infuocate \u00e8 <strong>&#8220;Connessioni<\/strong>&#8220;. All&#8217;interno della rassegna anche <mark>il decimo concorso internazionale di progettazione e disegno Pier Luigi della Bordella, il quarto di scultura, lo spazio espositivo collettivo a disposizione dei maestri del ferro battuto nell&#8217;ex Lanificio, il quinto concorso di fotografia Rossana Molinatti e un laboratorio di forgiatura per bambini da 6 a 12 anni.<\/mark><\/p>\n<p>&#8220;La Biennale ha il merito di aver continuamente stimolato nel grande pubblico un interesse nuovo verso il manufatto artistico in ferro, riunendo ogni due anni &#8211; spiega la presidente dell&#8217;associazione Biennale d&#8217;arte fabbrile <strong>Maria Gemma Bendoni<\/strong> &#8211; gli interpreti di un&#8217;antica civilt\u00e0 artigianale,<mark> dando loro la possibilit\u00e0 di incontrarsi per stimolare il loro spirito creativo e affinare le loro tecniche di lavoro grazie a quell&#8217;indispensabile travaso di idee che a Stia riescono a conseguire&#8221;.<\/mark><\/p>\n<figure id=\"post-302536 media-302536\" class=\"align-none\"><img decoding=\"async\" src=\"https:\/\/www.intoscana.it\/wp-content\/uploads\/371857893_851989582960408_4285927102388354822_n.jpeg\" alt=\"\" \/><\/figure>\n","protected":false},"excerpt":{"rendered":"<p>L&#039;appuntamento \u00e8 dal 31 agosto al 3 settembre e l&#039;evento \u00e8 inserito nella 25esima edizione della Biennale d&#039;arte fabbrile, la pi\u00f9 antica delle mostre d&#039;artigianato artistico del ferro forgiato<\/p>\n","protected":false},"author":525,"featured_media":302538,"comment_status":"open","ping_status":"open","sticky":false,"template":"","format":"standard","meta":{"_acf_changed":false,"footnotes":""},"categories":[9],"tags":[278,2117],"class_list":["post-301243","post","type-post","status-publish","format-standard","has-post-thumbnail","hentry","category-made-in-toscana","tag-artigianato","tag-stia"],"acf":[],"yoast_head":"<!-- This site is optimized with the Yoast SEO Premium plugin v24.2 (Yoast SEO v25.6) - https:\/\/yoast.com\/wordpress\/plugins\/seo\/ -->\n<title>A Stia 300 fabbri da tutto il mondo per il campionato di forgiatura, Giani: &quot;Cultura artigiana protagonista in Toscana&quot; - intoscana<\/title>\n<meta name=\"description\" content=\"L&#039;appuntamento \u00e8 dal 31 agosto al 3 settembre e l&#039;evento \u00e8 inserito nella 25esima edizione della Biennale d&#039;arte fabbrile, la pi\u00f9 antica delle mostre d&#039;artigianato artistico del ferro forgiato.\" \/>\n<meta name=\"robots\" content=\"index, follow, max-snippet:-1, max-image-preview:large, max-video-preview:-1\" \/>\n<link rel=\"canonical\" href=\"https:\/\/www.intoscana.it\/it\/stia-capitale-del-ferro-battuto-300-fabbri-da-tutto-il-mondo-per-il-campionato-di-forgiatura\/\" \/>\n<meta property=\"og:locale\" content=\"it_IT\" \/>\n<meta property=\"og:type\" content=\"article\" \/>\n<meta property=\"og:title\" content=\"A Stia 300 fabbri da tutto il mondo per il campionato di forgiatura, Giani: &quot;Cultura artigiana protagonista in Toscana&quot;\" \/>\n<meta property=\"og:description\" content=\"L&#039;appuntamento \u00e8 dal 31 agosto al 3 settembre e l&#039;evento \u00e8 inserito nella 25esima edizione della Biennale d&#039;arte fabbrile, la pi\u00f9 antica delle mostre d&#039;artigianato artistico del ferro forgiato.\" \/>\n<meta property=\"og:url\" content=\"https:\/\/www.intoscana.it\/it\/stia-capitale-del-ferro-battuto-300-fabbri-da-tutto-il-mondo-per-il-campionato-di-forgiatura\/\" \/>\n<meta property=\"og:site_name\" content=\"intoscana\" \/>\n<meta property=\"article:publisher\" content=\"https:\/\/www.facebook.com\/intoscana.it\" \/>\n<meta property=\"article:published_time\" content=\"2023-08-31T13:10:04+00:00\" \/>\n<meta property=\"article:modified_time\" content=\"2023-08-31T13:23:16+00:00\" \/>\n<meta property=\"og:image\" content=\"https:\/\/www.intoscana.it\/wp-content\/uploads\/371854696_851989586293741_4680615705315056269_n-2-e1693488077132.jpeg\" \/>\n\t<meta property=\"og:image:width\" content=\"1439\" \/>\n\t<meta property=\"og:image:height\" content=\"1004\" \/>\n\t<meta property=\"og:image:type\" content=\"image\/jpeg\" \/>\n<meta name=\"author\" content=\"Redazione\" \/>\n<meta name=\"twitter:card\" content=\"summary_large_image\" \/>\n<meta name=\"twitter:creator\" content=\"@intoscana\" \/>\n<meta name=\"twitter:site\" content=\"@intoscana\" \/>\n<meta name=\"twitter:label1\" content=\"Written by\" \/>\n\t<meta name=\"twitter:data1\" content=\"Redazione\" \/>\n\t<meta name=\"twitter:label2\" content=\"Est. reading time\" \/>\n\t<meta name=\"twitter:data2\" content=\"2 minuti\" \/>\n<script type=\"application\/ld+json\" class=\"yoast-schema-graph\">{\"@context\":\"https:\/\/schema.org\",\"@graph\":[{\"@type\":\"WebPage\",\"@id\":\"https:\/\/www.intoscana.it\/it\/stia-capitale-del-ferro-battuto-300-fabbri-da-tutto-il-mondo-per-il-campionato-di-forgiatura\/\",\"url\":\"https:\/\/www.intoscana.it\/it\/stia-capitale-del-ferro-battuto-300-fabbri-da-tutto-il-mondo-per-il-campionato-di-forgiatura\/\",\"name\":\"A Stia 300 fabbri da tutto il mondo per il campionato di forgiatura, Giani: \\\"Cultura artigiana protagonista in Toscana\\\" - intoscana\",\"isPartOf\":{\"@id\":\"https:\/\/www.intoscana.it\/it\/#website\"},\"primaryImageOfPage\":{\"@id\":\"https:\/\/www.intoscana.it\/it\/stia-capitale-del-ferro-battuto-300-fabbri-da-tutto-il-mondo-per-il-campionato-di-forgiatura\/#primaryimage\"},\"image\":{\"@id\":\"https:\/\/www.intoscana.it\/it\/stia-capitale-del-ferro-battuto-300-fabbri-da-tutto-il-mondo-per-il-campionato-di-forgiatura\/#primaryimage\"},\"thumbnailUrl\":\"https:\/\/www.intoscana.it\/wp-content\/uploads\/371854696_851989586293741_4680615705315056269_n-2-e1693488077132.jpeg\",\"datePublished\":\"2023-08-31T13:10:04+00:00\",\"dateModified\":\"2023-08-31T13:23:16+00:00\",\"author\":{\"@id\":\"https:\/\/www.intoscana.it\/it\/#\/schema\/person\/9223810753230f20bd670fdd322661f8\"},\"description\":\"L'appuntamento \u00e8 dal 31 agosto al 3 settembre e l'evento \u00e8 inserito nella 25esima edizione della Biennale d'arte fabbrile, la pi\u00f9 antica delle mostre d'artigianato artistico del ferro forgiato.\",\"breadcrumb\":{\"@id\":\"https:\/\/www.intoscana.it\/it\/stia-capitale-del-ferro-battuto-300-fabbri-da-tutto-il-mondo-per-il-campionato-di-forgiatura\/#breadcrumb\"},\"inLanguage\":\"it-IT\",\"potentialAction\":[{\"@type\":\"ReadAction\",\"target\":[\"https:\/\/www.intoscana.it\/it\/stia-capitale-del-ferro-battuto-300-fabbri-da-tutto-il-mondo-per-il-campionato-di-forgiatura\/\"]}]},{\"@type\":\"ImageObject\",\"inLanguage\":\"it-IT\",\"@id\":\"https:\/\/www.intoscana.it\/it\/stia-capitale-del-ferro-battuto-300-fabbri-da-tutto-il-mondo-per-il-campionato-di-forgiatura\/#primaryimage\",\"url\":\"https:\/\/www.intoscana.it\/wp-content\/uploads\/371854696_851989586293741_4680615705315056269_n-2-e1693488077132.jpeg\",\"contentUrl\":\"https:\/\/www.intoscana.it\/wp-content\/uploads\/371854696_851989586293741_4680615705315056269_n-2-e1693488077132.jpeg\",\"width\":1439,\"height\":1004},{\"@type\":\"BreadcrumbList\",\"@id\":\"https:\/\/www.intoscana.it\/it\/stia-capitale-del-ferro-battuto-300-fabbri-da-tutto-il-mondo-per-il-campionato-di-forgiatura\/#breadcrumb\",\"itemListElement\":[{\"@type\":\"ListItem\",\"position\":1,\"name\":\"Home\",\"item\":\"https:\/\/www.intoscana.it\/it\/\"},{\"@type\":\"ListItem\",\"position\":2,\"name\":\"A Stia 300 fabbri da tutto il mondo per il campionato di forgiatura, Giani: &#8220;Cultura artigiana protagonista in Toscana&#8221;\"}]},{\"@type\":\"WebSite\",\"@id\":\"https:\/\/www.intoscana.it\/it\/#website\",\"url\":\"https:\/\/www.intoscana.it\/it\/\",\"name\":\"intoscana\",\"description\":\"\",\"potentialAction\":[{\"@type\":\"SearchAction\",\"target\":{\"@type\":\"EntryPoint\",\"urlTemplate\":\"https:\/\/www.intoscana.it\/it\/?s={search_term_string}\"},\"query-input\":{\"@type\":\"PropertyValueSpecification\",\"valueRequired\":true,\"valueName\":\"search_term_string\"}}],\"inLanguage\":\"it-IT\"},{\"@type\":\"Person\",\"@id\":\"https:\/\/www.intoscana.it\/it\/#\/schema\/person\/9223810753230f20bd670fdd322661f8\",\"name\":\"Redazione\",\"url\":\"https:\/\/www.intoscana.it\/it\/author\/redazione\/\"}]}<\/script>\n<!-- \/ Yoast SEO Premium plugin. -->","yoast_head_json":{"title":"A Stia 300 fabbri da tutto il mondo per il campionato di forgiatura, Giani: \"Cultura artigiana protagonista in Toscana\" - intoscana","description":"L'appuntamento \u00e8 dal 31 agosto al 3 settembre e l'evento \u00e8 inserito nella 25esima edizione della Biennale d'arte fabbrile, la pi\u00f9 antica delle mostre d'artigianato artistico del ferro forgiato.","robots":{"index":"index","follow":"follow","max-snippet":"max-snippet:-1","max-image-preview":"max-image-preview:large","max-video-preview":"max-video-preview:-1"},"canonical":"https:\/\/www.intoscana.it\/it\/stia-capitale-del-ferro-battuto-300-fabbri-da-tutto-il-mondo-per-il-campionato-di-forgiatura\/","og_locale":"it_IT","og_type":"article","og_title":"A Stia 300 fabbri da tutto il mondo per il campionato di forgiatura, Giani: \"Cultura artigiana protagonista in Toscana\"","og_description":"L'appuntamento \u00e8 dal 31 agosto al 3 settembre e l'evento \u00e8 inserito nella 25esima edizione della Biennale d'arte fabbrile, la pi\u00f9 antica delle mostre d'artigianato artistico del ferro forgiato.","og_url":"https:\/\/www.intoscana.it\/it\/stia-capitale-del-ferro-battuto-300-fabbri-da-tutto-il-mondo-per-il-campionato-di-forgiatura\/","og_site_name":"intoscana","article_publisher":"https:\/\/www.facebook.com\/intoscana.it","article_published_time":"2023-08-31T13:10:04+00:00","article_modified_time":"2023-08-31T13:23:16+00:00","og_image":[{"width":1439,"height":1004,"url":"https:\/\/www.intoscana.it\/wp-content\/uploads\/371854696_851989586293741_4680615705315056269_n-2-e1693488077132.jpeg","type":"image\/jpeg"}],"author":"Redazione","twitter_card":"summary_large_image","twitter_creator":"@intoscana","twitter_site":"@intoscana","twitter_misc":{"Written by":"Redazione","Est. reading time":"2 minuti"},"schema":{"@context":"https:\/\/schema.org","@graph":[{"@type":"WebPage","@id":"https:\/\/www.intoscana.it\/it\/stia-capitale-del-ferro-battuto-300-fabbri-da-tutto-il-mondo-per-il-campionato-di-forgiatura\/","url":"https:\/\/www.intoscana.it\/it\/stia-capitale-del-ferro-battuto-300-fabbri-da-tutto-il-mondo-per-il-campionato-di-forgiatura\/","name":"A Stia 300 fabbri da tutto il mondo per il campionato di forgiatura, Giani: \"Cultura artigiana protagonista in Toscana\" - intoscana","isPartOf":{"@id":"https:\/\/www.intoscana.it\/it\/#website"},"primaryImageOfPage":{"@id":"https:\/\/www.intoscana.it\/it\/stia-capitale-del-ferro-battuto-300-fabbri-da-tutto-il-mondo-per-il-campionato-di-forgiatura\/#primaryimage"},"image":{"@id":"https:\/\/www.intoscana.it\/it\/stia-capitale-del-ferro-battuto-300-fabbri-da-tutto-il-mondo-per-il-campionato-di-forgiatura\/#primaryimage"},"thumbnailUrl":"https:\/\/www.intoscana.it\/wp-content\/uploads\/371854696_851989586293741_4680615705315056269_n-2-e1693488077132.jpeg","datePublished":"2023-08-31T13:10:04+00:00","dateModified":"2023-08-31T13:23:16+00:00","author":{"@id":"https:\/\/www.intoscana.it\/it\/#\/schema\/person\/9223810753230f20bd670fdd322661f8"},"description":"L'appuntamento \u00e8 dal 31 agosto al 3 settembre e l'evento \u00e8 inserito nella 25esima edizione della Biennale d'arte fabbrile, la pi\u00f9 antica delle mostre d'artigianato artistico del ferro forgiato.","breadcrumb":{"@id":"https:\/\/www.intoscana.it\/it\/stia-capitale-del-ferro-battuto-300-fabbri-da-tutto-il-mondo-per-il-campionato-di-forgiatura\/#breadcrumb"},"inLanguage":"it-IT","potentialAction":[{"@type":"ReadAction","target":["https:\/\/www.intoscana.it\/it\/stia-capitale-del-ferro-battuto-300-fabbri-da-tutto-il-mondo-per-il-campionato-di-forgiatura\/"]}]},{"@type":"ImageObject","inLanguage":"it-IT","@id":"https:\/\/www.intoscana.it\/it\/stia-capitale-del-ferro-battuto-300-fabbri-da-tutto-il-mondo-per-il-campionato-di-forgiatura\/#primaryimage","url":"https:\/\/www.intoscana.it\/wp-content\/uploads\/371854696_851989586293741_4680615705315056269_n-2-e1693488077132.jpeg","contentUrl":"https:\/\/www.intoscana.it\/wp-content\/uploads\/371854696_851989586293741_4680615705315056269_n-2-e1693488077132.jpeg","width":1439,"height":1004},{"@type":"BreadcrumbList","@id":"https:\/\/www.intoscana.it\/it\/stia-capitale-del-ferro-battuto-300-fabbri-da-tutto-il-mondo-per-il-campionato-di-forgiatura\/#breadcrumb","itemListElement":[{"@type":"ListItem","position":1,"name":"Home","item":"https:\/\/www.intoscana.it\/it\/"},{"@type":"ListItem","position":2,"name":"A Stia 300 fabbri da tutto il mondo per il campionato di forgiatura, Giani: &#8220;Cultura artigiana protagonista in Toscana&#8221;"}]},{"@type":"WebSite","@id":"https:\/\/www.intoscana.it\/it\/#website","url":"https:\/\/www.intoscana.it\/it\/","name":"intoscana","description":"","potentialAction":[{"@type":"SearchAction","target":{"@type":"EntryPoint","urlTemplate":"https:\/\/www.intoscana.it\/it\/?s={search_term_string}"},"query-input":{"@type":"PropertyValueSpecification","valueRequired":true,"valueName":"search_term_string"}}],"inLanguage":"it-IT"},{"@type":"Person","@id":"https:\/\/www.intoscana.it\/it\/#\/schema\/person\/9223810753230f20bd670fdd322661f8","name":"Redazione","url":"https:\/\/www.intoscana.it\/it\/author\/redazione\/"}]}},"_links":{"self":[{"href":"https:\/\/www.intoscana.it\/it\/wp-json\/wp\/v2\/posts\/301243","targetHints":{"allow":["GET"]}}],"collection":[{"href":"https:\/\/www.intoscana.it\/it\/wp-json\/wp\/v2\/posts"}],"about":[{"href":"https:\/\/www.intoscana.it\/it\/wp-json\/wp\/v2\/types\/post"}],"author":[{"embeddable":true,"href":"https:\/\/www.intoscana.it\/it\/wp-json\/wp\/v2\/users\/525"}],"replies":[{"embeddable":true,"href":"https:\/\/www.intoscana.it\/it\/wp-json\/wp\/v2\/comments?post=301243"}],"version-history":[{"count":0,"href":"https:\/\/www.intoscana.it\/it\/wp-json\/wp\/v2\/posts\/301243\/revisions"}],"wp:featuredmedia":[{"embeddable":true,"href":"https:\/\/www.intoscana.it\/it\/wp-json\/wp\/v2\/media\/302538"}],"wp:attachment":[{"href":"https:\/\/www.intoscana.it\/it\/wp-json\/wp\/v2\/media?parent=301243"}],"wp:term":[{"taxonomy":"category","embeddable":true,"href":"https:\/\/www.intoscana.it\/it\/wp-json\/wp\/v2\/categories?post=301243"},{"taxonomy":"post_tag","embeddable":true,"href":"https:\/\/www.intoscana.it\/it\/wp-json\/wp\/v2\/tags?post=301243"}],"curies":[{"name":"wp","href":"https:\/\/api.w.org\/{rel}","templated":true}]}}