{"id":301303,"date":"2023-08-24T11:06:40","date_gmt":"2023-08-24T09:06:40","guid":{"rendered":"https:\/\/www.intoscana.it\/it\/?p=301303"},"modified":"2023-08-24T11:12:49","modified_gmt":"2023-08-24T09:12:49","slug":"i-colori-del-libro-tornano-gli-incontri-con-gli-autori-a-bagno-vignoni","status":"publish","type":"post","link":"https:\/\/www.intoscana.it\/it\/i-colori-del-libro-tornano-gli-incontri-con-gli-autori-a-bagno-vignoni\/","title":{"rendered":"I colori del libro, tornano gli incontri con gli autori a Bagno Vignoni"},"content":{"rendered":"<p style=\"font-weight: 400;\"><strong>Piccola e media editoria<\/strong> si ritrovano a <strong>Bagno Vignoni<\/strong> per la XIV edizione della rassegna <strong>I colori del libro<\/strong>. Il calendario vede tra sabato 9 e domenica 10 settembre intervenire Paolo Borrometi, Michele Cucuzza, Andrea Vianello, Luigi Contu, Giuliana Sgrena. A firmare l\u2019illustrazione il vignettista <strong>Emilio Giannelli<\/strong>. \u201cI Colori del libro\u201d.<\/p>\n<p style=\"font-weight: 400;\">Come da copione <strong>giornalisti, scrittori, attivisti, storici e personaggi televisivi<\/strong> sabato e domenica pomeriggio, si alterneranno sul palco nel giardino di <strong>Piazza del Moretto<\/strong> con presentazioni a ciclo continuo proponendo le loro ultime novit\u00e0 editoriali.<\/p>\n<h3>La mostra mercato di libri usati e antichi<\/h3>\n<p style=\"font-weight: 400;\">In programma sabato 9 (15\/22) e domenica 10 (10\/20) settembre 2023 la <mark>mostra mercato di libri usati, antichi e d\u2019occasione nella piazzetta del Moretto<\/mark> con librai ed espositori selezionati e provenienti da tutta Italia. Presente per il secondo anno consecutivo l<strong>\u2019Officina degli Stampatori<\/strong> &#8211; Associazione culturale Emporium Athestinum con <strong>piccole macchine da stampa<\/strong> che permetteranno ai visitatori di diventare tipografi per un weekend, preparando segnalibri e poster personalizzati.<\/p>\n<h3>La passeggiata letteraria in Valdorcia<\/h3>\n<p style=\"font-weight: 400;\">Domenica mattina l\u2019appuntamento con la <strong>Passeggiata letteraria<\/strong> da San Quirico d\u2019Orcia a Bagno Vignoni nello splendido paesaggio della Valdorcia, patrimonio Unesco, alla scoperta di <strong>alberi, viti e olivi<\/strong> con <strong>Francesco Ferrini<\/strong>, docente di Arboricoltura generale e coltivazioni arboree all\u2019Universit\u00e0 degli Studi di Firenze e la guida ambientale\u00a0<strong>Valentina Pierguidi<\/strong>\u00a0(per info e prenotazioni +393791789747 &#8211;<a href=\"mailto:redazione@toscanalibri.it\">redazione@toscanalibri.it<\/a>).<\/p>\n<figure id=\"post-301374 media-301374\" class=\"align-none\"><img decoding=\"async\" src=\"https:\/\/www.intoscana.it\/wp-content\/uploads\/Aspettando-I-colori-del-libro-\u00a9-FB-toscanalibri.it_-e1692867825539.jpeg\" alt=\"\" \/><\/figure>\n<div class=\"titleimg\">Aspettando I colori del libro \u2013 \u00a9 FB toscanalibri.it<\/div>\n<h3>Gli appuntamenti di sabato 9 settembre<\/h3>\n<p style=\"font-weight: 400;\">Sabato 9 settembre alle 15 inaugura il ciclo di incontri <strong>Cristiano Rafanelli<\/strong>\u00a0con i suoi\u00a0enigmi con duplice soluzione\u00a0contenuti nel libro\u00a0\u201c<em>Era gi\u00e0 morto quando fu ucciso<\/em>\u201d\u00a0(Betti Editrice). A seguire, alle 15.30,\u00a0<strong>Roberta Tosi\u00a0<\/strong>presenta \u201c<em>L&#8217;arte di Tolkien<\/em>\u201d (Agenzia Alcatraz) in cui analizza colori, visioni e suggestioni dal creatore della terra di mezzo.<\/p>\n<p style=\"font-weight: 400;\">Alle 16 protagonista l\u2019attrice e showgirl <strong>Gaia Zucchi\u00a0<\/strong>con \u201c<em>La vicina di Zeffirelli<\/em>\u201d\u00a0(De Nigris), volume a cui affida segreti e aneddoti di una vita sopra le righe vissuta con delicatezza. Spazio allo sport alle 16.30 con il giornalista\u00a0<strong>Enzo Bucchioni<\/strong> che in \u201c<em>Luciano Spalletti il vincente<\/em>\u201d (TEA) racconta la storia di un allenatore dallo stile unico, dentro e fuori dal campo, fresco di nomina come Ct della Nazionale.<\/p>\n<p style=\"font-weight: 400;\">Alle 17 si parla di politica con <strong>David Allegranti\u00a0<\/strong>a partire dal suo \u201c<em>Quale PD. Viaggio nel partito di Elly Schlein<\/em>\u201d\u00a0(Laterza), mentre alle 17.30\u00a0<strong>Tonia<\/strong>\u00a0<strong>Cartolano<\/strong>, volto del mattino di Skytg24, presenta \u201c<em>Leadhers. Donne e storie di straordinaria normalit\u00e0<\/em>\u201d (Santelli) in cui affronta il tema delle leadership al femminile.<\/p>\n<p style=\"font-weight: 400;\">Alle 18 incontro con il direttore dell\u2019Ansa <strong>Luigi Contu<\/strong>, autore<strong>\u00a0<\/strong>de \u201c<em>I libri si sentono soli<\/em>\u201d\u00a0(La nave di Teseo),\u00a0un romanzo di avventure\u00a0letterarie\u00a0per chi ama i libri e i segreti che nascondono.\u00a0Alle 18.30 il giornalista\u00a0<strong>Paolo Borrometi<\/strong> presenta \u201c<em>Traditori. Come fango e depistaggio hanno segnato la storia italiana<\/em>\u201d (Solferino), una storia, alternativa e potente, del lato oscuro del Paese.<\/p>\n<p style=\"font-weight: 400;\">Alle 19 sar\u00e0 <strong>Michele Cucuzza<\/strong>, a partire dal libro<strong>\u00a0\u201c<\/strong><em>Guarda, cos&#8217;\u00e8? Il romanzo di Ustica<\/em>\u201d\u00a0(Baldini+Castoldi), a ricordare una tragedia per la quale ancora oggi\u00a0non \u00e8 stata data ai familiari delle 81 vittime una spiegazione.\u00a0Chiude il ciclo di incontri del sabato, alle 19.30, il\u00a0giornalista e scrittore\u00a0<strong>Andrea Vianello<\/strong>\u00a0con \u201c<em>Storia immaginaria della mia famiglia\u201d<\/em> (Mondadori),\u00a0un\u2019inedita e originalissima ricostruzione dell\u2019Italia\u00a0degli anni Sessanta e Settanta.<\/p>\n<h3>Gli appuntamenti di domenica 10 settembre<\/h3>\n<p style=\"font-weight: 400;\"><strong>Domenica 10 settembre<\/strong> gli incontri ripartono alle 15 con <strong>Marialuisa Bianchi<\/strong>\u00a0e \u201c<em>La promessa di Ekaterina<\/em>\u201d\u00a0(END), seguita alle 15.30 da\u00a0<strong>Gianluca Barbera<\/strong> con \u201c<em>Il segreto del Gran Maestro\u201d<\/em> (Chiarelettere), il romanzo sulla <strong>massoneria<\/strong> e sull&#8217;<strong>Italia dei poteri occulti<\/strong>. Alle 16 il giornalista del quotidiano La Nazione <strong>Gigi Paoli<\/strong>\u00a0presenta \u201c<em>La voce del buio<\/em>\u201d (Giunti), non un semplice thriller, forse pi\u00f9 un noir della psiche.<\/p>\n<p style=\"font-weight: 400;\">Dove sta di casa la felicit\u00e0? Provano a rispondere alle 16.30 <strong>Francesca<\/strong>\u00a0<strong>Fiore<\/strong>\u00a0e\u00a0<strong>Sarah Malnerich<\/strong>, le bad influencer fondatrici di <strong>@mammadimerda<\/strong> pi\u00f9 amate dalle donne, con \u201c<em>Angele del focolare<\/em>\u201d (Feltrinelli). Alle 17 incontro con lo storico <strong>Gianni Oliva<\/strong>\u00a0per parlare de\u00a0\u201c<em>Il purgatorio dei vinti<\/em>\u201d\u00a0(Mondadori)\u00a0in cui ricostruisce la storia dei prigionieri fascisti nel campo di Coltano,\u00a0alle porte di Pisa. Alle 17.30\u00a0<strong>Leonardo Gori\u00a0<\/strong>presenta<strong>\u00a0<\/strong>\u201c<em>La libraia di Stalino<\/em>\u201d (TEA), nuova avventura del capitano Bruno Arcieri.<\/p>\n<p style=\"font-weight: 400;\">Alle 18 ci sar\u00e0 <strong>Marco Vichi\u00a0<\/strong>con\u00a0il suo\u00a0commissario Bordelli\u00a0protagonista di\u00a0\u201c<em>Nulla si distrugge<\/em>\u201d\u00a0(Guanda). Alle 18.30 presente\u00a0<strong>Fulvio Abbate<\/strong>\u00a0con \u201c<em>Lo stemma<\/em>\u201d\u00a0(La Nave di Teseo),\u00a0un romanzo dal forte sapore etico, il cui bersaglio manifesto \u00e8 la mediocrit\u00e0 come unico vero talento possibile, vincente nella societ\u00e0 in cui viviamo.<\/p>\n<p style=\"font-weight: 400;\">\u201c<em>Francesca. Storia di un amore in tempo di guerra<\/em>\u201d\u00a0(Solferino)\u00a0\u00e8 il libro\u00a0di\u00a0<strong>Felice Cavallaro\u00a0<\/strong>che verr\u00e0 presentato alle 19<strong>\u00a0<\/strong>per ricordare, a 31 anni dalla <strong>Strage di Capaci<\/strong>, l\u2019impegno e il sacrificio di Francesca Morvillo e Giovanni Falcone. Infine alle 19.30 a chiudere la XIV edizione della rassegna sar\u00e0\u00a0<strong>Giuliana Sgrena<\/strong>\u00a0con \u201c<em>Baghdad, i giorni del sequestro<\/em>\u201d\u00a0(Round Robin Editrice)\u00a0in cui ricostruisce la vicenda che nel 2005 l\u2019ha vista suo malgrado protagonista.<\/p>\n<p style=\"font-weight: 400;\">Per maggiori informazioni sul programma <a href=\"http:\/\/www.toscanalibri.it\/\" data-saferedirecturl=\"https:\/\/www.google.com\/url?q=http:\/\/www.toscanalibri.it\/&amp;source=gmail&amp;ust=1692942403820000&amp;usg=AOvVaw2e2TpbpmgwQtcPAJW6BIl2\">www.toscanalibri.it.<\/a><em>\u00a0<\/em><\/p>\n","protected":false},"excerpt":{"rendered":"<p>Sabato 9 e domenica 10 settembre appuntamento con giornalisti, scrittori, storici e personaggi tv. In contemporanea la mostra mercato<\/p>\n","protected":false},"author":525,"featured_media":301382,"comment_status":"open","ping_status":"open","sticky":false,"template":"","format":"standard","meta":{"_acf_changed":false,"footnotes":""},"categories":[493],"tags":[210],"class_list":["post-301303","post","type-post","status-publish","format-standard","has-post-thumbnail","hentry","category-cultura","tag-libri"],"acf":[],"yoast_head":"<!-- This site is optimized with the Yoast SEO Premium plugin v24.2 (Yoast SEO v25.6) - https:\/\/yoast.com\/wordpress\/plugins\/seo\/ -->\n<title>I colori del libro, tornano gli incontri con gli autori a Bagno Vignoni - intoscana<\/title>\n<meta name=\"description\" content=\"Sabato 9 e domenica 10 settembre appuntamento con giornalisti, scrittori, storici e personaggi tv. In contemporanea la mostra mercato\" \/>\n<meta name=\"robots\" content=\"index, follow, max-snippet:-1, max-image-preview:large, max-video-preview:-1\" \/>\n<link rel=\"canonical\" href=\"https:\/\/www.intoscana.it\/it\/i-colori-del-libro-tornano-gli-incontri-con-gli-autori-a-bagno-vignoni\/\" \/>\n<meta property=\"og:locale\" content=\"it_IT\" \/>\n<meta property=\"og:type\" content=\"article\" \/>\n<meta property=\"og:title\" content=\"I colori del libro, tornano gli incontri con gli autori a Bagno Vignoni\" \/>\n<meta property=\"og:description\" content=\"Sabato 9 e domenica 10 settembre appuntamento con giornalisti, scrittori, storici e personaggi tv. In contemporanea la mostra mercato\" \/>\n<meta property=\"og:url\" content=\"https:\/\/www.intoscana.it\/it\/i-colori-del-libro-tornano-gli-incontri-con-gli-autori-a-bagno-vignoni\/\" \/>\n<meta property=\"og:site_name\" content=\"intoscana\" \/>\n<meta property=\"article:publisher\" content=\"https:\/\/www.facebook.com\/intoscana.it\" \/>\n<meta property=\"article:published_time\" content=\"2023-08-24T09:06:40+00:00\" \/>\n<meta property=\"article:modified_time\" content=\"2023-08-24T09:12:49+00:00\" \/>\n<meta property=\"og:image\" content=\"https:\/\/www.intoscana.it\/wp-content\/uploads\/bv2022.jpg\" \/>\n\t<meta property=\"og:image:width\" content=\"1500\" \/>\n\t<meta property=\"og:image:height\" content=\"868\" \/>\n\t<meta property=\"og:image:type\" content=\"image\/jpeg\" \/>\n<meta name=\"author\" content=\"Redazione\" \/>\n<meta name=\"twitter:card\" content=\"summary_large_image\" \/>\n<meta name=\"twitter:creator\" content=\"@intoscana\" \/>\n<meta name=\"twitter:site\" content=\"@intoscana\" \/>\n<meta name=\"twitter:label1\" content=\"Written by\" \/>\n\t<meta name=\"twitter:data1\" content=\"Redazione\" \/>\n\t<meta name=\"twitter:label2\" content=\"Est. reading time\" \/>\n\t<meta name=\"twitter:data2\" content=\"4 minuti\" \/>\n<script type=\"application\/ld+json\" class=\"yoast-schema-graph\">{\"@context\":\"https:\/\/schema.org\",\"@graph\":[{\"@type\":\"WebPage\",\"@id\":\"https:\/\/www.intoscana.it\/it\/i-colori-del-libro-tornano-gli-incontri-con-gli-autori-a-bagno-vignoni\/\",\"url\":\"https:\/\/www.intoscana.it\/it\/i-colori-del-libro-tornano-gli-incontri-con-gli-autori-a-bagno-vignoni\/\",\"name\":\"I colori del libro, tornano gli incontri con gli autori a Bagno Vignoni - intoscana\",\"isPartOf\":{\"@id\":\"https:\/\/www.intoscana.it\/it\/#website\"},\"primaryImageOfPage\":{\"@id\":\"https:\/\/www.intoscana.it\/it\/i-colori-del-libro-tornano-gli-incontri-con-gli-autori-a-bagno-vignoni\/#primaryimage\"},\"image\":{\"@id\":\"https:\/\/www.intoscana.it\/it\/i-colori-del-libro-tornano-gli-incontri-con-gli-autori-a-bagno-vignoni\/#primaryimage\"},\"thumbnailUrl\":\"https:\/\/www.intoscana.it\/wp-content\/uploads\/bv2022.jpg\",\"datePublished\":\"2023-08-24T09:06:40+00:00\",\"dateModified\":\"2023-08-24T09:12:49+00:00\",\"author\":{\"@id\":\"https:\/\/www.intoscana.it\/it\/#\/schema\/person\/9223810753230f20bd670fdd322661f8\"},\"description\":\"Sabato 9 e domenica 10 settembre appuntamento con giornalisti, scrittori, storici e personaggi tv. In contemporanea la mostra mercato\",\"breadcrumb\":{\"@id\":\"https:\/\/www.intoscana.it\/it\/i-colori-del-libro-tornano-gli-incontri-con-gli-autori-a-bagno-vignoni\/#breadcrumb\"},\"inLanguage\":\"it-IT\",\"potentialAction\":[{\"@type\":\"ReadAction\",\"target\":[\"https:\/\/www.intoscana.it\/it\/i-colori-del-libro-tornano-gli-incontri-con-gli-autori-a-bagno-vignoni\/\"]}]},{\"@type\":\"ImageObject\",\"inLanguage\":\"it-IT\",\"@id\":\"https:\/\/www.intoscana.it\/it\/i-colori-del-libro-tornano-gli-incontri-con-gli-autori-a-bagno-vignoni\/#primaryimage\",\"url\":\"https:\/\/www.intoscana.it\/wp-content\/uploads\/bv2022.jpg\",\"contentUrl\":\"https:\/\/www.intoscana.it\/wp-content\/uploads\/bv2022.jpg\",\"width\":1500,\"height\":868,\"caption\":\"I colori del libro\"},{\"@type\":\"BreadcrumbList\",\"@id\":\"https:\/\/www.intoscana.it\/it\/i-colori-del-libro-tornano-gli-incontri-con-gli-autori-a-bagno-vignoni\/#breadcrumb\",\"itemListElement\":[{\"@type\":\"ListItem\",\"position\":1,\"name\":\"Home\",\"item\":\"https:\/\/www.intoscana.it\/it\/\"},{\"@type\":\"ListItem\",\"position\":2,\"name\":\"I colori del libro, tornano gli incontri con gli autori a Bagno Vignoni\"}]},{\"@type\":\"WebSite\",\"@id\":\"https:\/\/www.intoscana.it\/it\/#website\",\"url\":\"https:\/\/www.intoscana.it\/it\/\",\"name\":\"intoscana\",\"description\":\"\",\"potentialAction\":[{\"@type\":\"SearchAction\",\"target\":{\"@type\":\"EntryPoint\",\"urlTemplate\":\"https:\/\/www.intoscana.it\/it\/?s={search_term_string}\"},\"query-input\":{\"@type\":\"PropertyValueSpecification\",\"valueRequired\":true,\"valueName\":\"search_term_string\"}}],\"inLanguage\":\"it-IT\"},{\"@type\":\"Person\",\"@id\":\"https:\/\/www.intoscana.it\/it\/#\/schema\/person\/9223810753230f20bd670fdd322661f8\",\"name\":\"Redazione\",\"url\":\"https:\/\/www.intoscana.it\/it\/author\/redazione\/\"}]}<\/script>\n<!-- \/ Yoast SEO Premium plugin. -->","yoast_head_json":{"title":"I colori del libro, tornano gli incontri con gli autori a Bagno Vignoni - intoscana","description":"Sabato 9 e domenica 10 settembre appuntamento con giornalisti, scrittori, storici e personaggi tv. In contemporanea la mostra mercato","robots":{"index":"index","follow":"follow","max-snippet":"max-snippet:-1","max-image-preview":"max-image-preview:large","max-video-preview":"max-video-preview:-1"},"canonical":"https:\/\/www.intoscana.it\/it\/i-colori-del-libro-tornano-gli-incontri-con-gli-autori-a-bagno-vignoni\/","og_locale":"it_IT","og_type":"article","og_title":"I colori del libro, tornano gli incontri con gli autori a Bagno Vignoni","og_description":"Sabato 9 e domenica 10 settembre appuntamento con giornalisti, scrittori, storici e personaggi tv. In contemporanea la mostra mercato","og_url":"https:\/\/www.intoscana.it\/it\/i-colori-del-libro-tornano-gli-incontri-con-gli-autori-a-bagno-vignoni\/","og_site_name":"intoscana","article_publisher":"https:\/\/www.facebook.com\/intoscana.it","article_published_time":"2023-08-24T09:06:40+00:00","article_modified_time":"2023-08-24T09:12:49+00:00","og_image":[{"width":1500,"height":868,"url":"https:\/\/www.intoscana.it\/wp-content\/uploads\/bv2022.jpg","type":"image\/jpeg"}],"author":"Redazione","twitter_card":"summary_large_image","twitter_creator":"@intoscana","twitter_site":"@intoscana","twitter_misc":{"Written by":"Redazione","Est. reading time":"4 minuti"},"schema":{"@context":"https:\/\/schema.org","@graph":[{"@type":"WebPage","@id":"https:\/\/www.intoscana.it\/it\/i-colori-del-libro-tornano-gli-incontri-con-gli-autori-a-bagno-vignoni\/","url":"https:\/\/www.intoscana.it\/it\/i-colori-del-libro-tornano-gli-incontri-con-gli-autori-a-bagno-vignoni\/","name":"I colori del libro, tornano gli incontri con gli autori a Bagno Vignoni - intoscana","isPartOf":{"@id":"https:\/\/www.intoscana.it\/it\/#website"},"primaryImageOfPage":{"@id":"https:\/\/www.intoscana.it\/it\/i-colori-del-libro-tornano-gli-incontri-con-gli-autori-a-bagno-vignoni\/#primaryimage"},"image":{"@id":"https:\/\/www.intoscana.it\/it\/i-colori-del-libro-tornano-gli-incontri-con-gli-autori-a-bagno-vignoni\/#primaryimage"},"thumbnailUrl":"https:\/\/www.intoscana.it\/wp-content\/uploads\/bv2022.jpg","datePublished":"2023-08-24T09:06:40+00:00","dateModified":"2023-08-24T09:12:49+00:00","author":{"@id":"https:\/\/www.intoscana.it\/it\/#\/schema\/person\/9223810753230f20bd670fdd322661f8"},"description":"Sabato 9 e domenica 10 settembre appuntamento con giornalisti, scrittori, storici e personaggi tv. In contemporanea la mostra mercato","breadcrumb":{"@id":"https:\/\/www.intoscana.it\/it\/i-colori-del-libro-tornano-gli-incontri-con-gli-autori-a-bagno-vignoni\/#breadcrumb"},"inLanguage":"it-IT","potentialAction":[{"@type":"ReadAction","target":["https:\/\/www.intoscana.it\/it\/i-colori-del-libro-tornano-gli-incontri-con-gli-autori-a-bagno-vignoni\/"]}]},{"@type":"ImageObject","inLanguage":"it-IT","@id":"https:\/\/www.intoscana.it\/it\/i-colori-del-libro-tornano-gli-incontri-con-gli-autori-a-bagno-vignoni\/#primaryimage","url":"https:\/\/www.intoscana.it\/wp-content\/uploads\/bv2022.jpg","contentUrl":"https:\/\/www.intoscana.it\/wp-content\/uploads\/bv2022.jpg","width":1500,"height":868,"caption":"I colori del libro"},{"@type":"BreadcrumbList","@id":"https:\/\/www.intoscana.it\/it\/i-colori-del-libro-tornano-gli-incontri-con-gli-autori-a-bagno-vignoni\/#breadcrumb","itemListElement":[{"@type":"ListItem","position":1,"name":"Home","item":"https:\/\/www.intoscana.it\/it\/"},{"@type":"ListItem","position":2,"name":"I colori del libro, tornano gli incontri con gli autori a Bagno Vignoni"}]},{"@type":"WebSite","@id":"https:\/\/www.intoscana.it\/it\/#website","url":"https:\/\/www.intoscana.it\/it\/","name":"intoscana","description":"","potentialAction":[{"@type":"SearchAction","target":{"@type":"EntryPoint","urlTemplate":"https:\/\/www.intoscana.it\/it\/?s={search_term_string}"},"query-input":{"@type":"PropertyValueSpecification","valueRequired":true,"valueName":"search_term_string"}}],"inLanguage":"it-IT"},{"@type":"Person","@id":"https:\/\/www.intoscana.it\/it\/#\/schema\/person\/9223810753230f20bd670fdd322661f8","name":"Redazione","url":"https:\/\/www.intoscana.it\/it\/author\/redazione\/"}]}},"_links":{"self":[{"href":"https:\/\/www.intoscana.it\/it\/wp-json\/wp\/v2\/posts\/301303","targetHints":{"allow":["GET"]}}],"collection":[{"href":"https:\/\/www.intoscana.it\/it\/wp-json\/wp\/v2\/posts"}],"about":[{"href":"https:\/\/www.intoscana.it\/it\/wp-json\/wp\/v2\/types\/post"}],"author":[{"embeddable":true,"href":"https:\/\/www.intoscana.it\/it\/wp-json\/wp\/v2\/users\/525"}],"replies":[{"embeddable":true,"href":"https:\/\/www.intoscana.it\/it\/wp-json\/wp\/v2\/comments?post=301303"}],"version-history":[{"count":0,"href":"https:\/\/www.intoscana.it\/it\/wp-json\/wp\/v2\/posts\/301303\/revisions"}],"wp:featuredmedia":[{"embeddable":true,"href":"https:\/\/www.intoscana.it\/it\/wp-json\/wp\/v2\/media\/301382"}],"wp:attachment":[{"href":"https:\/\/www.intoscana.it\/it\/wp-json\/wp\/v2\/media?parent=301303"}],"wp:term":[{"taxonomy":"category","embeddable":true,"href":"https:\/\/www.intoscana.it\/it\/wp-json\/wp\/v2\/categories?post=301303"},{"taxonomy":"post_tag","embeddable":true,"href":"https:\/\/www.intoscana.it\/it\/wp-json\/wp\/v2\/tags?post=301303"}],"curies":[{"name":"wp","href":"https:\/\/api.w.org\/{rel}","templated":true}]}}