{"id":301929,"date":"2023-08-28T14:16:54","date_gmt":"2023-08-28T12:16:54","guid":{"rendered":"https:\/\/www.intoscana.it\/it\/?p=301929"},"modified":"2023-08-28T14:16:54","modified_gmt":"2023-08-28T12:16:54","slug":"agli-uffizi-gli-autoritratti-degli-artisti-contemporanei-giuseppe-penone-ilaria-sagaria-e-liu-bolin","status":"publish","type":"post","link":"https:\/\/www.intoscana.it\/it\/agli-uffizi-gli-autoritratti-degli-artisti-contemporanei-giuseppe-penone-ilaria-sagaria-e-liu-bolin\/","title":{"rendered":"Agli Uffizi gli autoritratti degli artisti contemporanei Giuseppe Penone, Ilaria Sagaria e Liu Bolin"},"content":{"rendered":"<p>Si arricchisce con <strong>tre nuove opere<\/strong> la vastissima collezione di autoritratti inaugurata da <strong>Leopoldo de&#8217; Medici<\/strong> nel &#8216;600 e conservata alle<strong> Gallerie degli <a href=\"https:\/\/www.intoscana.it\/it\/articolo\/moda-il-nuovo-rinascimento-di-ferragamo-parte-dagli-uffizi\/\" target=\"_blank\" rel=\"noopener\">Uffizi.<\/a><\/strong><\/p>\n<p>Gli autoritratti spostati dal<a href=\"https:\/\/www.intoscana.it\/it\/articolo\/firenze-imbrattate-con-scritte-le-colonne-del-corridoio-vasariano-indagini-in-corso\/\" target=\"_blank\" rel=\"noopener\"><strong> Corridoio Vasariano<\/strong><\/a> hanno da poco trovato spazio nelle<a href=\"https:\/\/www.intoscana.it\/it\/articolo\/torna-visibile-agli-uffizi-la-collezione-di-autoritratti-oltre-250-opere-in-12-sale-straordinarie\/\" target=\"_blank\" rel=\"noopener\"><strong> 12 nuove sale degli Uffizi<\/strong> <\/a>\u00a0che contengono <strong>oltre 250 opere<\/strong> che vanno da Trecento all\u2019epoca contemporanea, un tutto<strong> 6 secoli di storia dell\u2019arte.<\/strong><\/p>\n<p><strong>Un percorso unico al mondo<\/strong>\u00a0con<strong> dipinti, sculture, disegni e videoarte<\/strong> e che si arricchisce delle\u00a0donazioni straordinarie di <strong>tre degli artisti contemporanei pi\u00f9 influenti al mondo<\/strong>: il poeta dell\u2019Arte Povera <a href=\"https:\/\/www.intoscana.it\/it\/articolo\/gli-alberi-in-versi-di-penone-arrivano-alla-galleria-degli-uffizi\/\" target=\"_blank\" rel=\"noopener\"><strong>Giuseppe Penone<\/strong>,<\/a> il maestro del camouflage <strong>Liu Bolin<\/strong> e la fotografa del femminile <strong>Ilaria Sagaria.\u00a0<\/strong>Tre autoritratti fotografici, ognuno con la propria particolarit\u00e0.<\/p>\n<p><strong>Il direttore delle Gallerie degli Uffizi Eike Schmidt:<\/strong> <em>\u201cNel 2021, gli Uffizi hanno dedicato a <strong>Giuseppe Penone<\/strong> una mostra che ripercorreva i temi centrali dell\u2019opera dell\u2019artista. In concomitanza con la <strong>Giornata Internazionale per l\u2019Eliminazione della Violenza contro le Donne,<\/strong> gli scatti fotografici di Ilaria Sagaria dal ciclo <strong>\u2018<a href=\"https:\/\/www.intoscana.it\/it\/articolo\/lo-sfregio-di-costanza-bonarelli-una-mostra-agli-uffizi-contro-la-violenza-sulle-donne\/\" target=\"_blank\" rel=\"noopener\">Il dolore non \u00e8 un privilegio\u2019<\/a><\/strong> sono stati messi a confronto con il busto di <strong>Costanza Bonarelli del Bernini,<\/strong> anch\u2019essa vittima di violenza da parte dello scultore suo amante. In linea con la tradizione delle Gallerie degli Uffizi, ho chiesto a entrambi gli artisti di donare un loro autoritratto. Sono lieto che al loro gesto generoso si sia unito quello di <strong>Liu Bolin,<\/strong> che, giunto a Firenze per la prima volta nell\u2019autunno del 2022, e sopraffatto dalla loro bellezza e ricchezza i nostri musei, ha deciso di realizzare ben tre diversi autoritratti. Penone, Sagaria e Bolin vanno ora ad aggiungersi al nucleo di autori viventi della nostra prestigiosa collezione di autoritratti che, dal XVII secolo, continua, mese dopo mese, a crescere\u201d.<\/em><\/p>\n<figure id=\"post-301932 media-301932\" class=\"align-none\"><img decoding=\"async\" src=\"https:\/\/www.intoscana.it\/wp-content\/uploads\/Penone-1-scaled.jpeg\" alt=\"\" \/><\/figure>\n<div class=\"titleimg\">Giuseppe Penone<\/div>\n<h3>Le opere<\/h3>\n<p>L&#8217;autoritratto di <strong>Giuseppe Penone<\/strong>\u00a0\u00e8 un viaggio introspettivo che separa l\u2019autore dal proprio io e lo connette, allo stesso tempo, con la sua sensibilit\u00e0 di poeta. <strong>Sostituendo un paio di lenti specchianti alle sue pupille<\/strong> l\u2019artista tenta di <strong>restituire all\u2019osservatore quello che i suoi occhi assorbono dall\u2019ambiente esterno,<\/strong> compreso il fotografo che lo sta documentando.<\/p>\n<p><strong>Le lenti per\u00f2, lo rendono cieco<\/strong> recidendo cos\u00ec il canale tra mente e pupilla, Penone impedisce alla mente di rielaborare ci\u00f2 che i suoi occhi hanno percepito.<\/p>\n<p>Al tempo stesso, <strong>\u00e8 l\u2019artista che guida e controlla l\u2019intero processo<\/strong>, in questo senso, <strong>Penone si cala nel ruolo del veggente:<\/strong> astraendosi momentaneamente dalla realt\u00e0, ma tenendone comunque le redini.<\/p>\n<p><strong>Giuseppe Penone<\/strong> ha detto:<em> \u201cNel mese di luglio del 2021 delle mie opere sono entrate in alcune sale degli Uffizi e per alcuni mesi hanno dialogato con i capolavori presenti. E\u2019 stata un\u2019appartenenza temporanea che \u00e8 continuata nel tempo solo nella mia mente. <strong>Ho colto con grande piacere l\u2019opportunit\u00e0 di dare, ad una mia opera, la possibilit\u00e0 di essere presente nella collezione degli autoritratti del museo<\/strong>. E\u2019 una fotografia del 1970 che documenta il mio volto mentre indosso delle lenti a contatto specchianti che accecano il mio sguardo e riflettono cosa dovrei vedere, separando il mio corpo dal mondo delle immagini che mi circondano e che nutrono la mia immaginazione\u201d.<\/em><\/p>\n<p>Anche<strong> Ilaria Sagaria<\/strong> sceglie di non mostrare i propri occhi. In <strong>Dismorfofobia<\/strong>, l\u2019autrice appare <strong>distorta<\/strong>: il collo \u00e8 allungato, <strong>lo sguardo risucchiato da una modificazione grafica<\/strong> che inghiotte la parte centrale del viso.<\/p>\n<p>In ambito psichiatrico\u00a0<strong>la dismorfofobia \u00e8 un disturbo ossessivo-compulsivo che ingigantisce la percezione di alcuni tratti del proprio corpo<\/strong>, spesso lievi o inesistenti, generando ansia e disagio; in altri termini, <strong>la dismorfofobia \u00e8 la paura di essere brutti<\/strong>.<\/p>\n<p>Nella societ\u00e0 contemporanea, in un&#8217;era in cui <strong>ogni fotografia viene manipolata e modificata<\/strong> per essere pubblicata sui social network, <strong>ogni piccola insicurezza pu\u00f2 diventare un&#8217;ossessione.<\/strong><\/p>\n<p>L&#8217;opera di <strong>Ilaria Sagaria<\/strong> nasce dalla necessit\u00e0 di <strong>evidenziare gli effetti che la percezione distorta della propria immagine pu\u00f2 generare<\/strong>: l\u2019uso incontrollato di filtri per eliminare ogni difetto ci allontana dalla nostra realt\u00e0, dalla verit\u00e0 di noi stessi. Il rischio \u00e8 quello di venire trascinati nel vortice che ha inglobato gli occhi della protagonista dell\u2019autoscatto, di<strong> non riconoscersi al punto tale da non volersi pi\u00f9 guardare.<\/strong><\/p>\n<p><strong>Ilaria Sagaria<\/strong> ha dichiarato:<em> \u201cQuesto lavoro nasce da una personale necessit\u00e0 di<strong> porre l\u2019attenzione sugli effetti che una percezione distorta della propria immagine corporea pu\u00f2 causare.<\/strong> Ma la mia \u00e8 una riflessione che non cerca gli effetti negativi negli strumenti in s\u00e9 o almeno non in tutti: il mondo digitale e persino i social network possono rappresentare una preziosa risorsa se utilizzati con un atteggiamento positivo e critico, ma per far s\u00ec che ci\u00f2 avvenga \u00e8 necessario non ignorare le preoccupazioni e le ansie di una generazione estremamente fragile e soprattutto riconoscere le responsabilit\u00e0 e il ruolo che si hanno in questo preoccupante scenario\u201d.<\/em><\/p>\n<figure id=\"post-301933 media-301933\" class=\"align-none\"><img decoding=\"async\" src=\"https:\/\/www.intoscana.it\/wp-content\/uploads\/Sagaria-scaled.jpg\" alt=\"\" \/><\/figure>\n<div class=\"titleimg\"><em>Ilaria Sagaria<\/em><\/div>\n<p><strong>Liu Bolin<\/strong>\u00a0\u00e8 celebre per essere <em><strong>&#8220;l&#8217;artista invisibile&#8221;,<\/strong><\/em> nelle sue opere riesce infatti a cancellare\u00a0<strong>totalmente il proprio corpo.<\/strong><\/p>\n<p>Attraverso una sintesi di <strong>body painting, fotografia e performance<\/strong>\u00a0le opere del <strong>\u201ccamaleonte\u201d dell\u2019arte contemporanea<\/strong> sfidano la percezione visiva stessa, confondendo la mente dell\u2019osservatore e stregandone lo sguardo.<\/p>\n<p>Per il progetto di prossima apertura nella sala d&#8217;Arme di palazzo Vecchio\u00a0<em><strong>&#8220;Hiding in Florence&#8221;<\/strong><\/em> l&#8217;artista ha scelto di scomparire nella <strong>Sala della Niobe,<\/strong> di confondersi tra le sculture della <strong>Sala di Venere nella Galleria Palatina di Palazzo Pitti<\/strong> e di diventare parte della <strong>Sala Bianca.<\/strong><\/p>\n<p><strong>Liu Bolin ha dichiarato<\/strong>: <em>\u201cLavorare al progetto \u2018<strong>Hiding in Florence\u2019<\/strong> \u00e8 stata un\u2019esperienza unica che mi ha permesso di vivere tutta la potenza e la forza dell\u2019arte rinascimentale. <strong>A Firenze, la cultura e l&#8217;arte sono rimaste preziose ed essenziali per secoli.<\/strong> Questo progetto ha rappresentato una grande opportunit\u00e0 soprattutto per entrare in contatto con grandi artisti del passato come <strong>Giorgio Vasari, Antonio Canova, Pieter Paul Rubens<\/strong> e altri maestri che hanno reso Firenze una delle citt\u00e0 pi\u00f9 affascinanti del mondo\u201d.<\/em><\/p>\n<figure id=\"post-301934 media-301934\" class=\"align-none\"><img decoding=\"async\" src=\"https:\/\/www.intoscana.it\/wp-content\/uploads\/SchmidtSagaria-Bolin-scaled.jpeg\" alt=\"\" \/><\/figure>\n<div class=\"titleimg\"><em>Eike Schmidt, Ilaria Sagaria, Liu Bolin<\/em><\/div>\n","protected":false},"excerpt":{"rendered":"<p>Gli autoritratti fotografici di tre tra i pi\u00f9 importanti artisti della scena contemporanea\u00a0vanno ad arricchire la vastissima collezione inaugurata da Leopoldo de&#8217; Medici nel &#8216;600<\/p>\n","protected":false},"author":518,"featured_media":301930,"comment_status":"open","ping_status":"open","sticky":false,"template":"","format":"standard","meta":{"_acf_changed":false,"footnotes":""},"categories":[493],"tags":[227,242,207],"class_list":["post-301929","post","type-post","status-publish","format-standard","has-post-thumbnail","hentry","category-cultura","tag-arte-contemporanea","tag-fotografia","tag-uffizi"],"acf":[],"yoast_head":"<!-- This site is optimized with the Yoast SEO Premium plugin v24.2 (Yoast SEO v25.6) - https:\/\/yoast.com\/wordpress\/plugins\/seo\/ -->\n<title>Agli Uffizi gli autoritratti degli artisti contemporanei Giuseppe Penone, Ilaria Sagaria e Liu Bolin - intoscana<\/title>\n<meta name=\"description\" content=\"Gli autoritratti fotografici di tre tra i pi\u00f9 importanti artisti della scena contemporanea\u00a0vanno ad arricchire la collezione\" \/>\n<meta name=\"robots\" content=\"index, follow, max-snippet:-1, max-image-preview:large, max-video-preview:-1\" \/>\n<link rel=\"canonical\" href=\"https:\/\/www.intoscana.it\/it\/agli-uffizi-gli-autoritratti-degli-artisti-contemporanei-giuseppe-penone-ilaria-sagaria-e-liu-bolin\/\" \/>\n<meta property=\"og:locale\" content=\"it_IT\" \/>\n<meta property=\"og:type\" content=\"article\" \/>\n<meta property=\"og:title\" content=\"Agli Uffizi gli autoritratti degli artisti contemporanei Giuseppe Penone, Ilaria Sagaria e Liu Bolin\" \/>\n<meta property=\"og:description\" content=\"Gli autoritratti fotografici di tre tra i pi\u00f9 importanti artisti della scena contemporanea\u00a0vanno ad arricchire la collezione\" \/>\n<meta property=\"og:url\" content=\"https:\/\/www.intoscana.it\/it\/agli-uffizi-gli-autoritratti-degli-artisti-contemporanei-giuseppe-penone-ilaria-sagaria-e-liu-bolin\/\" \/>\n<meta property=\"og:site_name\" content=\"intoscana\" \/>\n<meta property=\"article:publisher\" content=\"https:\/\/www.facebook.com\/intoscana.it\" \/>\n<meta property=\"article:published_time\" content=\"2023-08-28T12:16:54+00:00\" \/>\n<meta property=\"og:image\" content=\"https:\/\/www.intoscana.it\/wp-content\/uploads\/Autoritratti-donati-scaled.jpeg\" \/>\n\t<meta property=\"og:image:width\" content=\"2048\" \/>\n\t<meta property=\"og:image:height\" content=\"1358\" \/>\n\t<meta property=\"og:image:type\" content=\"image\/jpeg\" \/>\n<meta name=\"author\" content=\"Costanza Baldini\" \/>\n<meta name=\"twitter:card\" content=\"summary_large_image\" \/>\n<meta name=\"twitter:creator\" content=\"@intoscana\" \/>\n<meta name=\"twitter:site\" content=\"@intoscana\" \/>\n<meta name=\"twitter:label1\" content=\"Written by\" \/>\n\t<meta name=\"twitter:data1\" content=\"Costanza Baldini\" \/>\n\t<meta name=\"twitter:label2\" content=\"Est. reading time\" \/>\n\t<meta name=\"twitter:data2\" content=\"5 minuti\" \/>\n<script type=\"application\/ld+json\" class=\"yoast-schema-graph\">{\"@context\":\"https:\/\/schema.org\",\"@graph\":[{\"@type\":\"WebPage\",\"@id\":\"https:\/\/www.intoscana.it\/it\/agli-uffizi-gli-autoritratti-degli-artisti-contemporanei-giuseppe-penone-ilaria-sagaria-e-liu-bolin\/\",\"url\":\"https:\/\/www.intoscana.it\/it\/agli-uffizi-gli-autoritratti-degli-artisti-contemporanei-giuseppe-penone-ilaria-sagaria-e-liu-bolin\/\",\"name\":\"Agli Uffizi gli autoritratti degli artisti contemporanei Giuseppe Penone, Ilaria Sagaria e Liu Bolin - intoscana\",\"isPartOf\":{\"@id\":\"https:\/\/www.intoscana.it\/it\/#website\"},\"primaryImageOfPage\":{\"@id\":\"https:\/\/www.intoscana.it\/it\/agli-uffizi-gli-autoritratti-degli-artisti-contemporanei-giuseppe-penone-ilaria-sagaria-e-liu-bolin\/#primaryimage\"},\"image\":{\"@id\":\"https:\/\/www.intoscana.it\/it\/agli-uffizi-gli-autoritratti-degli-artisti-contemporanei-giuseppe-penone-ilaria-sagaria-e-liu-bolin\/#primaryimage\"},\"thumbnailUrl\":\"https:\/\/www.intoscana.it\/wp-content\/uploads\/Autoritratti-donati-scaled.jpeg\",\"datePublished\":\"2023-08-28T12:16:54+00:00\",\"author\":{\"@id\":\"https:\/\/www.intoscana.it\/it\/#\/schema\/person\/d469f35f09739bdf00bf5dd3f0647a82\"},\"description\":\"Gli autoritratti fotografici di tre tra i pi\u00f9 importanti artisti della scena contemporanea\u00a0vanno ad arricchire la collezione\",\"breadcrumb\":{\"@id\":\"https:\/\/www.intoscana.it\/it\/agli-uffizi-gli-autoritratti-degli-artisti-contemporanei-giuseppe-penone-ilaria-sagaria-e-liu-bolin\/#breadcrumb\"},\"inLanguage\":\"it-IT\",\"potentialAction\":[{\"@type\":\"ReadAction\",\"target\":[\"https:\/\/www.intoscana.it\/it\/agli-uffizi-gli-autoritratti-degli-artisti-contemporanei-giuseppe-penone-ilaria-sagaria-e-liu-bolin\/\"]}]},{\"@type\":\"ImageObject\",\"inLanguage\":\"it-IT\",\"@id\":\"https:\/\/www.intoscana.it\/it\/agli-uffizi-gli-autoritratti-degli-artisti-contemporanei-giuseppe-penone-ilaria-sagaria-e-liu-bolin\/#primaryimage\",\"url\":\"https:\/\/www.intoscana.it\/wp-content\/uploads\/Autoritratti-donati-scaled.jpeg\",\"contentUrl\":\"https:\/\/www.intoscana.it\/wp-content\/uploads\/Autoritratti-donati-scaled.jpeg\",\"width\":2048,\"height\":1358},{\"@type\":\"BreadcrumbList\",\"@id\":\"https:\/\/www.intoscana.it\/it\/agli-uffizi-gli-autoritratti-degli-artisti-contemporanei-giuseppe-penone-ilaria-sagaria-e-liu-bolin\/#breadcrumb\",\"itemListElement\":[{\"@type\":\"ListItem\",\"position\":1,\"name\":\"Home\",\"item\":\"https:\/\/www.intoscana.it\/it\/\"},{\"@type\":\"ListItem\",\"position\":2,\"name\":\"Agli Uffizi gli autoritratti degli artisti contemporanei Giuseppe Penone, Ilaria Sagaria e Liu Bolin\"}]},{\"@type\":\"WebSite\",\"@id\":\"https:\/\/www.intoscana.it\/it\/#website\",\"url\":\"https:\/\/www.intoscana.it\/it\/\",\"name\":\"intoscana\",\"description\":\"\",\"potentialAction\":[{\"@type\":\"SearchAction\",\"target\":{\"@type\":\"EntryPoint\",\"urlTemplate\":\"https:\/\/www.intoscana.it\/it\/?s={search_term_string}\"},\"query-input\":{\"@type\":\"PropertyValueSpecification\",\"valueRequired\":true,\"valueName\":\"search_term_string\"}}],\"inLanguage\":\"it-IT\"},{\"@type\":\"Person\",\"@id\":\"https:\/\/www.intoscana.it\/it\/#\/schema\/person\/d469f35f09739bdf00bf5dd3f0647a82\",\"name\":\"Costanza Baldini\",\"url\":\"https:\/\/www.intoscana.it\/it\/author\/costanza-baldini\/\"}]}<\/script>\n<!-- \/ Yoast SEO Premium plugin. -->","yoast_head_json":{"title":"Agli Uffizi gli autoritratti degli artisti contemporanei Giuseppe Penone, Ilaria Sagaria e Liu Bolin - intoscana","description":"Gli autoritratti fotografici di tre tra i pi\u00f9 importanti artisti della scena contemporanea\u00a0vanno ad arricchire la collezione","robots":{"index":"index","follow":"follow","max-snippet":"max-snippet:-1","max-image-preview":"max-image-preview:large","max-video-preview":"max-video-preview:-1"},"canonical":"https:\/\/www.intoscana.it\/it\/agli-uffizi-gli-autoritratti-degli-artisti-contemporanei-giuseppe-penone-ilaria-sagaria-e-liu-bolin\/","og_locale":"it_IT","og_type":"article","og_title":"Agli Uffizi gli autoritratti degli artisti contemporanei Giuseppe Penone, Ilaria Sagaria e Liu Bolin","og_description":"Gli autoritratti fotografici di tre tra i pi\u00f9 importanti artisti della scena contemporanea\u00a0vanno ad arricchire la collezione","og_url":"https:\/\/www.intoscana.it\/it\/agli-uffizi-gli-autoritratti-degli-artisti-contemporanei-giuseppe-penone-ilaria-sagaria-e-liu-bolin\/","og_site_name":"intoscana","article_publisher":"https:\/\/www.facebook.com\/intoscana.it","article_published_time":"2023-08-28T12:16:54+00:00","og_image":[{"width":2048,"height":1358,"url":"https:\/\/www.intoscana.it\/wp-content\/uploads\/Autoritratti-donati-scaled.jpeg","type":"image\/jpeg"}],"author":"Costanza Baldini","twitter_card":"summary_large_image","twitter_creator":"@intoscana","twitter_site":"@intoscana","twitter_misc":{"Written by":"Costanza Baldini","Est. reading time":"5 minuti"},"schema":{"@context":"https:\/\/schema.org","@graph":[{"@type":"WebPage","@id":"https:\/\/www.intoscana.it\/it\/agli-uffizi-gli-autoritratti-degli-artisti-contemporanei-giuseppe-penone-ilaria-sagaria-e-liu-bolin\/","url":"https:\/\/www.intoscana.it\/it\/agli-uffizi-gli-autoritratti-degli-artisti-contemporanei-giuseppe-penone-ilaria-sagaria-e-liu-bolin\/","name":"Agli Uffizi gli autoritratti degli artisti contemporanei Giuseppe Penone, Ilaria Sagaria e Liu Bolin - intoscana","isPartOf":{"@id":"https:\/\/www.intoscana.it\/it\/#website"},"primaryImageOfPage":{"@id":"https:\/\/www.intoscana.it\/it\/agli-uffizi-gli-autoritratti-degli-artisti-contemporanei-giuseppe-penone-ilaria-sagaria-e-liu-bolin\/#primaryimage"},"image":{"@id":"https:\/\/www.intoscana.it\/it\/agli-uffizi-gli-autoritratti-degli-artisti-contemporanei-giuseppe-penone-ilaria-sagaria-e-liu-bolin\/#primaryimage"},"thumbnailUrl":"https:\/\/www.intoscana.it\/wp-content\/uploads\/Autoritratti-donati-scaled.jpeg","datePublished":"2023-08-28T12:16:54+00:00","author":{"@id":"https:\/\/www.intoscana.it\/it\/#\/schema\/person\/d469f35f09739bdf00bf5dd3f0647a82"},"description":"Gli autoritratti fotografici di tre tra i pi\u00f9 importanti artisti della scena contemporanea\u00a0vanno ad arricchire la collezione","breadcrumb":{"@id":"https:\/\/www.intoscana.it\/it\/agli-uffizi-gli-autoritratti-degli-artisti-contemporanei-giuseppe-penone-ilaria-sagaria-e-liu-bolin\/#breadcrumb"},"inLanguage":"it-IT","potentialAction":[{"@type":"ReadAction","target":["https:\/\/www.intoscana.it\/it\/agli-uffizi-gli-autoritratti-degli-artisti-contemporanei-giuseppe-penone-ilaria-sagaria-e-liu-bolin\/"]}]},{"@type":"ImageObject","inLanguage":"it-IT","@id":"https:\/\/www.intoscana.it\/it\/agli-uffizi-gli-autoritratti-degli-artisti-contemporanei-giuseppe-penone-ilaria-sagaria-e-liu-bolin\/#primaryimage","url":"https:\/\/www.intoscana.it\/wp-content\/uploads\/Autoritratti-donati-scaled.jpeg","contentUrl":"https:\/\/www.intoscana.it\/wp-content\/uploads\/Autoritratti-donati-scaled.jpeg","width":2048,"height":1358},{"@type":"BreadcrumbList","@id":"https:\/\/www.intoscana.it\/it\/agli-uffizi-gli-autoritratti-degli-artisti-contemporanei-giuseppe-penone-ilaria-sagaria-e-liu-bolin\/#breadcrumb","itemListElement":[{"@type":"ListItem","position":1,"name":"Home","item":"https:\/\/www.intoscana.it\/it\/"},{"@type":"ListItem","position":2,"name":"Agli Uffizi gli autoritratti degli artisti contemporanei Giuseppe Penone, Ilaria Sagaria e Liu Bolin"}]},{"@type":"WebSite","@id":"https:\/\/www.intoscana.it\/it\/#website","url":"https:\/\/www.intoscana.it\/it\/","name":"intoscana","description":"","potentialAction":[{"@type":"SearchAction","target":{"@type":"EntryPoint","urlTemplate":"https:\/\/www.intoscana.it\/it\/?s={search_term_string}"},"query-input":{"@type":"PropertyValueSpecification","valueRequired":true,"valueName":"search_term_string"}}],"inLanguage":"it-IT"},{"@type":"Person","@id":"https:\/\/www.intoscana.it\/it\/#\/schema\/person\/d469f35f09739bdf00bf5dd3f0647a82","name":"Costanza Baldini","url":"https:\/\/www.intoscana.it\/it\/author\/costanza-baldini\/"}]}},"_links":{"self":[{"href":"https:\/\/www.intoscana.it\/it\/wp-json\/wp\/v2\/posts\/301929","targetHints":{"allow":["GET"]}}],"collection":[{"href":"https:\/\/www.intoscana.it\/it\/wp-json\/wp\/v2\/posts"}],"about":[{"href":"https:\/\/www.intoscana.it\/it\/wp-json\/wp\/v2\/types\/post"}],"author":[{"embeddable":true,"href":"https:\/\/www.intoscana.it\/it\/wp-json\/wp\/v2\/users\/518"}],"replies":[{"embeddable":true,"href":"https:\/\/www.intoscana.it\/it\/wp-json\/wp\/v2\/comments?post=301929"}],"version-history":[{"count":0,"href":"https:\/\/www.intoscana.it\/it\/wp-json\/wp\/v2\/posts\/301929\/revisions"}],"wp:featuredmedia":[{"embeddable":true,"href":"https:\/\/www.intoscana.it\/it\/wp-json\/wp\/v2\/media\/301930"}],"wp:attachment":[{"href":"https:\/\/www.intoscana.it\/it\/wp-json\/wp\/v2\/media?parent=301929"}],"wp:term":[{"taxonomy":"category","embeddable":true,"href":"https:\/\/www.intoscana.it\/it\/wp-json\/wp\/v2\/categories?post=301929"},{"taxonomy":"post_tag","embeddable":true,"href":"https:\/\/www.intoscana.it\/it\/wp-json\/wp\/v2\/tags?post=301929"}],"curies":[{"name":"wp","href":"https:\/\/api.w.org\/{rel}","templated":true}]}}