{"id":302117,"date":"2023-08-29T15:35:29","date_gmt":"2023-08-29T13:35:29","guid":{"rendered":"https:\/\/www.intoscana.it\/it\/?p=302117"},"modified":"2023-08-29T15:36:56","modified_gmt":"2023-08-29T13:36:56","slug":"foresta-maestra-vallombrosa","status":"publish","type":"post","link":"https:\/\/www.intoscana.it\/it\/foresta-maestra-vallombrosa\/","title":{"rendered":"Foresta Maestra: il primo festival rigenerativo dedicato a Vallombrosa"},"content":{"rendered":"<p>Seminari, passeggiate, trekking e concerti per scoprire o riscoprire tutto ci\u00f2 che potrebbe animare uno dei luoghi pi\u00f9 suggestivi del territorio fiorentino. \u00c8 questo il ricco programma di <strong>&#8220;Foresta Maestra&#8221;<\/strong>, il primo festival rigenerativo dedicato a <strong>Vallombrosa<\/strong> che si terr\u00e0 dal 1 al 3 settembre.<\/p>\n<h3>Un laboratorio di buone pratiche ambientale<\/h3>\n<p>Ad aprire <a href=\"https:\/\/www.vallombrosafirenze.org\/festival-foresta-maestra\/\" target=\"_blank\" rel=\"noopener\">la tre giorni<\/a> sar\u00e0 l&#8217;incontro &#8220;Firenze e la sua foresta&#8221;, che si terr\u00e0 venerd\u00ec 1 settembre alle 11 nella basilica di Santa Trinita, con, tra gli altri, Eugenio Giani, Alessia Bettini, Yuval Avital, Mario Ferraguti, don Giuseppe Casetta, Angelo Rabatti e Letizia Fuochi.<\/p>\n<p><em>&#8220;Proseguiamo il percorso che abbiamo <\/em><em>intrapreso da qualche mese<\/em> &#8211; spiega <strong>Angelo Rabatti<\/strong>, presidente dell&#8217;associazione Vallombrosa Foresta di Firenze &#8211; <mark><em>vorremmo <\/em><em>fare di questo luogo un modello di buone pratiche a\u00a0 salvaguardia <\/em><em>dell&#8217;ambiente, rendendola una localit\u00e0 montana completamente <\/em><em>sostenibile;<\/mark> un luogo di riferimento per la formazione e il <\/em><em>dibattito in tema di ambiente ed ecosostenibilit\u00e0, anche <\/em><em>attraverso la valorizzazione della sua foresta e del territorio. <\/em><em>Vogliamo rafforzare i legami di Vallombrosa con Firenze, che <\/em><em>hanno le loro radici nella tradizione monastica fondata da <\/em><em>Giovanni Gualberto, e candidare Vallombrosa ad essere la vetrina <\/em><em>ambientale della citt\u00e0&#8221;.<\/em><\/p>\n<h3>Il programma del festival<em><br \/>\n<\/em><\/h3>\n<p>&#8220;Foresta Maestra&#8221; prosegue poi sabato 2 settembre a Vallombrosa, dove si terranno <strong>passeggiate botaniche<\/strong> (alle ore 10 e 15), ma anche il <strong>laboratorio erboristico<\/strong>, le visite guidate all\u2019Arboreto Sperimentale, a cura dei Carabinieri Forestali e il mercatino dei prodotti locali di Vallombrosa. Alle 15 inoltre l\u2019Abbazia ospiter\u00e0 l\u2019incontro sulla salute attraverso le piante \u201cAvere cura di s\u00e9 con il verde\u201d e infine alle 17.30 sul Pratone si terr\u00e0 il concerto in acustico con <strong>Dente,<\/strong> Clavdio, Delvento e Bianco.<\/p>\n<p><strong>Domenica 3 settembre<\/strong> oltre alle visite guidate all\u2019Arboreto Sperimentale e al mercatino di prodotti locali, alle 8.30 dalla Stazione Sant\u2019Ellero partir\u00e0 il trekking sul percorso della vecchia Cremagliera. Alle 15 all\u2019Abbazia si terr\u00e0 un incontro interconfessionale e alle 18 nella chiesa dell\u2019Abbazia il festival si chiude con il concerto degli artisti del coro del <strong>Maggio Musicale Fiorentino.<\/strong><\/p>\n","protected":false},"excerpt":{"rendered":"<p>Dal 1 al 3 settembre in programma trekking, concerti e seminari per animare il polmone verde del territorio fiorentino<\/p>\n","protected":false},"author":525,"featured_media":216429,"comment_status":"open","ping_status":"open","sticky":false,"template":"","format":"standard","meta":{"_acf_changed":false,"footnotes":""},"categories":[19],"tags":[202,5929],"class_list":["post-302117","post","type-post","status-publish","format-standard","has-post-thumbnail","hentry","category-ambiente","tag-firenze","tag-foreste"],"acf":[],"yoast_head":"<!-- This site is optimized with the Yoast SEO Premium plugin v24.2 (Yoast SEO v25.6) - https:\/\/yoast.com\/wordpress\/plugins\/seo\/ -->\n<title>Foresta Maestra: il primo festival rigenerativo dedicato a Vallombrosa - intoscana<\/title>\n<meta name=\"description\" content=\"Dal 1 al 3 settembre arriva &quot;Foresta Maestra&quot; il primo festival rigenerativo dedicato a Vallombrosa con incontri, trekking e concerti.\" \/>\n<meta name=\"robots\" content=\"index, follow, max-snippet:-1, max-image-preview:large, max-video-preview:-1\" \/>\n<link rel=\"canonical\" href=\"https:\/\/www.intoscana.it\/it\/foresta-maestra-vallombrosa\/\" \/>\n<meta property=\"og:locale\" content=\"it_IT\" \/>\n<meta property=\"og:type\" content=\"article\" \/>\n<meta property=\"og:title\" content=\"Foresta Maestra: il primo festival rigenerativo dedicato a Vallombrosa\" \/>\n<meta property=\"og:description\" content=\"Dal 1 al 3 settembre arriva &quot;Foresta Maestra&quot; il primo festival rigenerativo dedicato a Vallombrosa con incontri, trekking e concerti.\" \/>\n<meta property=\"og:url\" content=\"https:\/\/www.intoscana.it\/it\/foresta-maestra-vallombrosa\/\" \/>\n<meta property=\"og:site_name\" content=\"intoscana\" \/>\n<meta property=\"article:publisher\" content=\"https:\/\/www.facebook.com\/intoscana.it\" \/>\n<meta property=\"article:published_time\" content=\"2023-08-29T13:35:29+00:00\" \/>\n<meta property=\"article:modified_time\" content=\"2023-08-29T13:36:56+00:00\" \/>\n<meta property=\"og:image\" content=\"https:\/\/www.intoscana.it\/wp-content\/uploads\/Bosco-di-Vallombrosa-scaled.jpg\" \/>\n\t<meta property=\"og:image:width\" content=\"2048\" \/>\n\t<meta property=\"og:image:height\" content=\"1536\" \/>\n\t<meta property=\"og:image:type\" content=\"image\/jpeg\" \/>\n<meta name=\"author\" content=\"Redazione\" \/>\n<meta name=\"twitter:card\" content=\"summary_large_image\" \/>\n<meta name=\"twitter:creator\" content=\"@intoscana\" \/>\n<meta name=\"twitter:site\" content=\"@intoscana\" \/>\n<meta name=\"twitter:label1\" content=\"Written by\" \/>\n\t<meta name=\"twitter:data1\" content=\"Redazione\" \/>\n\t<meta name=\"twitter:label2\" content=\"Est. reading time\" \/>\n\t<meta name=\"twitter:data2\" content=\"2 minuti\" \/>\n<script type=\"application\/ld+json\" class=\"yoast-schema-graph\">{\"@context\":\"https:\/\/schema.org\",\"@graph\":[{\"@type\":\"WebPage\",\"@id\":\"https:\/\/www.intoscana.it\/it\/foresta-maestra-vallombrosa\/\",\"url\":\"https:\/\/www.intoscana.it\/it\/foresta-maestra-vallombrosa\/\",\"name\":\"Foresta Maestra: il primo festival rigenerativo dedicato a Vallombrosa - intoscana\",\"isPartOf\":{\"@id\":\"https:\/\/www.intoscana.it\/it\/#website\"},\"primaryImageOfPage\":{\"@id\":\"https:\/\/www.intoscana.it\/it\/foresta-maestra-vallombrosa\/#primaryimage\"},\"image\":{\"@id\":\"https:\/\/www.intoscana.it\/it\/foresta-maestra-vallombrosa\/#primaryimage\"},\"thumbnailUrl\":\"https:\/\/www.intoscana.it\/wp-content\/uploads\/Bosco-di-Vallombrosa-scaled.jpg\",\"datePublished\":\"2023-08-29T13:35:29+00:00\",\"dateModified\":\"2023-08-29T13:36:56+00:00\",\"author\":{\"@id\":\"https:\/\/www.intoscana.it\/it\/#\/schema\/person\/9223810753230f20bd670fdd322661f8\"},\"description\":\"Dal 1 al 3 settembre arriva \\\"Foresta Maestra\\\" il primo festival rigenerativo dedicato a Vallombrosa con incontri, trekking e concerti.\",\"breadcrumb\":{\"@id\":\"https:\/\/www.intoscana.it\/it\/foresta-maestra-vallombrosa\/#breadcrumb\"},\"inLanguage\":\"it-IT\",\"potentialAction\":[{\"@type\":\"ReadAction\",\"target\":[\"https:\/\/www.intoscana.it\/it\/foresta-maestra-vallombrosa\/\"]}]},{\"@type\":\"ImageObject\",\"inLanguage\":\"it-IT\",\"@id\":\"https:\/\/www.intoscana.it\/it\/foresta-maestra-vallombrosa\/#primaryimage\",\"url\":\"https:\/\/www.intoscana.it\/wp-content\/uploads\/Bosco-di-Vallombrosa-scaled.jpg\",\"contentUrl\":\"https:\/\/www.intoscana.it\/wp-content\/uploads\/Bosco-di-Vallombrosa-scaled.jpg\",\"width\":2048,\"height\":1536,\"caption\":\"Bosco di Vallombrosa\"},{\"@type\":\"BreadcrumbList\",\"@id\":\"https:\/\/www.intoscana.it\/it\/foresta-maestra-vallombrosa\/#breadcrumb\",\"itemListElement\":[{\"@type\":\"ListItem\",\"position\":1,\"name\":\"Home\",\"item\":\"https:\/\/www.intoscana.it\/it\/\"},{\"@type\":\"ListItem\",\"position\":2,\"name\":\"Foresta Maestra: il primo festival rigenerativo dedicato a Vallombrosa\"}]},{\"@type\":\"WebSite\",\"@id\":\"https:\/\/www.intoscana.it\/it\/#website\",\"url\":\"https:\/\/www.intoscana.it\/it\/\",\"name\":\"intoscana\",\"description\":\"\",\"potentialAction\":[{\"@type\":\"SearchAction\",\"target\":{\"@type\":\"EntryPoint\",\"urlTemplate\":\"https:\/\/www.intoscana.it\/it\/?s={search_term_string}\"},\"query-input\":{\"@type\":\"PropertyValueSpecification\",\"valueRequired\":true,\"valueName\":\"search_term_string\"}}],\"inLanguage\":\"it-IT\"},{\"@type\":\"Person\",\"@id\":\"https:\/\/www.intoscana.it\/it\/#\/schema\/person\/9223810753230f20bd670fdd322661f8\",\"name\":\"Redazione\",\"url\":\"https:\/\/www.intoscana.it\/it\/author\/redazione\/\"}]}<\/script>\n<!-- \/ Yoast SEO Premium plugin. -->","yoast_head_json":{"title":"Foresta Maestra: il primo festival rigenerativo dedicato a Vallombrosa - intoscana","description":"Dal 1 al 3 settembre arriva \"Foresta Maestra\" il primo festival rigenerativo dedicato a Vallombrosa con incontri, trekking e concerti.","robots":{"index":"index","follow":"follow","max-snippet":"max-snippet:-1","max-image-preview":"max-image-preview:large","max-video-preview":"max-video-preview:-1"},"canonical":"https:\/\/www.intoscana.it\/it\/foresta-maestra-vallombrosa\/","og_locale":"it_IT","og_type":"article","og_title":"Foresta Maestra: il primo festival rigenerativo dedicato a Vallombrosa","og_description":"Dal 1 al 3 settembre arriva \"Foresta Maestra\" il primo festival rigenerativo dedicato a Vallombrosa con incontri, trekking e concerti.","og_url":"https:\/\/www.intoscana.it\/it\/foresta-maestra-vallombrosa\/","og_site_name":"intoscana","article_publisher":"https:\/\/www.facebook.com\/intoscana.it","article_published_time":"2023-08-29T13:35:29+00:00","article_modified_time":"2023-08-29T13:36:56+00:00","og_image":[{"width":2048,"height":1536,"url":"https:\/\/www.intoscana.it\/wp-content\/uploads\/Bosco-di-Vallombrosa-scaled.jpg","type":"image\/jpeg"}],"author":"Redazione","twitter_card":"summary_large_image","twitter_creator":"@intoscana","twitter_site":"@intoscana","twitter_misc":{"Written by":"Redazione","Est. reading time":"2 minuti"},"schema":{"@context":"https:\/\/schema.org","@graph":[{"@type":"WebPage","@id":"https:\/\/www.intoscana.it\/it\/foresta-maestra-vallombrosa\/","url":"https:\/\/www.intoscana.it\/it\/foresta-maestra-vallombrosa\/","name":"Foresta Maestra: il primo festival rigenerativo dedicato a Vallombrosa - intoscana","isPartOf":{"@id":"https:\/\/www.intoscana.it\/it\/#website"},"primaryImageOfPage":{"@id":"https:\/\/www.intoscana.it\/it\/foresta-maestra-vallombrosa\/#primaryimage"},"image":{"@id":"https:\/\/www.intoscana.it\/it\/foresta-maestra-vallombrosa\/#primaryimage"},"thumbnailUrl":"https:\/\/www.intoscana.it\/wp-content\/uploads\/Bosco-di-Vallombrosa-scaled.jpg","datePublished":"2023-08-29T13:35:29+00:00","dateModified":"2023-08-29T13:36:56+00:00","author":{"@id":"https:\/\/www.intoscana.it\/it\/#\/schema\/person\/9223810753230f20bd670fdd322661f8"},"description":"Dal 1 al 3 settembre arriva \"Foresta Maestra\" il primo festival rigenerativo dedicato a Vallombrosa con incontri, trekking e concerti.","breadcrumb":{"@id":"https:\/\/www.intoscana.it\/it\/foresta-maestra-vallombrosa\/#breadcrumb"},"inLanguage":"it-IT","potentialAction":[{"@type":"ReadAction","target":["https:\/\/www.intoscana.it\/it\/foresta-maestra-vallombrosa\/"]}]},{"@type":"ImageObject","inLanguage":"it-IT","@id":"https:\/\/www.intoscana.it\/it\/foresta-maestra-vallombrosa\/#primaryimage","url":"https:\/\/www.intoscana.it\/wp-content\/uploads\/Bosco-di-Vallombrosa-scaled.jpg","contentUrl":"https:\/\/www.intoscana.it\/wp-content\/uploads\/Bosco-di-Vallombrosa-scaled.jpg","width":2048,"height":1536,"caption":"Bosco di Vallombrosa"},{"@type":"BreadcrumbList","@id":"https:\/\/www.intoscana.it\/it\/foresta-maestra-vallombrosa\/#breadcrumb","itemListElement":[{"@type":"ListItem","position":1,"name":"Home","item":"https:\/\/www.intoscana.it\/it\/"},{"@type":"ListItem","position":2,"name":"Foresta Maestra: il primo festival rigenerativo dedicato a Vallombrosa"}]},{"@type":"WebSite","@id":"https:\/\/www.intoscana.it\/it\/#website","url":"https:\/\/www.intoscana.it\/it\/","name":"intoscana","description":"","potentialAction":[{"@type":"SearchAction","target":{"@type":"EntryPoint","urlTemplate":"https:\/\/www.intoscana.it\/it\/?s={search_term_string}"},"query-input":{"@type":"PropertyValueSpecification","valueRequired":true,"valueName":"search_term_string"}}],"inLanguage":"it-IT"},{"@type":"Person","@id":"https:\/\/www.intoscana.it\/it\/#\/schema\/person\/9223810753230f20bd670fdd322661f8","name":"Redazione","url":"https:\/\/www.intoscana.it\/it\/author\/redazione\/"}]}},"_links":{"self":[{"href":"https:\/\/www.intoscana.it\/it\/wp-json\/wp\/v2\/posts\/302117","targetHints":{"allow":["GET"]}}],"collection":[{"href":"https:\/\/www.intoscana.it\/it\/wp-json\/wp\/v2\/posts"}],"about":[{"href":"https:\/\/www.intoscana.it\/it\/wp-json\/wp\/v2\/types\/post"}],"author":[{"embeddable":true,"href":"https:\/\/www.intoscana.it\/it\/wp-json\/wp\/v2\/users\/525"}],"replies":[{"embeddable":true,"href":"https:\/\/www.intoscana.it\/it\/wp-json\/wp\/v2\/comments?post=302117"}],"version-history":[{"count":0,"href":"https:\/\/www.intoscana.it\/it\/wp-json\/wp\/v2\/posts\/302117\/revisions"}],"wp:featuredmedia":[{"embeddable":true,"href":"https:\/\/www.intoscana.it\/it\/wp-json\/wp\/v2\/media\/216429"}],"wp:attachment":[{"href":"https:\/\/www.intoscana.it\/it\/wp-json\/wp\/v2\/media?parent=302117"}],"wp:term":[{"taxonomy":"category","embeddable":true,"href":"https:\/\/www.intoscana.it\/it\/wp-json\/wp\/v2\/categories?post=302117"},{"taxonomy":"post_tag","embeddable":true,"href":"https:\/\/www.intoscana.it\/it\/wp-json\/wp\/v2\/tags?post=302117"}],"curies":[{"name":"wp","href":"https:\/\/api.w.org\/{rel}","templated":true}]}}