{"id":302153,"date":"2023-08-29T15:06:08","date_gmt":"2023-08-29T13:06:08","guid":{"rendered":"https:\/\/www.intoscana.it\/it\/?p=302153"},"modified":"2023-08-30T11:44:36","modified_gmt":"2023-08-30T09:44:36","slug":"restauro-statua-cosimo-i","status":"publish","type":"post","link":"https:\/\/www.intoscana.it\/it\/restauro-statua-cosimo-i\/","title":{"rendered":"Cosimo I torna a cavallo: terminato il restauro della statua a Firenze"},"content":{"rendered":"<p>Si sono conclusi oggi con uno spettacolare ricollocamente nella sua posizione originaria i lavori alla<strong> statua equestre di Cosimo I<\/strong> del Giambologna in piazza Signoria, al termine di un complesso ed importante restauro dell\u2019opera in bronzo e del suo basamento in marmo. <mark>L\u2019operazione di riposizionamento del cavaliere \u00e8 stata effettuata grazie all\u2019ausilio di una speciale gru <\/mark>che consente di movimentare opere d\u2019arte di particolare pregio garantendo la massima delicatezza e precisione dei movimenti.<\/p>\n<h3>Le tecnologie messe in campo per il restauro<\/h3>\n<p>Il monumento ad opera del Giambologna<a href=\"https:\/\/www.intoscana.it\/it\/articolo\/al-via-le-visite-guidate-al-cantiere-di-restauro-della-statua-equestre-di-cosimo-i\/\" target=\"_blank\" rel=\"noopener\"> \u00e8 stato completamente restaurato,<\/a> rimuovendo depositi e prodotti di corrosione superficiali, fino a rivelare le patine stabili del bronzo, poi opportunamente rivestite con pi\u00f9 strati di sostanze protettive. Per garantire adeguata stabilit\u00e0 al monumento &#8211; l&#8217;intero gruppo bronzeo infatti pesa pi\u00f9 di 1.mila kg, 7.800 il cavallo e 2.300 il cavaliere &#8211; \u00e8 stata inserita nella sommit\u00e0 del basamento una <strong>piastra in acciaio inox,<\/strong> immediatamente sotto i marmi di finitura, che ha consentito di collegare la zampa di appoggio anteriore con quella posteriore come in origine voluto dal Giambologna.<\/p>\n<p>Anche il sistema di <strong>fissaggio del cavallo<\/strong> al basamento \u00e8 stato realizzato completamente in materiale inox in modo da scongiurare problemi di corrosione nel futuro. Nei prossimi giorni verranno ricollocati anche i tre bassorilievi in bronzo del basamento e l&#8217;epigrafe sempre in bronzo, nonch\u00e8 gli stemmi laterali.<\/p>\n<h3>Gli interventi in piazza Signoria grazie all&#8217;Art Bonus<\/h3>\n<p>Il restauro del monumento equestre del Giambologna rappresenta l&#8217;ultima tappa dei lavori sui gruppi scultorei di <strong>piazza Signoria.<\/strong> Come per le altre statue ed il gruppo scultoreo del David in bronzo al piazzale Michelangelo, i lavori sono stati voluti, progettati e commissionati dal Comune di Firenze e realizzati grazie all&#8217;accordo con la maison fiorentina Salvatore Ferragamo che, tramite Art Bonus, ha elargito un&#8217;erogazione liberale di oltre un milione di euro complessivamente.<\/p>\n<p><em>\u201cCon questo ultimo intervento si conclude il ciclo di restauri di tutti i complessi scultorei della piazza pi\u00f9 amata dai fiorentini, piazza Signori.<\/em> &#8211; ha detto il sindaco<strong> Dario Nardella<\/strong> &#8211;<em> una statua di 10 mila kg, un intervento spettacolare, per il quale sono state utilizzate le migliori tecniche di restauro a partire da una gru ad altissima precisione. Siamo molto contenti e ringraziamo la direzione Servizi Tecnici e l&#8217;ufficio Belle arti, l\u2019azienda Ferragamo, la Soprintendenza, tutti i restauratori. L\u2019opera del Giambologna torna a risplendere e cos\u00ec <strong>Cosimo I,<\/strong> di cui l\u2019anno prossimo ricorreranno 450 anni dalla morte\u201d.<\/em><\/p>\n","protected":false},"excerpt":{"rendered":"<p>L&#8217;opera del Giambologna \u00e8 stata riposizionata in piazza della Signoria dopo il completamento delle operazioni di restauro<\/p>\n","protected":false},"author":525,"featured_media":302175,"comment_status":"open","ping_status":"open","sticky":false,"template":"","format":"standard","meta":{"_acf_changed":false,"footnotes":""},"categories":[494],"tags":[174,202,6623],"class_list":["post-302153","post","type-post","status-publish","format-standard","has-post-thumbnail","hentry","category-attualita","tag-arte","tag-firenze","tag-restauri"],"acf":[],"yoast_head":"<!-- This site is optimized with the Yoast SEO Premium plugin v24.2 (Yoast SEO v25.6) - https:\/\/yoast.com\/wordpress\/plugins\/seo\/ -->\n<title>Cosimo I torna a cavallo: terminato il restauro della statua a Firenze - intoscana<\/title>\n<meta name=\"description\" content=\"Conclusi i lavori di restauro alla statua equestre di Cosimo I a Firenze che \u00e8 stata ricollocata con una gru speciale in piazza Signoria.\" \/>\n<meta name=\"robots\" content=\"index, follow, max-snippet:-1, max-image-preview:large, max-video-preview:-1\" \/>\n<link rel=\"canonical\" href=\"https:\/\/www.intoscana.it\/it\/restauro-statua-cosimo-i\/\" \/>\n<meta property=\"og:locale\" content=\"it_IT\" \/>\n<meta property=\"og:type\" content=\"article\" \/>\n<meta property=\"og:title\" content=\"Cosimo I torna a cavallo: terminato il restauro della statua a Firenze\" \/>\n<meta property=\"og:description\" content=\"Conclusi i lavori di restauro alla statua equestre di Cosimo I a Firenze che \u00e8 stata ricollocata con una gru speciale in piazza Signoria.\" \/>\n<meta property=\"og:url\" content=\"https:\/\/www.intoscana.it\/it\/restauro-statua-cosimo-i\/\" \/>\n<meta property=\"og:site_name\" content=\"intoscana\" \/>\n<meta property=\"article:publisher\" content=\"https:\/\/www.facebook.com\/intoscana.it\" \/>\n<meta property=\"article:published_time\" content=\"2023-08-29T13:06:08+00:00\" \/>\n<meta property=\"article:modified_time\" content=\"2023-08-30T09:44:36+00:00\" \/>\n<meta property=\"og:image\" content=\"https:\/\/www.intoscana.it\/wp-content\/uploads\/CAR_1515-scaled.jpg\" \/>\n\t<meta property=\"og:image:width\" content=\"2048\" \/>\n\t<meta property=\"og:image:height\" content=\"1366\" \/>\n\t<meta property=\"og:image:type\" content=\"image\/jpeg\" \/>\n<meta name=\"author\" content=\"Redazione\" \/>\n<meta name=\"twitter:card\" content=\"summary_large_image\" \/>\n<meta name=\"twitter:creator\" content=\"@intoscana\" \/>\n<meta name=\"twitter:site\" content=\"@intoscana\" \/>\n<meta name=\"twitter:label1\" content=\"Written by\" \/>\n\t<meta name=\"twitter:data1\" content=\"Redazione\" \/>\n\t<meta name=\"twitter:label2\" content=\"Est. reading time\" \/>\n\t<meta name=\"twitter:data2\" content=\"2 minuti\" \/>\n<script type=\"application\/ld+json\" class=\"yoast-schema-graph\">{\"@context\":\"https:\/\/schema.org\",\"@graph\":[{\"@type\":\"WebPage\",\"@id\":\"https:\/\/www.intoscana.it\/it\/restauro-statua-cosimo-i\/\",\"url\":\"https:\/\/www.intoscana.it\/it\/restauro-statua-cosimo-i\/\",\"name\":\"Cosimo I torna a cavallo: terminato il restauro della statua a Firenze - intoscana\",\"isPartOf\":{\"@id\":\"https:\/\/www.intoscana.it\/it\/#website\"},\"primaryImageOfPage\":{\"@id\":\"https:\/\/www.intoscana.it\/it\/restauro-statua-cosimo-i\/#primaryimage\"},\"image\":{\"@id\":\"https:\/\/www.intoscana.it\/it\/restauro-statua-cosimo-i\/#primaryimage\"},\"thumbnailUrl\":\"https:\/\/www.intoscana.it\/wp-content\/uploads\/CAR_1515-scaled.jpg\",\"datePublished\":\"2023-08-29T13:06:08+00:00\",\"dateModified\":\"2023-08-30T09:44:36+00:00\",\"author\":{\"@id\":\"https:\/\/www.intoscana.it\/it\/#\/schema\/person\/9223810753230f20bd670fdd322661f8\"},\"description\":\"Conclusi i lavori di restauro alla statua equestre di Cosimo I a Firenze che \u00e8 stata ricollocata con una gru speciale in piazza Signoria.\",\"breadcrumb\":{\"@id\":\"https:\/\/www.intoscana.it\/it\/restauro-statua-cosimo-i\/#breadcrumb\"},\"inLanguage\":\"it-IT\",\"potentialAction\":[{\"@type\":\"ReadAction\",\"target\":[\"https:\/\/www.intoscana.it\/it\/restauro-statua-cosimo-i\/\"]}]},{\"@type\":\"ImageObject\",\"inLanguage\":\"it-IT\",\"@id\":\"https:\/\/www.intoscana.it\/it\/restauro-statua-cosimo-i\/#primaryimage\",\"url\":\"https:\/\/www.intoscana.it\/wp-content\/uploads\/CAR_1515-scaled.jpg\",\"contentUrl\":\"https:\/\/www.intoscana.it\/wp-content\/uploads\/CAR_1515-scaled.jpg\",\"width\":2048,\"height\":1366,\"caption\":\"Il ricollocamento della statua equestre di Cosimo I\"},{\"@type\":\"BreadcrumbList\",\"@id\":\"https:\/\/www.intoscana.it\/it\/restauro-statua-cosimo-i\/#breadcrumb\",\"itemListElement\":[{\"@type\":\"ListItem\",\"position\":1,\"name\":\"Home\",\"item\":\"https:\/\/www.intoscana.it\/it\/\"},{\"@type\":\"ListItem\",\"position\":2,\"name\":\"Cosimo I torna a cavallo: terminato il restauro della statua a Firenze\"}]},{\"@type\":\"WebSite\",\"@id\":\"https:\/\/www.intoscana.it\/it\/#website\",\"url\":\"https:\/\/www.intoscana.it\/it\/\",\"name\":\"intoscana\",\"description\":\"\",\"potentialAction\":[{\"@type\":\"SearchAction\",\"target\":{\"@type\":\"EntryPoint\",\"urlTemplate\":\"https:\/\/www.intoscana.it\/it\/?s={search_term_string}\"},\"query-input\":{\"@type\":\"PropertyValueSpecification\",\"valueRequired\":true,\"valueName\":\"search_term_string\"}}],\"inLanguage\":\"it-IT\"},{\"@type\":\"Person\",\"@id\":\"https:\/\/www.intoscana.it\/it\/#\/schema\/person\/9223810753230f20bd670fdd322661f8\",\"name\":\"Redazione\",\"url\":\"https:\/\/www.intoscana.it\/it\/author\/redazione\/\"}]}<\/script>\n<!-- \/ Yoast SEO Premium plugin. -->","yoast_head_json":{"title":"Cosimo I torna a cavallo: terminato il restauro della statua a Firenze - intoscana","description":"Conclusi i lavori di restauro alla statua equestre di Cosimo I a Firenze che \u00e8 stata ricollocata con una gru speciale in piazza Signoria.","robots":{"index":"index","follow":"follow","max-snippet":"max-snippet:-1","max-image-preview":"max-image-preview:large","max-video-preview":"max-video-preview:-1"},"canonical":"https:\/\/www.intoscana.it\/it\/restauro-statua-cosimo-i\/","og_locale":"it_IT","og_type":"article","og_title":"Cosimo I torna a cavallo: terminato il restauro della statua a Firenze","og_description":"Conclusi i lavori di restauro alla statua equestre di Cosimo I a Firenze che \u00e8 stata ricollocata con una gru speciale in piazza Signoria.","og_url":"https:\/\/www.intoscana.it\/it\/restauro-statua-cosimo-i\/","og_site_name":"intoscana","article_publisher":"https:\/\/www.facebook.com\/intoscana.it","article_published_time":"2023-08-29T13:06:08+00:00","article_modified_time":"2023-08-30T09:44:36+00:00","og_image":[{"width":2048,"height":1366,"url":"https:\/\/www.intoscana.it\/wp-content\/uploads\/CAR_1515-scaled.jpg","type":"image\/jpeg"}],"author":"Redazione","twitter_card":"summary_large_image","twitter_creator":"@intoscana","twitter_site":"@intoscana","twitter_misc":{"Written by":"Redazione","Est. reading time":"2 minuti"},"schema":{"@context":"https:\/\/schema.org","@graph":[{"@type":"WebPage","@id":"https:\/\/www.intoscana.it\/it\/restauro-statua-cosimo-i\/","url":"https:\/\/www.intoscana.it\/it\/restauro-statua-cosimo-i\/","name":"Cosimo I torna a cavallo: terminato il restauro della statua a Firenze - intoscana","isPartOf":{"@id":"https:\/\/www.intoscana.it\/it\/#website"},"primaryImageOfPage":{"@id":"https:\/\/www.intoscana.it\/it\/restauro-statua-cosimo-i\/#primaryimage"},"image":{"@id":"https:\/\/www.intoscana.it\/it\/restauro-statua-cosimo-i\/#primaryimage"},"thumbnailUrl":"https:\/\/www.intoscana.it\/wp-content\/uploads\/CAR_1515-scaled.jpg","datePublished":"2023-08-29T13:06:08+00:00","dateModified":"2023-08-30T09:44:36+00:00","author":{"@id":"https:\/\/www.intoscana.it\/it\/#\/schema\/person\/9223810753230f20bd670fdd322661f8"},"description":"Conclusi i lavori di restauro alla statua equestre di Cosimo I a Firenze che \u00e8 stata ricollocata con una gru speciale in piazza Signoria.","breadcrumb":{"@id":"https:\/\/www.intoscana.it\/it\/restauro-statua-cosimo-i\/#breadcrumb"},"inLanguage":"it-IT","potentialAction":[{"@type":"ReadAction","target":["https:\/\/www.intoscana.it\/it\/restauro-statua-cosimo-i\/"]}]},{"@type":"ImageObject","inLanguage":"it-IT","@id":"https:\/\/www.intoscana.it\/it\/restauro-statua-cosimo-i\/#primaryimage","url":"https:\/\/www.intoscana.it\/wp-content\/uploads\/CAR_1515-scaled.jpg","contentUrl":"https:\/\/www.intoscana.it\/wp-content\/uploads\/CAR_1515-scaled.jpg","width":2048,"height":1366,"caption":"Il ricollocamento della statua equestre di Cosimo I"},{"@type":"BreadcrumbList","@id":"https:\/\/www.intoscana.it\/it\/restauro-statua-cosimo-i\/#breadcrumb","itemListElement":[{"@type":"ListItem","position":1,"name":"Home","item":"https:\/\/www.intoscana.it\/it\/"},{"@type":"ListItem","position":2,"name":"Cosimo I torna a cavallo: terminato il restauro della statua a Firenze"}]},{"@type":"WebSite","@id":"https:\/\/www.intoscana.it\/it\/#website","url":"https:\/\/www.intoscana.it\/it\/","name":"intoscana","description":"","potentialAction":[{"@type":"SearchAction","target":{"@type":"EntryPoint","urlTemplate":"https:\/\/www.intoscana.it\/it\/?s={search_term_string}"},"query-input":{"@type":"PropertyValueSpecification","valueRequired":true,"valueName":"search_term_string"}}],"inLanguage":"it-IT"},{"@type":"Person","@id":"https:\/\/www.intoscana.it\/it\/#\/schema\/person\/9223810753230f20bd670fdd322661f8","name":"Redazione","url":"https:\/\/www.intoscana.it\/it\/author\/redazione\/"}]}},"_links":{"self":[{"href":"https:\/\/www.intoscana.it\/it\/wp-json\/wp\/v2\/posts\/302153","targetHints":{"allow":["GET"]}}],"collection":[{"href":"https:\/\/www.intoscana.it\/it\/wp-json\/wp\/v2\/posts"}],"about":[{"href":"https:\/\/www.intoscana.it\/it\/wp-json\/wp\/v2\/types\/post"}],"author":[{"embeddable":true,"href":"https:\/\/www.intoscana.it\/it\/wp-json\/wp\/v2\/users\/525"}],"replies":[{"embeddable":true,"href":"https:\/\/www.intoscana.it\/it\/wp-json\/wp\/v2\/comments?post=302153"}],"version-history":[{"count":0,"href":"https:\/\/www.intoscana.it\/it\/wp-json\/wp\/v2\/posts\/302153\/revisions"}],"wp:featuredmedia":[{"embeddable":true,"href":"https:\/\/www.intoscana.it\/it\/wp-json\/wp\/v2\/media\/302175"}],"wp:attachment":[{"href":"https:\/\/www.intoscana.it\/it\/wp-json\/wp\/v2\/media?parent=302153"}],"wp:term":[{"taxonomy":"category","embeddable":true,"href":"https:\/\/www.intoscana.it\/it\/wp-json\/wp\/v2\/categories?post=302153"},{"taxonomy":"post_tag","embeddable":true,"href":"https:\/\/www.intoscana.it\/it\/wp-json\/wp\/v2\/tags?post=302153"}],"curies":[{"name":"wp","href":"https:\/\/api.w.org\/{rel}","templated":true}]}}