{"id":302783,"date":"2023-09-02T09:41:28","date_gmt":"2023-09-02T07:41:28","guid":{"rendered":"https:\/\/www.intoscana.it\/it\/?p=302783"},"modified":"2023-09-04T14:13:16","modified_gmt":"2023-09-04T12:13:16","slug":"andrea-lanfri-e-la-sua-scalata-sul-tetto-del-mondo-i-record-del-campione-paralimpico-in-un-documentario","status":"publish","type":"post","link":"https:\/\/www.intoscana.it\/it\/andrea-lanfri-e-la-sua-scalata-sul-tetto-del-mondo-i-record-del-campione-paralimpico-in-un-documentario\/","title":{"rendered":"Andrea Lanfri e la sua scalata sul tetto del mondo, i record del campione paralimpico in un documentario"},"content":{"rendered":"<p>Record dopo record, impresa dopo impresa: <strong>Andrea Lanfri<\/strong>, alpinista da guinnes dei primati e campione paralimpico di atletica leggera, non conosce limiti e nemmeno se li pone. La sua storia umana e sportiva \u00e8 ora un <strong>documentario<\/strong> disponibile sulla piattaforma Amazon Prime Video fino al 31 dicembre. <mark>Racconta l\u2019incredibile storia di Andrea e di come sia riuscito a \u201ctoccare il cielo con tre dita\u201d scalando il Monte Everest senza le gambe e senza sette dita delle mani. \u00c8 il primo uomo pluriamputato riuscito a realizzare l\u2019impresa.<\/mark><\/p>\n<p>Il lavoro intitolato <strong>&#8220;Everest with three fingers&#8221;<\/strong> \u00e8 stato prodotto dallo studio piemontese Travel Media House ed \u00e8 tra i sei finalisti del MIPDoc International Pitch che sono stati presentati lo scorso 4 aprile a Cannes. \u00c8 stato selezionato fra 111 documentari di 27 paesi diversi.<\/p>\n<p><iframe loading=\"lazy\" title=\"Everest with three fingers, 2023 - Trailer Ita\" src=\"https:\/\/www.youtube.com\/embed\/ZSPHDkABA7A\" width=\"800\" height=\"400\" frameborder=\"0\" allowfullscreen=\"allowfullscreen\"><span data-mce-type=\"bookmark\" style=\"display: inline-block; width: 0px; overflow: hidden; line-height: 0;\" class=\"mce_SELRES_start\">\ufeff<\/span><\/iframe><\/p>\n<h3>La sua storia<\/h3>\n<p>Andrea Lanfri, 35 anni, lucchese, \u00e8 l\u2019uomo delle imprese straordinarie. E\u2019 il primo e unico atleta pluriamputato al mondo ad aver raggiunto lo scorso 13 maggio la vetta pi\u00f9 alta del pianeta: l\u2019<strong><a href=\"https:\/\/www.intoscana.it\/it\/articolo\/andrea-lanfri-everest\/\" target=\"_blank\" rel=\"noopener\">Everest<\/a> e i suoi 8.848 metri di altitudine. <\/strong>All&#8217;attivo ha tredici medaglie internazionali vinte, dodici paia di protesi consumate e 10mila chilometri percorsi in bicicletta sulle strade del mondo.<\/p>\n<p>Nel 2015, a causa di una meningite fulminante con sepsi meningococcica, sono state amputate tutte e due le gambe sotto il ginocchio e sette dita delle mani. <mark>Andrea non ha mai mollato e ha sempre puntato in alto, nello sport &#8211; con la corsa &#8211; e nell&#8217;alpinismo.<\/mark> La sua determinazione gli \u00e8 valsa anche il <a href=\"https:\/\/www.intoscana.it\/it\/articolo\/andrea-lanfri-guinness-primati\/\" target=\"_blank\" rel=\"noopener\">guinnes dei primati\u00a0<\/a>per aver corso in 9 minuti e 48 secondi il miglio pi\u00f9 veloce in alta quota sulle lame durante il trekking di avvicinamento al campo base dell\u2019Everest.<\/p>\n<p>Ma non solo. Ha ragiunto anche un&#8217;altra vetta, oltre al Monte Bianco e al Kilimangiaro: quella pi\u00f9 alta delle <a href=\"https:\/\/www.intoscana.it\/it\/articolo\/andrea-lanfri-conquista-laconcagua-la-vetta-piu-alta-delle-ande\/\" target=\"_blank\" rel=\"noopener\">Ande,<\/a><\/p>\n<p>&nbsp;<\/p>\n<p><iframe loading=\"lazy\" title=\"Andrea Lanfri e quella &quot;vetta da conquistare&quot;: l'atleta lucchese raggiunge la cima dell'Everest\" src=\"https:\/\/www.youtube.com\/embed\/r8DrwQkUreE\" width=\"800\" height=\"400\" frameborder=\"0\" allowfullscreen=\"allowfullscreen\"><span data-mce-type=\"bookmark\" style=\"display: inline-block; width: 0px; overflow: hidden; line-height: 0;\" class=\"mce_SELRES_start\">\ufeff<\/span><\/iframe><\/p>\n<p>&nbsp;<\/p>\n<h3>Il premio del Consiglio regionale della Toscana<\/h3>\n<p><iframe loading=\"lazy\" title=\"Andrea Lanfri porta la Toscana sul tetto del mondo e viene premiato dal Consiglio regionale\" src=\"https:\/\/www.youtube.com\/embed\/l8IWIgCwqK4\" width=\"800\" height=\"400\" frameborder=\"0\" allowfullscreen=\"allowfullscreen\"><\/iframe><\/p>\n","protected":false},"excerpt":{"rendered":"<p>L&#8217;impresa dell&#8217;alpinista lucchese sulla vetta dell&#8217;Everest, la sua incredibile storia umana e sportiva, \u00e8 ora disponibile su Amazon Prime Video fino al 31 dicembre<\/p>\n","protected":false},"author":545,"featured_media":228701,"comment_status":"open","ping_status":"open","sticky":false,"template":"","format":"standard","meta":{"_acf_changed":false,"footnotes":""},"categories":[4],"tags":[6523,188],"class_list":["post-302783","post","type-post","status-publish","format-standard","has-post-thumbnail","hentry","category-storie","tag-andrea-lanfri","tag-cinema"],"acf":[],"yoast_head":"<!-- This site is optimized with the Yoast SEO Premium plugin v24.2 (Yoast SEO v25.6) - https:\/\/yoast.com\/wordpress\/plugins\/seo\/ -->\n<title>Andrea Lanfri e la sua scalata sul tetto del mondo, i record del campione paralimpico in un documentario - intoscana<\/title>\n<meta name=\"description\" content=\"L&#039;impresa dell&#039;alpinista lucchese sulla vetta dell&#039;Everest, la sua incredibile storia umana e sportiva, \u00e8 ora disponibile su Amazon Prime Video fino al 31 dicembre\" \/>\n<meta name=\"robots\" content=\"index, follow, max-snippet:-1, max-image-preview:large, max-video-preview:-1\" \/>\n<link rel=\"canonical\" href=\"https:\/\/www.intoscana.it\/it\/andrea-lanfri-e-la-sua-scalata-sul-tetto-del-mondo-i-record-del-campione-paralimpico-in-un-documentario\/\" \/>\n<meta property=\"og:locale\" content=\"it_IT\" \/>\n<meta property=\"og:type\" content=\"article\" \/>\n<meta property=\"og:title\" content=\"Andrea Lanfri e la sua scalata sul tetto del mondo, i record del campione paralimpico in un documentario\" \/>\n<meta property=\"og:description\" content=\"L&#039;impresa dell&#039;alpinista lucchese sulla vetta dell&#039;Everest, la sua incredibile storia umana e sportiva, \u00e8 ora disponibile su Amazon Prime Video fino al 31 dicembre\" \/>\n<meta property=\"og:url\" content=\"https:\/\/www.intoscana.it\/it\/andrea-lanfri-e-la-sua-scalata-sul-tetto-del-mondo-i-record-del-campione-paralimpico-in-un-documentario\/\" \/>\n<meta property=\"og:site_name\" content=\"intoscana\" \/>\n<meta property=\"article:publisher\" content=\"https:\/\/www.facebook.com\/intoscana.it\" \/>\n<meta property=\"article:published_time\" content=\"2023-09-02T07:41:28+00:00\" \/>\n<meta property=\"article:modified_time\" content=\"2023-09-04T12:13:16+00:00\" \/>\n<meta property=\"og:image\" content=\"https:\/\/www.intoscana.it\/wp-content\/uploads\/everest-andrea-lanfri-1.jpg\" \/>\n\t<meta property=\"og:image:width\" content=\"1600\" \/>\n\t<meta property=\"og:image:height\" content=\"1066\" \/>\n\t<meta property=\"og:image:type\" content=\"image\/jpeg\" \/>\n<meta name=\"author\" content=\"Clara D&#039;Acunto\" \/>\n<meta name=\"twitter:card\" content=\"summary_large_image\" \/>\n<meta name=\"twitter:creator\" content=\"@intoscana\" \/>\n<meta name=\"twitter:site\" content=\"@intoscana\" \/>\n<meta name=\"twitter:label1\" content=\"Written by\" \/>\n\t<meta name=\"twitter:data1\" content=\"Clara D&#039;Acunto\" \/>\n\t<meta name=\"twitter:label2\" content=\"Est. reading time\" \/>\n\t<meta name=\"twitter:data2\" content=\"2 minuti\" \/>\n<script type=\"application\/ld+json\" class=\"yoast-schema-graph\">{\"@context\":\"https:\/\/schema.org\",\"@graph\":[{\"@type\":\"WebPage\",\"@id\":\"https:\/\/www.intoscana.it\/it\/andrea-lanfri-e-la-sua-scalata-sul-tetto-del-mondo-i-record-del-campione-paralimpico-in-un-documentario\/\",\"url\":\"https:\/\/www.intoscana.it\/it\/andrea-lanfri-e-la-sua-scalata-sul-tetto-del-mondo-i-record-del-campione-paralimpico-in-un-documentario\/\",\"name\":\"Andrea Lanfri e la sua scalata sul tetto del mondo, i record del campione paralimpico in un documentario - intoscana\",\"isPartOf\":{\"@id\":\"https:\/\/www.intoscana.it\/it\/#website\"},\"primaryImageOfPage\":{\"@id\":\"https:\/\/www.intoscana.it\/it\/andrea-lanfri-e-la-sua-scalata-sul-tetto-del-mondo-i-record-del-campione-paralimpico-in-un-documentario\/#primaryimage\"},\"image\":{\"@id\":\"https:\/\/www.intoscana.it\/it\/andrea-lanfri-e-la-sua-scalata-sul-tetto-del-mondo-i-record-del-campione-paralimpico-in-un-documentario\/#primaryimage\"},\"thumbnailUrl\":\"https:\/\/www.intoscana.it\/wp-content\/uploads\/everest-andrea-lanfri-1.jpg\",\"datePublished\":\"2023-09-02T07:41:28+00:00\",\"dateModified\":\"2023-09-04T12:13:16+00:00\",\"author\":{\"@id\":\"https:\/\/www.intoscana.it\/it\/#\/schema\/person\/137419af9ef5d385bde52864a841e6ce\"},\"description\":\"L'impresa dell'alpinista lucchese sulla vetta dell'Everest, la sua incredibile storia umana e sportiva, \u00e8 ora disponibile su Amazon Prime Video fino al 31 dicembre\",\"breadcrumb\":{\"@id\":\"https:\/\/www.intoscana.it\/it\/andrea-lanfri-e-la-sua-scalata-sul-tetto-del-mondo-i-record-del-campione-paralimpico-in-un-documentario\/#breadcrumb\"},\"inLanguage\":\"it-IT\",\"potentialAction\":[{\"@type\":\"ReadAction\",\"target\":[\"https:\/\/www.intoscana.it\/it\/andrea-lanfri-e-la-sua-scalata-sul-tetto-del-mondo-i-record-del-campione-paralimpico-in-un-documentario\/\"]}]},{\"@type\":\"ImageObject\",\"inLanguage\":\"it-IT\",\"@id\":\"https:\/\/www.intoscana.it\/it\/andrea-lanfri-e-la-sua-scalata-sul-tetto-del-mondo-i-record-del-campione-paralimpico-in-un-documentario\/#primaryimage\",\"url\":\"https:\/\/www.intoscana.it\/wp-content\/uploads\/everest-andrea-lanfri-1.jpg\",\"contentUrl\":\"https:\/\/www.intoscana.it\/wp-content\/uploads\/everest-andrea-lanfri-1.jpg\",\"width\":1600,\"height\":1066,\"caption\":\"Andrea Lanfri sull'Everest\"},{\"@type\":\"BreadcrumbList\",\"@id\":\"https:\/\/www.intoscana.it\/it\/andrea-lanfri-e-la-sua-scalata-sul-tetto-del-mondo-i-record-del-campione-paralimpico-in-un-documentario\/#breadcrumb\",\"itemListElement\":[{\"@type\":\"ListItem\",\"position\":1,\"name\":\"Home\",\"item\":\"https:\/\/www.intoscana.it\/it\/\"},{\"@type\":\"ListItem\",\"position\":2,\"name\":\"Andrea Lanfri e la sua scalata sul tetto del mondo, i record del campione paralimpico in un documentario\"}]},{\"@type\":\"WebSite\",\"@id\":\"https:\/\/www.intoscana.it\/it\/#website\",\"url\":\"https:\/\/www.intoscana.it\/it\/\",\"name\":\"intoscana\",\"description\":\"\",\"potentialAction\":[{\"@type\":\"SearchAction\",\"target\":{\"@type\":\"EntryPoint\",\"urlTemplate\":\"https:\/\/www.intoscana.it\/it\/?s={search_term_string}\"},\"query-input\":{\"@type\":\"PropertyValueSpecification\",\"valueRequired\":true,\"valueName\":\"search_term_string\"}}],\"inLanguage\":\"it-IT\"},{\"@type\":\"Person\",\"@id\":\"https:\/\/www.intoscana.it\/it\/#\/schema\/person\/137419af9ef5d385bde52864a841e6ce\",\"name\":\"Clara D'Acunto\",\"url\":\"https:\/\/www.intoscana.it\/it\/author\/clara-d_acunto\/\"}]}<\/script>\n<!-- \/ Yoast SEO Premium plugin. -->","yoast_head_json":{"title":"Andrea Lanfri e la sua scalata sul tetto del mondo, i record del campione paralimpico in un documentario - intoscana","description":"L'impresa dell'alpinista lucchese sulla vetta dell'Everest, la sua incredibile storia umana e sportiva, \u00e8 ora disponibile su Amazon Prime Video fino al 31 dicembre","robots":{"index":"index","follow":"follow","max-snippet":"max-snippet:-1","max-image-preview":"max-image-preview:large","max-video-preview":"max-video-preview:-1"},"canonical":"https:\/\/www.intoscana.it\/it\/andrea-lanfri-e-la-sua-scalata-sul-tetto-del-mondo-i-record-del-campione-paralimpico-in-un-documentario\/","og_locale":"it_IT","og_type":"article","og_title":"Andrea Lanfri e la sua scalata sul tetto del mondo, i record del campione paralimpico in un documentario","og_description":"L'impresa dell'alpinista lucchese sulla vetta dell'Everest, la sua incredibile storia umana e sportiva, \u00e8 ora disponibile su Amazon Prime Video fino al 31 dicembre","og_url":"https:\/\/www.intoscana.it\/it\/andrea-lanfri-e-la-sua-scalata-sul-tetto-del-mondo-i-record-del-campione-paralimpico-in-un-documentario\/","og_site_name":"intoscana","article_publisher":"https:\/\/www.facebook.com\/intoscana.it","article_published_time":"2023-09-02T07:41:28+00:00","article_modified_time":"2023-09-04T12:13:16+00:00","og_image":[{"width":1600,"height":1066,"url":"https:\/\/www.intoscana.it\/wp-content\/uploads\/everest-andrea-lanfri-1.jpg","type":"image\/jpeg"}],"author":"Clara D'Acunto","twitter_card":"summary_large_image","twitter_creator":"@intoscana","twitter_site":"@intoscana","twitter_misc":{"Written by":"Clara D'Acunto","Est. reading time":"2 minuti"},"schema":{"@context":"https:\/\/schema.org","@graph":[{"@type":"WebPage","@id":"https:\/\/www.intoscana.it\/it\/andrea-lanfri-e-la-sua-scalata-sul-tetto-del-mondo-i-record-del-campione-paralimpico-in-un-documentario\/","url":"https:\/\/www.intoscana.it\/it\/andrea-lanfri-e-la-sua-scalata-sul-tetto-del-mondo-i-record-del-campione-paralimpico-in-un-documentario\/","name":"Andrea Lanfri e la sua scalata sul tetto del mondo, i record del campione paralimpico in un documentario - intoscana","isPartOf":{"@id":"https:\/\/www.intoscana.it\/it\/#website"},"primaryImageOfPage":{"@id":"https:\/\/www.intoscana.it\/it\/andrea-lanfri-e-la-sua-scalata-sul-tetto-del-mondo-i-record-del-campione-paralimpico-in-un-documentario\/#primaryimage"},"image":{"@id":"https:\/\/www.intoscana.it\/it\/andrea-lanfri-e-la-sua-scalata-sul-tetto-del-mondo-i-record-del-campione-paralimpico-in-un-documentario\/#primaryimage"},"thumbnailUrl":"https:\/\/www.intoscana.it\/wp-content\/uploads\/everest-andrea-lanfri-1.jpg","datePublished":"2023-09-02T07:41:28+00:00","dateModified":"2023-09-04T12:13:16+00:00","author":{"@id":"https:\/\/www.intoscana.it\/it\/#\/schema\/person\/137419af9ef5d385bde52864a841e6ce"},"description":"L'impresa dell'alpinista lucchese sulla vetta dell'Everest, la sua incredibile storia umana e sportiva, \u00e8 ora disponibile su Amazon Prime Video fino al 31 dicembre","breadcrumb":{"@id":"https:\/\/www.intoscana.it\/it\/andrea-lanfri-e-la-sua-scalata-sul-tetto-del-mondo-i-record-del-campione-paralimpico-in-un-documentario\/#breadcrumb"},"inLanguage":"it-IT","potentialAction":[{"@type":"ReadAction","target":["https:\/\/www.intoscana.it\/it\/andrea-lanfri-e-la-sua-scalata-sul-tetto-del-mondo-i-record-del-campione-paralimpico-in-un-documentario\/"]}]},{"@type":"ImageObject","inLanguage":"it-IT","@id":"https:\/\/www.intoscana.it\/it\/andrea-lanfri-e-la-sua-scalata-sul-tetto-del-mondo-i-record-del-campione-paralimpico-in-un-documentario\/#primaryimage","url":"https:\/\/www.intoscana.it\/wp-content\/uploads\/everest-andrea-lanfri-1.jpg","contentUrl":"https:\/\/www.intoscana.it\/wp-content\/uploads\/everest-andrea-lanfri-1.jpg","width":1600,"height":1066,"caption":"Andrea Lanfri sull'Everest"},{"@type":"BreadcrumbList","@id":"https:\/\/www.intoscana.it\/it\/andrea-lanfri-e-la-sua-scalata-sul-tetto-del-mondo-i-record-del-campione-paralimpico-in-un-documentario\/#breadcrumb","itemListElement":[{"@type":"ListItem","position":1,"name":"Home","item":"https:\/\/www.intoscana.it\/it\/"},{"@type":"ListItem","position":2,"name":"Andrea Lanfri e la sua scalata sul tetto del mondo, i record del campione paralimpico in un documentario"}]},{"@type":"WebSite","@id":"https:\/\/www.intoscana.it\/it\/#website","url":"https:\/\/www.intoscana.it\/it\/","name":"intoscana","description":"","potentialAction":[{"@type":"SearchAction","target":{"@type":"EntryPoint","urlTemplate":"https:\/\/www.intoscana.it\/it\/?s={search_term_string}"},"query-input":{"@type":"PropertyValueSpecification","valueRequired":true,"valueName":"search_term_string"}}],"inLanguage":"it-IT"},{"@type":"Person","@id":"https:\/\/www.intoscana.it\/it\/#\/schema\/person\/137419af9ef5d385bde52864a841e6ce","name":"Clara D'Acunto","url":"https:\/\/www.intoscana.it\/it\/author\/clara-d_acunto\/"}]}},"_links":{"self":[{"href":"https:\/\/www.intoscana.it\/it\/wp-json\/wp\/v2\/posts\/302783","targetHints":{"allow":["GET"]}}],"collection":[{"href":"https:\/\/www.intoscana.it\/it\/wp-json\/wp\/v2\/posts"}],"about":[{"href":"https:\/\/www.intoscana.it\/it\/wp-json\/wp\/v2\/types\/post"}],"author":[{"embeddable":true,"href":"https:\/\/www.intoscana.it\/it\/wp-json\/wp\/v2\/users\/545"}],"replies":[{"embeddable":true,"href":"https:\/\/www.intoscana.it\/it\/wp-json\/wp\/v2\/comments?post=302783"}],"version-history":[{"count":0,"href":"https:\/\/www.intoscana.it\/it\/wp-json\/wp\/v2\/posts\/302783\/revisions"}],"wp:featuredmedia":[{"embeddable":true,"href":"https:\/\/www.intoscana.it\/it\/wp-json\/wp\/v2\/media\/228701"}],"wp:attachment":[{"href":"https:\/\/www.intoscana.it\/it\/wp-json\/wp\/v2\/media?parent=302783"}],"wp:term":[{"taxonomy":"category","embeddable":true,"href":"https:\/\/www.intoscana.it\/it\/wp-json\/wp\/v2\/categories?post=302783"},{"taxonomy":"post_tag","embeddable":true,"href":"https:\/\/www.intoscana.it\/it\/wp-json\/wp\/v2\/tags?post=302783"}],"curies":[{"name":"wp","href":"https:\/\/api.w.org\/{rel}","templated":true}]}}