{"id":302784,"date":"2023-09-01T16:23:55","date_gmt":"2023-09-01T14:23:55","guid":{"rendered":"https:\/\/www.intoscana.it\/it\/?p=302784"},"modified":"2023-09-01T16:23:55","modified_gmt":"2023-09-01T14:23:55","slug":"torna-il-festival-delle-associazioni-culturali-con-unedizione-dedicata-a-italo-calvino-e-margherita-hack","status":"publish","type":"post","link":"https:\/\/www.intoscana.it\/it\/torna-il-festival-delle-associazioni-culturali-con-unedizione-dedicata-a-italo-calvino-e-margherita-hack\/","title":{"rendered":"Torna il Festival delle Associazioni Culturali con un&#8217;edizione dedicata a Italo Calvino e Margherita Hack"},"content":{"rendered":"<p><strong>Oltre 30 eventi<\/strong> tra <strong>visite guidate, convegni, spettacoli e concerti<\/strong>\u00a0<strong>tutti a ingresso libero,<\/strong> in altrettanti luoghi inconsueti di Firenze. \u00c8 la terza edizione del <strong><a href=\"https:\/\/www.associazioniculturalifirenze.org\" target=\"_blank\" rel=\"noopener\">Festival delle Associazioni Culturali<\/a>,<\/strong>\u00a0che si terr\u00e0 <strong>dal 4 al 21 settembre.<\/strong><\/p>\n<p><strong>Moltissime le collaborazioni<\/strong> di pi\u00f9 di 50 soggetti, tra cui spiccano<strong> il Teatro della Toscana, la Biblioteca Nazionale Centrale di Firenze, Villa La Petraia, la Citt\u00e0 Metropolitana e la Fondazione Collodi.<\/strong><\/p>\n<p>Organizza la manifestazione il <strong>Centro associazioni culturali fiorentine<\/strong> la cui presidente<strong> Antonia Ida Fontana<\/strong> ha ricordato che <em>&#8220;l&#8217;incontro delle associazioni, che si rinnova per la nona volta grazie alla rete di circa 50 realt\u00e0 diverse per finalit\u00e0, dimensioni e target, offre al pubblico un insieme di stimoli volti alla coesione sociale e all&#8217;accrescimento culturale della cittadinanza&#8221;. \u00a0<\/em><\/p>\n<p>L&#8217;inaugurazione si terr\u00e0 al <strong>Teatro della Pergola<\/strong> con il <em><strong>Canto degli esclusi. Concertato a due per Alda Merini<\/strong> <\/em>con<strong> Alessio Boni e Marcello Prayer.<\/strong>\u00a0Uno spettacolo di <strong>poesie e aforismi ispirato alla vita della poetessa.<\/strong><\/p>\n<p><strong>Luned\u00ec 4 settembre<\/strong>\u00a0sempre alla <strong>Pergola<\/strong> anche il concerto<em><strong> Alla notte,<\/strong><\/em> con <strong>il soprano Eleonora Bellocci e la pianista Elisabetta Sepe.<\/strong><\/p>\n<p>In programma un&#8217;anteprima con eventi <strong>dall&#8217;1 al settembre e poi fino al 20 ottobre<\/strong> un dopo festival: tra i luoghi coinvolti <strong>il Complesso di Sant&#8217;Orsola, la Certosa di Firenze, la Basilica di Santissima Annunziata, la Villa del Poggio Imperiale, la Villa Tornabuoni Lemmi, il Teatro del Maggio.<\/strong><\/p>\n<p><em>\u201cQuello delle associazioni culturali \u00e8 un patrimonio prezioso che d\u00e0 lustro alla nostra citt\u00e0 e gambe a progetti di alto livello<\/em> \u2013 ha evidenziato <strong>la vicesindaca e assessora alla Cultura Alessia Bettini<\/strong> &#8211; <em>ne \u00e8 una dimostrazione il programma ricchissimo che per questa terza edizione il Centro Associazioni Culturali Fiorentine APS, presieduto da Antonia Ida Fontana, \u00e8 riuscito a mettere in campo. Moltissimi eventi e di vario genere, tutti di grande spessore, e tante location differenti, per un festival diffuso che pro-muove quella cultura di prossimit\u00e0 a cui teniamo moltissimo. Ancora una volta un grande lavoro di squadra e una decisiva capacit\u00e0 di fare rete e tessere connessioni che si rivelano decisive per una pro-duzione culturale capace di spaziare tra discipline e tematiche diverse\u201d.<\/em><\/p>\n<figure id=\"post-302793 media-302793\" class=\"align-none\"><img decoding=\"async\" src=\"https:\/\/www.intoscana.it\/wp-content\/uploads\/SS.Annunziata-@-Antonio-Quattrone-scaled.jpg\" alt=\"\" \/><\/figure>\n<div class=\"titleimg\"><em>SS. Annunziata @ Antonio Quattrone<\/em><\/div>\n<p><strong>Dal 2 al 16 settembre<\/strong> al Palagio di Parte Guelfa, <a href=\"https:\/\/www.intoscana.it\/it\/articolo\/buchette-del-vino-firenze-mostra\/\" target=\"_blank\" rel=\"noopener\"><strong>Le buchette del vino in mostra,<\/strong><\/a> un evento per raccontare storia e tradizioni di una modalit\u00e0 di vendita del vino unica al mondo: in quest&#8217;ottica, <strong>l&#8217;8 settembre<\/strong>, sar\u00e0 presentato il libro <em><strong>Firenze e la Toscana-Le buchette del vino<\/strong><\/em>, alla presenza della vicesindaca Alessia Bettini, dello storico Luciano Artusi e del presidente dell&#8217;associazione Buchette del vino Matteo Faglia.<\/p>\n<p>Il <strong>20 settembre<\/strong> ci sar\u00e0 una giornata dedicata alla scienziata <a href=\"https:\/\/www.intoscana.it\/it\/articolo\/margherita-hack-federico-taddia\/\" target=\"_blank\" rel=\"noopener\"><strong>Margherita Hack<\/strong><\/a> ed \u00e8 previsto poi un evento speciale per il centenario della nascita di <strong>Italo Calvino alla Villa del Poggio Imperiale.<\/strong><\/p>\n<p>Nel dopo festival ci sar\u00e0 spazio per la mostra <em><strong>&#8216;Pinocchio 140&#215;140&#8217;<\/strong> <\/em>alla<strong> Biblioteca nazionale centrale di Firenze<\/strong> in occasione dei 140 anni dalla prima uscita del libro.<\/p>\n<figure id=\"post-302792 media-302792\" class=\"align-none\"><img decoding=\"async\" src=\"https:\/\/www.intoscana.it\/wp-content\/uploads\/Locandina-Festival.jpeg\" alt=\"\" \/><\/figure>\n<div class=\"titleimg\">Locandina Festival<\/div>\n<p>&nbsp;<\/p>\n","protected":false},"excerpt":{"rendered":"<p>Dal 4 al 21 settembre oltre 30 eventi tra visite guidate, convegni, spettacoli e concerti animeranno 30 luoghi inconsueti di Firenze<\/p>\n","protected":false},"author":525,"featured_media":302785,"comment_status":"open","ping_status":"open","sticky":false,"template":"","format":"standard","meta":{"_acf_changed":false,"footnotes":""},"categories":[493],"tags":[228,202],"class_list":["post-302784","post","type-post","status-publish","format-standard","has-post-thumbnail","hentry","category-cultura","tag-festival","tag-firenze"],"acf":[],"yoast_head":"<!-- This site is optimized with the Yoast SEO Premium plugin v24.2 (Yoast SEO v25.6) - https:\/\/yoast.com\/wordpress\/plugins\/seo\/ -->\n<title>Torna il Festival delle Associazioni Culturali con un&#039;edizione dedicata a Italo Calvino e Margherita Hack - intoscana<\/title>\n<meta name=\"description\" content=\"Dal 4 al 21 settembre oltre 30 eventi tra visite guidate, convegni, spettacoli e concerti animeranno 30 luoghi inconsueti di Firenze\" \/>\n<meta name=\"robots\" content=\"index, follow, max-snippet:-1, max-image-preview:large, max-video-preview:-1\" \/>\n<link rel=\"canonical\" href=\"https:\/\/www.intoscana.it\/it\/torna-il-festival-delle-associazioni-culturali-con-unedizione-dedicata-a-italo-calvino-e-margherita-hack\/\" \/>\n<meta property=\"og:locale\" content=\"it_IT\" \/>\n<meta property=\"og:type\" content=\"article\" \/>\n<meta property=\"og:title\" content=\"Torna il Festival delle Associazioni Culturali con un&#039;edizione dedicata a Italo Calvino e Margherita Hack\" \/>\n<meta property=\"og:description\" content=\"Dal 4 al 21 settembre oltre 30 eventi tra visite guidate, convegni, spettacoli e concerti animeranno 30 luoghi inconsueti di Firenze\" \/>\n<meta property=\"og:url\" content=\"https:\/\/www.intoscana.it\/it\/torna-il-festival-delle-associazioni-culturali-con-unedizione-dedicata-a-italo-calvino-e-margherita-hack\/\" \/>\n<meta property=\"og:site_name\" content=\"intoscana\" \/>\n<meta property=\"article:publisher\" content=\"https:\/\/www.facebook.com\/intoscana.it\" \/>\n<meta property=\"article:published_time\" content=\"2023-09-01T14:23:55+00:00\" \/>\n<meta property=\"og:image\" content=\"https:\/\/www.intoscana.it\/wp-content\/uploads\/Canto-degli-esclusi-1.jpeg\" \/>\n\t<meta property=\"og:image:width\" content=\"1500\" \/>\n\t<meta property=\"og:image:height\" content=\"1000\" \/>\n\t<meta property=\"og:image:type\" content=\"image\/jpeg\" \/>\n<meta name=\"author\" content=\"Redazione\" \/>\n<meta name=\"twitter:card\" content=\"summary_large_image\" \/>\n<meta name=\"twitter:creator\" content=\"@intoscana\" \/>\n<meta name=\"twitter:site\" content=\"@intoscana\" \/>\n<meta name=\"twitter:label1\" content=\"Written by\" \/>\n\t<meta name=\"twitter:data1\" content=\"Redazione\" \/>\n\t<meta name=\"twitter:label2\" content=\"Est. reading time\" \/>\n\t<meta name=\"twitter:data2\" content=\"2 minuti\" \/>\n<script type=\"application\/ld+json\" class=\"yoast-schema-graph\">{\"@context\":\"https:\/\/schema.org\",\"@graph\":[{\"@type\":\"WebPage\",\"@id\":\"https:\/\/www.intoscana.it\/it\/torna-il-festival-delle-associazioni-culturali-con-unedizione-dedicata-a-italo-calvino-e-margherita-hack\/\",\"url\":\"https:\/\/www.intoscana.it\/it\/torna-il-festival-delle-associazioni-culturali-con-unedizione-dedicata-a-italo-calvino-e-margherita-hack\/\",\"name\":\"Torna il Festival delle Associazioni Culturali con un'edizione dedicata a Italo Calvino e Margherita Hack - intoscana\",\"isPartOf\":{\"@id\":\"https:\/\/www.intoscana.it\/it\/#website\"},\"primaryImageOfPage\":{\"@id\":\"https:\/\/www.intoscana.it\/it\/torna-il-festival-delle-associazioni-culturali-con-unedizione-dedicata-a-italo-calvino-e-margherita-hack\/#primaryimage\"},\"image\":{\"@id\":\"https:\/\/www.intoscana.it\/it\/torna-il-festival-delle-associazioni-culturali-con-unedizione-dedicata-a-italo-calvino-e-margherita-hack\/#primaryimage\"},\"thumbnailUrl\":\"https:\/\/www.intoscana.it\/wp-content\/uploads\/Canto-degli-esclusi-1.jpeg\",\"datePublished\":\"2023-09-01T14:23:55+00:00\",\"author\":{\"@id\":\"https:\/\/www.intoscana.it\/it\/#\/schema\/person\/9223810753230f20bd670fdd322661f8\"},\"description\":\"Dal 4 al 21 settembre oltre 30 eventi tra visite guidate, convegni, spettacoli e concerti animeranno 30 luoghi inconsueti di Firenze\",\"breadcrumb\":{\"@id\":\"https:\/\/www.intoscana.it\/it\/torna-il-festival-delle-associazioni-culturali-con-unedizione-dedicata-a-italo-calvino-e-margherita-hack\/#breadcrumb\"},\"inLanguage\":\"it-IT\",\"potentialAction\":[{\"@type\":\"ReadAction\",\"target\":[\"https:\/\/www.intoscana.it\/it\/torna-il-festival-delle-associazioni-culturali-con-unedizione-dedicata-a-italo-calvino-e-margherita-hack\/\"]}]},{\"@type\":\"ImageObject\",\"inLanguage\":\"it-IT\",\"@id\":\"https:\/\/www.intoscana.it\/it\/torna-il-festival-delle-associazioni-culturali-con-unedizione-dedicata-a-italo-calvino-e-margherita-hack\/#primaryimage\",\"url\":\"https:\/\/www.intoscana.it\/wp-content\/uploads\/Canto-degli-esclusi-1.jpeg\",\"contentUrl\":\"https:\/\/www.intoscana.it\/wp-content\/uploads\/Canto-degli-esclusi-1.jpeg\",\"width\":1500,\"height\":1000},{\"@type\":\"BreadcrumbList\",\"@id\":\"https:\/\/www.intoscana.it\/it\/torna-il-festival-delle-associazioni-culturali-con-unedizione-dedicata-a-italo-calvino-e-margherita-hack\/#breadcrumb\",\"itemListElement\":[{\"@type\":\"ListItem\",\"position\":1,\"name\":\"Home\",\"item\":\"https:\/\/www.intoscana.it\/it\/\"},{\"@type\":\"ListItem\",\"position\":2,\"name\":\"Torna il Festival delle Associazioni Culturali con un&#8217;edizione dedicata a Italo Calvino e Margherita Hack\"}]},{\"@type\":\"WebSite\",\"@id\":\"https:\/\/www.intoscana.it\/it\/#website\",\"url\":\"https:\/\/www.intoscana.it\/it\/\",\"name\":\"intoscana\",\"description\":\"\",\"potentialAction\":[{\"@type\":\"SearchAction\",\"target\":{\"@type\":\"EntryPoint\",\"urlTemplate\":\"https:\/\/www.intoscana.it\/it\/?s={search_term_string}\"},\"query-input\":{\"@type\":\"PropertyValueSpecification\",\"valueRequired\":true,\"valueName\":\"search_term_string\"}}],\"inLanguage\":\"it-IT\"},{\"@type\":\"Person\",\"@id\":\"https:\/\/www.intoscana.it\/it\/#\/schema\/person\/9223810753230f20bd670fdd322661f8\",\"name\":\"Redazione\",\"url\":\"https:\/\/www.intoscana.it\/it\/author\/redazione\/\"}]}<\/script>\n<!-- \/ Yoast SEO Premium plugin. -->","yoast_head_json":{"title":"Torna il Festival delle Associazioni Culturali con un'edizione dedicata a Italo Calvino e Margherita Hack - intoscana","description":"Dal 4 al 21 settembre oltre 30 eventi tra visite guidate, convegni, spettacoli e concerti animeranno 30 luoghi inconsueti di Firenze","robots":{"index":"index","follow":"follow","max-snippet":"max-snippet:-1","max-image-preview":"max-image-preview:large","max-video-preview":"max-video-preview:-1"},"canonical":"https:\/\/www.intoscana.it\/it\/torna-il-festival-delle-associazioni-culturali-con-unedizione-dedicata-a-italo-calvino-e-margherita-hack\/","og_locale":"it_IT","og_type":"article","og_title":"Torna il Festival delle Associazioni Culturali con un'edizione dedicata a Italo Calvino e Margherita Hack","og_description":"Dal 4 al 21 settembre oltre 30 eventi tra visite guidate, convegni, spettacoli e concerti animeranno 30 luoghi inconsueti di Firenze","og_url":"https:\/\/www.intoscana.it\/it\/torna-il-festival-delle-associazioni-culturali-con-unedizione-dedicata-a-italo-calvino-e-margherita-hack\/","og_site_name":"intoscana","article_publisher":"https:\/\/www.facebook.com\/intoscana.it","article_published_time":"2023-09-01T14:23:55+00:00","og_image":[{"width":1500,"height":1000,"url":"https:\/\/www.intoscana.it\/wp-content\/uploads\/Canto-degli-esclusi-1.jpeg","type":"image\/jpeg"}],"author":"Redazione","twitter_card":"summary_large_image","twitter_creator":"@intoscana","twitter_site":"@intoscana","twitter_misc":{"Written by":"Redazione","Est. reading time":"2 minuti"},"schema":{"@context":"https:\/\/schema.org","@graph":[{"@type":"WebPage","@id":"https:\/\/www.intoscana.it\/it\/torna-il-festival-delle-associazioni-culturali-con-unedizione-dedicata-a-italo-calvino-e-margherita-hack\/","url":"https:\/\/www.intoscana.it\/it\/torna-il-festival-delle-associazioni-culturali-con-unedizione-dedicata-a-italo-calvino-e-margherita-hack\/","name":"Torna il Festival delle Associazioni Culturali con un'edizione dedicata a Italo Calvino e Margherita Hack - intoscana","isPartOf":{"@id":"https:\/\/www.intoscana.it\/it\/#website"},"primaryImageOfPage":{"@id":"https:\/\/www.intoscana.it\/it\/torna-il-festival-delle-associazioni-culturali-con-unedizione-dedicata-a-italo-calvino-e-margherita-hack\/#primaryimage"},"image":{"@id":"https:\/\/www.intoscana.it\/it\/torna-il-festival-delle-associazioni-culturali-con-unedizione-dedicata-a-italo-calvino-e-margherita-hack\/#primaryimage"},"thumbnailUrl":"https:\/\/www.intoscana.it\/wp-content\/uploads\/Canto-degli-esclusi-1.jpeg","datePublished":"2023-09-01T14:23:55+00:00","author":{"@id":"https:\/\/www.intoscana.it\/it\/#\/schema\/person\/9223810753230f20bd670fdd322661f8"},"description":"Dal 4 al 21 settembre oltre 30 eventi tra visite guidate, convegni, spettacoli e concerti animeranno 30 luoghi inconsueti di Firenze","breadcrumb":{"@id":"https:\/\/www.intoscana.it\/it\/torna-il-festival-delle-associazioni-culturali-con-unedizione-dedicata-a-italo-calvino-e-margherita-hack\/#breadcrumb"},"inLanguage":"it-IT","potentialAction":[{"@type":"ReadAction","target":["https:\/\/www.intoscana.it\/it\/torna-il-festival-delle-associazioni-culturali-con-unedizione-dedicata-a-italo-calvino-e-margherita-hack\/"]}]},{"@type":"ImageObject","inLanguage":"it-IT","@id":"https:\/\/www.intoscana.it\/it\/torna-il-festival-delle-associazioni-culturali-con-unedizione-dedicata-a-italo-calvino-e-margherita-hack\/#primaryimage","url":"https:\/\/www.intoscana.it\/wp-content\/uploads\/Canto-degli-esclusi-1.jpeg","contentUrl":"https:\/\/www.intoscana.it\/wp-content\/uploads\/Canto-degli-esclusi-1.jpeg","width":1500,"height":1000},{"@type":"BreadcrumbList","@id":"https:\/\/www.intoscana.it\/it\/torna-il-festival-delle-associazioni-culturali-con-unedizione-dedicata-a-italo-calvino-e-margherita-hack\/#breadcrumb","itemListElement":[{"@type":"ListItem","position":1,"name":"Home","item":"https:\/\/www.intoscana.it\/it\/"},{"@type":"ListItem","position":2,"name":"Torna il Festival delle Associazioni Culturali con un&#8217;edizione dedicata a Italo Calvino e Margherita Hack"}]},{"@type":"WebSite","@id":"https:\/\/www.intoscana.it\/it\/#website","url":"https:\/\/www.intoscana.it\/it\/","name":"intoscana","description":"","potentialAction":[{"@type":"SearchAction","target":{"@type":"EntryPoint","urlTemplate":"https:\/\/www.intoscana.it\/it\/?s={search_term_string}"},"query-input":{"@type":"PropertyValueSpecification","valueRequired":true,"valueName":"search_term_string"}}],"inLanguage":"it-IT"},{"@type":"Person","@id":"https:\/\/www.intoscana.it\/it\/#\/schema\/person\/9223810753230f20bd670fdd322661f8","name":"Redazione","url":"https:\/\/www.intoscana.it\/it\/author\/redazione\/"}]}},"_links":{"self":[{"href":"https:\/\/www.intoscana.it\/it\/wp-json\/wp\/v2\/posts\/302784","targetHints":{"allow":["GET"]}}],"collection":[{"href":"https:\/\/www.intoscana.it\/it\/wp-json\/wp\/v2\/posts"}],"about":[{"href":"https:\/\/www.intoscana.it\/it\/wp-json\/wp\/v2\/types\/post"}],"author":[{"embeddable":true,"href":"https:\/\/www.intoscana.it\/it\/wp-json\/wp\/v2\/users\/525"}],"replies":[{"embeddable":true,"href":"https:\/\/www.intoscana.it\/it\/wp-json\/wp\/v2\/comments?post=302784"}],"version-history":[{"count":0,"href":"https:\/\/www.intoscana.it\/it\/wp-json\/wp\/v2\/posts\/302784\/revisions"}],"wp:featuredmedia":[{"embeddable":true,"href":"https:\/\/www.intoscana.it\/it\/wp-json\/wp\/v2\/media\/302785"}],"wp:attachment":[{"href":"https:\/\/www.intoscana.it\/it\/wp-json\/wp\/v2\/media?parent=302784"}],"wp:term":[{"taxonomy":"category","embeddable":true,"href":"https:\/\/www.intoscana.it\/it\/wp-json\/wp\/v2\/categories?post=302784"},{"taxonomy":"post_tag","embeddable":true,"href":"https:\/\/www.intoscana.it\/it\/wp-json\/wp\/v2\/tags?post=302784"}],"curies":[{"name":"wp","href":"https:\/\/api.w.org\/{rel}","templated":true}]}}