{"id":302858,"date":"2023-09-02T12:57:00","date_gmt":"2023-09-02T10:57:00","guid":{"rendered":"https:\/\/www.intoscana.it\/it\/?p=302858"},"modified":"2023-09-04T15:35:43","modified_gmt":"2023-09-04T13:35:43","slug":"calcio-primo-raduno-a-coverciano-per-il-ct-della-nazionale-luciano-spalletti","status":"publish","type":"post","link":"https:\/\/www.intoscana.it\/it\/calcio-primo-raduno-a-coverciano-per-il-ct-della-nazionale-luciano-spalletti\/","title":{"rendered":"Calcio, primo raduno a Coverciano per il ct della Nazionale Luciano Spalletti"},"content":{"rendered":"<p>Primo giorno da <a href=\"https:\/\/www.intoscana.it\/it\/articolo\/spalletti-ct-nazionale\/\" target=\"_blank\" rel=\"noopener\">commissario tecnico della nazionale<\/a> di calcio italiana per l&#8217;allenatore toscano,<strong> Luciano Spaletti<\/strong>. E primo giorno al centro tecnico di Coverciano, a <strong>Firenze<\/strong>. Si mostra entusiasta e determinato: <mark>&#8220;Vogliamo fare un calcio che ci aiuti ad allestire una Nazionale forte. Non abbiamo alibi, abbiamo una storia e Pozzo, Bearzot, Lippi ce l&#8217;hanno indicata,<\/mark> dobbiamo continuare a fare quella storia&#8221;, ha detto durante la conferenza stampa.<\/p>\n<p>Parla di emozione incredibile e si lascia andare ai ricordi: &#8220;Era il 1970 quando chiesi a mia madre di cucirmi una bandiera dell&#8217;Italia per festeggiare il 4 a 3 contro la Germania. Ora quella <strong>bandiera<\/strong> la porter\u00f2 con me in panchina e spero di far rinascere il sogno in tutti i bambini&#8221;.<\/p>\n<h3><em>Le prossime partire verso Euro2024<\/em><\/h3>\n<p>Spalletti ha diramato la lista dei 29 convocati che da luned\u00ec 4 settembre a Coverciano inizieranno a preparare le partite contro <strong>Nord Macedonia<\/strong> (9 settembre a Skopje) e l&#8217;<strong>Ucraina<\/strong> (12 settembre a Milano), primi due impegni stagionali nel cammino che porta verso Euro2024.<br \/>\nPrima convocazione per il difensore della Lazio Nicol\u00f2 Casale, che nel 2022 era gi\u00e0 stato chiamato per due stage dedicati ai calciatori di interesse nazionale. Tornano a vestire la maglia azzurra Mattia Zaccagni (assente dal marzo 2022), Cristiano Biraghi, Gianluca Mancini e Manuel Locatelli (ultima convocazione nel giugno 2022).<\/p>\n<p>La Nazionale si raduner\u00e0 <mark>domenica 3 settembre a Coverciano, dove rester\u00e0 ad allenarsi fino a venerd\u00ec 8 per poi partire nel pomeriggio alla volta di Skopje.<\/mark> Al termine del match con la Nord Macedonia gli Azzurri si trasferiranno a Milano per preparare la sfida con l\u2019Ucraina.<\/p>\n<p>&#8220;I calciatori devono essere felici di indossare questa maglia, <mark>bisogna urlare questa felicit\u00e0 perch\u00e9 non \u00e8 una maglia qualunque, \u00e8 una maglia importantissima. La maglia della Nazionale \u00e8 sempre addosso&#8221;,<\/mark> ha ribadito ancora Spalletti.<\/p>\n","protected":false},"excerpt":{"rendered":"<p>L&#8217;allenatore toscano \u00e8 arrivato a Firenze per preparare le gare contro Nord Macedonia e Ucraina in vista delle qualificazioni per gli Europei del 2024. &#8220;Abbiamo una storia e Pozzo, Bearzot, Lippi ce l&#8217;hanno indicata, dobbiamo continuare a fare quella storia&#8221;<\/p>\n","protected":false},"author":525,"featured_media":302861,"comment_status":"open","ping_status":"open","sticky":false,"template":"","format":"standard","meta":{"_acf_changed":false,"footnotes":""},"categories":[494],"tags":[290,5828,4564,5827],"class_list":["post-302858","post","type-post","status-publish","format-standard","has-post-thumbnail","hentry","category-attualita","tag-calcio","tag-centro-tecnico-di-coverciano","tag-coverciano","tag-nazionale-calcio"],"acf":[],"yoast_head":"<!-- This site is optimized with the Yoast SEO Premium plugin v24.2 (Yoast SEO v25.6) - https:\/\/yoast.com\/wordpress\/plugins\/seo\/ -->\n<title>Calcio, primo raduno a Coverciano per il ct della Nazionale Luciano Spalletti - intoscana<\/title>\n<meta name=\"description\" content=\"L&#039;allenatore toscano \u00e8 arrivato a Firenze per preparare le gare contro Nord Macedonia e Ucraina in vista delle qualificazioni per gli Europei del 2024. &quot;Abbiamo una storia e Pozzo, Bearzot, Lippi ce l&#039;hanno indicata, dobbiamo continuare a fare quella storia&quot;\" \/>\n<meta name=\"robots\" content=\"index, follow, max-snippet:-1, max-image-preview:large, max-video-preview:-1\" \/>\n<link rel=\"canonical\" href=\"https:\/\/www.intoscana.it\/it\/calcio-primo-raduno-a-coverciano-per-il-ct-della-nazionale-luciano-spalletti\/\" \/>\n<meta property=\"og:locale\" content=\"it_IT\" \/>\n<meta property=\"og:type\" content=\"article\" \/>\n<meta property=\"og:title\" content=\"Calcio, primo raduno a Coverciano per il ct della Nazionale Luciano Spalletti\" \/>\n<meta property=\"og:description\" content=\"L&#039;allenatore toscano \u00e8 arrivato a Firenze per preparare le gare contro Nord Macedonia e Ucraina in vista delle qualificazioni per gli Europei del 2024. &quot;Abbiamo una storia e Pozzo, Bearzot, Lippi ce l&#039;hanno indicata, dobbiamo continuare a fare quella storia&quot;\" \/>\n<meta property=\"og:url\" content=\"https:\/\/www.intoscana.it\/it\/calcio-primo-raduno-a-coverciano-per-il-ct-della-nazionale-luciano-spalletti\/\" \/>\n<meta property=\"og:site_name\" content=\"intoscana\" \/>\n<meta property=\"article:publisher\" content=\"https:\/\/www.facebook.com\/intoscana.it\" \/>\n<meta property=\"article:published_time\" content=\"2023-09-02T10:57:00+00:00\" \/>\n<meta property=\"article:modified_time\" content=\"2023-09-04T13:35:43+00:00\" \/>\n<meta property=\"og:image\" content=\"https:\/\/www.intoscana.it\/wp-content\/uploads\/spalletti.jpeg\" \/>\n\t<meta property=\"og:image:width\" content=\"1500\" \/>\n\t<meta property=\"og:image:height\" content=\"958\" \/>\n\t<meta property=\"og:image:type\" content=\"image\/jpeg\" \/>\n<meta name=\"author\" content=\"Redazione\" \/>\n<meta name=\"twitter:card\" content=\"summary_large_image\" \/>\n<meta name=\"twitter:creator\" content=\"@intoscana\" \/>\n<meta name=\"twitter:site\" content=\"@intoscana\" \/>\n<meta name=\"twitter:label1\" content=\"Written by\" \/>\n\t<meta name=\"twitter:data1\" content=\"Redazione\" \/>\n\t<meta name=\"twitter:label2\" content=\"Est. reading time\" \/>\n\t<meta name=\"twitter:data2\" content=\"1 minuto\" \/>\n<script type=\"application\/ld+json\" class=\"yoast-schema-graph\">{\"@context\":\"https:\/\/schema.org\",\"@graph\":[{\"@type\":\"WebPage\",\"@id\":\"https:\/\/www.intoscana.it\/it\/calcio-primo-raduno-a-coverciano-per-il-ct-della-nazionale-luciano-spalletti\/\",\"url\":\"https:\/\/www.intoscana.it\/it\/calcio-primo-raduno-a-coverciano-per-il-ct-della-nazionale-luciano-spalletti\/\",\"name\":\"Calcio, primo raduno a Coverciano per il ct della Nazionale Luciano Spalletti - intoscana\",\"isPartOf\":{\"@id\":\"https:\/\/www.intoscana.it\/it\/#website\"},\"primaryImageOfPage\":{\"@id\":\"https:\/\/www.intoscana.it\/it\/calcio-primo-raduno-a-coverciano-per-il-ct-della-nazionale-luciano-spalletti\/#primaryimage\"},\"image\":{\"@id\":\"https:\/\/www.intoscana.it\/it\/calcio-primo-raduno-a-coverciano-per-il-ct-della-nazionale-luciano-spalletti\/#primaryimage\"},\"thumbnailUrl\":\"https:\/\/www.intoscana.it\/wp-content\/uploads\/spalletti.jpeg\",\"datePublished\":\"2023-09-02T10:57:00+00:00\",\"dateModified\":\"2023-09-04T13:35:43+00:00\",\"author\":{\"@id\":\"https:\/\/www.intoscana.it\/it\/#\/schema\/person\/9223810753230f20bd670fdd322661f8\"},\"description\":\"L'allenatore toscano \u00e8 arrivato a Firenze per preparare le gare contro Nord Macedonia e Ucraina in vista delle qualificazioni per gli Europei del 2024. \\\"Abbiamo una storia e Pozzo, Bearzot, Lippi ce l'hanno indicata, dobbiamo continuare a fare quella storia\\\"\",\"breadcrumb\":{\"@id\":\"https:\/\/www.intoscana.it\/it\/calcio-primo-raduno-a-coverciano-per-il-ct-della-nazionale-luciano-spalletti\/#breadcrumb\"},\"inLanguage\":\"it-IT\",\"potentialAction\":[{\"@type\":\"ReadAction\",\"target\":[\"https:\/\/www.intoscana.it\/it\/calcio-primo-raduno-a-coverciano-per-il-ct-della-nazionale-luciano-spalletti\/\"]}]},{\"@type\":\"ImageObject\",\"inLanguage\":\"it-IT\",\"@id\":\"https:\/\/www.intoscana.it\/it\/calcio-primo-raduno-a-coverciano-per-il-ct-della-nazionale-luciano-spalletti\/#primaryimage\",\"url\":\"https:\/\/www.intoscana.it\/wp-content\/uploads\/spalletti.jpeg\",\"contentUrl\":\"https:\/\/www.intoscana.it\/wp-content\/uploads\/spalletti.jpeg\",\"width\":1500,\"height\":958,\"caption\":\"MILAN, ITALY - FEBRUARY 24: Head coach of FC Internazionale Luciano Spalletti looks on before the serie A match between FC Internazionale and Benevento Calcio at Stadio Giuseppe Meazza on February 24, 2018 in Milan, Italy. (Photo by Marco Luzzani - Inter\/FC Internazionale via Getty Images)\"},{\"@type\":\"BreadcrumbList\",\"@id\":\"https:\/\/www.intoscana.it\/it\/calcio-primo-raduno-a-coverciano-per-il-ct-della-nazionale-luciano-spalletti\/#breadcrumb\",\"itemListElement\":[{\"@type\":\"ListItem\",\"position\":1,\"name\":\"Home\",\"item\":\"https:\/\/www.intoscana.it\/it\/\"},{\"@type\":\"ListItem\",\"position\":2,\"name\":\"Calcio, primo raduno a Coverciano per il ct della Nazionale Luciano Spalletti\"}]},{\"@type\":\"WebSite\",\"@id\":\"https:\/\/www.intoscana.it\/it\/#website\",\"url\":\"https:\/\/www.intoscana.it\/it\/\",\"name\":\"intoscana\",\"description\":\"\",\"potentialAction\":[{\"@type\":\"SearchAction\",\"target\":{\"@type\":\"EntryPoint\",\"urlTemplate\":\"https:\/\/www.intoscana.it\/it\/?s={search_term_string}\"},\"query-input\":{\"@type\":\"PropertyValueSpecification\",\"valueRequired\":true,\"valueName\":\"search_term_string\"}}],\"inLanguage\":\"it-IT\"},{\"@type\":\"Person\",\"@id\":\"https:\/\/www.intoscana.it\/it\/#\/schema\/person\/9223810753230f20bd670fdd322661f8\",\"name\":\"Redazione\",\"url\":\"https:\/\/www.intoscana.it\/it\/author\/redazione\/\"}]}<\/script>\n<!-- \/ Yoast SEO Premium plugin. -->","yoast_head_json":{"title":"Calcio, primo raduno a Coverciano per il ct della Nazionale Luciano Spalletti - intoscana","description":"L'allenatore toscano \u00e8 arrivato a Firenze per preparare le gare contro Nord Macedonia e Ucraina in vista delle qualificazioni per gli Europei del 2024. \"Abbiamo una storia e Pozzo, Bearzot, Lippi ce l'hanno indicata, dobbiamo continuare a fare quella storia\"","robots":{"index":"index","follow":"follow","max-snippet":"max-snippet:-1","max-image-preview":"max-image-preview:large","max-video-preview":"max-video-preview:-1"},"canonical":"https:\/\/www.intoscana.it\/it\/calcio-primo-raduno-a-coverciano-per-il-ct-della-nazionale-luciano-spalletti\/","og_locale":"it_IT","og_type":"article","og_title":"Calcio, primo raduno a Coverciano per il ct della Nazionale Luciano Spalletti","og_description":"L'allenatore toscano \u00e8 arrivato a Firenze per preparare le gare contro Nord Macedonia e Ucraina in vista delle qualificazioni per gli Europei del 2024. \"Abbiamo una storia e Pozzo, Bearzot, Lippi ce l'hanno indicata, dobbiamo continuare a fare quella storia\"","og_url":"https:\/\/www.intoscana.it\/it\/calcio-primo-raduno-a-coverciano-per-il-ct-della-nazionale-luciano-spalletti\/","og_site_name":"intoscana","article_publisher":"https:\/\/www.facebook.com\/intoscana.it","article_published_time":"2023-09-02T10:57:00+00:00","article_modified_time":"2023-09-04T13:35:43+00:00","og_image":[{"width":1500,"height":958,"url":"https:\/\/www.intoscana.it\/wp-content\/uploads\/spalletti.jpeg","type":"image\/jpeg"}],"author":"Redazione","twitter_card":"summary_large_image","twitter_creator":"@intoscana","twitter_site":"@intoscana","twitter_misc":{"Written by":"Redazione","Est. reading time":"1 minuto"},"schema":{"@context":"https:\/\/schema.org","@graph":[{"@type":"WebPage","@id":"https:\/\/www.intoscana.it\/it\/calcio-primo-raduno-a-coverciano-per-il-ct-della-nazionale-luciano-spalletti\/","url":"https:\/\/www.intoscana.it\/it\/calcio-primo-raduno-a-coverciano-per-il-ct-della-nazionale-luciano-spalletti\/","name":"Calcio, primo raduno a Coverciano per il ct della Nazionale Luciano Spalletti - intoscana","isPartOf":{"@id":"https:\/\/www.intoscana.it\/it\/#website"},"primaryImageOfPage":{"@id":"https:\/\/www.intoscana.it\/it\/calcio-primo-raduno-a-coverciano-per-il-ct-della-nazionale-luciano-spalletti\/#primaryimage"},"image":{"@id":"https:\/\/www.intoscana.it\/it\/calcio-primo-raduno-a-coverciano-per-il-ct-della-nazionale-luciano-spalletti\/#primaryimage"},"thumbnailUrl":"https:\/\/www.intoscana.it\/wp-content\/uploads\/spalletti.jpeg","datePublished":"2023-09-02T10:57:00+00:00","dateModified":"2023-09-04T13:35:43+00:00","author":{"@id":"https:\/\/www.intoscana.it\/it\/#\/schema\/person\/9223810753230f20bd670fdd322661f8"},"description":"L'allenatore toscano \u00e8 arrivato a Firenze per preparare le gare contro Nord Macedonia e Ucraina in vista delle qualificazioni per gli Europei del 2024. \"Abbiamo una storia e Pozzo, Bearzot, Lippi ce l'hanno indicata, dobbiamo continuare a fare quella storia\"","breadcrumb":{"@id":"https:\/\/www.intoscana.it\/it\/calcio-primo-raduno-a-coverciano-per-il-ct-della-nazionale-luciano-spalletti\/#breadcrumb"},"inLanguage":"it-IT","potentialAction":[{"@type":"ReadAction","target":["https:\/\/www.intoscana.it\/it\/calcio-primo-raduno-a-coverciano-per-il-ct-della-nazionale-luciano-spalletti\/"]}]},{"@type":"ImageObject","inLanguage":"it-IT","@id":"https:\/\/www.intoscana.it\/it\/calcio-primo-raduno-a-coverciano-per-il-ct-della-nazionale-luciano-spalletti\/#primaryimage","url":"https:\/\/www.intoscana.it\/wp-content\/uploads\/spalletti.jpeg","contentUrl":"https:\/\/www.intoscana.it\/wp-content\/uploads\/spalletti.jpeg","width":1500,"height":958,"caption":"MILAN, ITALY - FEBRUARY 24: Head coach of FC Internazionale Luciano Spalletti looks on before the serie A match between FC Internazionale and Benevento Calcio at Stadio Giuseppe Meazza on February 24, 2018 in Milan, Italy. (Photo by Marco Luzzani - Inter\/FC Internazionale via Getty Images)"},{"@type":"BreadcrumbList","@id":"https:\/\/www.intoscana.it\/it\/calcio-primo-raduno-a-coverciano-per-il-ct-della-nazionale-luciano-spalletti\/#breadcrumb","itemListElement":[{"@type":"ListItem","position":1,"name":"Home","item":"https:\/\/www.intoscana.it\/it\/"},{"@type":"ListItem","position":2,"name":"Calcio, primo raduno a Coverciano per il ct della Nazionale Luciano Spalletti"}]},{"@type":"WebSite","@id":"https:\/\/www.intoscana.it\/it\/#website","url":"https:\/\/www.intoscana.it\/it\/","name":"intoscana","description":"","potentialAction":[{"@type":"SearchAction","target":{"@type":"EntryPoint","urlTemplate":"https:\/\/www.intoscana.it\/it\/?s={search_term_string}"},"query-input":{"@type":"PropertyValueSpecification","valueRequired":true,"valueName":"search_term_string"}}],"inLanguage":"it-IT"},{"@type":"Person","@id":"https:\/\/www.intoscana.it\/it\/#\/schema\/person\/9223810753230f20bd670fdd322661f8","name":"Redazione","url":"https:\/\/www.intoscana.it\/it\/author\/redazione\/"}]}},"_links":{"self":[{"href":"https:\/\/www.intoscana.it\/it\/wp-json\/wp\/v2\/posts\/302858","targetHints":{"allow":["GET"]}}],"collection":[{"href":"https:\/\/www.intoscana.it\/it\/wp-json\/wp\/v2\/posts"}],"about":[{"href":"https:\/\/www.intoscana.it\/it\/wp-json\/wp\/v2\/types\/post"}],"author":[{"embeddable":true,"href":"https:\/\/www.intoscana.it\/it\/wp-json\/wp\/v2\/users\/525"}],"replies":[{"embeddable":true,"href":"https:\/\/www.intoscana.it\/it\/wp-json\/wp\/v2\/comments?post=302858"}],"version-history":[{"count":0,"href":"https:\/\/www.intoscana.it\/it\/wp-json\/wp\/v2\/posts\/302858\/revisions"}],"wp:featuredmedia":[{"embeddable":true,"href":"https:\/\/www.intoscana.it\/it\/wp-json\/wp\/v2\/media\/302861"}],"wp:attachment":[{"href":"https:\/\/www.intoscana.it\/it\/wp-json\/wp\/v2\/media?parent=302858"}],"wp:term":[{"taxonomy":"category","embeddable":true,"href":"https:\/\/www.intoscana.it\/it\/wp-json\/wp\/v2\/categories?post=302858"},{"taxonomy":"post_tag","embeddable":true,"href":"https:\/\/www.intoscana.it\/it\/wp-json\/wp\/v2\/tags?post=302858"}],"curies":[{"name":"wp","href":"https:\/\/api.w.org\/{rel}","templated":true}]}}