{"id":302921,"date":"2023-09-04T14:13:32","date_gmt":"2023-09-04T12:13:32","guid":{"rendered":"https:\/\/www.intoscana.it\/it\/?p=302921"},"modified":"2023-09-04T14:13:32","modified_gmt":"2023-09-04T12:13:32","slug":"cultura-ebraica-firenze","status":"publish","type":"post","link":"https:\/\/www.intoscana.it\/it\/cultura-ebraica-firenze\/","title":{"rendered":"Firenze capofila della Giornata Europea della cultura ebraica: visite guidate, mostre e spettacoli dedicati alla bellezza"},"content":{"rendered":"<p>Torna domenica 10 settembre la <strong>Giornata Europea della cultura ebraica<\/strong>. La 24esima edizione dell&#8217;appuntamento culturale, che quest&#8217;anno ha ricevuto la medaglia del Presidente della Repubblica, \u00e8 dedicata alla bellezza e vede proprio <strong>Firenze capofila<\/strong> italiana dell&#8217;iniziativa a cui aderiscono 35 Paesi europei e apre alla cittadinanza le porte delle sinagoghe, musei e siti ebraici.<br \/>\nQuest&#8217;anno in Italia saranno 101 le localit\u00e0 partecipanti, <mark>in Toscana oltre al capoluogo si animeranno con tanti eventi speciali anche Siena, Pitigliano, Pisa e Monte San Savino.<\/mark><\/p>\n<p><em>&#8220;La bellezza, per le nostre comunit\u00e0 ebraiche, \u00e8 anche la sfida di saper raccontarsi, rappresentarsi e farsi riconoscere come parte integrante della storia e della cultura italiana in tutte le sue dimensioni<\/em> &#8211; sottolinea <strong>Noemi Di Segni,<\/strong> presidente dell&#8217;<strong>Unione Comunit\u00e0 Ebraiche Italiane<\/strong> &#8211; a<em>lle quali l\u2019attitudine e la millenaria tradizione ebraica di pensiero, azioni e patrimonio valoriale ha tanto contribuito.&#8221;<\/em><\/p>\n<h3>Visite guidate, musica e cooking show a Firenze<\/h3>\n<p>La <strong>Giornata Europea della Cultura Ebraica<\/strong> \u00e8 un appuntamento culturale ormai consolidato in Toscana e soprattutto a Firenze. <em>&#8220;Il tema della bellezza<\/em> \u2013 spiega il presidente della Comunit\u00e0 Ebraica di Firenze e Siena, <strong>Enrico Fink<\/strong> \u2013<em> pu\u00f2 essere declinato in tanti modi. \u00c8 stato scelto quest&#8217;anno come fil rouge della Giornata Europea della Cultura Ebraica, e non \u00e8 certo un caso che si sia pensato di mettere al centro, come capofila nazionale, Firenze, da secoli simbolo essa stessa di bellezza. <mark>Sar\u00e0 la bellezza dell\u2019arte, in collaborazione con il nostro museo, e la bellezza della musica ascoltata nel nostro giardino; la bellezza dell\u2019arte, ma anche la bellezza dell\u2019etica, della solidariet\u00e0, del vivere insieme\u201d.<\/mark><\/em><\/p>\n<p>Il calendario di appuntamenti alla Sinagoga di Firenze prende il via sabato 9 settembre alle ore 21.30 con il <strong>concerto di Lyron Meyuhas,<\/strong> che proporr\u00e0 un percorso nel mondo dei canti tradizionali ebraici arrangiati per voce, percussione e pianoforte.<br \/>\nDomenica 10 settembre si inizia alle ore 11 con <strong>l\u2019incontro \u201cLa bellezza: un bel rischio da correre&#8221;<\/strong>, sulle dimensioni spirituali ed estetiche nell\u2019ebraismo con la giornalista Daniela Hamaui, il rabbino Roberto della Rocca, il filosofo Davide Assael e lo storico dell\u2019arte Eike Schmidt. In modo sperimentale e forse un po\u2019 provocatorio parteciper\u00e0 anche <strong>ChatGPT<\/strong>: il sistema di intelligenza artificiale sar\u00e0 consultato in diretta e far\u00e0 emergere risposte sorprendenti.<\/p>\n<p>Tanti gli spettacoli in programma, come<strong> &#8220;In corpo al pescecane&#8221;<\/strong> a cura del Teatro della Tosse, un incontro poetico tra Pinocchio e il suo babbo (alle 12.15, 14.15, 15.45 e 16.30), o \u201cLa bellezza raccontata\u201d, spettacolo di animazione a cura di Simcha Jelinek (alle 14.30), o ancora alle 18.30 <mark>\u201cAllontana la tristezza dal tuo cuore\u201d, il monologo di Gioele Dix che partendo dai testi sacri unisce ironia e gioia di vivere riflessioni sul futuro.<\/mark><\/p>\n<p>Alle ore 12.30 si terr\u00e0 \u201cI cinque sensi e la bellezza\u201d a cura di <strong>ADEI Wizo Firenze<\/strong> (l\u2019Associazione donne ebree d\u2019Italia) che ha come obiettivo far comprendere quanto ogni azione, anche la pi\u00f9 semplice e quotidiana, nell&#8217;ebraismo si possa sublimare in qualcosa di speciale. Alle ore 13,30 sar\u00e0 la volta del<strong> cooking show dello chef Simone Bocca<\/strong> che vedr\u00e0 protagonista il cacciucco alla livornese.<br \/>\nDa non perdere anche<strong> \u201cShir ha-shirim &#8211; La Bellezza nel Cantico dei Cantici\u201d<\/strong>, con la partecipazione del Gruppo di canto delle donne della Comunit\u00e0 ebraica di Firenze che canter\u00e0 alcuni capitoli del Cantico.<\/p>\n<p>Tante le <mark>mostre, le attivit\u00e0 per bambini, gli stand di assaggi della cucina ebraica e dei vini kasher prodotti in Toscana, nonch\u00e9 lo speciale gusto di gelato &#8220;Yoffi&#8221;,<\/mark> creato apposta per la Giornata Europea della Cultura Ebraica dalla gelateraia Ambrosia: una ricetta mediterranea speciale che unisce zafferano, arancia e pistacchio. Sar\u00e0 possibile, infine, visitare gratuitamente la Sinagoga e il Museo ebraico di Firenze con <strong>visite guidate<\/strong> alle ore 12, 15.30 e 17.30. (Per il programma completo: <a href=\"https:\/\/www.ucei.it\/giornatadellacultura\/localita-e-programmi\/\" target=\"_blank\" rel=\"noopener\">www.ucei.it<\/a>)<\/p>\n<figure id=\"post-82093 media-82093\" class=\"align-none\">\n<p><figure style=\"width: 1152px\" class=\"wp-caption alignnone\"><img loading=\"lazy\" decoding=\"async\" src=\"https:\/\/www.intoscana.it\/wp-content\/uploads\/sinagoga-di-siena.jpg\" alt=\"\" width=\"1152\" height=\"768\" \/><figcaption class=\"wp-caption-text\">La Sinagoga di Siena<\/figcaption><\/figure><\/figure>\n<h3>A Siena il progetto di restauro e fundraising della Sinagoga<\/h3>\n<p>A Siena la Sinagoga di Siena sar\u00e0 teatro di un ricco programma di appuntamenti e sar\u00e0 possibile visitarla gratuitamente dalle 10.30 alle 18.30. La mattina dopo i saluti istituzionali sar\u00e0 presentato il volume <b>\u201cItalia <span class=\"il\">Ebraica<\/span>. <\/b>Storie ritrovate. II. Scritti in onore di Daniela Di Castro z.l.\u201d e a seguire si terr\u00e0 l\u2019incontro con la regista<b> Tamar Tal Anati e<\/b> la proiezione di &#8220;God\u2019s Mountain&#8221;, premiato nel 2022 come miglior documentario al Jerusalem Film Festival.<\/p>\n<p>Nel pomeriggio, alle 15, spazio ad \u201cAleph\/Beth\u201d, workshop di <strong>lingua <span class=\"il\">ebraica<\/span> <\/strong>e calligrafia, seguito dall\u2019incontro <b>\u201cLa bellezza ferita: un progetto per la tutela della Sinagoga di Siena<\/b>\u201d, dedicato ai progetti di restauro e fundraising. La Sezione di Siena della Comunit\u00e0 <span class=\"il\">Ebraica<\/span> di Firenze, infatti, vuole porre all&#8217;attenzione <mark>il valore storico e culturale della Sinagoga settecentesca del Vicolo delle Scotte, la cui aula di preghiera \u00e8 stata chiusa per motivi di sicurezza in seguito agli eventi sismici dello scorso 8 febbraio.<\/mark> Al momento solo alcune aree sono aperte alla fruizione dei visitatori e le funzioni religiose sono state temporaneamente trasferite nel matroneo<\/p>\n<p>Seguir\u00e0 l&#8217;incontro con Marina Calloni, curatrice del volume<b> \u201cMemorie di Amelia Rosselli\u201d<\/b> e a chiusura, alle ore 19, si terr\u00e0 il <b>concerto \u201cMusica Ritrovata\u201d<\/b>, con liriche di Aldo Finzi, musicista ebreo mantovano, la cui brillante carriera fu stroncata dalle leggi razziali, seguito da un aperitivo kasher in collaborazione con la cantina Terra di Seta.<\/p>\n<h3>La Giornata europea della cultura ebraica a Pitigliano, Pisa e Monte San Savino<\/h3>\n<p>A <strong>Pitigliano<\/strong> l&#8217;associazione &#8220;La <a href=\"https:\/\/www.intoscana.it\/it\/articolo\/museo-ebraico-pitigliano\/\" target=\"_blank\" rel=\"noopener\">Piccola Gerusalemme&#8221; <\/a><mark>visite guidate al cimitero ebraico, alla Sinagoga e all&#8217;antico quartiere ebraico costruito nel Quattrocento nel borgo.<\/mark> In programma anche la proiezione del docufilm \u201cEva Fischer\u201d e il concerto in Sinagoga di Progetto DAVKA, Maurizio Di Veroli.<\/p>\n<p>A <strong>Pisa<\/strong> si parte la sera di sabato 9 settembre con lo <strong>spettacolo teatrale &#8220;Neshnamot (Anime)&#8221;<\/strong> nel giardino della Sinagoga, l\u2019adattamento del sorprendente romanzo di Roy Chen con la drammaturgia di Annick Emdin e la regia di Carlo Scorram. Domenica 10 settembre sar\u00e0 possibile partecipare alle visite guidate alla Sinagoga e Cimitero Ebraico (dalle 10 alle 13 e dalle 15 alle 19). Inoltre nel giardino della Sinagoga si terr\u00e0 la mattina la presentazione del libro di Piero Nissim<strong> &#8220;13 mesi \u2013 Storie dimenticate della Pisa ebraica e altri luoghi&#8221; <\/strong>e del volume &#8220;Ombre del passato \u2013 Una storia di esclusioni&#8221; di Valentina Supino.<br \/>\nNel pomeriggio, alle 16.30, dopo i saluti istituzionali si terr\u00e0 il convegno &#8220;Dio vide che era bello. Dio vide quanto aveva fatto: ecco, era molto bello&#8221;, con gli interventi di <mark>Dora Liscia Bemporad su &#8220;Gli Ebrei in Toscana e gli argentieri: uno splendido accordo&#8221;, di Anastazia Butitta, ex direttrice del Museo Nahon di Arte ebraica italiana di Gerusalemme su &#8220;La bellezza dell\u2019arte ebraica italiana in terra d\u2019Israele&#8221;<\/mark> e di Davide Spagnoletto su &#8220;1948. Una storia ritrovata: artisti italiani in terra d\u2019Israele.&#8221;<\/p>\n<p>Infine a <strong>Monte San Savino<\/strong> per la Giornata europea della cultura ebraica la Fortezza del Cassero ospiter\u00e0 la conferenza &#8220;Estetica ed etica nell&#8217;ebraismo e non solo&#8221; con la professoressa Irene Stolzi e il pittore, scrittore e studioso di ebraismoStefano Levi Della Torre. Seguir\u00e0 un rinfresco e nel pomeriggio la visita gratuita guidata dell\u2019<strong>ex-sinagoga,<\/strong> dei bagni rituali (mikva), e del cimitero ebraico<\/p>\n<p>&nbsp;<\/p>\n","protected":false},"excerpt":{"rendered":"<p>Domenica 10 settembre tanti eventi speciali in Toscana da Siena a Pitigliano per la 24esima edizione dell&#8217;appuntamento culturale che quest&#8217;anno ha ricevuto la medaglia del Presidente della Repubblica<\/p>\n","protected":false},"author":502,"featured_media":235237,"comment_status":"open","ping_status":"open","sticky":false,"template":"","format":"standard","meta":{"_acf_changed":false,"footnotes":""},"categories":[493],"tags":[202,2497,164,175],"class_list":["post-302921","post","type-post","status-publish","format-standard","has-post-thumbnail","hentry","category-cultura","tag-firenze","tag-pitigliano","tag-siena","tag-storia"],"acf":[],"yoast_head":"<!-- This site is optimized with the Yoast SEO Premium plugin v24.2 (Yoast SEO v25.6) - https:\/\/yoast.com\/wordpress\/plugins\/seo\/ -->\n<title>Firenze capofila della Giornata Europea della cultura ebraica: visite guidate, mostre e spettacoli dedicati alla bellezza - intoscana<\/title>\n<meta name=\"description\" content=\"Il 10 settembre torna la Giornata Europea della cultura ebraica con tanti eventi a Firenze, Siena, Pisa, Pitigliano e Monte San Savino.\" \/>\n<meta name=\"robots\" content=\"index, follow, max-snippet:-1, max-image-preview:large, max-video-preview:-1\" \/>\n<link rel=\"canonical\" href=\"https:\/\/www.intoscana.it\/it\/cultura-ebraica-firenze\/\" \/>\n<meta property=\"og:locale\" content=\"it_IT\" \/>\n<meta property=\"og:type\" content=\"article\" \/>\n<meta property=\"og:title\" content=\"Firenze capofila della Giornata Europea della cultura ebraica: visite guidate, mostre e spettacoli dedicati alla bellezza\" \/>\n<meta property=\"og:description\" content=\"Il 10 settembre torna la Giornata Europea della cultura ebraica con tanti eventi a Firenze, Siena, Pisa, Pitigliano e Monte San Savino.\" \/>\n<meta property=\"og:url\" content=\"https:\/\/www.intoscana.it\/it\/cultura-ebraica-firenze\/\" \/>\n<meta property=\"og:site_name\" content=\"intoscana\" \/>\n<meta property=\"article:publisher\" content=\"https:\/\/www.facebook.com\/intoscana.it\" \/>\n<meta property=\"article:published_time\" content=\"2023-09-04T12:13:32+00:00\" \/>\n<meta property=\"og:image\" content=\"https:\/\/www.intoscana.it\/wp-content\/uploads\/Sinagoga-Firenze-scaled.jpg\" \/>\n\t<meta property=\"og:image:width\" content=\"2048\" \/>\n\t<meta property=\"og:image:height\" content=\"1536\" \/>\n\t<meta property=\"og:image:type\" content=\"image\/jpeg\" \/>\n<meta name=\"author\" content=\"Ilaria Giannini\" \/>\n<meta name=\"twitter:card\" content=\"summary_large_image\" \/>\n<meta name=\"twitter:creator\" content=\"@i.giannini@fst.it\" \/>\n<meta name=\"twitter:site\" content=\"@intoscana\" \/>\n<meta name=\"twitter:label1\" content=\"Written by\" \/>\n\t<meta name=\"twitter:data1\" content=\"Ilaria Giannini\" \/>\n\t<meta name=\"twitter:label2\" content=\"Est. reading time\" \/>\n\t<meta name=\"twitter:data2\" content=\"6 minuti\" \/>\n<script type=\"application\/ld+json\" class=\"yoast-schema-graph\">{\"@context\":\"https:\/\/schema.org\",\"@graph\":[{\"@type\":\"WebPage\",\"@id\":\"https:\/\/www.intoscana.it\/it\/cultura-ebraica-firenze\/\",\"url\":\"https:\/\/www.intoscana.it\/it\/cultura-ebraica-firenze\/\",\"name\":\"Firenze capofila della Giornata Europea della cultura ebraica: visite guidate, mostre e spettacoli dedicati alla bellezza - intoscana\",\"isPartOf\":{\"@id\":\"https:\/\/www.intoscana.it\/it\/#website\"},\"primaryImageOfPage\":{\"@id\":\"https:\/\/www.intoscana.it\/it\/cultura-ebraica-firenze\/#primaryimage\"},\"image\":{\"@id\":\"https:\/\/www.intoscana.it\/it\/cultura-ebraica-firenze\/#primaryimage\"},\"thumbnailUrl\":\"https:\/\/www.intoscana.it\/wp-content\/uploads\/Sinagoga-Firenze-scaled.jpg\",\"datePublished\":\"2023-09-04T12:13:32+00:00\",\"author\":{\"@id\":\"https:\/\/www.intoscana.it\/it\/#\/schema\/person\/de95e1ed2c1c8c30a6922bbba3a90185\"},\"description\":\"Il 10 settembre torna la Giornata Europea della cultura ebraica con tanti eventi a Firenze, Siena, Pisa, Pitigliano e Monte San Savino.\",\"breadcrumb\":{\"@id\":\"https:\/\/www.intoscana.it\/it\/cultura-ebraica-firenze\/#breadcrumb\"},\"inLanguage\":\"it-IT\",\"potentialAction\":[{\"@type\":\"ReadAction\",\"target\":[\"https:\/\/www.intoscana.it\/it\/cultura-ebraica-firenze\/\"]}]},{\"@type\":\"ImageObject\",\"inLanguage\":\"it-IT\",\"@id\":\"https:\/\/www.intoscana.it\/it\/cultura-ebraica-firenze\/#primaryimage\",\"url\":\"https:\/\/www.intoscana.it\/wp-content\/uploads\/Sinagoga-Firenze-scaled.jpg\",\"contentUrl\":\"https:\/\/www.intoscana.it\/wp-content\/uploads\/Sinagoga-Firenze-scaled.jpg\",\"width\":2048,\"height\":1536,\"caption\":\"La Sinagoga di Firenze\"},{\"@type\":\"BreadcrumbList\",\"@id\":\"https:\/\/www.intoscana.it\/it\/cultura-ebraica-firenze\/#breadcrumb\",\"itemListElement\":[{\"@type\":\"ListItem\",\"position\":1,\"name\":\"Home\",\"item\":\"https:\/\/www.intoscana.it\/it\/\"},{\"@type\":\"ListItem\",\"position\":2,\"name\":\"Firenze capofila della Giornata Europea della cultura ebraica: visite guidate, mostre e spettacoli dedicati alla bellezza\"}]},{\"@type\":\"WebSite\",\"@id\":\"https:\/\/www.intoscana.it\/it\/#website\",\"url\":\"https:\/\/www.intoscana.it\/it\/\",\"name\":\"intoscana\",\"description\":\"\",\"potentialAction\":[{\"@type\":\"SearchAction\",\"target\":{\"@type\":\"EntryPoint\",\"urlTemplate\":\"https:\/\/www.intoscana.it\/it\/?s={search_term_string}\"},\"query-input\":{\"@type\":\"PropertyValueSpecification\",\"valueRequired\":true,\"valueName\":\"search_term_string\"}}],\"inLanguage\":\"it-IT\"},{\"@type\":\"Person\",\"@id\":\"https:\/\/www.intoscana.it\/it\/#\/schema\/person\/de95e1ed2c1c8c30a6922bbba3a90185\",\"name\":\"Ilaria Giannini\",\"sameAs\":[\"https:\/\/x.com\/i.giannini@fst.it\"],\"url\":\"https:\/\/www.intoscana.it\/it\/author\/ilaria-giannini\/\"}]}<\/script>\n<!-- \/ Yoast SEO Premium plugin. -->","yoast_head_json":{"title":"Firenze capofila della Giornata Europea della cultura ebraica: visite guidate, mostre e spettacoli dedicati alla bellezza - intoscana","description":"Il 10 settembre torna la Giornata Europea della cultura ebraica con tanti eventi a Firenze, Siena, Pisa, Pitigliano e Monte San Savino.","robots":{"index":"index","follow":"follow","max-snippet":"max-snippet:-1","max-image-preview":"max-image-preview:large","max-video-preview":"max-video-preview:-1"},"canonical":"https:\/\/www.intoscana.it\/it\/cultura-ebraica-firenze\/","og_locale":"it_IT","og_type":"article","og_title":"Firenze capofila della Giornata Europea della cultura ebraica: visite guidate, mostre e spettacoli dedicati alla bellezza","og_description":"Il 10 settembre torna la Giornata Europea della cultura ebraica con tanti eventi a Firenze, Siena, Pisa, Pitigliano e Monte San Savino.","og_url":"https:\/\/www.intoscana.it\/it\/cultura-ebraica-firenze\/","og_site_name":"intoscana","article_publisher":"https:\/\/www.facebook.com\/intoscana.it","article_published_time":"2023-09-04T12:13:32+00:00","og_image":[{"width":2048,"height":1536,"url":"https:\/\/www.intoscana.it\/wp-content\/uploads\/Sinagoga-Firenze-scaled.jpg","type":"image\/jpeg"}],"author":"Ilaria Giannini","twitter_card":"summary_large_image","twitter_creator":"@i.giannini@fst.it","twitter_site":"@intoscana","twitter_misc":{"Written by":"Ilaria Giannini","Est. reading time":"6 minuti"},"schema":{"@context":"https:\/\/schema.org","@graph":[{"@type":"WebPage","@id":"https:\/\/www.intoscana.it\/it\/cultura-ebraica-firenze\/","url":"https:\/\/www.intoscana.it\/it\/cultura-ebraica-firenze\/","name":"Firenze capofila della Giornata Europea della cultura ebraica: visite guidate, mostre e spettacoli dedicati alla bellezza - intoscana","isPartOf":{"@id":"https:\/\/www.intoscana.it\/it\/#website"},"primaryImageOfPage":{"@id":"https:\/\/www.intoscana.it\/it\/cultura-ebraica-firenze\/#primaryimage"},"image":{"@id":"https:\/\/www.intoscana.it\/it\/cultura-ebraica-firenze\/#primaryimage"},"thumbnailUrl":"https:\/\/www.intoscana.it\/wp-content\/uploads\/Sinagoga-Firenze-scaled.jpg","datePublished":"2023-09-04T12:13:32+00:00","author":{"@id":"https:\/\/www.intoscana.it\/it\/#\/schema\/person\/de95e1ed2c1c8c30a6922bbba3a90185"},"description":"Il 10 settembre torna la Giornata Europea della cultura ebraica con tanti eventi a Firenze, Siena, Pisa, Pitigliano e Monte San Savino.","breadcrumb":{"@id":"https:\/\/www.intoscana.it\/it\/cultura-ebraica-firenze\/#breadcrumb"},"inLanguage":"it-IT","potentialAction":[{"@type":"ReadAction","target":["https:\/\/www.intoscana.it\/it\/cultura-ebraica-firenze\/"]}]},{"@type":"ImageObject","inLanguage":"it-IT","@id":"https:\/\/www.intoscana.it\/it\/cultura-ebraica-firenze\/#primaryimage","url":"https:\/\/www.intoscana.it\/wp-content\/uploads\/Sinagoga-Firenze-scaled.jpg","contentUrl":"https:\/\/www.intoscana.it\/wp-content\/uploads\/Sinagoga-Firenze-scaled.jpg","width":2048,"height":1536,"caption":"La Sinagoga di Firenze"},{"@type":"BreadcrumbList","@id":"https:\/\/www.intoscana.it\/it\/cultura-ebraica-firenze\/#breadcrumb","itemListElement":[{"@type":"ListItem","position":1,"name":"Home","item":"https:\/\/www.intoscana.it\/it\/"},{"@type":"ListItem","position":2,"name":"Firenze capofila della Giornata Europea della cultura ebraica: visite guidate, mostre e spettacoli dedicati alla bellezza"}]},{"@type":"WebSite","@id":"https:\/\/www.intoscana.it\/it\/#website","url":"https:\/\/www.intoscana.it\/it\/","name":"intoscana","description":"","potentialAction":[{"@type":"SearchAction","target":{"@type":"EntryPoint","urlTemplate":"https:\/\/www.intoscana.it\/it\/?s={search_term_string}"},"query-input":{"@type":"PropertyValueSpecification","valueRequired":true,"valueName":"search_term_string"}}],"inLanguage":"it-IT"},{"@type":"Person","@id":"https:\/\/www.intoscana.it\/it\/#\/schema\/person\/de95e1ed2c1c8c30a6922bbba3a90185","name":"Ilaria Giannini","sameAs":["https:\/\/x.com\/i.giannini@fst.it"],"url":"https:\/\/www.intoscana.it\/it\/author\/ilaria-giannini\/"}]}},"_links":{"self":[{"href":"https:\/\/www.intoscana.it\/it\/wp-json\/wp\/v2\/posts\/302921","targetHints":{"allow":["GET"]}}],"collection":[{"href":"https:\/\/www.intoscana.it\/it\/wp-json\/wp\/v2\/posts"}],"about":[{"href":"https:\/\/www.intoscana.it\/it\/wp-json\/wp\/v2\/types\/post"}],"author":[{"embeddable":true,"href":"https:\/\/www.intoscana.it\/it\/wp-json\/wp\/v2\/users\/502"}],"replies":[{"embeddable":true,"href":"https:\/\/www.intoscana.it\/it\/wp-json\/wp\/v2\/comments?post=302921"}],"version-history":[{"count":0,"href":"https:\/\/www.intoscana.it\/it\/wp-json\/wp\/v2\/posts\/302921\/revisions"}],"wp:featuredmedia":[{"embeddable":true,"href":"https:\/\/www.intoscana.it\/it\/wp-json\/wp\/v2\/media\/235237"}],"wp:attachment":[{"href":"https:\/\/www.intoscana.it\/it\/wp-json\/wp\/v2\/media?parent=302921"}],"wp:term":[{"taxonomy":"category","embeddable":true,"href":"https:\/\/www.intoscana.it\/it\/wp-json\/wp\/v2\/categories?post=302921"},{"taxonomy":"post_tag","embeddable":true,"href":"https:\/\/www.intoscana.it\/it\/wp-json\/wp\/v2\/tags?post=302921"}],"curies":[{"name":"wp","href":"https:\/\/api.w.org\/{rel}","templated":true}]}}