{"id":302952,"date":"2023-09-04T13:38:21","date_gmt":"2023-09-04T11:38:21","guid":{"rendered":"https:\/\/www.intoscana.it\/it\/?p=302952"},"modified":"2023-09-04T16:25:53","modified_gmt":"2023-09-04T14:25:53","slug":"le-streghe-di-avamposti-teatrofestival-al-via-la-rassegna-nel-segno-delle-donne","status":"publish","type":"post","link":"https:\/\/www.intoscana.it\/it\/le-streghe-di-avamposti-teatrofestival-al-via-la-rassegna-nel-segno-delle-donne\/","title":{"rendered":"Le &#8220;streghe&#8221; di Avamposti TeatroFestival: al via la rassegna nel segno delle donne"},"content":{"rendered":"<p>Si parler\u00e0 di\u00a0 \u201cstreghe\u201d\u00a0 nella rassegna <strong>Avamposti TeatroFestival<\/strong>\u00a0organizzato a Firenze dal Teatro delle Donne da settembre a dicembre 2023. Ma protagoniste saranno soprattutto le figure femminili che nei secoli si sono erette a simbolo di anticonformismo e rivoluzione sociale.<\/p>\n<h3><em>Perch\u00e9 le streghe?<\/em><\/h3>\n<p><strong>Strega<\/strong> come donna demonizzata nei secoli perch\u00e9 perch\u00e9 padrona del proprio corpo, fuori dalla concezione dominante di normalit\u00e0. Una guerra contro di loro &#8211; la caccia alla streghe &#8211; per annullarne il potere sociale: erano donne sole, mendicanti, levatrici, guaritrici, prostitute, adultere, donne che abortivano o che praticavano l\u2019aborto. <mark>Oggi le streghe sono le donne che non si adeguano,\u00a0 fuori dalle regole e dai ruoli prestabiliti. Avamposti invita ad entrare nel loro mondo.<\/mark><\/p>\n<h3><em>Il programma<\/em><\/h3>\n<p>Si parte mercoled\u00ec 6 settembre nel cortile di Villa Vogel &#8211; nell\u2019ambito dell\u2019<strong>Estate Fiorentina<\/strong> promossa dal Comune di Firenze &#8211; dove\u00a0 Angela Antonini presenter\u00e0 in anteprima <strong>\u201cSexton | Poetry&amp;Rock\u201d<\/strong>, progetto nel segno della poetessa e performer Anne Sexton, artista che forz\u00f2 i limiti imposti alle donne da un\u2019America perbenista e osservante.<\/p>\n<p>Gioved\u00ec 7 e venerd\u00ec 8 settembre lo humour nero di \u201cCosa ti cucino, amore?\u201d, commedia di Linda Brunetta (TV delle Ragazze), interpretata da Caterina Casini, Maddalena Rizzi, Carlina Torta. Chiuder\u00e0 sabato 9 settembre Raffaella Azim con il reading <strong>\u201cNon seppellitemi viva\u201d<\/strong> dedicato alla poetessa e scrittrice russa Marina Cvetaeva, ricostruendone la personalit\u00e0 complessa e passionale.<\/p>\n<p>Da gioved\u00ec 14 settembre <mark>il Teatro delle Donne torner\u00e0 nella \u201csua nuova casa\u201d, il Teatro Goldoni di Firenze, grazie alla convenzione stipulata con il Teatro del Maggio Musicale Fiorentino, proprietario della struttura, e a un percorso condiviso con il Comune di Firenze e la Regione Toscana e il sostegno di Fondazione CR Firenze.<\/mark> La stagione prender\u00e0 il via con la prima nazionale di \u201cLo straordinario dell\u2019ordinario\u201d, spettacolo tratto dall&#8217;opera di Clarice Lispector, scritto e interpretato da Cristina Abati.<\/p>\n<p>Sabato 16 settembre andr\u00e0 in scena <strong>\u201cLidodissea\u201d<\/strong>, la nuova produzione della Compagnia Berardi Casolari.\u00a0 Marted\u00ec 19 e mercoled\u00ec 20 settembre, sempre al Teatro Goldoni, la prima assoluta del Teatro delle Donne <strong>\u201cWitch is\u201d<\/strong>, progetto teatrale di Landi\/Mignemi\/Paris che riflette sulla figura della strega. Finalista al bando Regist* Under 35 della Biennale Teatro di Venezia 2022, lo spettacolo esorcizza l\u2019archetipo di donna mostruosa: Eleonora Paris, Cristiana Tramparulo, Giorgia Iolanda Barsotti trasformano la parola in poesia, filastrocca, formula magica, confessione, canzone, gettando la luce su una violenza rimossa.<\/p>\n<p><strong>\u201cLe Volpi\u201d<\/strong> \u00e8 il nuovo lavoro di Lucia Franchi e Luca Ricci che attraversa la provincia italiana per indagare le logiche della politica, venerd\u00ec 22 settembre al Goldoni insieme a un trio d\u2019eccezione: Antonella Attili (&#8220;Nuovo Cinema Paradiso&#8221; di Giuseppe Tornatore, &#8220;Il Paradiso delle Signore&#8221;), Giorgio Colangeli (&#8220;La cena&#8221; di Ettore Scola, &#8220;Il divo&#8221; di Paolo Sorrentino) e Luisa Merloni (Psicopompo Teatro). Anche in questo caso seguir\u00e0 un laboratorio drammaturgico con gli autori.<\/p>\n<h3><em>Dopo Firenze, il palcoscenico si sposta a Sesto Fiorentino<\/em><\/h3>\n<p>Da venerd\u00ec 22 a domenica 24 settembre, al <strong>Teatro della Limonaia di Sesto Fiorentino<\/strong>, Gabriele Giaffreda, Barbara Esposito, Monica Bauco presentano in prima assoluta \u201cConversations after sex\u201d di Mark O\u2019Halloran, per Intercity Dublin e Avamposti TeatroFestival. Sabato 30 al Goldoni, chiude il programma di settembre \u201cThe global city \u2013 A journey beyond borders\u201d, testo di Nicola Pianzola ispirato a \u201cLe citt\u00e0 invisibili\u201d di Italo Calvino con un coro scenico di giovani danzatori.<\/p>\n<p>Si riparte con un\u2019altra prima assoluta, <mark>\u201cArlecchino servitore del prodotto interno lordo\u201d, nuova produzione del Teatro delle Donne affidata al drammaturgo e regista Filippo Renda,<\/mark> in scena con Antonio Fazzini, Margherita Galli, Vieri Raddi, da venerd\u00ec 6 a domenica 8 ottobre al Teatro Goldoni.<\/p>\n<p><strong>\u201cUna storia contrario\u201d<\/strong> \u00e8 il libro in cui Francesca De Sanctis ripercorre la sua esperienza al quotidiano L\u2019Unit\u00e0. Il testo teatrale, sempre di Francesca De Sanctis, che venerd\u00ec 3 e sabato 4 novembre esce di nuovo dalle pagine per approdare sul palco, interpretato e diretto da Elena Arvigo, prima di approdare al Teatro India a Roma il 7 e 8 novembre.<\/p>\n<p>E ancora, venerd\u00ec 22 dicembre nuova versione di \u201cSexton | Poetry&amp;Rock\u201d, in occasione del Natale, con spettacolo e cena insieme agli interpreti. Per i pi\u00f9 piccoli, ricordiamo gli appuntamenti di \u201cFavole&amp;merenda\u201d in programma alla Biblioteca Comunale di Scandicci il luned\u00ec pomeriggio.<\/p>\n<p>Info, prenotazioni e prevendite sul sito ufficiale www.teatrodelledonne.com<\/p>\n","protected":false},"excerpt":{"rendered":"<p>A Firenze, spettacoli da settembre a dicembre 2023: protagoniste le figure femminili che nei secoli si sono erette a simbolo di anticonformismo e rivoluzione sociale<\/p>\n","protected":false},"author":525,"featured_media":302959,"comment_status":"open","ping_status":"open","sticky":false,"template":"","format":"standard","meta":{"_acf_changed":false,"footnotes":""},"categories":[493],"tags":[4474,236],"class_list":["post-302952","post","type-post","status-publish","format-standard","has-post-thumbnail","hentry","category-cultura","tag-eventi","tag-teatro"],"acf":[],"yoast_head":"<!-- This site is optimized with the Yoast SEO Premium plugin v24.2 (Yoast SEO v25.6) - https:\/\/yoast.com\/wordpress\/plugins\/seo\/ -->\n<title>Le &quot;streghe&quot; di Avamposti TeatroFestival: al via la rassegna nel segno delle donne - intoscana<\/title>\n<meta name=\"description\" content=\"A Firenze, spettacoli da settembre a dicembre 2023: protagoniste le figure femminili che nei secoli si sono erette a simbolo di anticonformismo e rivoluzione sociale\" \/>\n<meta name=\"robots\" content=\"index, follow, max-snippet:-1, max-image-preview:large, max-video-preview:-1\" \/>\n<link rel=\"canonical\" href=\"https:\/\/www.intoscana.it\/it\/le-streghe-di-avamposti-teatrofestival-al-via-la-rassegna-nel-segno-delle-donne\/\" \/>\n<meta property=\"og:locale\" content=\"it_IT\" \/>\n<meta property=\"og:type\" content=\"article\" \/>\n<meta property=\"og:title\" content=\"Le &quot;streghe&quot; di Avamposti TeatroFestival: al via la rassegna nel segno delle donne\" \/>\n<meta property=\"og:description\" content=\"A Firenze, spettacoli da settembre a dicembre 2023: protagoniste le figure femminili che nei secoli si sono erette a simbolo di anticonformismo e rivoluzione sociale\" \/>\n<meta property=\"og:url\" content=\"https:\/\/www.intoscana.it\/it\/le-streghe-di-avamposti-teatrofestival-al-via-la-rassegna-nel-segno-delle-donne\/\" \/>\n<meta property=\"og:site_name\" content=\"intoscana\" \/>\n<meta property=\"article:publisher\" content=\"https:\/\/www.facebook.com\/intoscana.it\" \/>\n<meta property=\"article:published_time\" content=\"2023-09-04T11:38:21+00:00\" \/>\n<meta property=\"article:modified_time\" content=\"2023-09-04T14:25:53+00:00\" \/>\n<meta property=\"og:image\" content=\"https:\/\/www.intoscana.it\/wp-content\/uploads\/ANNE-SEXTON-_ANGELA-ANTONINI.jpg\" \/>\n\t<meta property=\"og:image:width\" content=\"1181\" \/>\n\t<meta property=\"og:image:height\" content=\"844\" \/>\n\t<meta property=\"og:image:type\" content=\"image\/jpeg\" \/>\n<meta name=\"author\" content=\"Redazione\" \/>\n<meta name=\"twitter:card\" content=\"summary_large_image\" \/>\n<meta name=\"twitter:creator\" content=\"@intoscana\" \/>\n<meta name=\"twitter:site\" content=\"@intoscana\" \/>\n<meta name=\"twitter:label1\" content=\"Written by\" \/>\n\t<meta name=\"twitter:data1\" content=\"Redazione\" \/>\n\t<meta name=\"twitter:label2\" content=\"Est. reading time\" \/>\n\t<meta name=\"twitter:data2\" content=\"3 minuti\" \/>\n<script type=\"application\/ld+json\" class=\"yoast-schema-graph\">{\"@context\":\"https:\/\/schema.org\",\"@graph\":[{\"@type\":\"WebPage\",\"@id\":\"https:\/\/www.intoscana.it\/it\/le-streghe-di-avamposti-teatrofestival-al-via-la-rassegna-nel-segno-delle-donne\/\",\"url\":\"https:\/\/www.intoscana.it\/it\/le-streghe-di-avamposti-teatrofestival-al-via-la-rassegna-nel-segno-delle-donne\/\",\"name\":\"Le \\\"streghe\\\" di Avamposti TeatroFestival: al via la rassegna nel segno delle donne - intoscana\",\"isPartOf\":{\"@id\":\"https:\/\/www.intoscana.it\/it\/#website\"},\"primaryImageOfPage\":{\"@id\":\"https:\/\/www.intoscana.it\/it\/le-streghe-di-avamposti-teatrofestival-al-via-la-rassegna-nel-segno-delle-donne\/#primaryimage\"},\"image\":{\"@id\":\"https:\/\/www.intoscana.it\/it\/le-streghe-di-avamposti-teatrofestival-al-via-la-rassegna-nel-segno-delle-donne\/#primaryimage\"},\"thumbnailUrl\":\"https:\/\/www.intoscana.it\/wp-content\/uploads\/ANNE-SEXTON-_ANGELA-ANTONINI.jpg\",\"datePublished\":\"2023-09-04T11:38:21+00:00\",\"dateModified\":\"2023-09-04T14:25:53+00:00\",\"author\":{\"@id\":\"https:\/\/www.intoscana.it\/it\/#\/schema\/person\/9223810753230f20bd670fdd322661f8\"},\"description\":\"A Firenze, spettacoli da settembre a dicembre 2023: protagoniste le figure femminili che nei secoli si sono erette a simbolo di anticonformismo e rivoluzione sociale\",\"breadcrumb\":{\"@id\":\"https:\/\/www.intoscana.it\/it\/le-streghe-di-avamposti-teatrofestival-al-via-la-rassegna-nel-segno-delle-donne\/#breadcrumb\"},\"inLanguage\":\"it-IT\",\"potentialAction\":[{\"@type\":\"ReadAction\",\"target\":[\"https:\/\/www.intoscana.it\/it\/le-streghe-di-avamposti-teatrofestival-al-via-la-rassegna-nel-segno-delle-donne\/\"]}]},{\"@type\":\"ImageObject\",\"inLanguage\":\"it-IT\",\"@id\":\"https:\/\/www.intoscana.it\/it\/le-streghe-di-avamposti-teatrofestival-al-via-la-rassegna-nel-segno-delle-donne\/#primaryimage\",\"url\":\"https:\/\/www.intoscana.it\/wp-content\/uploads\/ANNE-SEXTON-_ANGELA-ANTONINI.jpg\",\"contentUrl\":\"https:\/\/www.intoscana.it\/wp-content\/uploads\/ANNE-SEXTON-_ANGELA-ANTONINI.jpg\",\"width\":1181,\"height\":844},{\"@type\":\"BreadcrumbList\",\"@id\":\"https:\/\/www.intoscana.it\/it\/le-streghe-di-avamposti-teatrofestival-al-via-la-rassegna-nel-segno-delle-donne\/#breadcrumb\",\"itemListElement\":[{\"@type\":\"ListItem\",\"position\":1,\"name\":\"Home\",\"item\":\"https:\/\/www.intoscana.it\/it\/\"},{\"@type\":\"ListItem\",\"position\":2,\"name\":\"Le &#8220;streghe&#8221; di Avamposti TeatroFestival: al via la rassegna nel segno delle donne\"}]},{\"@type\":\"WebSite\",\"@id\":\"https:\/\/www.intoscana.it\/it\/#website\",\"url\":\"https:\/\/www.intoscana.it\/it\/\",\"name\":\"intoscana\",\"description\":\"\",\"potentialAction\":[{\"@type\":\"SearchAction\",\"target\":{\"@type\":\"EntryPoint\",\"urlTemplate\":\"https:\/\/www.intoscana.it\/it\/?s={search_term_string}\"},\"query-input\":{\"@type\":\"PropertyValueSpecification\",\"valueRequired\":true,\"valueName\":\"search_term_string\"}}],\"inLanguage\":\"it-IT\"},{\"@type\":\"Person\",\"@id\":\"https:\/\/www.intoscana.it\/it\/#\/schema\/person\/9223810753230f20bd670fdd322661f8\",\"name\":\"Redazione\",\"url\":\"https:\/\/www.intoscana.it\/it\/author\/redazione\/\"}]}<\/script>\n<!-- \/ Yoast SEO Premium plugin. -->","yoast_head_json":{"title":"Le \"streghe\" di Avamposti TeatroFestival: al via la rassegna nel segno delle donne - intoscana","description":"A Firenze, spettacoli da settembre a dicembre 2023: protagoniste le figure femminili che nei secoli si sono erette a simbolo di anticonformismo e rivoluzione sociale","robots":{"index":"index","follow":"follow","max-snippet":"max-snippet:-1","max-image-preview":"max-image-preview:large","max-video-preview":"max-video-preview:-1"},"canonical":"https:\/\/www.intoscana.it\/it\/le-streghe-di-avamposti-teatrofestival-al-via-la-rassegna-nel-segno-delle-donne\/","og_locale":"it_IT","og_type":"article","og_title":"Le \"streghe\" di Avamposti TeatroFestival: al via la rassegna nel segno delle donne","og_description":"A Firenze, spettacoli da settembre a dicembre 2023: protagoniste le figure femminili che nei secoli si sono erette a simbolo di anticonformismo e rivoluzione sociale","og_url":"https:\/\/www.intoscana.it\/it\/le-streghe-di-avamposti-teatrofestival-al-via-la-rassegna-nel-segno-delle-donne\/","og_site_name":"intoscana","article_publisher":"https:\/\/www.facebook.com\/intoscana.it","article_published_time":"2023-09-04T11:38:21+00:00","article_modified_time":"2023-09-04T14:25:53+00:00","og_image":[{"width":1181,"height":844,"url":"https:\/\/www.intoscana.it\/wp-content\/uploads\/ANNE-SEXTON-_ANGELA-ANTONINI.jpg","type":"image\/jpeg"}],"author":"Redazione","twitter_card":"summary_large_image","twitter_creator":"@intoscana","twitter_site":"@intoscana","twitter_misc":{"Written by":"Redazione","Est. reading time":"3 minuti"},"schema":{"@context":"https:\/\/schema.org","@graph":[{"@type":"WebPage","@id":"https:\/\/www.intoscana.it\/it\/le-streghe-di-avamposti-teatrofestival-al-via-la-rassegna-nel-segno-delle-donne\/","url":"https:\/\/www.intoscana.it\/it\/le-streghe-di-avamposti-teatrofestival-al-via-la-rassegna-nel-segno-delle-donne\/","name":"Le \"streghe\" di Avamposti TeatroFestival: al via la rassegna nel segno delle donne - intoscana","isPartOf":{"@id":"https:\/\/www.intoscana.it\/it\/#website"},"primaryImageOfPage":{"@id":"https:\/\/www.intoscana.it\/it\/le-streghe-di-avamposti-teatrofestival-al-via-la-rassegna-nel-segno-delle-donne\/#primaryimage"},"image":{"@id":"https:\/\/www.intoscana.it\/it\/le-streghe-di-avamposti-teatrofestival-al-via-la-rassegna-nel-segno-delle-donne\/#primaryimage"},"thumbnailUrl":"https:\/\/www.intoscana.it\/wp-content\/uploads\/ANNE-SEXTON-_ANGELA-ANTONINI.jpg","datePublished":"2023-09-04T11:38:21+00:00","dateModified":"2023-09-04T14:25:53+00:00","author":{"@id":"https:\/\/www.intoscana.it\/it\/#\/schema\/person\/9223810753230f20bd670fdd322661f8"},"description":"A Firenze, spettacoli da settembre a dicembre 2023: protagoniste le figure femminili che nei secoli si sono erette a simbolo di anticonformismo e rivoluzione sociale","breadcrumb":{"@id":"https:\/\/www.intoscana.it\/it\/le-streghe-di-avamposti-teatrofestival-al-via-la-rassegna-nel-segno-delle-donne\/#breadcrumb"},"inLanguage":"it-IT","potentialAction":[{"@type":"ReadAction","target":["https:\/\/www.intoscana.it\/it\/le-streghe-di-avamposti-teatrofestival-al-via-la-rassegna-nel-segno-delle-donne\/"]}]},{"@type":"ImageObject","inLanguage":"it-IT","@id":"https:\/\/www.intoscana.it\/it\/le-streghe-di-avamposti-teatrofestival-al-via-la-rassegna-nel-segno-delle-donne\/#primaryimage","url":"https:\/\/www.intoscana.it\/wp-content\/uploads\/ANNE-SEXTON-_ANGELA-ANTONINI.jpg","contentUrl":"https:\/\/www.intoscana.it\/wp-content\/uploads\/ANNE-SEXTON-_ANGELA-ANTONINI.jpg","width":1181,"height":844},{"@type":"BreadcrumbList","@id":"https:\/\/www.intoscana.it\/it\/le-streghe-di-avamposti-teatrofestival-al-via-la-rassegna-nel-segno-delle-donne\/#breadcrumb","itemListElement":[{"@type":"ListItem","position":1,"name":"Home","item":"https:\/\/www.intoscana.it\/it\/"},{"@type":"ListItem","position":2,"name":"Le &#8220;streghe&#8221; di Avamposti TeatroFestival: al via la rassegna nel segno delle donne"}]},{"@type":"WebSite","@id":"https:\/\/www.intoscana.it\/it\/#website","url":"https:\/\/www.intoscana.it\/it\/","name":"intoscana","description":"","potentialAction":[{"@type":"SearchAction","target":{"@type":"EntryPoint","urlTemplate":"https:\/\/www.intoscana.it\/it\/?s={search_term_string}"},"query-input":{"@type":"PropertyValueSpecification","valueRequired":true,"valueName":"search_term_string"}}],"inLanguage":"it-IT"},{"@type":"Person","@id":"https:\/\/www.intoscana.it\/it\/#\/schema\/person\/9223810753230f20bd670fdd322661f8","name":"Redazione","url":"https:\/\/www.intoscana.it\/it\/author\/redazione\/"}]}},"_links":{"self":[{"href":"https:\/\/www.intoscana.it\/it\/wp-json\/wp\/v2\/posts\/302952","targetHints":{"allow":["GET"]}}],"collection":[{"href":"https:\/\/www.intoscana.it\/it\/wp-json\/wp\/v2\/posts"}],"about":[{"href":"https:\/\/www.intoscana.it\/it\/wp-json\/wp\/v2\/types\/post"}],"author":[{"embeddable":true,"href":"https:\/\/www.intoscana.it\/it\/wp-json\/wp\/v2\/users\/525"}],"replies":[{"embeddable":true,"href":"https:\/\/www.intoscana.it\/it\/wp-json\/wp\/v2\/comments?post=302952"}],"version-history":[{"count":0,"href":"https:\/\/www.intoscana.it\/it\/wp-json\/wp\/v2\/posts\/302952\/revisions"}],"wp:featuredmedia":[{"embeddable":true,"href":"https:\/\/www.intoscana.it\/it\/wp-json\/wp\/v2\/media\/302959"}],"wp:attachment":[{"href":"https:\/\/www.intoscana.it\/it\/wp-json\/wp\/v2\/media?parent=302952"}],"wp:term":[{"taxonomy":"category","embeddable":true,"href":"https:\/\/www.intoscana.it\/it\/wp-json\/wp\/v2\/categories?post=302952"},{"taxonomy":"post_tag","embeddable":true,"href":"https:\/\/www.intoscana.it\/it\/wp-json\/wp\/v2\/tags?post=302952"}],"curies":[{"name":"wp","href":"https:\/\/api.w.org\/{rel}","templated":true}]}}