{"id":303020,"date":"2023-09-04T18:29:38","date_gmt":"2023-09-04T16:29:38","guid":{"rendered":"https:\/\/www.intoscana.it\/it\/?p=303020"},"modified":"2023-09-05T08:44:44","modified_gmt":"2023-09-05T06:44:44","slug":"ponte-signa-lastra-cronoprogramma","status":"publish","type":"post","link":"https:\/\/www.intoscana.it\/it\/ponte-signa-lastra-cronoprogramma\/","title":{"rendered":"Nuovo ponte tra Signa e Lastra, c&#8217;\u00e8 il cronoprogramma dei lavori: pronto nel 2028"},"content":{"rendered":"<p><mark>La consegna dei lavori nel 2024 e la fine nel 2028: \u00e8 delineato l\u2019orizzonte preciso per la realizzazione del Ponte fra Signa e Lastra<\/mark>. Un\u2019opera strategica e attesa, fortemente voluta dal presidente Giani che l&#8217;aveva inserita nel suo programma elettorale e per la quale ha spinto fin dall&#8217;inizio del suo mandato.<\/p>\n<p>\u201cFinalmente &#8211; ha detto Giani &#8211; ci siamo. Nel 2024 l\u2019opera entrer\u00e0 nel vivo per essere poi completata nel 2028. Si tratta di un&#8217;infrastruttura importantissima per tutta la Piana fiorentina fortemente legata alla Fi-Pi-Li e all\u2019uscita di Lastra a Signa, che cambier\u00e0 in positivo il volto di questo territorio, collegando le zone di Scandicci-Lastra con quelle di Signa, Campi e Prato. Un\u2019opera dunque strategica dal punto di vista viario, ma anche sotto il profilo della sicurezza perch\u00e9 insieme al ponte realizzeremo una nuova cassa di espansione, una nuova pista ciclopedonale e ulteriori opere di compensazione ambientale. Quindi non solo una viabilit\u00e0 pi\u00f9 fluida e scorrevole, ma anche meno inquinamento e pi\u00f9 sicurezza. <mark>Sappiamo bene &#8211; ha aggiunto Giani &#8211; quanto il ponte tradizionale fra Signa e Lastra, ricostruito nel dopo guerra, presenti oggi code anche di un\u2019ora. La nuova opera consentir\u00e0 invece, in un percorso che oltrepassa insieme sia l\u2019Arno che la ferrovia, fluidit\u00e0 e velocit\u00e0 in un rapporto efficace col territorio\u201d.<\/mark><\/p>\n<h3>I costi dell&#8217;opera e i prossimi step<\/h3>\n<p>L\u2019opera \u00e8 gi\u00e0 finanziata, per un importo complessivo di <strong>71,5 milioni di euro:<\/strong> 65,5 provengono da Fondi di Sviluppo e Coesione e 6 da fondi regionali. Adesso il progetto definitivo presentato in sede di gara sar\u00e0 esaminato dalla Conferenza dei Servizi per poter essere approvato e inserito nel contratto di appalto. Il raggruppamento di imprese aggiudicatario avr\u00e0 poi 120 giorni di tempo per presentare il progetto esecutivo. Inizio dei lavori previsto nel 2024, conclusione entro il 2028.<\/p>\n<figure id=\"post-303022 media-303022\" class=\"align-center\"><img decoding=\"async\" src=\"https:\/\/www.intoscana.it\/wp-content\/uploads\/Rendering-nuovo-ponte-tra-Signa-e-Lastra-a-Signa_2.png\" alt=\"\" \/><\/figure>\n<h3>Baccelli: &#8220;Procedura innovativa&#8221;<\/h3>\n<p>Per la realizzazione di questa opera, <mark>per la prima volta la Regione \u00e8 stazione appaltante <\/mark>. Fino ad oggi, per appalti cos\u00ec rilevanti la Regione, per la realizzazione, si affidava all\u2019Anas e alle Province. Questa volta c\u2019\u00e8 la gestione diretta da parte degli uffici regionali.<\/p>\n<p>\u201cStiamo parlando di un\u2019opera di oltre 70milioni di euro interamente finanziata dalla Regione Toscana &#8211; ha aggiunto l\u2019assessore alle infrastrutture e mobilit\u00e0 Stefano Baccelli &#8211; di gran lunga <mark>l\u2019opera pi\u00f9 importante che la Regione Toscana sta realizzando come stazione appaltante<\/mark>. Abbiamo utilizzato la pi\u00f9 celere e innovativa delle procedure facendo una gara sul progetto preliminare e abbiamo assegnato e aggiudicato al raggruppamento di imprese che \u00e8 risultato vincitrice. Il percorso prevede alcune verifiche tecniche ma c\u2019\u00e8 gi\u00e0 il progetto definitivo\u201d.<\/p>\n<h3>Caratteristiche tecniche<\/h3>\n<p>La nuova opera sar\u00e0 lunga <strong>2.750 metri di cui 900 in viadotto<\/strong> con nuovo ponte sull\u2019Arno in acciaio, con campata principale di oltre 140 metri di luce. Annesso all\u2019opera, anche un <strong>percorso ciclopedonale<\/strong> di collegamento tra il Parco Fluviale di Lastra a Signa sulla riva sinistra dell\u2019Arno e il Parco dei Renai.<\/p>\n<figure id=\"post-302995 media-302995\" class=\"align-center\">\n<figure id=\"post-303021 media-303021\" class=\"align-none\"><img decoding=\"async\" src=\"https:\/\/www.intoscana.it\/wp-content\/uploads\/Rendering-nuovo-ponte-tra-Signa-e-Lastra-a-Signa.png\" alt=\"\" \/><\/figure>\n<div class=\"titleimg\">Rendering nuovo ponte tra Signa e Lastra a Signa<\/div>\n<\/figure>\n<p>L\u2019intervento complessivo prevede anche la realizzazione di una <strong>cassa di espansione<\/strong>, che consentir\u00e0 una sensibile riduzione del rischio idraulico per la zona sia per quanto riguarda le piene dell\u2019Arno che per gli allagamenti derivanti dalle acque basse. La cassa \u00e8 prevista dal Piano di riduzione del rischio idraulico, confermata e recepita in modo vincolante dal Piano di Assetto Idrogeologico e dal Piano Gestione Rischio Alluvioni dell\u2019Autorit\u00e0 di bacino. Infine saranno create aree di compensazione ambientale, attraverso l\u2019acquisizione da parte della Regione del Lago di Borgioli, situato in posizione baricentrica fra Arno e Bisenzio, e realizzati specifici interventi di rinaturalizzazione e potenziamento ecologico.<\/p>\n<h3>Soddisfatti i sindaci di Lastra e Signa<\/h3>\n<p>&#8220;Da anni \u2013 ha detto la sindaca di Lastra a Signa <strong>Angela Bagni-<\/strong> noi sindaci del territorio lavoriamo per poter vedere la conclusione di questa opera cos\u00ec importante per tutta l&#8217;area metropolitana: dal punto di vista economico, della sicurezza idraulica grazie alla nuova cassa di espansione, della sostenibilit\u00e0 ambientale e della qualit\u00e0 della vita e della salute dei cittadini. Il presidente Giani ha dimostrato di crederci fin da subito e grazie alla Regione, a tutti i tecnici e agli uffici coinvolti, adesso siamo davvero a una svolta epocale che consentir\u00e0 di vedere la realizzazione di questa strategica infrastruttura a servizio di tutta la Toscana centrale&#8221;.<\/p>\n<p>\u201c\u00c8 una grande soddisfazione- ha concluso <strong>Giampiero Fossi<\/strong>, sindaco di Signa-, finalmente siamo davanti all\u2019aggiudicazione dei lavori per il nuovo Ponte sull\u2019Arno: un passo concreto per la nascita di una delle pi\u00f9 importanti infrastrutture dell\u2019area fiorentina. Un\u2019opera che dar\u00e0 risposta al miglioramento della viabilit\u00e0 di Signa e Lastra a Signa grazie alla realizzazione di un grande arco di circonvallazione nella zona ovest di Firenze che collegher\u00e0 le zone di Scandicci-Lastra con quelle di Signa, Campi e Prato. Un\u2019opera che dar\u00e0 enormi vantaggi non solo in termini di traffico ma anche ambientali e d\u2019inquinamento atmosferico &#8211; soprattutto nelle zone di via Roma e Via dei Colli -, mantenendo al contempo la centralit\u00e0 del nostro territorio lungo la viabilit\u00e0 regionale. Un sensibile miglioramento per la vita dei cittadini, dei lavoratori e per le nostre imprese. Infine \u00e8 da sottolineare il grande sviluppo ambientale e il recupero di aree ambientalmente degradate che quest\u2019opera porter\u00e0 con s\u00e9. Oggi \u00e8 senza dubbio un grande giorno per Signa, le Signe e per tutta Firenze\u201d.<\/p>\n","protected":false},"excerpt":{"rendered":"<p>Con l\u2019aggiudicazione e il cronoprogramma che vede la consegna dei lavori nel 2024 \u00e8 delineato l\u2019orizzonte per la realizzazione del Ponte fra Signa e Lastra. Giani: &#8221; Opera strategica la viabilit\u00e0 ma anche per la sicurezza del territorio&#8221;<\/p>\n","protected":false},"author":525,"featured_media":302995,"comment_status":"open","ping_status":"open","sticky":false,"template":"","format":"standard","meta":{"_acf_changed":false,"footnotes":""},"categories":[494],"tags":[4418,5857,1577,248],"class_list":["post-303020","post","type-post","status-publish","format-standard","has-post-thumbnail","hentry","category-attualita","tag-infrastrutture","tag-mobilita-ciclabile","tag-muoversi-in-toscana","tag-viabilita"],"acf":[],"yoast_head":"<!-- This site is optimized with the Yoast SEO Premium plugin v24.2 (Yoast SEO v25.6) - https:\/\/yoast.com\/wordpress\/plugins\/seo\/ -->\n<title>Ponte tra Signa e Lastra, c&#039;\u00e8 il cronoprogramma dei lavori: pronto nel 2028<\/title>\n<meta name=\"description\" content=\"I lavori saranno consegnati nel 2024. Giani: &quot;Il nuovo ponte \u00e8 un&#039; strategica per la viabilit\u00e0 ma anche per la sicurezza del territorio&quot;\" \/>\n<meta name=\"robots\" content=\"index, follow, max-snippet:-1, max-image-preview:large, max-video-preview:-1\" \/>\n<link rel=\"canonical\" href=\"https:\/\/www.intoscana.it\/it\/ponte-signa-lastra-cronoprogramma\/\" \/>\n<meta property=\"og:locale\" content=\"it_IT\" \/>\n<meta property=\"og:type\" content=\"article\" \/>\n<meta property=\"og:title\" content=\"Nuovo ponte tra Signa e Lastra, c&#039;\u00e8 il cronoprogramma dei lavori: pronto nel 2028\" \/>\n<meta property=\"og:description\" content=\"I lavori saranno consegnati nel 2024. Giani: &quot;Il nuovo ponte \u00e8 un&#039; strategica per la viabilit\u00e0 ma anche per la sicurezza del territorio&quot;\" \/>\n<meta property=\"og:url\" content=\"https:\/\/www.intoscana.it\/it\/ponte-signa-lastra-cronoprogramma\/\" \/>\n<meta property=\"og:site_name\" content=\"intoscana\" \/>\n<meta property=\"article:publisher\" content=\"https:\/\/www.facebook.com\/intoscana.it\" \/>\n<meta property=\"article:published_time\" content=\"2023-09-04T16:29:38+00:00\" \/>\n<meta property=\"article:modified_time\" content=\"2023-09-05T06:44:44+00:00\" \/>\n<meta property=\"og:image\" content=\"https:\/\/www.intoscana.it\/wp-content\/uploads\/Screenshot-2023-09-04-at-15-43-36-Progetto-ponte-Signa-Lastra-a-S-1.pdf-e1693844615349.png\" \/>\n\t<meta property=\"og:image:width\" content=\"843\" \/>\n\t<meta property=\"og:image:height\" content=\"463\" \/>\n\t<meta property=\"og:image:type\" content=\"image\/png\" \/>\n<meta name=\"author\" content=\"Redazione\" \/>\n<meta name=\"twitter:card\" content=\"summary_large_image\" \/>\n<meta name=\"twitter:creator\" content=\"@intoscana\" \/>\n<meta name=\"twitter:site\" content=\"@intoscana\" \/>\n<meta name=\"twitter:label1\" content=\"Written by\" \/>\n\t<meta name=\"twitter:data1\" content=\"Redazione\" \/>\n\t<meta name=\"twitter:label2\" content=\"Est. reading time\" \/>\n\t<meta name=\"twitter:data2\" content=\"4 minuti\" \/>\n<script type=\"application\/ld+json\" class=\"yoast-schema-graph\">{\"@context\":\"https:\/\/schema.org\",\"@graph\":[{\"@type\":\"WebPage\",\"@id\":\"https:\/\/www.intoscana.it\/it\/ponte-signa-lastra-cronoprogramma\/\",\"url\":\"https:\/\/www.intoscana.it\/it\/ponte-signa-lastra-cronoprogramma\/\",\"name\":\"Ponte tra Signa e Lastra, c'\u00e8 il cronoprogramma dei lavori: pronto nel 2028\",\"isPartOf\":{\"@id\":\"https:\/\/www.intoscana.it\/it\/#website\"},\"primaryImageOfPage\":{\"@id\":\"https:\/\/www.intoscana.it\/it\/ponte-signa-lastra-cronoprogramma\/#primaryimage\"},\"image\":{\"@id\":\"https:\/\/www.intoscana.it\/it\/ponte-signa-lastra-cronoprogramma\/#primaryimage\"},\"thumbnailUrl\":\"https:\/\/www.intoscana.it\/wp-content\/uploads\/Screenshot-2023-09-04-at-15-43-36-Progetto-ponte-Signa-Lastra-a-S-1.pdf-e1693844615349.png\",\"datePublished\":\"2023-09-04T16:29:38+00:00\",\"dateModified\":\"2023-09-05T06:44:44+00:00\",\"author\":{\"@id\":\"https:\/\/www.intoscana.it\/it\/#\/schema\/person\/9223810753230f20bd670fdd322661f8\"},\"description\":\"I lavori saranno consegnati nel 2024. Giani: \\\"Il nuovo ponte \u00e8 un' strategica per la viabilit\u00e0 ma anche per la sicurezza del territorio\\\"\",\"breadcrumb\":{\"@id\":\"https:\/\/www.intoscana.it\/it\/ponte-signa-lastra-cronoprogramma\/#breadcrumb\"},\"inLanguage\":\"it-IT\",\"potentialAction\":[{\"@type\":\"ReadAction\",\"target\":[\"https:\/\/www.intoscana.it\/it\/ponte-signa-lastra-cronoprogramma\/\"]}]},{\"@type\":\"ImageObject\",\"inLanguage\":\"it-IT\",\"@id\":\"https:\/\/www.intoscana.it\/it\/ponte-signa-lastra-cronoprogramma\/#primaryimage\",\"url\":\"https:\/\/www.intoscana.it\/wp-content\/uploads\/Screenshot-2023-09-04-at-15-43-36-Progetto-ponte-Signa-Lastra-a-S-1.pdf-e1693844615349.png\",\"contentUrl\":\"https:\/\/www.intoscana.it\/wp-content\/uploads\/Screenshot-2023-09-04-at-15-43-36-Progetto-ponte-Signa-Lastra-a-S-1.pdf-e1693844615349.png\",\"width\":843,\"height\":463,\"caption\":\"Il progetto del nuovo ponte sull'Arno tra Signa e Lastra a Signa\"},{\"@type\":\"BreadcrumbList\",\"@id\":\"https:\/\/www.intoscana.it\/it\/ponte-signa-lastra-cronoprogramma\/#breadcrumb\",\"itemListElement\":[{\"@type\":\"ListItem\",\"position\":1,\"name\":\"Home\",\"item\":\"https:\/\/www.intoscana.it\/it\/\"},{\"@type\":\"ListItem\",\"position\":2,\"name\":\"Nuovo ponte tra Signa e Lastra, c&#8217;\u00e8 il cronoprogramma dei lavori: pronto nel 2028\"}]},{\"@type\":\"WebSite\",\"@id\":\"https:\/\/www.intoscana.it\/it\/#website\",\"url\":\"https:\/\/www.intoscana.it\/it\/\",\"name\":\"intoscana\",\"description\":\"\",\"potentialAction\":[{\"@type\":\"SearchAction\",\"target\":{\"@type\":\"EntryPoint\",\"urlTemplate\":\"https:\/\/www.intoscana.it\/it\/?s={search_term_string}\"},\"query-input\":{\"@type\":\"PropertyValueSpecification\",\"valueRequired\":true,\"valueName\":\"search_term_string\"}}],\"inLanguage\":\"it-IT\"},{\"@type\":\"Person\",\"@id\":\"https:\/\/www.intoscana.it\/it\/#\/schema\/person\/9223810753230f20bd670fdd322661f8\",\"name\":\"Redazione\",\"url\":\"https:\/\/www.intoscana.it\/it\/author\/redazione\/\"}]}<\/script>\n<!-- \/ Yoast SEO Premium plugin. -->","yoast_head_json":{"title":"Ponte tra Signa e Lastra, c'\u00e8 il cronoprogramma dei lavori: pronto nel 2028","description":"I lavori saranno consegnati nel 2024. Giani: \"Il nuovo ponte \u00e8 un' strategica per la viabilit\u00e0 ma anche per la sicurezza del territorio\"","robots":{"index":"index","follow":"follow","max-snippet":"max-snippet:-1","max-image-preview":"max-image-preview:large","max-video-preview":"max-video-preview:-1"},"canonical":"https:\/\/www.intoscana.it\/it\/ponte-signa-lastra-cronoprogramma\/","og_locale":"it_IT","og_type":"article","og_title":"Nuovo ponte tra Signa e Lastra, c'\u00e8 il cronoprogramma dei lavori: pronto nel 2028","og_description":"I lavori saranno consegnati nel 2024. Giani: \"Il nuovo ponte \u00e8 un' strategica per la viabilit\u00e0 ma anche per la sicurezza del territorio\"","og_url":"https:\/\/www.intoscana.it\/it\/ponte-signa-lastra-cronoprogramma\/","og_site_name":"intoscana","article_publisher":"https:\/\/www.facebook.com\/intoscana.it","article_published_time":"2023-09-04T16:29:38+00:00","article_modified_time":"2023-09-05T06:44:44+00:00","og_image":[{"width":843,"height":463,"url":"https:\/\/www.intoscana.it\/wp-content\/uploads\/Screenshot-2023-09-04-at-15-43-36-Progetto-ponte-Signa-Lastra-a-S-1.pdf-e1693844615349.png","type":"image\/png"}],"author":"Redazione","twitter_card":"summary_large_image","twitter_creator":"@intoscana","twitter_site":"@intoscana","twitter_misc":{"Written by":"Redazione","Est. reading time":"4 minuti"},"schema":{"@context":"https:\/\/schema.org","@graph":[{"@type":"WebPage","@id":"https:\/\/www.intoscana.it\/it\/ponte-signa-lastra-cronoprogramma\/","url":"https:\/\/www.intoscana.it\/it\/ponte-signa-lastra-cronoprogramma\/","name":"Ponte tra Signa e Lastra, c'\u00e8 il cronoprogramma dei lavori: pronto nel 2028","isPartOf":{"@id":"https:\/\/www.intoscana.it\/it\/#website"},"primaryImageOfPage":{"@id":"https:\/\/www.intoscana.it\/it\/ponte-signa-lastra-cronoprogramma\/#primaryimage"},"image":{"@id":"https:\/\/www.intoscana.it\/it\/ponte-signa-lastra-cronoprogramma\/#primaryimage"},"thumbnailUrl":"https:\/\/www.intoscana.it\/wp-content\/uploads\/Screenshot-2023-09-04-at-15-43-36-Progetto-ponte-Signa-Lastra-a-S-1.pdf-e1693844615349.png","datePublished":"2023-09-04T16:29:38+00:00","dateModified":"2023-09-05T06:44:44+00:00","author":{"@id":"https:\/\/www.intoscana.it\/it\/#\/schema\/person\/9223810753230f20bd670fdd322661f8"},"description":"I lavori saranno consegnati nel 2024. Giani: \"Il nuovo ponte \u00e8 un' strategica per la viabilit\u00e0 ma anche per la sicurezza del territorio\"","breadcrumb":{"@id":"https:\/\/www.intoscana.it\/it\/ponte-signa-lastra-cronoprogramma\/#breadcrumb"},"inLanguage":"it-IT","potentialAction":[{"@type":"ReadAction","target":["https:\/\/www.intoscana.it\/it\/ponte-signa-lastra-cronoprogramma\/"]}]},{"@type":"ImageObject","inLanguage":"it-IT","@id":"https:\/\/www.intoscana.it\/it\/ponte-signa-lastra-cronoprogramma\/#primaryimage","url":"https:\/\/www.intoscana.it\/wp-content\/uploads\/Screenshot-2023-09-04-at-15-43-36-Progetto-ponte-Signa-Lastra-a-S-1.pdf-e1693844615349.png","contentUrl":"https:\/\/www.intoscana.it\/wp-content\/uploads\/Screenshot-2023-09-04-at-15-43-36-Progetto-ponte-Signa-Lastra-a-S-1.pdf-e1693844615349.png","width":843,"height":463,"caption":"Il progetto del nuovo ponte sull'Arno tra Signa e Lastra a Signa"},{"@type":"BreadcrumbList","@id":"https:\/\/www.intoscana.it\/it\/ponte-signa-lastra-cronoprogramma\/#breadcrumb","itemListElement":[{"@type":"ListItem","position":1,"name":"Home","item":"https:\/\/www.intoscana.it\/it\/"},{"@type":"ListItem","position":2,"name":"Nuovo ponte tra Signa e Lastra, c&#8217;\u00e8 il cronoprogramma dei lavori: pronto nel 2028"}]},{"@type":"WebSite","@id":"https:\/\/www.intoscana.it\/it\/#website","url":"https:\/\/www.intoscana.it\/it\/","name":"intoscana","description":"","potentialAction":[{"@type":"SearchAction","target":{"@type":"EntryPoint","urlTemplate":"https:\/\/www.intoscana.it\/it\/?s={search_term_string}"},"query-input":{"@type":"PropertyValueSpecification","valueRequired":true,"valueName":"search_term_string"}}],"inLanguage":"it-IT"},{"@type":"Person","@id":"https:\/\/www.intoscana.it\/it\/#\/schema\/person\/9223810753230f20bd670fdd322661f8","name":"Redazione","url":"https:\/\/www.intoscana.it\/it\/author\/redazione\/"}]}},"_links":{"self":[{"href":"https:\/\/www.intoscana.it\/it\/wp-json\/wp\/v2\/posts\/303020","targetHints":{"allow":["GET"]}}],"collection":[{"href":"https:\/\/www.intoscana.it\/it\/wp-json\/wp\/v2\/posts"}],"about":[{"href":"https:\/\/www.intoscana.it\/it\/wp-json\/wp\/v2\/types\/post"}],"author":[{"embeddable":true,"href":"https:\/\/www.intoscana.it\/it\/wp-json\/wp\/v2\/users\/525"}],"replies":[{"embeddable":true,"href":"https:\/\/www.intoscana.it\/it\/wp-json\/wp\/v2\/comments?post=303020"}],"version-history":[{"count":0,"href":"https:\/\/www.intoscana.it\/it\/wp-json\/wp\/v2\/posts\/303020\/revisions"}],"wp:featuredmedia":[{"embeddable":true,"href":"https:\/\/www.intoscana.it\/it\/wp-json\/wp\/v2\/media\/302995"}],"wp:attachment":[{"href":"https:\/\/www.intoscana.it\/it\/wp-json\/wp\/v2\/media?parent=303020"}],"wp:term":[{"taxonomy":"category","embeddable":true,"href":"https:\/\/www.intoscana.it\/it\/wp-json\/wp\/v2\/categories?post=303020"},{"taxonomy":"post_tag","embeddable":true,"href":"https:\/\/www.intoscana.it\/it\/wp-json\/wp\/v2\/tags?post=303020"}],"curies":[{"name":"wp","href":"https:\/\/api.w.org\/{rel}","templated":true}]}}