{"id":303103,"date":"2023-09-17T13:44:07","date_gmt":"2023-09-17T11:44:07","guid":{"rendered":"https:\/\/www.intoscana.it\/it\/?p=303103"},"modified":"2023-09-18T12:06:29","modified_gmt":"2023-09-18T10:06:29","slug":"alla-giornalista-digitale-giulia-giancaglini-il-premio-tutino-giornalista-2023","status":"publish","type":"post","link":"https:\/\/www.intoscana.it\/it\/alla-giornalista-digitale-giulia-giancaglini-il-premio-tutino-giornalista-2023\/","title":{"rendered":"Alla giornalista digitale Giulia Ciancaglini il Premio Tutino Giornalista 2023"},"content":{"rendered":"<p>Il <a href=\"https:\/\/www.intoscana.it\/it\/articolo\/torna-il-premio-pieve-saverio-tutino-2023\/\" target=\"_blank\" rel=\"noopener\"><strong>Premio Tutino Giornalista 2023<\/strong><\/a> quest&#8217;anno \u00e8 stato assegnato alla giornalista digitale <strong>Giulia Ciancaglini.<\/strong><\/p>\n<p>Classe 1997, giornalista professionista, Giulia dal 2020 fa parte del <strong>social team del <a href=\"https:\/\/www.gedi.it\/it\" target=\"_blank\" rel=\"noopener\">Gruppo Gedi <\/a><\/strong>di <strong>Repubblica.\u00a0<\/strong><\/p>\n<p>Laureata in Lettere Moderne alla Sapienza di <strong>Roma<\/strong>, ha studiato all&#8217;Istituto di formazione al giornalismo di <strong>Urbino<\/strong>. Ha collaborato con LaStampa e lavora nell&#8217;ufficio stampa dell&#8217;<strong>Associazione per Santo Stefano in Ventotene Onlus.<\/strong><\/p>\n<p>\u00c8 <strong>una giornalista dell\u2019era digitale,<\/strong> svolge cio\u00e8 <strong>una professione difficile e essenziale<\/strong> per il<strong> corretto funzionamento di una democrazia.<\/strong><\/p>\n<p>Nel mondo che ha affrontato la<strong>\u00a0\u201ctransizione digitale\u201d<\/strong>, quel mondo di <strong>relazioni e di incroci che anche Saverio Tutino aveva contribuito a creare,<\/strong>\u00a0in questo nuovo mondo dove chiunque pu\u00f2 pubblicare ci\u00f2 che vuole,<strong> i giornalisti hanno ancora un ruolo cruciale<\/strong>.<\/p>\n<p>\u00c8 a loro che ci rivolgiamo per ricevere <strong>informazioni verificate,<\/strong> \u00e8 a loro che chiediamo ogni giorno di <strong>selezionare e scegliere, seguendo criteri di libert\u00e0 e indipendenza, etica professionale e deontologia.<\/strong><\/p>\n<p><strong>Nella motivazione della giuria si legge:<\/strong> <em>\u201cper il modo in cui presidia ogni giorno il complesso sistema di relazioni e incroci nel mondo dei media dell\u2019era digitale, assieme a una squadra di primo livello come quella del gruppo Gedi. Giulia esercita la sua professione con tutti i valori e i sentimenti propri dell\u2019etica giornalistica, permettendo a milioni di lettori -che usano i social network come fonte primaria di informazione- di avere accesso a notizie corrette, oneste e limpide\u201d.<\/em><\/p>\n<figure id=\"post-303108 media-303108\" class=\"align-none\"><img decoding=\"async\" src=\"https:\/\/www.intoscana.it\/wp-content\/uploads\/Schermata-2023-09-05-alle-09.58.53.jpg\" alt=\"\" \/><\/figure>\n<div class=\"titleimg\">Premio Pieve 2023<\/div>\n<h3>Ecco la nostra intervista<\/h3>\n<p><strong>Ciao Giulia! Quando ha capito che volevi fare la giornalista?<\/strong><\/p>\n<p>Dico sempre che \u00e8 stato un po&#8217; per caso, ma in realt\u00e0 quando ripenso a com&#8217;ero quando ero una bambina mi rendo conto che non \u00e8 andata cos\u00ec.<strong> Ho studiato lettere moderne a Roma.<\/strong> Subito dopo la Triennale volevo buttarmi sulla scrittura creativa ed entrare nel mondo dell&#8217;editoria. Poi <strong>casualmente una mia amica mi ha parlato della scuola di giornalismo.<\/strong> Ho fatto il test senza pretese, sono passata, mi sono laureata e sette giorni dopo ho trovato casa ad Urbino e ho iniziato le lezioni.\u00a0<strong>\u00c8\u00a0stato tutto molto veloce.<\/strong> Mio padre un giorno ha tirato fuori dei vecchi filmini delle vacanze. Quando eravamo in viaggio io facevo finta di essere l&#8217;inviata, mentre lui mi riprendeva io raccontavo quello che succedeva, avevo sette-otto anni, quindi non \u00e8 stato un caso.<\/p>\n<p><strong>Quando capisci che c&#8217;\u00e8 una storia da raccontare?\u00a0<\/strong><\/p>\n<p>Da diversi anni lavoro in un giornale enorme <strong>Repubblica<\/strong>, non sono n\u00e9 l&#8217;unica, n\u00e9 la prima a trattare le notizie, anzi forse sono l&#8217;ultima. Mi occupo di comunicazione social della testata. Col tempo \u00e8 stato per me un esercizio quello di <strong>raccontare le storie che non vengono raccontate,<\/strong> trovare quello che rimaneva rispetto a tutto ci\u00f2 che era gi\u00e0 stato scritto. Provare a <strong>trovare le storie che nessuno raccontava<\/strong>. Per esempio <strong>il carcere, un pezzo di mondo di cui non si parla quasi mai.\u00a0<\/strong><p><span class=\"citazione\">Col tempo \u00e8 stato per me un esercizio quello di raccontare le storie che non vengono raccontate, trovare quello che rimaneva rispetto a tutto ci\u00f2 che era gi\u00e0 stato scritto. Provare a capire le storie che nessuno raccontava<\/span><\/p><\/p>\n<p><strong>Qual \u00e8 l&#8217;articolo o il servizio di cui vai pi\u00f9 fiera?<\/strong><\/p>\n<p>Tempo fa alla fine della scuola di giornalismo ho avuto modo di fare un <a href=\"https:\/\/www.ildubbio.news\/carcere\/quando-il-carcere-uccide-diritti-negati-e-poca-trasparenza-nei-penitenziari-italiani-i87hplfq\" target=\"_blank\" rel=\"noopener\"><strong>articolo sui numeri delle carceri italiane.<\/strong><\/a> L&#8217;ho scritto a quattro mani con un mio collega <strong>Giacomo Puletti<\/strong> ed \u00e8 stata l&#8217;occasione per darmi tempo. Abbiamo potuto portare avanti un progetto e conoscere tante persone, raccogliere tante voci, analizzare dati (era un progetto di data journalism). Mi ha insegnato tanto, subito dopo <strong>il mio lavoro \u00e8 cambiato ed \u00e8 diventato tutto molto veloce<\/strong>. Quella \u00e8 stata un occasione molto riflessiva in cui ci siamo presi dei mesi per lavorarci,<strong> una dimensione diversa e che adesso un po&#8217; mi manca.\u00a0<\/strong><\/p>\n<p><strong>Quali sono secondo te i rischi e i vantaggi dei social?<\/strong><\/p>\n<p><strong>\u00c8 una sfida, \u00e8 un momento in cui bisogna esserci.<\/strong> Un giornale che vuole parlare a tutti, soprattutto ai pi\u00f9 giovani non pu\u00f2 non usare i social e capirne le dinamiche. Il linguaggio dei social non \u00e8 lo stesso di un giornale, bisogna sperimentare. Stiamo cominciando a capire adesso come si fa la comunicazione giornalistica sui social. <strong>I rischi ci sono<\/strong> e sono anche banali, come limitarsi alla superficie delle notizie, l&#8217;obbligo di sintesi e di selezione, il <strong>clickbaiting<\/strong> cio\u00e8 giocare con i lettori in maniera non pulita. Ribadisco che \u00e8 importante esserci con un minimo di attenzione perch\u00e8 <strong>noi pensiamo che gli utenti siano numeri invece sono veri e propri lettori che hanno delle reazioni<\/strong>.\u00a0\u00c8 un contatto diretto con gli utenti.\u00a0<div class=\"focuson\"><a href=\"https:\/\/www.intoscana.it\/it\/articolo\/torna-il-premio-pieve-saverio-tutino-2023\/\"><img decoding=\"async\" class=\"lazy\" src=\"https:\/\/www.intoscana.it\/wp-content\/uploads\/luigiBurroni-ADN-Rold-232063-scaled.jpg\" style=\"\">\n                <div class=\"cat\">Premio Pieve Saverio Tutino 2023<\/div>\n                <h4>Dal 14 al 17 settembre a Pieve Santo Stefano<\/h4><\/a>\n              <\/div><\/p>\n<p><strong>Si parla molto in questo periodo delle intelligenze artificiali e di come cambieranno il nostro mondo, <a href=\"https:\/\/www.intoscana.it\/it\/articolo\/chatgpt-universita-di-siena\/\" target=\"_blank\" rel=\"noopener\">ChatGpt<\/a> sostituir\u00e0 il giornalista? \u00a0<\/strong><\/p>\n<p>Ho giocato un po&#8217; con ChatGpt per capire come funziona, penso che per un occhio attento<strong> \u00e8 facile riconoscere subito se un articolo non \u00e8 frutto di grandi elaborazioni personali.<\/strong> Spesso quando si tratta di scrivere una semplice notizia recuperata da un&#8217;agenzia, nella velocit\u00e0 del mondo di oggi,\u00a0<strong>alcuni deskisti dei principali siti web non fanno un lavoro molto diverso da quello che fa ChatGpt<\/strong>. Ma c&#8217;\u00e8 un altra parte da considerare: i giornalisti spesso vengono inviati, scrivono commenti e io credo che tutto questo resister\u00e0, perch\u00e8 dipende da <strong>qualit\u00e0 che sono umane.<\/strong> La stessa cosa succede sui social perch\u00e8 <strong>ChatGpt non pu\u00f2 pensare a un palinsesto o a una strategia<\/strong>. Pu\u00f2 scrivere brevi testi che possono servire da didascalie ma <strong>non potr\u00e0 mai sostituire una mente umana.<\/strong><\/p>\n<p><strong>Cosa vuol dire ricevere questo il Premio Tutino Giornalista per te?<\/strong><\/p>\n<p>Per me \u00e8 stata una sorpresa, sono molto onorata. Il team che coordina Repubblica \u00e8 fatto di persone che lavorano dietro le quinte,<strong> la mia firma raramente appare<\/strong> anche se faccio un lavoro quotidiano.\u00a0\u00c8\u00a0straniante ricevere un premio per <strong>un lavoro che spesso resta anonimo<\/strong> in un mondo che \u00e8 fatto di firme e autorialit\u00e0. Per me \u00e8 un premio simbolico che io voglio dedicare al mio team e a<strong> tutte quelle persone il cui lavoro non viene riconosciuto, <\/strong>persone che lavorano con estrema attenzione e cura ma <strong>il\u00a0cui nome non appare mai.<\/strong> Dietro i social ci sono persone che\u00a0<strong>permettono alle notizie di arrivare a tante persone, \u00e8 un lavoro molto importante.\u00a0<\/strong><\/p>\n","protected":false},"excerpt":{"rendered":"<p>&#8220;Per me \u00e8 un premio simbolico che io voglio dedicare al mio team e a tutte quelle persone il cui lavoro non viene riconosciuto, persone che lavorano con estrema attenzione e cura ma il cui nome non appare mai&#8221;<\/p>\n","protected":false},"author":518,"featured_media":303105,"comment_status":"open","ping_status":"open","sticky":false,"template":"","format":"standard","meta":{"_acf_changed":false,"footnotes":""},"categories":[493],"tags":[138,151],"class_list":["post-303103","post","type-post","status-publish","format-standard","has-post-thumbnail","hentry","category-cultura","tag-premio-pieve","tag-regione-toscana"],"acf":[],"yoast_head":"<!-- This site is optimized with the Yoast SEO Premium plugin v24.2 (Yoast SEO v25.6) - https:\/\/yoast.com\/wordpress\/plugins\/seo\/ -->\n<title>Alla giornalista digitale Giulia Ciancaglini il Premio Tutino Giornalista 2023 - intoscana<\/title>\n<meta name=\"description\" content=\"Consegner\u00e0 il premio Gloria Argel\u00e9s venerd\u00ec 15 settembre durante l\u2019incontro con Pier Vittorio Buffa e Mario Tedeschini Lalli\" \/>\n<meta name=\"robots\" content=\"index, follow, max-snippet:-1, max-image-preview:large, max-video-preview:-1\" \/>\n<link rel=\"canonical\" href=\"https:\/\/www.intoscana.it\/it\/alla-giornalista-digitale-giulia-giancaglini-il-premio-tutino-giornalista-2023\/\" \/>\n<meta property=\"og:locale\" content=\"it_IT\" \/>\n<meta property=\"og:type\" content=\"article\" \/>\n<meta property=\"og:title\" content=\"Alla giornalista digitale Giulia Ciancaglini il Premio Tutino Giornalista 2023\" \/>\n<meta property=\"og:description\" content=\"Consegner\u00e0 il premio Gloria Argel\u00e9s venerd\u00ec 15 settembre durante l\u2019incontro con Pier Vittorio Buffa e Mario Tedeschini Lalli\" \/>\n<meta property=\"og:url\" content=\"https:\/\/www.intoscana.it\/it\/alla-giornalista-digitale-giulia-giancaglini-il-premio-tutino-giornalista-2023\/\" \/>\n<meta property=\"og:site_name\" content=\"intoscana\" \/>\n<meta property=\"article:publisher\" content=\"https:\/\/www.facebook.com\/intoscana.it\" \/>\n<meta property=\"article:published_time\" content=\"2023-09-17T11:44:07+00:00\" \/>\n<meta property=\"article:modified_time\" content=\"2023-09-18T10:06:29+00:00\" \/>\n<meta property=\"og:image\" content=\"https:\/\/www.intoscana.it\/wp-content\/uploads\/Giulia-Ciancaglini.jpg\" \/>\n\t<meta property=\"og:image:width\" content=\"1024\" \/>\n\t<meta property=\"og:image:height\" content=\"682\" \/>\n\t<meta property=\"og:image:type\" content=\"image\/jpeg\" \/>\n<meta name=\"author\" content=\"Costanza Baldini\" \/>\n<meta name=\"twitter:card\" content=\"summary_large_image\" \/>\n<meta name=\"twitter:creator\" content=\"@intoscana\" \/>\n<meta name=\"twitter:site\" content=\"@intoscana\" \/>\n<meta name=\"twitter:label1\" content=\"Written by\" \/>\n\t<meta name=\"twitter:data1\" content=\"Costanza Baldini\" \/>\n\t<meta name=\"twitter:label2\" content=\"Est. reading time\" \/>\n\t<meta name=\"twitter:data2\" content=\"5 minuti\" \/>\n<script type=\"application\/ld+json\" class=\"yoast-schema-graph\">{\"@context\":\"https:\/\/schema.org\",\"@graph\":[{\"@type\":\"WebPage\",\"@id\":\"https:\/\/www.intoscana.it\/it\/alla-giornalista-digitale-giulia-giancaglini-il-premio-tutino-giornalista-2023\/\",\"url\":\"https:\/\/www.intoscana.it\/it\/alla-giornalista-digitale-giulia-giancaglini-il-premio-tutino-giornalista-2023\/\",\"name\":\"Alla giornalista digitale Giulia Ciancaglini il Premio Tutino Giornalista 2023 - intoscana\",\"isPartOf\":{\"@id\":\"https:\/\/www.intoscana.it\/it\/#website\"},\"primaryImageOfPage\":{\"@id\":\"https:\/\/www.intoscana.it\/it\/alla-giornalista-digitale-giulia-giancaglini-il-premio-tutino-giornalista-2023\/#primaryimage\"},\"image\":{\"@id\":\"https:\/\/www.intoscana.it\/it\/alla-giornalista-digitale-giulia-giancaglini-il-premio-tutino-giornalista-2023\/#primaryimage\"},\"thumbnailUrl\":\"https:\/\/www.intoscana.it\/wp-content\/uploads\/Giulia-Ciancaglini.jpg\",\"datePublished\":\"2023-09-17T11:44:07+00:00\",\"dateModified\":\"2023-09-18T10:06:29+00:00\",\"author\":{\"@id\":\"https:\/\/www.intoscana.it\/it\/#\/schema\/person\/d469f35f09739bdf00bf5dd3f0647a82\"},\"description\":\"Consegner\u00e0 il premio Gloria Argel\u00e9s venerd\u00ec 15 settembre durante l\u2019incontro con Pier Vittorio Buffa e Mario Tedeschini Lalli\",\"breadcrumb\":{\"@id\":\"https:\/\/www.intoscana.it\/it\/alla-giornalista-digitale-giulia-giancaglini-il-premio-tutino-giornalista-2023\/#breadcrumb\"},\"inLanguage\":\"it-IT\",\"potentialAction\":[{\"@type\":\"ReadAction\",\"target\":[\"https:\/\/www.intoscana.it\/it\/alla-giornalista-digitale-giulia-giancaglini-il-premio-tutino-giornalista-2023\/\"]}]},{\"@type\":\"ImageObject\",\"inLanguage\":\"it-IT\",\"@id\":\"https:\/\/www.intoscana.it\/it\/alla-giornalista-digitale-giulia-giancaglini-il-premio-tutino-giornalista-2023\/#primaryimage\",\"url\":\"https:\/\/www.intoscana.it\/wp-content\/uploads\/Giulia-Ciancaglini.jpg\",\"contentUrl\":\"https:\/\/www.intoscana.it\/wp-content\/uploads\/Giulia-Ciancaglini.jpg\",\"width\":1024,\"height\":682,\"caption\":\"Giulia Ciancaglini\"},{\"@type\":\"BreadcrumbList\",\"@id\":\"https:\/\/www.intoscana.it\/it\/alla-giornalista-digitale-giulia-giancaglini-il-premio-tutino-giornalista-2023\/#breadcrumb\",\"itemListElement\":[{\"@type\":\"ListItem\",\"position\":1,\"name\":\"Home\",\"item\":\"https:\/\/www.intoscana.it\/it\/\"},{\"@type\":\"ListItem\",\"position\":2,\"name\":\"Alla giornalista digitale Giulia Ciancaglini il Premio Tutino Giornalista 2023\"}]},{\"@type\":\"WebSite\",\"@id\":\"https:\/\/www.intoscana.it\/it\/#website\",\"url\":\"https:\/\/www.intoscana.it\/it\/\",\"name\":\"intoscana\",\"description\":\"\",\"potentialAction\":[{\"@type\":\"SearchAction\",\"target\":{\"@type\":\"EntryPoint\",\"urlTemplate\":\"https:\/\/www.intoscana.it\/it\/?s={search_term_string}\"},\"query-input\":{\"@type\":\"PropertyValueSpecification\",\"valueRequired\":true,\"valueName\":\"search_term_string\"}}],\"inLanguage\":\"it-IT\"},{\"@type\":\"Person\",\"@id\":\"https:\/\/www.intoscana.it\/it\/#\/schema\/person\/d469f35f09739bdf00bf5dd3f0647a82\",\"name\":\"Costanza Baldini\",\"url\":\"https:\/\/www.intoscana.it\/it\/author\/costanza-baldini\/\"}]}<\/script>\n<!-- \/ Yoast SEO Premium plugin. -->","yoast_head_json":{"title":"Alla giornalista digitale Giulia Ciancaglini il Premio Tutino Giornalista 2023 - intoscana","description":"Consegner\u00e0 il premio Gloria Argel\u00e9s venerd\u00ec 15 settembre durante l\u2019incontro con Pier Vittorio Buffa e Mario Tedeschini Lalli","robots":{"index":"index","follow":"follow","max-snippet":"max-snippet:-1","max-image-preview":"max-image-preview:large","max-video-preview":"max-video-preview:-1"},"canonical":"https:\/\/www.intoscana.it\/it\/alla-giornalista-digitale-giulia-giancaglini-il-premio-tutino-giornalista-2023\/","og_locale":"it_IT","og_type":"article","og_title":"Alla giornalista digitale Giulia Ciancaglini il Premio Tutino Giornalista 2023","og_description":"Consegner\u00e0 il premio Gloria Argel\u00e9s venerd\u00ec 15 settembre durante l\u2019incontro con Pier Vittorio Buffa e Mario Tedeschini Lalli","og_url":"https:\/\/www.intoscana.it\/it\/alla-giornalista-digitale-giulia-giancaglini-il-premio-tutino-giornalista-2023\/","og_site_name":"intoscana","article_publisher":"https:\/\/www.facebook.com\/intoscana.it","article_published_time":"2023-09-17T11:44:07+00:00","article_modified_time":"2023-09-18T10:06:29+00:00","og_image":[{"width":1024,"height":682,"url":"https:\/\/www.intoscana.it\/wp-content\/uploads\/Giulia-Ciancaglini.jpg","type":"image\/jpeg"}],"author":"Costanza Baldini","twitter_card":"summary_large_image","twitter_creator":"@intoscana","twitter_site":"@intoscana","twitter_misc":{"Written by":"Costanza Baldini","Est. reading time":"5 minuti"},"schema":{"@context":"https:\/\/schema.org","@graph":[{"@type":"WebPage","@id":"https:\/\/www.intoscana.it\/it\/alla-giornalista-digitale-giulia-giancaglini-il-premio-tutino-giornalista-2023\/","url":"https:\/\/www.intoscana.it\/it\/alla-giornalista-digitale-giulia-giancaglini-il-premio-tutino-giornalista-2023\/","name":"Alla giornalista digitale Giulia Ciancaglini il Premio Tutino Giornalista 2023 - intoscana","isPartOf":{"@id":"https:\/\/www.intoscana.it\/it\/#website"},"primaryImageOfPage":{"@id":"https:\/\/www.intoscana.it\/it\/alla-giornalista-digitale-giulia-giancaglini-il-premio-tutino-giornalista-2023\/#primaryimage"},"image":{"@id":"https:\/\/www.intoscana.it\/it\/alla-giornalista-digitale-giulia-giancaglini-il-premio-tutino-giornalista-2023\/#primaryimage"},"thumbnailUrl":"https:\/\/www.intoscana.it\/wp-content\/uploads\/Giulia-Ciancaglini.jpg","datePublished":"2023-09-17T11:44:07+00:00","dateModified":"2023-09-18T10:06:29+00:00","author":{"@id":"https:\/\/www.intoscana.it\/it\/#\/schema\/person\/d469f35f09739bdf00bf5dd3f0647a82"},"description":"Consegner\u00e0 il premio Gloria Argel\u00e9s venerd\u00ec 15 settembre durante l\u2019incontro con Pier Vittorio Buffa e Mario Tedeschini Lalli","breadcrumb":{"@id":"https:\/\/www.intoscana.it\/it\/alla-giornalista-digitale-giulia-giancaglini-il-premio-tutino-giornalista-2023\/#breadcrumb"},"inLanguage":"it-IT","potentialAction":[{"@type":"ReadAction","target":["https:\/\/www.intoscana.it\/it\/alla-giornalista-digitale-giulia-giancaglini-il-premio-tutino-giornalista-2023\/"]}]},{"@type":"ImageObject","inLanguage":"it-IT","@id":"https:\/\/www.intoscana.it\/it\/alla-giornalista-digitale-giulia-giancaglini-il-premio-tutino-giornalista-2023\/#primaryimage","url":"https:\/\/www.intoscana.it\/wp-content\/uploads\/Giulia-Ciancaglini.jpg","contentUrl":"https:\/\/www.intoscana.it\/wp-content\/uploads\/Giulia-Ciancaglini.jpg","width":1024,"height":682,"caption":"Giulia Ciancaglini"},{"@type":"BreadcrumbList","@id":"https:\/\/www.intoscana.it\/it\/alla-giornalista-digitale-giulia-giancaglini-il-premio-tutino-giornalista-2023\/#breadcrumb","itemListElement":[{"@type":"ListItem","position":1,"name":"Home","item":"https:\/\/www.intoscana.it\/it\/"},{"@type":"ListItem","position":2,"name":"Alla giornalista digitale Giulia Ciancaglini il Premio Tutino Giornalista 2023"}]},{"@type":"WebSite","@id":"https:\/\/www.intoscana.it\/it\/#website","url":"https:\/\/www.intoscana.it\/it\/","name":"intoscana","description":"","potentialAction":[{"@type":"SearchAction","target":{"@type":"EntryPoint","urlTemplate":"https:\/\/www.intoscana.it\/it\/?s={search_term_string}"},"query-input":{"@type":"PropertyValueSpecification","valueRequired":true,"valueName":"search_term_string"}}],"inLanguage":"it-IT"},{"@type":"Person","@id":"https:\/\/www.intoscana.it\/it\/#\/schema\/person\/d469f35f09739bdf00bf5dd3f0647a82","name":"Costanza Baldini","url":"https:\/\/www.intoscana.it\/it\/author\/costanza-baldini\/"}]}},"_links":{"self":[{"href":"https:\/\/www.intoscana.it\/it\/wp-json\/wp\/v2\/posts\/303103","targetHints":{"allow":["GET"]}}],"collection":[{"href":"https:\/\/www.intoscana.it\/it\/wp-json\/wp\/v2\/posts"}],"about":[{"href":"https:\/\/www.intoscana.it\/it\/wp-json\/wp\/v2\/types\/post"}],"author":[{"embeddable":true,"href":"https:\/\/www.intoscana.it\/it\/wp-json\/wp\/v2\/users\/518"}],"replies":[{"embeddable":true,"href":"https:\/\/www.intoscana.it\/it\/wp-json\/wp\/v2\/comments?post=303103"}],"version-history":[{"count":0,"href":"https:\/\/www.intoscana.it\/it\/wp-json\/wp\/v2\/posts\/303103\/revisions"}],"wp:featuredmedia":[{"embeddable":true,"href":"https:\/\/www.intoscana.it\/it\/wp-json\/wp\/v2\/media\/303105"}],"wp:attachment":[{"href":"https:\/\/www.intoscana.it\/it\/wp-json\/wp\/v2\/media?parent=303103"}],"wp:term":[{"taxonomy":"category","embeddable":true,"href":"https:\/\/www.intoscana.it\/it\/wp-json\/wp\/v2\/categories?post=303103"},{"taxonomy":"post_tag","embeddable":true,"href":"https:\/\/www.intoscana.it\/it\/wp-json\/wp\/v2\/tags?post=303103"}],"curies":[{"name":"wp","href":"https:\/\/api.w.org\/{rel}","templated":true}]}}