{"id":303110,"date":"2023-09-05T10:20:50","date_gmt":"2023-09-05T08:20:50","guid":{"rendered":"https:\/\/www.intoscana.it\/it\/?p=303110"},"modified":"2023-09-06T15:19:49","modified_gmt":"2023-09-06T13:19:49","slug":"toscanaincontemporanea-bando","status":"publish","type":"post","link":"https:\/\/www.intoscana.it\/it\/toscanaincontemporanea-bando\/","title":{"rendered":"Toscanaincontemporanea: 350mila euro a sostegno dell\u2019arte contemporanea"},"content":{"rendered":"<p>Torna <strong>&#8220;Toscanaincontemporanea&#8221;,<\/strong> il bando della Regione Toscana a sostegno dell&#8217;<strong>arte contemporanea<\/strong> che per il 2023 mette a disposizione <strong>350mila euro<\/strong> per enti pubblici, universit\u00e0, istituti scolastici, centri di ricerca, accademie, associazioni e fondazioni attivi in Toscana.<\/p>\n<h3>Premiati i progetti legati alle identit\u00e0 dei luoghi e delle comunit\u00e0<\/h3>\n<p>Tra le novit\u00e0, l\u2019inserimento di un nuovo criterio di valutazione: saranno premiate infatti in particolare le <mark>attivit\u00e0 che riguardano l&#8217;identit\u00e0 dei luoghi e delle comunit\u00e0 in termini di sostenibilit\u00e0 ambientale e sociale, privilegiando il rapporto arte-ambiente <\/mark>e il welfare culturale applicato al tema della<strong> rigenerazione urbana<\/strong> a base culturale e del sostegno alle diverse forme di fragilit\u00e0.<\/p>\n<p><em>\u201cL&#8217;intento della Regione<\/em> \u2013 ha detto il presidente <strong>Eugenio Giani<\/strong> presentando ieri l&#8217;inizativa \u2013 <em>\u00e8 quello di finanziare e valorizzare, attraverso il bando &#8220;Toscanaincontemporanea2023&#8221;, quei progetti che promuovono la produzione, la conoscenza e la diffusione della creativit\u00e0 nel campo delle arti visive contemporanee sul nostro territorio. Incentivando, al tempo stesso, l&#8217;interazione con le <strong>comunit\u00e0 locali<\/strong>, con uno sguardo rivolto in particolare alle nuove generazioni e ai nuovi pubblici&#8221;. &#8220;L&#8217;obiettivo di fondo \u2013 <\/em>prosegue Giani <em>\u2013 \u00e8 quello di sostenere attivit\u00e0 e proposte che abbiano un<strong> impatto innovativo<\/strong> e un alto livello di qualit\u00e0, ma soprattutto che abbiano la capacit\u00e0 di attivare una consapevolezza sociale e civile\u201d.<\/em><\/p>\n<h3>Il bando aperto fino al 22 settembre<\/h3>\n<p>Per <a href=\"https:\/\/www.regione.toscana.it\/-\/toscanaincontemporanea-2023\" target=\"_blank\" rel=\"noopener\">partecipare al bando<\/a> c&#8217;\u00e8 tempo fino al 22 settembre. A breve sar\u00e0 lanciato anche il nuovo logo di \u201cToscanaincontemporanea\u201d, che accompagner\u00e0 la comunicazione e la diffusione di tutti i progetti e delle attivit\u00e0 che beneficeranno dei contributi.<\/p>\n<p>Il bando \u2013 promosso nell\u2019ambito del progetto regionale Giovanis\u00ec \u2013 prevede due linee di intervento. La Linea 1, \u201cSostegno all\u2019identit\u00e0 culturale contemporanea\u201d, punta a <mark>sostenere quei centri, istituzioni culturali e luoghi della cultura <\/mark> in cui la Regione ha gi\u00e0 investito e che hanno dimostrato una capacit\u00e0, consolidata negli anni, nella gestione e nell\u2019organizzazione di eventi di forte impatto sul pubblico.<br \/>\nLa Linea 2, \u201c<strong>Sostegno all\u2019innovazione e alla creativit\u00e0 giovanile\u201d,<\/strong> sosterr\u00e0 proposte culturali, promosse da soggetti di nuova o recente costituzione e particolarmente innovative che coinvolgano prevalentemente artisti under 35 italiani e stranieri, che operano in Toscana. Per la Linea 1 potr\u00e0 essere richiesto un finanziamento massimo di <strong>25mila euro,<\/strong> mentre per la seconda \u00e8 previsto un contributo fino a<strong> 10mila euro.<\/strong><\/p>\n<p>&nbsp;<\/p>\n","protected":false},"excerpt":{"rendered":"<p>Torna il bando regionale per enti pubblici, scuole, centri di ricerca e associazioni per promuovere le arti visive contemporanee in Toscana, con un&#8217;attenzione speciale alle comunit\u00e0 locali e all&#8217;identit\u00e0 dei luoghi<\/p>\n","protected":false},"author":525,"featured_media":220303,"comment_status":"open","ping_status":"open","sticky":false,"template":"","format":"standard","meta":{"_acf_changed":false,"footnotes":""},"categories":[494],"tags":[227,376,151],"class_list":["post-303110","post","type-post","status-publish","format-standard","has-post-thumbnail","hentry","category-attualita","tag-arte-contemporanea","tag-bando","tag-regione-toscana"],"acf":[],"yoast_head":"<!-- This site is optimized with the Yoast SEO Premium plugin v24.2 (Yoast SEO v25.6) - https:\/\/yoast.com\/wordpress\/plugins\/seo\/ -->\n<title>Toscanaincontemporanea: 350mila euro a sostegno dell\u2019arte contemporanea - intoscana<\/title>\n<meta name=\"description\" content=\"Torna Toscanaincontemporanea il bando della Regione che stanzia 350mila per soggetti pubblici e privati che si occupano di arte contemporanea.\" \/>\n<meta name=\"robots\" content=\"index, follow, max-snippet:-1, max-image-preview:large, max-video-preview:-1\" \/>\n<link rel=\"canonical\" href=\"https:\/\/www.intoscana.it\/it\/toscanaincontemporanea-bando\/\" \/>\n<meta property=\"og:locale\" content=\"it_IT\" \/>\n<meta property=\"og:type\" content=\"article\" \/>\n<meta property=\"og:title\" content=\"Toscanaincontemporanea: 350mila euro a sostegno dell\u2019arte contemporanea\" \/>\n<meta property=\"og:description\" content=\"Torna Toscanaincontemporanea il bando della Regione che stanzia 350mila per soggetti pubblici e privati che si occupano di arte contemporanea.\" \/>\n<meta property=\"og:url\" content=\"https:\/\/www.intoscana.it\/it\/toscanaincontemporanea-bando\/\" \/>\n<meta property=\"og:site_name\" content=\"intoscana\" \/>\n<meta property=\"article:publisher\" content=\"https:\/\/www.facebook.com\/intoscana.it\" \/>\n<meta property=\"article:published_time\" content=\"2023-09-05T08:20:50+00:00\" \/>\n<meta property=\"article:modified_time\" content=\"2023-09-06T13:19:49+00:00\" \/>\n<meta property=\"og:image\" content=\"https:\/\/www.intoscana.it\/wp-content\/uploads\/Centro-Pecci-3-scaled.jpg\" \/>\n\t<meta property=\"og:image:width\" content=\"2048\" \/>\n\t<meta property=\"og:image:height\" content=\"1534\" \/>\n\t<meta property=\"og:image:type\" content=\"image\/jpeg\" \/>\n<meta name=\"author\" content=\"Redazione\" \/>\n<meta name=\"twitter:card\" content=\"summary_large_image\" \/>\n<meta name=\"twitter:creator\" content=\"@intoscana\" \/>\n<meta name=\"twitter:site\" content=\"@intoscana\" \/>\n<meta name=\"twitter:label1\" content=\"Written by\" \/>\n\t<meta name=\"twitter:data1\" content=\"Redazione\" \/>\n\t<meta name=\"twitter:label2\" content=\"Est. reading time\" \/>\n\t<meta name=\"twitter:data2\" content=\"2 minuti\" \/>\n<script type=\"application\/ld+json\" class=\"yoast-schema-graph\">{\"@context\":\"https:\/\/schema.org\",\"@graph\":[{\"@type\":\"WebPage\",\"@id\":\"https:\/\/www.intoscana.it\/it\/toscanaincontemporanea-bando\/\",\"url\":\"https:\/\/www.intoscana.it\/it\/toscanaincontemporanea-bando\/\",\"name\":\"Toscanaincontemporanea: 350mila euro a sostegno dell\u2019arte contemporanea - intoscana\",\"isPartOf\":{\"@id\":\"https:\/\/www.intoscana.it\/it\/#website\"},\"primaryImageOfPage\":{\"@id\":\"https:\/\/www.intoscana.it\/it\/toscanaincontemporanea-bando\/#primaryimage\"},\"image\":{\"@id\":\"https:\/\/www.intoscana.it\/it\/toscanaincontemporanea-bando\/#primaryimage\"},\"thumbnailUrl\":\"https:\/\/www.intoscana.it\/wp-content\/uploads\/Centro-Pecci-3-scaled.jpg\",\"datePublished\":\"2023-09-05T08:20:50+00:00\",\"dateModified\":\"2023-09-06T13:19:49+00:00\",\"author\":{\"@id\":\"https:\/\/www.intoscana.it\/it\/#\/schema\/person\/9223810753230f20bd670fdd322661f8\"},\"description\":\"Torna Toscanaincontemporanea il bando della Regione che stanzia 350mila per soggetti pubblici e privati che si occupano di arte contemporanea.\",\"breadcrumb\":{\"@id\":\"https:\/\/www.intoscana.it\/it\/toscanaincontemporanea-bando\/#breadcrumb\"},\"inLanguage\":\"it-IT\",\"potentialAction\":[{\"@type\":\"ReadAction\",\"target\":[\"https:\/\/www.intoscana.it\/it\/toscanaincontemporanea-bando\/\"]}]},{\"@type\":\"ImageObject\",\"inLanguage\":\"it-IT\",\"@id\":\"https:\/\/www.intoscana.it\/it\/toscanaincontemporanea-bando\/#primaryimage\",\"url\":\"https:\/\/www.intoscana.it\/wp-content\/uploads\/Centro-Pecci-3-scaled.jpg\",\"contentUrl\":\"https:\/\/www.intoscana.it\/wp-content\/uploads\/Centro-Pecci-3-scaled.jpg\",\"width\":2048,\"height\":1534,\"caption\":\"Centro Pecci\"},{\"@type\":\"BreadcrumbList\",\"@id\":\"https:\/\/www.intoscana.it\/it\/toscanaincontemporanea-bando\/#breadcrumb\",\"itemListElement\":[{\"@type\":\"ListItem\",\"position\":1,\"name\":\"Home\",\"item\":\"https:\/\/www.intoscana.it\/it\/\"},{\"@type\":\"ListItem\",\"position\":2,\"name\":\"Toscanaincontemporanea: 350mila euro a sostegno dell\u2019arte contemporanea\"}]},{\"@type\":\"WebSite\",\"@id\":\"https:\/\/www.intoscana.it\/it\/#website\",\"url\":\"https:\/\/www.intoscana.it\/it\/\",\"name\":\"intoscana\",\"description\":\"\",\"potentialAction\":[{\"@type\":\"SearchAction\",\"target\":{\"@type\":\"EntryPoint\",\"urlTemplate\":\"https:\/\/www.intoscana.it\/it\/?s={search_term_string}\"},\"query-input\":{\"@type\":\"PropertyValueSpecification\",\"valueRequired\":true,\"valueName\":\"search_term_string\"}}],\"inLanguage\":\"it-IT\"},{\"@type\":\"Person\",\"@id\":\"https:\/\/www.intoscana.it\/it\/#\/schema\/person\/9223810753230f20bd670fdd322661f8\",\"name\":\"Redazione\",\"url\":\"https:\/\/www.intoscana.it\/it\/author\/redazione\/\"}]}<\/script>\n<!-- \/ Yoast SEO Premium plugin. -->","yoast_head_json":{"title":"Toscanaincontemporanea: 350mila euro a sostegno dell\u2019arte contemporanea - intoscana","description":"Torna Toscanaincontemporanea il bando della Regione che stanzia 350mila per soggetti pubblici e privati che si occupano di arte contemporanea.","robots":{"index":"index","follow":"follow","max-snippet":"max-snippet:-1","max-image-preview":"max-image-preview:large","max-video-preview":"max-video-preview:-1"},"canonical":"https:\/\/www.intoscana.it\/it\/toscanaincontemporanea-bando\/","og_locale":"it_IT","og_type":"article","og_title":"Toscanaincontemporanea: 350mila euro a sostegno dell\u2019arte contemporanea","og_description":"Torna Toscanaincontemporanea il bando della Regione che stanzia 350mila per soggetti pubblici e privati che si occupano di arte contemporanea.","og_url":"https:\/\/www.intoscana.it\/it\/toscanaincontemporanea-bando\/","og_site_name":"intoscana","article_publisher":"https:\/\/www.facebook.com\/intoscana.it","article_published_time":"2023-09-05T08:20:50+00:00","article_modified_time":"2023-09-06T13:19:49+00:00","og_image":[{"width":2048,"height":1534,"url":"https:\/\/www.intoscana.it\/wp-content\/uploads\/Centro-Pecci-3-scaled.jpg","type":"image\/jpeg"}],"author":"Redazione","twitter_card":"summary_large_image","twitter_creator":"@intoscana","twitter_site":"@intoscana","twitter_misc":{"Written by":"Redazione","Est. reading time":"2 minuti"},"schema":{"@context":"https:\/\/schema.org","@graph":[{"@type":"WebPage","@id":"https:\/\/www.intoscana.it\/it\/toscanaincontemporanea-bando\/","url":"https:\/\/www.intoscana.it\/it\/toscanaincontemporanea-bando\/","name":"Toscanaincontemporanea: 350mila euro a sostegno dell\u2019arte contemporanea - intoscana","isPartOf":{"@id":"https:\/\/www.intoscana.it\/it\/#website"},"primaryImageOfPage":{"@id":"https:\/\/www.intoscana.it\/it\/toscanaincontemporanea-bando\/#primaryimage"},"image":{"@id":"https:\/\/www.intoscana.it\/it\/toscanaincontemporanea-bando\/#primaryimage"},"thumbnailUrl":"https:\/\/www.intoscana.it\/wp-content\/uploads\/Centro-Pecci-3-scaled.jpg","datePublished":"2023-09-05T08:20:50+00:00","dateModified":"2023-09-06T13:19:49+00:00","author":{"@id":"https:\/\/www.intoscana.it\/it\/#\/schema\/person\/9223810753230f20bd670fdd322661f8"},"description":"Torna Toscanaincontemporanea il bando della Regione che stanzia 350mila per soggetti pubblici e privati che si occupano di arte contemporanea.","breadcrumb":{"@id":"https:\/\/www.intoscana.it\/it\/toscanaincontemporanea-bando\/#breadcrumb"},"inLanguage":"it-IT","potentialAction":[{"@type":"ReadAction","target":["https:\/\/www.intoscana.it\/it\/toscanaincontemporanea-bando\/"]}]},{"@type":"ImageObject","inLanguage":"it-IT","@id":"https:\/\/www.intoscana.it\/it\/toscanaincontemporanea-bando\/#primaryimage","url":"https:\/\/www.intoscana.it\/wp-content\/uploads\/Centro-Pecci-3-scaled.jpg","contentUrl":"https:\/\/www.intoscana.it\/wp-content\/uploads\/Centro-Pecci-3-scaled.jpg","width":2048,"height":1534,"caption":"Centro Pecci"},{"@type":"BreadcrumbList","@id":"https:\/\/www.intoscana.it\/it\/toscanaincontemporanea-bando\/#breadcrumb","itemListElement":[{"@type":"ListItem","position":1,"name":"Home","item":"https:\/\/www.intoscana.it\/it\/"},{"@type":"ListItem","position":2,"name":"Toscanaincontemporanea: 350mila euro a sostegno dell\u2019arte contemporanea"}]},{"@type":"WebSite","@id":"https:\/\/www.intoscana.it\/it\/#website","url":"https:\/\/www.intoscana.it\/it\/","name":"intoscana","description":"","potentialAction":[{"@type":"SearchAction","target":{"@type":"EntryPoint","urlTemplate":"https:\/\/www.intoscana.it\/it\/?s={search_term_string}"},"query-input":{"@type":"PropertyValueSpecification","valueRequired":true,"valueName":"search_term_string"}}],"inLanguage":"it-IT"},{"@type":"Person","@id":"https:\/\/www.intoscana.it\/it\/#\/schema\/person\/9223810753230f20bd670fdd322661f8","name":"Redazione","url":"https:\/\/www.intoscana.it\/it\/author\/redazione\/"}]}},"_links":{"self":[{"href":"https:\/\/www.intoscana.it\/it\/wp-json\/wp\/v2\/posts\/303110","targetHints":{"allow":["GET"]}}],"collection":[{"href":"https:\/\/www.intoscana.it\/it\/wp-json\/wp\/v2\/posts"}],"about":[{"href":"https:\/\/www.intoscana.it\/it\/wp-json\/wp\/v2\/types\/post"}],"author":[{"embeddable":true,"href":"https:\/\/www.intoscana.it\/it\/wp-json\/wp\/v2\/users\/525"}],"replies":[{"embeddable":true,"href":"https:\/\/www.intoscana.it\/it\/wp-json\/wp\/v2\/comments?post=303110"}],"version-history":[{"count":0,"href":"https:\/\/www.intoscana.it\/it\/wp-json\/wp\/v2\/posts\/303110\/revisions"}],"wp:featuredmedia":[{"embeddable":true,"href":"https:\/\/www.intoscana.it\/it\/wp-json\/wp\/v2\/media\/220303"}],"wp:attachment":[{"href":"https:\/\/www.intoscana.it\/it\/wp-json\/wp\/v2\/media?parent=303110"}],"wp:term":[{"taxonomy":"category","embeddable":true,"href":"https:\/\/www.intoscana.it\/it\/wp-json\/wp\/v2\/categories?post=303110"},{"taxonomy":"post_tag","embeddable":true,"href":"https:\/\/www.intoscana.it\/it\/wp-json\/wp\/v2\/tags?post=303110"}],"curies":[{"name":"wp","href":"https:\/\/api.w.org\/{rel}","templated":true}]}}