{"id":303159,"date":"2023-09-05T12:06:22","date_gmt":"2023-09-05T10:06:22","guid":{"rendered":"https:\/\/www.intoscana.it\/it\/?p=303159"},"modified":"2023-09-05T12:06:22","modified_gmt":"2023-09-05T10:06:22","slug":"sabato-9-settembre-a-prato-i-musei-e-gli-edifici-storici-aperti-gratis-o-al-costo-di-1-euro","status":"publish","type":"post","link":"https:\/\/www.intoscana.it\/it\/sabato-9-settembre-a-prato-i-musei-e-gli-edifici-storici-aperti-gratis-o-al-costo-di-1-euro\/","title":{"rendered":"Sabato 9 settembre a Prato i musei e gli edifici storici aperti gratis o al costo di 1 euro"},"content":{"rendered":"<p>In occasione delle <strong>festivit\u00e0 legate alla Madonna<\/strong> che interessano <strong>Prato<\/strong> per tutto il mese, <strong>sabato 9 settembre<\/strong> i musei ed alcuni degli edifici storico-monumentali pi\u00f9 importanti della citt\u00e0 faranno un&#8217; apertura straordinaria gratuita o <strong>al costo simbolico di 1 euro anche con visite guidate.<\/strong><\/p>\n<p>Nel clima di festa dell&#8217;<strong>8 settembre, del Corteggio<\/strong> e degli appuntamenti che abbracceranno anche il fine settimana, <strong>sabato 9<\/strong> sar\u00e0 l&#8217;occasione per scoprire o<strong> riscoprire veri tesori del territorio<\/strong>.<\/p>\n<p>L&#8217;iniziativa \u00e8 promossa dall&#8217;assessorato alla Cultura del Comune in collaborazione con gli enti e le associazioni culturali pratesi.<\/p>\n<p><em>&#8220;L&#8217;appuntamento del 9 settembre \u00e8 frutto della collaborazione tra il Comune di Prato e varie istituzioni, pubbliche e private, che detengono e curano una parte estremamente significativa del patrimonio collettivo, di quella eredit\u00e0 culturale che caratterizza la nostra citt\u00e0<\/em> &#8211; ha\u00a0<strong>commentato l&#8217;assessore Simone Mangani<\/strong> &#8211; <em>grazie alla disponibilit\u00e0 di tante realt\u00e0 e di moltissime persone sar\u00e0 possibile riscoprire luoghi non aperti al pubblico. Ringrazio in particolare gli enti non museali ovvero la Fondazione San Niccol\u00f2, il Convitto Nazionale Cicognini e Villa Seghi Rospigliosi che per la prima volta partecipano, con grande entusiasmo e capacit\u00e0 di collaborazione, a queste aperture straordinarie&#8221;.<\/em><\/p>\n<figure id=\"post-219255 media-219255\" class=\"align-none\"><img decoding=\"async\" src=\"https:\/\/www.intoscana.it\/wp-content\/uploads\/Toscana-VILLA-ALDOBRANDINI-BANCHIERI-ROSPIGLIOSI_Prato_DELEGAZIONE-FAI-DI-PRATO.jpg\" alt=\"\" \/><\/figure>\n<div class=\"titleimg\"><em>Villa Rospigliosi<\/em><\/div>\n<h3>Ecco l&#8217;elenco degli enti culturali che aderiscono<\/h3>\n<p><strong>Archivio di Stato\/Fondazione Casa Pia dei Ceppi<\/strong> &#8211; Palazzo Datini: l&#8217;orario di apertura sar\u00e0 dalle 20 alle 23, biglietto gratuito con la possibilit\u00e0 di due visite guidate gratuite (alle 21 e alle 22) su prenotazione insieme alla Fondazione Casa Pia dei Ceppi &#8211; Palazzo Datini.\u00a0Info: mail a as-po@cultura.gov.it o chiamata al 057426064 (da luned\u00ec a mercoled\u00ec dalle 8.30 alle 17.25, e marted\u00ec, gioved\u00ec e venerd\u00ec dalle 8.30 alle 13.55).<\/p>\n<p><strong>Convitto Nazionale Cicognini:<\/strong> l&#8217;orario di apertura sar\u00e0 dalle 15 alle 21, il biglietto \u00e8 gratuito. Ci saranno visite guidate ogni 30 minuti per gruppi composti al massimo da 20 persone ciascuno. L&#8217;ultimo ingresso sar\u00e0 alle 20.30.\u00a0Prenotazione obbligatoria a prenotazioni.museiprato@coopculture.it<\/p>\n<p><strong>Fondazione Conservatorio San Niccol\u00f2<\/strong>: aprir\u00e0 dalle 11 alle 17, il biglietto \u00e8 gratuito. Ci saranno visite guidate alla Chiesa del Conservatorio, al Coro, alla Sala del Capitolo ed al Refettorio Antico, per un numero massimo di 30 partecipanti ogni visita, in questi orari: 11, 12.30, 15.30 e 17.\u00a0Prenotazione obbligatoria chiamando il 0574433082.<\/p>\n<p><strong>Galleria di Palazzo degli Alberti:<\/strong> l&#8217;orario sar\u00e0 dalle 10.30 alle 19 e il biglietto gratuito.<\/p>\n<p><strong>Palazzo Comunale:<\/strong> visite guidate con partenze alle 16.30 e alle 17.45, come sempre gratuitamente.\u00a0Prenotazione obbligatoria a prenotazioni.museiprato@coopculture.it<\/p>\n<p><strong>Villa Rospigliosi<\/strong>: aprir\u00e0 dalle 19 alle 22 con la l&#8217;inaugurazione della mostra Prato Stop e il biglietto sar\u00e0 gratuito.<\/p>\n<p><strong>Centro per l&#8217;arte contemporanea Luigi Pecci<\/strong>: gli orari di apertura saranno dalle 10 alle 19 e dalle 21 alle 24. Il costo del biglietto sar\u00e0 come da tariffario durante il giorno, mentre sar\u00e0 di 1 euro per l&#8217;apertura serale.<\/p>\n<p><strong>Musei Diocesani:<\/strong> orario di apertura dalle 10 alle 17 e il costo del biglietto sar\u00e0 di un euro.<\/p>\n<p><strong>Museo del Tessuto:<\/strong> gli orari di apertura saranno dalle 10 alle 19 e dalle 21 alle 24. Il biglietto sar\u00e0 come da tariffario durante il giorno, mentre 1 euro per l&#8217;apertura serale.<\/p>\n<p><strong>Museo di Palazzo Pretorio<\/strong>: aprir\u00e0 alle 10.30 fino alle 18.30 e dalle 21 alle 24, con l&#8217;ultimo accesso alle 23.30. Il costo del biglietto sar\u00e0 di 1 euro per tutta la giornata.<\/p>\n<p><strong>Museo Italiano di Scienze Planetarie<\/strong>: l&#8217;orario sar\u00e0 dalle 10 alle 13, dalle 15 alle 19 e dalle 21 alle 23.30. Il costo del biglietto sar\u00e0 durante il giorno come da tariffario, mentre 1 euro per l&#8217;apertura serale. L&#8217;ultimo accesso consentito sar\u00e0 alle 23.<\/p>\n<figure id=\"post-229572 media-229572\" class=\"align-none\"><img decoding=\"async\" src=\"https:\/\/www.intoscana.it\/wp-content\/uploads\/Museo-del-tessuto-2-scaled.jpg\" alt=\"\" \/><\/figure>\n<div class=\"titleimg\"><em>Museo del tessuto, Prato<\/em><\/div>\n","protected":false},"excerpt":{"rendered":"<p>Nel clima di festa del settembre pratese sabato 9 sar\u00e0 l&#8217;occasione per scoprire o riscoprire veri tesori del territorio anche accompagnati da guide <\/p>\n","protected":false},"author":525,"featured_media":143609,"comment_status":"open","ping_status":"open","sticky":false,"template":"","format":"standard","meta":{"_acf_changed":false,"footnotes":""},"categories":[493],"tags":[4474,226,259],"class_list":["post-303159","post","type-post","status-publish","format-standard","has-post-thumbnail","hentry","category-cultura","tag-eventi","tag-musei","tag-prato"],"acf":[],"yoast_head":"<!-- This site is optimized with the Yoast SEO Premium plugin v24.2 (Yoast SEO v25.6) - https:\/\/yoast.com\/wordpress\/plugins\/seo\/ -->\n<title>Sabato 9 settembre a Prato i musei e gli edifici storici aperti gratis o al costo di 1 euro - intoscana<\/title>\n<meta name=\"description\" content=\"Nel clima di festa del settembre pratese sabato 9 sar\u00e0 l&#039;occasione per scoprire o riscoprire veri tesori del territorio\" \/>\n<meta name=\"robots\" content=\"index, follow, max-snippet:-1, max-image-preview:large, max-video-preview:-1\" \/>\n<link rel=\"canonical\" href=\"https:\/\/www.intoscana.it\/it\/sabato-9-settembre-a-prato-i-musei-e-gli-edifici-storici-aperti-gratis-o-al-costo-di-1-euro\/\" \/>\n<meta property=\"og:locale\" content=\"it_IT\" \/>\n<meta property=\"og:type\" content=\"article\" \/>\n<meta property=\"og:title\" content=\"Sabato 9 settembre a Prato i musei e gli edifici storici aperti gratis o al costo di 1 euro\" \/>\n<meta property=\"og:description\" content=\"Nel clima di festa del settembre pratese sabato 9 sar\u00e0 l&#039;occasione per scoprire o riscoprire veri tesori del territorio\" \/>\n<meta property=\"og:url\" content=\"https:\/\/www.intoscana.it\/it\/sabato-9-settembre-a-prato-i-musei-e-gli-edifici-storici-aperti-gratis-o-al-costo-di-1-euro\/\" \/>\n<meta property=\"og:site_name\" content=\"intoscana\" \/>\n<meta property=\"article:publisher\" content=\"https:\/\/www.facebook.com\/intoscana.it\" \/>\n<meta property=\"article:published_time\" content=\"2023-09-05T10:06:22+00:00\" \/>\n<meta property=\"og:image\" content=\"https:\/\/www.intoscana.it\/wp-content\/uploads\/shutterstock_1259674396.jpg\" \/>\n\t<meta property=\"og:image:width\" content=\"2000\" \/>\n\t<meta property=\"og:image:height\" content=\"1429\" \/>\n\t<meta property=\"og:image:type\" content=\"image\/jpeg\" \/>\n<meta name=\"author\" content=\"Redazione\" \/>\n<meta name=\"twitter:card\" content=\"summary_large_image\" \/>\n<meta name=\"twitter:creator\" content=\"@intoscana\" \/>\n<meta name=\"twitter:site\" content=\"@intoscana\" \/>\n<meta name=\"twitter:label1\" content=\"Written by\" \/>\n\t<meta name=\"twitter:data1\" content=\"Redazione\" \/>\n\t<meta name=\"twitter:label2\" content=\"Est. reading time\" \/>\n\t<meta name=\"twitter:data2\" content=\"3 minuti\" \/>\n<script type=\"application\/ld+json\" class=\"yoast-schema-graph\">{\"@context\":\"https:\/\/schema.org\",\"@graph\":[{\"@type\":\"WebPage\",\"@id\":\"https:\/\/www.intoscana.it\/it\/sabato-9-settembre-a-prato-i-musei-e-gli-edifici-storici-aperti-gratis-o-al-costo-di-1-euro\/\",\"url\":\"https:\/\/www.intoscana.it\/it\/sabato-9-settembre-a-prato-i-musei-e-gli-edifici-storici-aperti-gratis-o-al-costo-di-1-euro\/\",\"name\":\"Sabato 9 settembre a Prato i musei e gli edifici storici aperti gratis o al costo di 1 euro - intoscana\",\"isPartOf\":{\"@id\":\"https:\/\/www.intoscana.it\/it\/#website\"},\"primaryImageOfPage\":{\"@id\":\"https:\/\/www.intoscana.it\/it\/sabato-9-settembre-a-prato-i-musei-e-gli-edifici-storici-aperti-gratis-o-al-costo-di-1-euro\/#primaryimage\"},\"image\":{\"@id\":\"https:\/\/www.intoscana.it\/it\/sabato-9-settembre-a-prato-i-musei-e-gli-edifici-storici-aperti-gratis-o-al-costo-di-1-euro\/#primaryimage\"},\"thumbnailUrl\":\"https:\/\/www.intoscana.it\/wp-content\/uploads\/shutterstock_1259674396.jpg\",\"datePublished\":\"2023-09-05T10:06:22+00:00\",\"author\":{\"@id\":\"https:\/\/www.intoscana.it\/it\/#\/schema\/person\/9223810753230f20bd670fdd322661f8\"},\"description\":\"Nel clima di festa del settembre pratese sabato 9 sar\u00e0 l'occasione per scoprire o riscoprire veri tesori del territorio\",\"breadcrumb\":{\"@id\":\"https:\/\/www.intoscana.it\/it\/sabato-9-settembre-a-prato-i-musei-e-gli-edifici-storici-aperti-gratis-o-al-costo-di-1-euro\/#breadcrumb\"},\"inLanguage\":\"it-IT\",\"potentialAction\":[{\"@type\":\"ReadAction\",\"target\":[\"https:\/\/www.intoscana.it\/it\/sabato-9-settembre-a-prato-i-musei-e-gli-edifici-storici-aperti-gratis-o-al-costo-di-1-euro\/\"]}]},{\"@type\":\"ImageObject\",\"inLanguage\":\"it-IT\",\"@id\":\"https:\/\/www.intoscana.it\/it\/sabato-9-settembre-a-prato-i-musei-e-gli-edifici-storici-aperti-gratis-o-al-costo-di-1-euro\/#primaryimage\",\"url\":\"https:\/\/www.intoscana.it\/wp-content\/uploads\/shutterstock_1259674396.jpg\",\"contentUrl\":\"https:\/\/www.intoscana.it\/wp-content\/uploads\/shutterstock_1259674396.jpg\",\"width\":2000,\"height\":1429,\"caption\":\"Palazzo Pretorio\"},{\"@type\":\"BreadcrumbList\",\"@id\":\"https:\/\/www.intoscana.it\/it\/sabato-9-settembre-a-prato-i-musei-e-gli-edifici-storici-aperti-gratis-o-al-costo-di-1-euro\/#breadcrumb\",\"itemListElement\":[{\"@type\":\"ListItem\",\"position\":1,\"name\":\"Home\",\"item\":\"https:\/\/www.intoscana.it\/it\/\"},{\"@type\":\"ListItem\",\"position\":2,\"name\":\"Sabato 9 settembre a Prato i musei e gli edifici storici aperti gratis o al costo di 1 euro\"}]},{\"@type\":\"WebSite\",\"@id\":\"https:\/\/www.intoscana.it\/it\/#website\",\"url\":\"https:\/\/www.intoscana.it\/it\/\",\"name\":\"intoscana\",\"description\":\"\",\"potentialAction\":[{\"@type\":\"SearchAction\",\"target\":{\"@type\":\"EntryPoint\",\"urlTemplate\":\"https:\/\/www.intoscana.it\/it\/?s={search_term_string}\"},\"query-input\":{\"@type\":\"PropertyValueSpecification\",\"valueRequired\":true,\"valueName\":\"search_term_string\"}}],\"inLanguage\":\"it-IT\"},{\"@type\":\"Person\",\"@id\":\"https:\/\/www.intoscana.it\/it\/#\/schema\/person\/9223810753230f20bd670fdd322661f8\",\"name\":\"Redazione\",\"url\":\"https:\/\/www.intoscana.it\/it\/author\/redazione\/\"}]}<\/script>\n<!-- \/ Yoast SEO Premium plugin. -->","yoast_head_json":{"title":"Sabato 9 settembre a Prato i musei e gli edifici storici aperti gratis o al costo di 1 euro - intoscana","description":"Nel clima di festa del settembre pratese sabato 9 sar\u00e0 l'occasione per scoprire o riscoprire veri tesori del territorio","robots":{"index":"index","follow":"follow","max-snippet":"max-snippet:-1","max-image-preview":"max-image-preview:large","max-video-preview":"max-video-preview:-1"},"canonical":"https:\/\/www.intoscana.it\/it\/sabato-9-settembre-a-prato-i-musei-e-gli-edifici-storici-aperti-gratis-o-al-costo-di-1-euro\/","og_locale":"it_IT","og_type":"article","og_title":"Sabato 9 settembre a Prato i musei e gli edifici storici aperti gratis o al costo di 1 euro","og_description":"Nel clima di festa del settembre pratese sabato 9 sar\u00e0 l'occasione per scoprire o riscoprire veri tesori del territorio","og_url":"https:\/\/www.intoscana.it\/it\/sabato-9-settembre-a-prato-i-musei-e-gli-edifici-storici-aperti-gratis-o-al-costo-di-1-euro\/","og_site_name":"intoscana","article_publisher":"https:\/\/www.facebook.com\/intoscana.it","article_published_time":"2023-09-05T10:06:22+00:00","og_image":[{"width":2000,"height":1429,"url":"https:\/\/www.intoscana.it\/wp-content\/uploads\/shutterstock_1259674396.jpg","type":"image\/jpeg"}],"author":"Redazione","twitter_card":"summary_large_image","twitter_creator":"@intoscana","twitter_site":"@intoscana","twitter_misc":{"Written by":"Redazione","Est. reading time":"3 minuti"},"schema":{"@context":"https:\/\/schema.org","@graph":[{"@type":"WebPage","@id":"https:\/\/www.intoscana.it\/it\/sabato-9-settembre-a-prato-i-musei-e-gli-edifici-storici-aperti-gratis-o-al-costo-di-1-euro\/","url":"https:\/\/www.intoscana.it\/it\/sabato-9-settembre-a-prato-i-musei-e-gli-edifici-storici-aperti-gratis-o-al-costo-di-1-euro\/","name":"Sabato 9 settembre a Prato i musei e gli edifici storici aperti gratis o al costo di 1 euro - intoscana","isPartOf":{"@id":"https:\/\/www.intoscana.it\/it\/#website"},"primaryImageOfPage":{"@id":"https:\/\/www.intoscana.it\/it\/sabato-9-settembre-a-prato-i-musei-e-gli-edifici-storici-aperti-gratis-o-al-costo-di-1-euro\/#primaryimage"},"image":{"@id":"https:\/\/www.intoscana.it\/it\/sabato-9-settembre-a-prato-i-musei-e-gli-edifici-storici-aperti-gratis-o-al-costo-di-1-euro\/#primaryimage"},"thumbnailUrl":"https:\/\/www.intoscana.it\/wp-content\/uploads\/shutterstock_1259674396.jpg","datePublished":"2023-09-05T10:06:22+00:00","author":{"@id":"https:\/\/www.intoscana.it\/it\/#\/schema\/person\/9223810753230f20bd670fdd322661f8"},"description":"Nel clima di festa del settembre pratese sabato 9 sar\u00e0 l'occasione per scoprire o riscoprire veri tesori del territorio","breadcrumb":{"@id":"https:\/\/www.intoscana.it\/it\/sabato-9-settembre-a-prato-i-musei-e-gli-edifici-storici-aperti-gratis-o-al-costo-di-1-euro\/#breadcrumb"},"inLanguage":"it-IT","potentialAction":[{"@type":"ReadAction","target":["https:\/\/www.intoscana.it\/it\/sabato-9-settembre-a-prato-i-musei-e-gli-edifici-storici-aperti-gratis-o-al-costo-di-1-euro\/"]}]},{"@type":"ImageObject","inLanguage":"it-IT","@id":"https:\/\/www.intoscana.it\/it\/sabato-9-settembre-a-prato-i-musei-e-gli-edifici-storici-aperti-gratis-o-al-costo-di-1-euro\/#primaryimage","url":"https:\/\/www.intoscana.it\/wp-content\/uploads\/shutterstock_1259674396.jpg","contentUrl":"https:\/\/www.intoscana.it\/wp-content\/uploads\/shutterstock_1259674396.jpg","width":2000,"height":1429,"caption":"Palazzo Pretorio"},{"@type":"BreadcrumbList","@id":"https:\/\/www.intoscana.it\/it\/sabato-9-settembre-a-prato-i-musei-e-gli-edifici-storici-aperti-gratis-o-al-costo-di-1-euro\/#breadcrumb","itemListElement":[{"@type":"ListItem","position":1,"name":"Home","item":"https:\/\/www.intoscana.it\/it\/"},{"@type":"ListItem","position":2,"name":"Sabato 9 settembre a Prato i musei e gli edifici storici aperti gratis o al costo di 1 euro"}]},{"@type":"WebSite","@id":"https:\/\/www.intoscana.it\/it\/#website","url":"https:\/\/www.intoscana.it\/it\/","name":"intoscana","description":"","potentialAction":[{"@type":"SearchAction","target":{"@type":"EntryPoint","urlTemplate":"https:\/\/www.intoscana.it\/it\/?s={search_term_string}"},"query-input":{"@type":"PropertyValueSpecification","valueRequired":true,"valueName":"search_term_string"}}],"inLanguage":"it-IT"},{"@type":"Person","@id":"https:\/\/www.intoscana.it\/it\/#\/schema\/person\/9223810753230f20bd670fdd322661f8","name":"Redazione","url":"https:\/\/www.intoscana.it\/it\/author\/redazione\/"}]}},"_links":{"self":[{"href":"https:\/\/www.intoscana.it\/it\/wp-json\/wp\/v2\/posts\/303159","targetHints":{"allow":["GET"]}}],"collection":[{"href":"https:\/\/www.intoscana.it\/it\/wp-json\/wp\/v2\/posts"}],"about":[{"href":"https:\/\/www.intoscana.it\/it\/wp-json\/wp\/v2\/types\/post"}],"author":[{"embeddable":true,"href":"https:\/\/www.intoscana.it\/it\/wp-json\/wp\/v2\/users\/525"}],"replies":[{"embeddable":true,"href":"https:\/\/www.intoscana.it\/it\/wp-json\/wp\/v2\/comments?post=303159"}],"version-history":[{"count":0,"href":"https:\/\/www.intoscana.it\/it\/wp-json\/wp\/v2\/posts\/303159\/revisions"}],"wp:featuredmedia":[{"embeddable":true,"href":"https:\/\/www.intoscana.it\/it\/wp-json\/wp\/v2\/media\/143609"}],"wp:attachment":[{"href":"https:\/\/www.intoscana.it\/it\/wp-json\/wp\/v2\/media?parent=303159"}],"wp:term":[{"taxonomy":"category","embeddable":true,"href":"https:\/\/www.intoscana.it\/it\/wp-json\/wp\/v2\/categories?post=303159"},{"taxonomy":"post_tag","embeddable":true,"href":"https:\/\/www.intoscana.it\/it\/wp-json\/wp\/v2\/tags?post=303159"}],"curies":[{"name":"wp","href":"https:\/\/api.w.org\/{rel}","templated":true}]}}