{"id":303277,"date":"2023-09-06T13:13:58","date_gmt":"2023-09-06T11:13:58","guid":{"rendered":"https:\/\/www.intoscana.it\/it\/?p=303277"},"modified":"2023-09-08T17:14:25","modified_gmt":"2023-09-08T15:14:25","slug":"sentiero-film-factory-rassegna-di-cortometraggi","status":"publish","type":"post","link":"https:\/\/www.intoscana.it\/it\/sentiero-film-factory-rassegna-di-cortometraggi\/","title":{"rendered":"&#8220;Sentiero Film Factory&#8221;, kermesse del corto nel cuore di Firenze"},"content":{"rendered":"<h3 dir=\"ltr\">A Firenze la pi\u00f9 grande manifestazione toscana dedicata al cortometraggio<\/h3>\n<p dir=\"ltr\">Trova casa nelle pi\u00f9 storiche location dell&#8217;Oltrarno fiorentino &#8211; al chiostro della Biblioteca Pietro Thouar, alla sala ex Leopoldine, al Circolo Aurora in piazza Tasso e alla libreria l\u2019Ornitorincola &#8211; la terza edizione di <a href=\"http:\/\/www.sentierofilm.com\"><strong>Sentiero Film Factory<\/strong><\/a>, la principale manifestazione toscana interamente dedicata al cortometraggio. Dal <strong>12 al 17 settembre<\/strong>, alla kermesse organizzata da Matteo Laguni, Pierfrancesco Bigazzi e Andrea Rapallini per Materiali Sonori Cinema e dell\u2019associazione Black Oaks Pictures, tutto ruota intorno ad uno dei &#8220;formati&#8221; pi\u00f9 sperimentali della cinematografia, quella del <strong>cortometraggio: <\/strong>ci sar\u00e0 un nutrito programma di proiezioni (ad ingresso gratuito), insieme a incontri industry, workshop e pitch per sceneggiature.<\/p>\n<p dir=\"ltr\">Obiettivo principale del festival \u00e8 quello di valorizzare i giovani talenti e le produzioni indipendenti attraverso la realizzazione di cortometraggi a Firenze e in Toscana. \u201c<em>Essere arrivati alla terza edizione &#8211; <\/em>affermano gli organizzatori<em> &#8211; \u00e8 per noi un grande traguardo. Nato quasi per gioco, ma sempre affrontato con tanta professionalit\u00e0, &#8220;Sentiero&#8221; \u00e8 diventato ormai una realt\u00e0 affermata. Non solo nell&#8217;ambito della promozione, ma anche in quello della produzione artistica e la scoperta di nuovi talenti. Felici di confermare nuovamente il sodalizio tra Firenze e in particolare il quartiere di San Frediano, e il nostro festival. I numeri di quest&#8217;anno parlano da soli, il festival \u00e8 in continua crescita, il futuro ben delineato, non vediamo l&#8217;ora di cominciare questa terza avventura<\/em>\u201d.<\/p>\n<p dir=\"ltr\">Sono in tutto trenta i corti in programma, divisi nelle categorie Concorso internazionale, Sentiero Film Pitch, Sentiero Film School, Mexican&#8217;s way e Guerriglia. Tra questi, quindici sono in lizza nella sezione concorso internazionale (in palio un premio da 500 euro) che saranno valutati da una giuria composta dal produttore <strong>Giorgio Scorza,<\/strong> il regista <strong>Niccol\u00f2 Falsetti,<\/strong> l\u2019attore e regista <strong>Edoardo Gabbriellini<\/strong> e la sceneggiatrice<strong> Isabella Aguilar<\/strong>. Anche quest\u2019anno, il premio per il miglior cortometraggio internazionale &#8211; che consiste in una statuetta di bronzo fuso personalizzata &#8211; \u00e8 realizzato da <strong>Simone Calcinai di Bronzetto<\/strong> srl.<\/p>\n<h3 dir=\"ltr\">Le sezioni di Sentiero Film Factory 2023<\/h3>\n<p dir=\"ltr\">Oltre alla citata sezione <strong>Concorso internazionale<\/strong>, che vede film provenienti dalla Colomba, dall&#8217;Irlanda del Nord, Francia, Nuova Zelanda, Olanda Repubblica Ceca, Australia e Italia, a Sentiero Film Factory 2023 ci saranno anche la sezione <strong>Sentiero Film Pitch<\/strong>, dedicata agli sceneggiatori, autori e registi che presenteranno sceneggiature originali ancora da produrre. Anche in questo caso previsto un premio di 500 euro, che sar\u00e0 attribuito da una giura composta da <strong>Alex Loprieno<\/strong> della piattaforma We Short; <strong>Damiano Monaco<\/strong>, della produzione e distribuzione Flash Future; <strong>Daniele Segre<\/strong>, produttore di AGICI; <strong>Francesco Lattarulo,<\/strong> produttore per Mediterraneo Cinematografica, <strong>Laura Guerrieri,<\/strong> sceneggiatrice ed editor per il cinema e infine<strong> Alessandro Giorgio<\/strong>, programmatore del Centro Nazionale del cortometraggio. E ancora, <strong>Sentiero Film School,<\/strong> dedicata alle scuole di cinema nazionali e internazionali; Guerriglia, la sezione dedicata a un cinema sperimentale e divertente, &#8220;di frontiera&#8221;, prodotto a basso budget.<\/p>\n<h3 dir=\"ltr\">Opening e closing movie di Sentiero Film Factory, terza edizione<\/h3>\n<p dir=\"ltr\">Il festival apre con un focus dedicato al regista<strong> Elio Petri: <\/strong>il 12 settembre alle 20.30 ci sar\u00e0 un panel dal titolo \u201c<strong>La censura nel cinema e Elio Petri\u201d<\/strong> in cui interverr\u00e0 Federico Bacci, regista del documentario <em><strong>Appunti su un autore<\/strong><\/em>. A seguire, alle 21, la proiezione in pellicola de <em><strong>La classe operaia va in paradiso<\/strong><\/em> di Petri, in collaborazione con il curatore Alberto Vangelisti.\u00a0 La chiusura, il 17 settembre, \u00e8 invece affidata a un programma articolato: alle 11.00, visita guidata alle location dei film, a cura de <em><strong>Le Ragazze di San Frediano<\/strong><\/em>; alle 18 al circolo Aurora si terr\u00e0<strong> Sentiero Remix Culture<\/strong>, un aperitivo musicale con dj El Santo, proposta dal festival <strong>Entre Dos Mundos<\/strong> e infine alle 20.30, dopo la proiezione di un cortometraggio, ci sar\u00e0 la proiezione e premiazione della sezione <strong>Mexican Way:\u00a0 <\/strong>sei cortometraggi di registi e produttori messicani saranno presentati dal presidente di giuria, il regista messicano <strong>Jes\u00fas Garc\u00e9s Lambert<\/strong>.<\/p>\n","protected":false},"excerpt":{"rendered":"<p>La manifestazione si tiene dal 12 al 17 settembre, in varie location dell&#8217;Oltrarno fiorentino. Una full immersion nei cortometraggi internazionali, tra proiezioni, premi e incontri. In giuria,\u00a0Edoardo Gabbriellini, Isabella Aguilar e Niccol\u00f2 Falsetti<\/p>\n","protected":false},"author":492,"featured_media":303287,"comment_status":"open","ping_status":"open","sticky":false,"template":"","format":"standard","meta":{"_acf_changed":false,"footnotes":""},"categories":[493],"tags":[],"class_list":["post-303277","post","type-post","status-publish","format-standard","has-post-thumbnail","hentry","category-cultura"],"acf":[],"yoast_head":"<!-- This site is optimized with the Yoast SEO Premium plugin v24.2 (Yoast SEO v25.6) - https:\/\/yoast.com\/wordpress\/plugins\/seo\/ -->\n<title>Sentiero Film Factory a Firenze la terza edizione - Intoscana.it<\/title>\n<meta name=\"description\" content=\"Si tiene dal 12 al 17 settembre, in varie location dell&#039;Oltrarno fiorentino, la rassegna dedicata a corto, &quot;Sentiero Film Factory&quot;.\" \/>\n<meta name=\"robots\" content=\"index, follow, max-snippet:-1, max-image-preview:large, max-video-preview:-1\" \/>\n<link rel=\"canonical\" href=\"https:\/\/www.intoscana.it\/it\/sentiero-film-factory-rassegna-di-cortometraggi\/\" \/>\n<meta property=\"og:locale\" content=\"it_IT\" \/>\n<meta property=\"og:type\" content=\"article\" \/>\n<meta property=\"og:title\" content=\"&quot;Sentiero Film Factory&quot;, kermesse del corto nel cuore di Firenze\" \/>\n<meta property=\"og:description\" content=\"Si tiene dal 12 al 17 settembre, in varie location dell&#039;Oltrarno fiorentino, la rassegna dedicata a corto, &quot;Sentiero Film Factory&quot;.\" \/>\n<meta property=\"og:url\" content=\"https:\/\/www.intoscana.it\/it\/sentiero-film-factory-rassegna-di-cortometraggi\/\" \/>\n<meta property=\"og:site_name\" content=\"intoscana\" \/>\n<meta property=\"article:publisher\" content=\"https:\/\/www.facebook.com\/intoscana.it\" \/>\n<meta property=\"article:published_time\" content=\"2023-09-06T11:13:58+00:00\" \/>\n<meta property=\"article:modified_time\" content=\"2023-09-08T15:14:25+00:00\" \/>\n<meta property=\"og:image\" content=\"https:\/\/www.intoscana.it\/wp-content\/uploads\/Sentiero_passate-edizioni.jpeg\" \/>\n\t<meta property=\"og:image:width\" content=\"2048\" \/>\n\t<meta property=\"og:image:height\" content=\"1365\" \/>\n\t<meta property=\"og:image:type\" content=\"image\/jpeg\" \/>\n<meta name=\"author\" content=\"Elisabetta Vagaggini\" \/>\n<meta name=\"twitter:card\" content=\"summary_large_image\" \/>\n<meta name=\"twitter:creator\" content=\"@intoscana\" \/>\n<meta name=\"twitter:site\" content=\"@intoscana\" \/>\n<meta name=\"twitter:label1\" content=\"Written by\" \/>\n\t<meta name=\"twitter:data1\" content=\"Elisabetta Vagaggini\" \/>\n\t<meta name=\"twitter:label2\" content=\"Est. reading time\" \/>\n\t<meta name=\"twitter:data2\" content=\"3 minuti\" \/>\n<script type=\"application\/ld+json\" class=\"yoast-schema-graph\">{\"@context\":\"https:\/\/schema.org\",\"@graph\":[{\"@type\":\"WebPage\",\"@id\":\"https:\/\/www.intoscana.it\/it\/sentiero-film-factory-rassegna-di-cortometraggi\/\",\"url\":\"https:\/\/www.intoscana.it\/it\/sentiero-film-factory-rassegna-di-cortometraggi\/\",\"name\":\"Sentiero Film Factory a Firenze la terza edizione - Intoscana.it\",\"isPartOf\":{\"@id\":\"https:\/\/www.intoscana.it\/it\/#website\"},\"primaryImageOfPage\":{\"@id\":\"https:\/\/www.intoscana.it\/it\/sentiero-film-factory-rassegna-di-cortometraggi\/#primaryimage\"},\"image\":{\"@id\":\"https:\/\/www.intoscana.it\/it\/sentiero-film-factory-rassegna-di-cortometraggi\/#primaryimage\"},\"thumbnailUrl\":\"https:\/\/www.intoscana.it\/wp-content\/uploads\/Sentiero_passate-edizioni.jpeg\",\"datePublished\":\"2023-09-06T11:13:58+00:00\",\"dateModified\":\"2023-09-08T15:14:25+00:00\",\"author\":{\"@id\":\"https:\/\/www.intoscana.it\/it\/#\/schema\/person\/20956e1a83baf96027b69e776f754e43\"},\"description\":\"Si tiene dal 12 al 17 settembre, in varie location dell'Oltrarno fiorentino, la rassegna dedicata a corto, \\\"Sentiero Film Factory\\\".\",\"breadcrumb\":{\"@id\":\"https:\/\/www.intoscana.it\/it\/sentiero-film-factory-rassegna-di-cortometraggi\/#breadcrumb\"},\"inLanguage\":\"it-IT\",\"potentialAction\":[{\"@type\":\"ReadAction\",\"target\":[\"https:\/\/www.intoscana.it\/it\/sentiero-film-factory-rassegna-di-cortometraggi\/\"]}]},{\"@type\":\"ImageObject\",\"inLanguage\":\"it-IT\",\"@id\":\"https:\/\/www.intoscana.it\/it\/sentiero-film-factory-rassegna-di-cortometraggi\/#primaryimage\",\"url\":\"https:\/\/www.intoscana.it\/wp-content\/uploads\/Sentiero_passate-edizioni.jpeg\",\"contentUrl\":\"https:\/\/www.intoscana.it\/wp-content\/uploads\/Sentiero_passate-edizioni.jpeg\",\"width\":2048,\"height\":1365,\"caption\":\"Sentiero Film Factory\"},{\"@type\":\"BreadcrumbList\",\"@id\":\"https:\/\/www.intoscana.it\/it\/sentiero-film-factory-rassegna-di-cortometraggi\/#breadcrumb\",\"itemListElement\":[{\"@type\":\"ListItem\",\"position\":1,\"name\":\"Home\",\"item\":\"https:\/\/www.intoscana.it\/it\/\"},{\"@type\":\"ListItem\",\"position\":2,\"name\":\"&#8220;Sentiero Film Factory&#8221;, kermesse del corto nel cuore di Firenze\"}]},{\"@type\":\"WebSite\",\"@id\":\"https:\/\/www.intoscana.it\/it\/#website\",\"url\":\"https:\/\/www.intoscana.it\/it\/\",\"name\":\"intoscana\",\"description\":\"\",\"potentialAction\":[{\"@type\":\"SearchAction\",\"target\":{\"@type\":\"EntryPoint\",\"urlTemplate\":\"https:\/\/www.intoscana.it\/it\/?s={search_term_string}\"},\"query-input\":{\"@type\":\"PropertyValueSpecification\",\"valueRequired\":true,\"valueName\":\"search_term_string\"}}],\"inLanguage\":\"it-IT\"},{\"@type\":\"Person\",\"@id\":\"https:\/\/www.intoscana.it\/it\/#\/schema\/person\/20956e1a83baf96027b69e776f754e43\",\"name\":\"Elisabetta Vagaggini\",\"url\":\"https:\/\/www.intoscana.it\/it\/author\/elisabetta-vagaggini\/\"}]}<\/script>\n<!-- \/ Yoast SEO Premium plugin. -->","yoast_head_json":{"title":"Sentiero Film Factory a Firenze la terza edizione - Intoscana.it","description":"Si tiene dal 12 al 17 settembre, in varie location dell'Oltrarno fiorentino, la rassegna dedicata a corto, \"Sentiero Film Factory\".","robots":{"index":"index","follow":"follow","max-snippet":"max-snippet:-1","max-image-preview":"max-image-preview:large","max-video-preview":"max-video-preview:-1"},"canonical":"https:\/\/www.intoscana.it\/it\/sentiero-film-factory-rassegna-di-cortometraggi\/","og_locale":"it_IT","og_type":"article","og_title":"\"Sentiero Film Factory\", kermesse del corto nel cuore di Firenze","og_description":"Si tiene dal 12 al 17 settembre, in varie location dell'Oltrarno fiorentino, la rassegna dedicata a corto, \"Sentiero Film Factory\".","og_url":"https:\/\/www.intoscana.it\/it\/sentiero-film-factory-rassegna-di-cortometraggi\/","og_site_name":"intoscana","article_publisher":"https:\/\/www.facebook.com\/intoscana.it","article_published_time":"2023-09-06T11:13:58+00:00","article_modified_time":"2023-09-08T15:14:25+00:00","og_image":[{"width":2048,"height":1365,"url":"https:\/\/www.intoscana.it\/wp-content\/uploads\/Sentiero_passate-edizioni.jpeg","type":"image\/jpeg"}],"author":"Elisabetta Vagaggini","twitter_card":"summary_large_image","twitter_creator":"@intoscana","twitter_site":"@intoscana","twitter_misc":{"Written by":"Elisabetta Vagaggini","Est. reading time":"3 minuti"},"schema":{"@context":"https:\/\/schema.org","@graph":[{"@type":"WebPage","@id":"https:\/\/www.intoscana.it\/it\/sentiero-film-factory-rassegna-di-cortometraggi\/","url":"https:\/\/www.intoscana.it\/it\/sentiero-film-factory-rassegna-di-cortometraggi\/","name":"Sentiero Film Factory a Firenze la terza edizione - Intoscana.it","isPartOf":{"@id":"https:\/\/www.intoscana.it\/it\/#website"},"primaryImageOfPage":{"@id":"https:\/\/www.intoscana.it\/it\/sentiero-film-factory-rassegna-di-cortometraggi\/#primaryimage"},"image":{"@id":"https:\/\/www.intoscana.it\/it\/sentiero-film-factory-rassegna-di-cortometraggi\/#primaryimage"},"thumbnailUrl":"https:\/\/www.intoscana.it\/wp-content\/uploads\/Sentiero_passate-edizioni.jpeg","datePublished":"2023-09-06T11:13:58+00:00","dateModified":"2023-09-08T15:14:25+00:00","author":{"@id":"https:\/\/www.intoscana.it\/it\/#\/schema\/person\/20956e1a83baf96027b69e776f754e43"},"description":"Si tiene dal 12 al 17 settembre, in varie location dell'Oltrarno fiorentino, la rassegna dedicata a corto, \"Sentiero Film Factory\".","breadcrumb":{"@id":"https:\/\/www.intoscana.it\/it\/sentiero-film-factory-rassegna-di-cortometraggi\/#breadcrumb"},"inLanguage":"it-IT","potentialAction":[{"@type":"ReadAction","target":["https:\/\/www.intoscana.it\/it\/sentiero-film-factory-rassegna-di-cortometraggi\/"]}]},{"@type":"ImageObject","inLanguage":"it-IT","@id":"https:\/\/www.intoscana.it\/it\/sentiero-film-factory-rassegna-di-cortometraggi\/#primaryimage","url":"https:\/\/www.intoscana.it\/wp-content\/uploads\/Sentiero_passate-edizioni.jpeg","contentUrl":"https:\/\/www.intoscana.it\/wp-content\/uploads\/Sentiero_passate-edizioni.jpeg","width":2048,"height":1365,"caption":"Sentiero Film Factory"},{"@type":"BreadcrumbList","@id":"https:\/\/www.intoscana.it\/it\/sentiero-film-factory-rassegna-di-cortometraggi\/#breadcrumb","itemListElement":[{"@type":"ListItem","position":1,"name":"Home","item":"https:\/\/www.intoscana.it\/it\/"},{"@type":"ListItem","position":2,"name":"&#8220;Sentiero Film Factory&#8221;, kermesse del corto nel cuore di Firenze"}]},{"@type":"WebSite","@id":"https:\/\/www.intoscana.it\/it\/#website","url":"https:\/\/www.intoscana.it\/it\/","name":"intoscana","description":"","potentialAction":[{"@type":"SearchAction","target":{"@type":"EntryPoint","urlTemplate":"https:\/\/www.intoscana.it\/it\/?s={search_term_string}"},"query-input":{"@type":"PropertyValueSpecification","valueRequired":true,"valueName":"search_term_string"}}],"inLanguage":"it-IT"},{"@type":"Person","@id":"https:\/\/www.intoscana.it\/it\/#\/schema\/person\/20956e1a83baf96027b69e776f754e43","name":"Elisabetta Vagaggini","url":"https:\/\/www.intoscana.it\/it\/author\/elisabetta-vagaggini\/"}]}},"_links":{"self":[{"href":"https:\/\/www.intoscana.it\/it\/wp-json\/wp\/v2\/posts\/303277","targetHints":{"allow":["GET"]}}],"collection":[{"href":"https:\/\/www.intoscana.it\/it\/wp-json\/wp\/v2\/posts"}],"about":[{"href":"https:\/\/www.intoscana.it\/it\/wp-json\/wp\/v2\/types\/post"}],"author":[{"embeddable":true,"href":"https:\/\/www.intoscana.it\/it\/wp-json\/wp\/v2\/users\/492"}],"replies":[{"embeddable":true,"href":"https:\/\/www.intoscana.it\/it\/wp-json\/wp\/v2\/comments?post=303277"}],"version-history":[{"count":0,"href":"https:\/\/www.intoscana.it\/it\/wp-json\/wp\/v2\/posts\/303277\/revisions"}],"wp:featuredmedia":[{"embeddable":true,"href":"https:\/\/www.intoscana.it\/it\/wp-json\/wp\/v2\/media\/303287"}],"wp:attachment":[{"href":"https:\/\/www.intoscana.it\/it\/wp-json\/wp\/v2\/media?parent=303277"}],"wp:term":[{"taxonomy":"category","embeddable":true,"href":"https:\/\/www.intoscana.it\/it\/wp-json\/wp\/v2\/categories?post=303277"},{"taxonomy":"post_tag","embeddable":true,"href":"https:\/\/www.intoscana.it\/it\/wp-json\/wp\/v2\/tags?post=303277"}],"curies":[{"name":"wp","href":"https:\/\/api.w.org\/{rel}","templated":true}]}}