{"id":303344,"date":"2023-09-06T13:43:36","date_gmt":"2023-09-06T11:43:36","guid":{"rendered":"https:\/\/www.intoscana.it\/it\/?p=303344"},"modified":"2023-09-06T15:25:48","modified_gmt":"2023-09-06T13:25:48","slug":"premio-pieve-saverio-tutino-2023-ecco-gli-otto-diari-finalisti-in-concorso","status":"publish","type":"post","link":"https:\/\/www.intoscana.it\/it\/premio-pieve-saverio-tutino-2023-ecco-gli-otto-diari-finalisti-in-concorso\/","title":{"rendered":"Premio Pieve Saverio Tutino 2023: gli otto diari finalisti"},"content":{"rendered":"<p>Al <a href=\"https:\/\/www.intoscana.it\/it\/articolo\/torna-il-premio-pieve-saverio-tutino-2023\/\" target=\"_blank\" rel=\"noopener\"><strong>Premio Pieve Saverio Tutino 2023<\/strong><\/a> come ogni anno sono <strong>otto i diari finalisti<\/strong> in concorso che rappresentano <strong>uno spaccato dell&#8217;Italia dal &#8216;900 ai giorni nostri.<\/strong><\/p>\n<p>Si va dai <strong>racconti della prima e seconda guerra mondiale<\/strong>, ai viaggi, fino a chi<strong> la guerra l\u2019ha vissuta dentro se stesso<\/strong> affrontando la malattia mentale con tre storie dure, non facili da raccontare ma che lasciano intravedere una speranza.<\/p>\n<h3>1-Col nome della patria sulle labbra, Vincenzo Calza (1914-1920)<\/h3>\n<p>L\u2019abbaglio generazionale della guerra patriottica, la scoperta dell\u2019orrore in trincea, la morte dei compagni, la paura di cadere in battaglia, le fucilazioni sommarie, il ritorno della pace, l\u2019epidemia di spagnola, la<strong> \u201cvittoria mutilata\u201d<\/strong>, la lunga attesa del congedo. La memoria che <strong>Vincenzo Calzia<\/strong> ricompone in forma di diario, circa cinquant\u2019anni dopo lo svolgimento dei fatti, \u00e8 un documento che andrebbe letto in parallelo ai manuali di storia, per capire a fondo <strong>cosa \u00e8 accaduto tra il 1914 e il 1920<\/strong>: un arco temporale che ha forgiato nel segno del sangue, del fuoco e dell\u2019odio, l\u2019intero corso del Novecento.<\/p>\n<h3>2- Pi\u00f9 scriverai pi\u00f9 ti vorr\u00f2 bene, Vittoria Cerisola e Edoardo Guelfi (epistolario 1952-1953)<\/h3>\n<p>Nell\u2019Italia di inizio anni \u201850, <strong>Vittoria e Edoardo sono una coppia di giovani sposi,<\/strong> genitori della piccola Franca, proprietari di un negozio di alimentari a Vado Ligure. L\u2019armonia regna in casa ma gli affari in bottega vanno male: le tasse, i prestiti e i debiti precedentemente contratti dalla famiglia prima che Edoardo rilevasse l\u2019attivit\u00e0, spingono quest\u2019ultimo ad accettare un imbarco a bordo di una petroliera svedese che fa la spola tra i mari del Nord, il Mediterraneo, il Golfo Persico e persino l\u2019Oceano Indiano. <strong>Dal sacrificio e dalla lontananza nasce un fitto epistolario tra i due coniugi,<\/strong> che racconta in modo esemplare l\u2019impresa di vita quotidiana compiuta da milioni di famiglie italiane in quegli anni, alle prese con l\u2019emigrazione, l\u2019economia domestica, la ricerca di <strong>una normalit\u00e0 difficile da conquistare.<\/strong><\/p>\n<figure id=\"post-303346 media-303346\" class=\"align-none\"><img decoding=\"async\" src=\"https:\/\/www.intoscana.it\/wp-content\/uploads\/Cerisola-Guelfi-scaled.jpg\" alt=\"\" \/><\/figure>\n<div class=\"titleimg\">Vittoria Cerisola e Edoardo Guelfi<\/div>\n<h3>3- La caduta e la ripresa, Lino (diario 2009-2016)<\/h3>\n<p><strong>Lino racconta il suo rapporto con la malattia mentale<\/strong> e fa i conti con <strong>un padre che \u00e8 sempre stato assente<\/strong> nel diario che scrive per 7 anni. Sette anni durante i quali alterna alti e bassi, periodi di studio e lavoro come avvocato a ricoveri presso strutture psichiatriche, da dove entra e esce per curare il disturbo borderline che gli \u00e8 stato diagnosticato. La scrittura segue l\u2019andamento della sua salute e dei suoi stati d\u2019animo. Spesso cerca risposte alle sue domande, ma anche semplici momenti di tranquillit\u00e0,<strong> frequentando eremi e monasteri, luoghi simbolo della mistica<\/strong> cristiana. Giorno dopo giorno, alternando la cronaca del quotidiano all\u2019analisi dei suoi pensieri pi\u00f9 profondi, momenti di poesia e racconto dei sogni, Lino descrive lo scorrere della sua vita che sembra destinata a seguire le interminabili oscillazioni di un pendolo.<\/p>\n<h3><strong>4-Il nostro Messico, Ada Maestrale (memoria 1979)<\/strong><\/h3>\n<p>Tre amiche in viaggio: <strong>Rina, Rosa e Ada Maestrale<\/strong> (nome di fantasia) nel 1979 attraverso diversi paesi dell\u2019America centrale.<strong> Messico, Guatemala e Belize<\/strong> sono lo scenario di un\u2019esperienza di vita fuori dal comune: con pochi soldi in tasca, una grande capacit\u00e0 di adattamento e una spinta verso la scoperta che non conosce limiti, le tre ragazze riescono a inserirsi facilmente nei contesti di vita locali, integrandosi con le popolazioni che incontrano e condividendo spazi, abitudini, quotidianit\u00e0. Dall\u2019oceano alla selva, dalle citt\u00e0 al deserto, Ada, Rina e Rosa intrecciano <strong>conoscenze, amicizie, amori<\/strong>, esplorano realt\u00e0 sociali e culture che ampliano gli orizzonti gi\u00e0 vasti delle loro vedute.<\/p>\n<figure id=\"post-303348 media-303348\" class=\"align-none\"><img decoding=\"async\" src=\"https:\/\/www.intoscana.it\/wp-content\/uploads\/Lino-scaled.jpg\" alt=\"\" \/><\/figure>\n<div class=\"titleimg\"><em>Lino<\/em><\/div>\n<h3>5-Quando saremo di nuovo uomini, Ettore Piccinini (diario 1945)<\/h3>\n<p>La storia degli <strong>Internati Militari Italiani nei lager della Germania nazista<\/strong> si arricchisce di una nuova pagina autobiografica di grande valore: il diario del sottufficiale del Regio Esercito Ettore Piccinini, deportato nei campi di lavoro del Reich subito dopo l\u2019armistizio dell\u20198 settembre 1943. Un destino comune a molti: <strong>circa 700mila italiani conoscono la prigionia negli Offizierslager (Offlag)<\/strong> riservati agli ufficiali e negli Stammlager (Stalag) per la truppa. Circa 50mila perdono la vita per malattie, denutrizione, esecuzioni, bombardamenti. Tutti gli altri, lottano ogni giorno lungo il crinale della sopravvivenza. In questa grande storia si inserisce anche quella di Ettore, trasferito prima a Wietzendorf in bassa Sassonia.\u00a0<div class=\"focuson\"><a href=\"https:\/\/www.intoscana.it\/it\/articolo\/torna-il-premio-pieve-saverio-tutino-2023\/\"><img decoding=\"async\" class=\"lazy\" src=\"https:\/\/www.intoscana.it\/wp-content\/uploads\/luigiBurroni-ADN-Rold-232063-scaled.jpg\" style=\"\">\n                <div class=\"cat\">Premio Pieve Saverio Tutino 2023<\/div>\n                <h4>Dal 14 al 17 settembre a Pieve Santo Stefano<\/h4><\/a>\n              <\/div><\/p>\n<h3>6-La via della vita, Maria Anna Rold (memoria 1944-1945)<\/h3>\n<p>Ci sono vite che sfuggono alle grandi semplificazioni della storia. Dopo l\u2019armistizio dell\u20198 settembre 1943 e l\u2019occupazione tedesca, nell\u2019Italia del Nord si acuisce lo scontro tra nazifascisti e antifascisti, ma sono molte le persone che lottano semplicemente per sopravvivere. Come <strong>Maria Anna, che non ha ancora compiuto 18 anni e ha gi\u00e0 conosciuto ogni forma di dolore:<\/strong> appena nata perde il padre, ucciso in circostanze misteriose mentre lavora alla costruzione della centrale idroelettrica di Cardano vicino Bolzano. Poi la lontananza della madre, la miseria e l\u2019abbandono degli studi scolastici per lavori di sussistenza, la guerra e i lutti. Per lei, i manifesti attaccati sui muri di Milano che promettono <strong>un impiego facile e ben retribuito nei territori del Reich,<\/strong> racchiudono una speranza. E parte in direzione di Vienna, dove per\u00f2 ad attenderla ci sono giorni peggiori, fatti di stenti e di emarginazione, lavori massacranti e clandestinit\u00e0. E soprattutto di bombe, che l\u2019aviazione degli Alleati sgancia a tappeto sui campi di lavoro.<\/p>\n<figure id=\"post-303350 media-303350\" class=\"align-none\"><img decoding=\"async\" src=\"https:\/\/www.intoscana.it\/wp-content\/uploads\/Paola-Tellaroli-scaled.jpg\" alt=\"\" \/><\/figure>\n<div class=\"titleimg\"><em>Paola Tellaroli<\/em><\/div>\n<h3>7-Tutta la polvere del mondo in faccia, Paola Tellaroli (memoria 2017-2022)<\/h3>\n<p>La sera del 14 febbraio 2017 Paola \u00e8 a casa, in un momento di vita comune: la sua gattina la graffia e<strong> succede qualcosa di inaspettato<\/strong>, le braccia e la gambe non rispondono pi\u00f9 ai movimenti.<strong> Si tratta di un ictus che le cambia completamente la vita.<\/strong> Purtroppo, dall\u2019arrivo in ospedale alla diagnosi corretta trascorreranno molte ore, nel frattempo Paola sprofonda in uno stato di incoscienza, dal quale si riprene solo dopo un delicato intervento di trombo-aspirazione. Al risveglio scopre progressivamente i danni che ha subito il suo corpo, la paralisi della parte destra, l\u2019impossibilit\u00e0 di comunicare. Ma la dimostrazione d\u2019affetto che riceve dai suoi amici, dal suo Emanuele e dai suoi familiari, che si precipitano al suo fianco in terapia intensiva, riaccende la scintilla. Le serviranno cinque anni per riprendersi completamente dalla malattia. Il diario di Paola si conclude nell\u2019ottobre 2022, alla vigilia di <strong>un viaggio verso l\u2019Amazzonia atteso per anni.\u00a0<\/strong><\/p>\n<h3>8-Diario di una borderline, Solange Van Ingen (memoria 1996-2022)<\/h3>\n<p>Diario di una borderline. Cos\u00ec <strong>Solange Van Ingen intitola la sua scrittura autobiografica<\/strong>, il racconto della sua vita difficile iniziata <strong>nel 1990 in Brasile.<\/strong> Dal settembre 2021 Solange scrive al presente da un reparto di psichiatria dove \u00e8 ricoverata. La madre non si prende cura di lei e dei suoi tre fratelli, che finiscono in un istituto da dove, quando la bambina ha 7 anni, vengono separati e adottati da due coppie che vivono in Italia<strong>. Il padre adottivo, olandese, e la madre italiana<\/strong> offrono alla bambina un ambiente amorevole e sano in cui crescere. Nei primi anni in Italia Solange, pur scontrandosi con difficolt\u00e0 di inserimento in un Paese dove non mancano<strong> razzismo e pregiudizi,<\/strong> si trova bene. Frequenta la scuola con profitto, eccelle nelle attivit\u00e0 sportive. Poi <strong>nel terzo anno del liceo qualcosa si rompe.<\/strong> Solange lascia la scuola, inizia a bere, a drogarsi e a frequentare uomini, alcuni con dipendenze, che la maltrattano. <strong>Poi Solange rimane incinta di una bambina<\/strong> e pure tra mille difficolt\u00e0 la sua vita cambia e <strong>prende un nuovo slancio.<\/strong><\/p>\n<figure id=\"post-303351 media-303351\" class=\"align-none\"><img decoding=\"async\" src=\"https:\/\/www.intoscana.it\/wp-content\/uploads\/Solange-Van-Ingen.jpg\" alt=\"\" \/><\/figure>\n<div class=\"titleimg\">Solange Van Ingen<\/div>\n","protected":false},"excerpt":{"rendered":"<p>Dai racconti della prima e seconda guerra mondiale, ai viaggi, fino a chi la guerra l\u2019ha vissuta dentro se stesso affrontando la malattia mentale con tre storie dure, non facili da raccontare, ma che lasciano intravedere una speranza<\/p>\n","protected":false},"author":525,"featured_media":303359,"comment_status":"open","ping_status":"open","sticky":false,"template":"","format":"standard","meta":{"_acf_changed":false,"footnotes":""},"categories":[493],"tags":[138],"class_list":["post-303344","post","type-post","status-publish","format-standard","has-post-thumbnail","hentry","category-cultura","tag-premio-pieve"],"acf":[],"yoast_head":"<!-- This site is optimized with the Yoast SEO Premium plugin v24.2 (Yoast SEO v25.6) - https:\/\/yoast.com\/wordpress\/plugins\/seo\/ -->\n<title>Premio Pieve Saverio Tutino 2023: gli otto diari finalisti - intoscana<\/title>\n<meta name=\"description\" content=\"Premio Pieve Saverio Tutino 2023, dalle guerre mondiali a chi la guerra la vive dentro se stesso: ecco gli otto diari finalisti in concorso\" \/>\n<meta name=\"robots\" content=\"index, follow, max-snippet:-1, max-image-preview:large, max-video-preview:-1\" \/>\n<link rel=\"canonical\" href=\"https:\/\/www.intoscana.it\/it\/premio-pieve-saverio-tutino-2023-ecco-gli-otto-diari-finalisti-in-concorso\/\" \/>\n<meta property=\"og:locale\" content=\"it_IT\" \/>\n<meta property=\"og:type\" content=\"article\" \/>\n<meta property=\"og:title\" content=\"Premio Pieve Saverio Tutino 2023: gli otto diari finalisti\" \/>\n<meta property=\"og:description\" content=\"Premio Pieve Saverio Tutino 2023, dalle guerre mondiali a chi la guerra la vive dentro se stesso: ecco gli otto diari finalisti in concorso\" \/>\n<meta property=\"og:url\" content=\"https:\/\/www.intoscana.it\/it\/premio-pieve-saverio-tutino-2023-ecco-gli-otto-diari-finalisti-in-concorso\/\" \/>\n<meta property=\"og:site_name\" content=\"intoscana\" \/>\n<meta property=\"article:publisher\" content=\"https:\/\/www.facebook.com\/intoscana.it\" \/>\n<meta property=\"article:published_time\" content=\"2023-09-06T11:43:36+00:00\" \/>\n<meta property=\"article:modified_time\" content=\"2023-09-06T13:25:48+00:00\" \/>\n<meta property=\"og:image\" content=\"https:\/\/www.intoscana.it\/wp-content\/uploads\/luigiBurroni-ADN-Rold-232036-scaled.jpg\" \/>\n\t<meta property=\"og:image:width\" content=\"2048\" \/>\n\t<meta property=\"og:image:height\" content=\"1366\" \/>\n\t<meta property=\"og:image:type\" content=\"image\/jpeg\" \/>\n<meta name=\"author\" content=\"Redazione\" \/>\n<meta name=\"twitter:card\" content=\"summary_large_image\" \/>\n<meta name=\"twitter:creator\" content=\"@intoscana\" \/>\n<meta name=\"twitter:site\" content=\"@intoscana\" \/>\n<meta name=\"twitter:label1\" content=\"Written by\" \/>\n\t<meta name=\"twitter:data1\" content=\"Redazione\" \/>\n\t<meta name=\"twitter:label2\" content=\"Est. reading time\" \/>\n\t<meta name=\"twitter:data2\" content=\"6 minuti\" \/>\n<script type=\"application\/ld+json\" class=\"yoast-schema-graph\">{\"@context\":\"https:\/\/schema.org\",\"@graph\":[{\"@type\":\"WebPage\",\"@id\":\"https:\/\/www.intoscana.it\/it\/premio-pieve-saverio-tutino-2023-ecco-gli-otto-diari-finalisti-in-concorso\/\",\"url\":\"https:\/\/www.intoscana.it\/it\/premio-pieve-saverio-tutino-2023-ecco-gli-otto-diari-finalisti-in-concorso\/\",\"name\":\"Premio Pieve Saverio Tutino 2023: gli otto diari finalisti - intoscana\",\"isPartOf\":{\"@id\":\"https:\/\/www.intoscana.it\/it\/#website\"},\"primaryImageOfPage\":{\"@id\":\"https:\/\/www.intoscana.it\/it\/premio-pieve-saverio-tutino-2023-ecco-gli-otto-diari-finalisti-in-concorso\/#primaryimage\"},\"image\":{\"@id\":\"https:\/\/www.intoscana.it\/it\/premio-pieve-saverio-tutino-2023-ecco-gli-otto-diari-finalisti-in-concorso\/#primaryimage\"},\"thumbnailUrl\":\"https:\/\/www.intoscana.it\/wp-content\/uploads\/luigiBurroni-ADN-Rold-232036-scaled.jpg\",\"datePublished\":\"2023-09-06T11:43:36+00:00\",\"dateModified\":\"2023-09-06T13:25:48+00:00\",\"author\":{\"@id\":\"https:\/\/www.intoscana.it\/it\/#\/schema\/person\/9223810753230f20bd670fdd322661f8\"},\"description\":\"Premio Pieve Saverio Tutino 2023, dalle guerre mondiali a chi la guerra la vive dentro se stesso: ecco gli otto diari finalisti in concorso\",\"breadcrumb\":{\"@id\":\"https:\/\/www.intoscana.it\/it\/premio-pieve-saverio-tutino-2023-ecco-gli-otto-diari-finalisti-in-concorso\/#breadcrumb\"},\"inLanguage\":\"it-IT\",\"potentialAction\":[{\"@type\":\"ReadAction\",\"target\":[\"https:\/\/www.intoscana.it\/it\/premio-pieve-saverio-tutino-2023-ecco-gli-otto-diari-finalisti-in-concorso\/\"]}]},{\"@type\":\"ImageObject\",\"inLanguage\":\"it-IT\",\"@id\":\"https:\/\/www.intoscana.it\/it\/premio-pieve-saverio-tutino-2023-ecco-gli-otto-diari-finalisti-in-concorso\/#primaryimage\",\"url\":\"https:\/\/www.intoscana.it\/wp-content\/uploads\/luigiBurroni-ADN-Rold-232036-scaled.jpg\",\"contentUrl\":\"https:\/\/www.intoscana.it\/wp-content\/uploads\/luigiBurroni-ADN-Rold-232036-scaled.jpg\",\"width\":2048,\"height\":1366},{\"@type\":\"BreadcrumbList\",\"@id\":\"https:\/\/www.intoscana.it\/it\/premio-pieve-saverio-tutino-2023-ecco-gli-otto-diari-finalisti-in-concorso\/#breadcrumb\",\"itemListElement\":[{\"@type\":\"ListItem\",\"position\":1,\"name\":\"Home\",\"item\":\"https:\/\/www.intoscana.it\/it\/\"},{\"@type\":\"ListItem\",\"position\":2,\"name\":\"Premio Pieve Saverio Tutino 2023: gli otto diari finalisti\"}]},{\"@type\":\"WebSite\",\"@id\":\"https:\/\/www.intoscana.it\/it\/#website\",\"url\":\"https:\/\/www.intoscana.it\/it\/\",\"name\":\"intoscana\",\"description\":\"\",\"potentialAction\":[{\"@type\":\"SearchAction\",\"target\":{\"@type\":\"EntryPoint\",\"urlTemplate\":\"https:\/\/www.intoscana.it\/it\/?s={search_term_string}\"},\"query-input\":{\"@type\":\"PropertyValueSpecification\",\"valueRequired\":true,\"valueName\":\"search_term_string\"}}],\"inLanguage\":\"it-IT\"},{\"@type\":\"Person\",\"@id\":\"https:\/\/www.intoscana.it\/it\/#\/schema\/person\/9223810753230f20bd670fdd322661f8\",\"name\":\"Redazione\",\"url\":\"https:\/\/www.intoscana.it\/it\/author\/redazione\/\"}]}<\/script>\n<!-- \/ Yoast SEO Premium plugin. -->","yoast_head_json":{"title":"Premio Pieve Saverio Tutino 2023: gli otto diari finalisti - intoscana","description":"Premio Pieve Saverio Tutino 2023, dalle guerre mondiali a chi la guerra la vive dentro se stesso: ecco gli otto diari finalisti in concorso","robots":{"index":"index","follow":"follow","max-snippet":"max-snippet:-1","max-image-preview":"max-image-preview:large","max-video-preview":"max-video-preview:-1"},"canonical":"https:\/\/www.intoscana.it\/it\/premio-pieve-saverio-tutino-2023-ecco-gli-otto-diari-finalisti-in-concorso\/","og_locale":"it_IT","og_type":"article","og_title":"Premio Pieve Saverio Tutino 2023: gli otto diari finalisti","og_description":"Premio Pieve Saverio Tutino 2023, dalle guerre mondiali a chi la guerra la vive dentro se stesso: ecco gli otto diari finalisti in concorso","og_url":"https:\/\/www.intoscana.it\/it\/premio-pieve-saverio-tutino-2023-ecco-gli-otto-diari-finalisti-in-concorso\/","og_site_name":"intoscana","article_publisher":"https:\/\/www.facebook.com\/intoscana.it","article_published_time":"2023-09-06T11:43:36+00:00","article_modified_time":"2023-09-06T13:25:48+00:00","og_image":[{"width":2048,"height":1366,"url":"https:\/\/www.intoscana.it\/wp-content\/uploads\/luigiBurroni-ADN-Rold-232036-scaled.jpg","type":"image\/jpeg"}],"author":"Redazione","twitter_card":"summary_large_image","twitter_creator":"@intoscana","twitter_site":"@intoscana","twitter_misc":{"Written by":"Redazione","Est. reading time":"6 minuti"},"schema":{"@context":"https:\/\/schema.org","@graph":[{"@type":"WebPage","@id":"https:\/\/www.intoscana.it\/it\/premio-pieve-saverio-tutino-2023-ecco-gli-otto-diari-finalisti-in-concorso\/","url":"https:\/\/www.intoscana.it\/it\/premio-pieve-saverio-tutino-2023-ecco-gli-otto-diari-finalisti-in-concorso\/","name":"Premio Pieve Saverio Tutino 2023: gli otto diari finalisti - intoscana","isPartOf":{"@id":"https:\/\/www.intoscana.it\/it\/#website"},"primaryImageOfPage":{"@id":"https:\/\/www.intoscana.it\/it\/premio-pieve-saverio-tutino-2023-ecco-gli-otto-diari-finalisti-in-concorso\/#primaryimage"},"image":{"@id":"https:\/\/www.intoscana.it\/it\/premio-pieve-saverio-tutino-2023-ecco-gli-otto-diari-finalisti-in-concorso\/#primaryimage"},"thumbnailUrl":"https:\/\/www.intoscana.it\/wp-content\/uploads\/luigiBurroni-ADN-Rold-232036-scaled.jpg","datePublished":"2023-09-06T11:43:36+00:00","dateModified":"2023-09-06T13:25:48+00:00","author":{"@id":"https:\/\/www.intoscana.it\/it\/#\/schema\/person\/9223810753230f20bd670fdd322661f8"},"description":"Premio Pieve Saverio Tutino 2023, dalle guerre mondiali a chi la guerra la vive dentro se stesso: ecco gli otto diari finalisti in concorso","breadcrumb":{"@id":"https:\/\/www.intoscana.it\/it\/premio-pieve-saverio-tutino-2023-ecco-gli-otto-diari-finalisti-in-concorso\/#breadcrumb"},"inLanguage":"it-IT","potentialAction":[{"@type":"ReadAction","target":["https:\/\/www.intoscana.it\/it\/premio-pieve-saverio-tutino-2023-ecco-gli-otto-diari-finalisti-in-concorso\/"]}]},{"@type":"ImageObject","inLanguage":"it-IT","@id":"https:\/\/www.intoscana.it\/it\/premio-pieve-saverio-tutino-2023-ecco-gli-otto-diari-finalisti-in-concorso\/#primaryimage","url":"https:\/\/www.intoscana.it\/wp-content\/uploads\/luigiBurroni-ADN-Rold-232036-scaled.jpg","contentUrl":"https:\/\/www.intoscana.it\/wp-content\/uploads\/luigiBurroni-ADN-Rold-232036-scaled.jpg","width":2048,"height":1366},{"@type":"BreadcrumbList","@id":"https:\/\/www.intoscana.it\/it\/premio-pieve-saverio-tutino-2023-ecco-gli-otto-diari-finalisti-in-concorso\/#breadcrumb","itemListElement":[{"@type":"ListItem","position":1,"name":"Home","item":"https:\/\/www.intoscana.it\/it\/"},{"@type":"ListItem","position":2,"name":"Premio Pieve Saverio Tutino 2023: gli otto diari finalisti"}]},{"@type":"WebSite","@id":"https:\/\/www.intoscana.it\/it\/#website","url":"https:\/\/www.intoscana.it\/it\/","name":"intoscana","description":"","potentialAction":[{"@type":"SearchAction","target":{"@type":"EntryPoint","urlTemplate":"https:\/\/www.intoscana.it\/it\/?s={search_term_string}"},"query-input":{"@type":"PropertyValueSpecification","valueRequired":true,"valueName":"search_term_string"}}],"inLanguage":"it-IT"},{"@type":"Person","@id":"https:\/\/www.intoscana.it\/it\/#\/schema\/person\/9223810753230f20bd670fdd322661f8","name":"Redazione","url":"https:\/\/www.intoscana.it\/it\/author\/redazione\/"}]}},"_links":{"self":[{"href":"https:\/\/www.intoscana.it\/it\/wp-json\/wp\/v2\/posts\/303344","targetHints":{"allow":["GET"]}}],"collection":[{"href":"https:\/\/www.intoscana.it\/it\/wp-json\/wp\/v2\/posts"}],"about":[{"href":"https:\/\/www.intoscana.it\/it\/wp-json\/wp\/v2\/types\/post"}],"author":[{"embeddable":true,"href":"https:\/\/www.intoscana.it\/it\/wp-json\/wp\/v2\/users\/525"}],"replies":[{"embeddable":true,"href":"https:\/\/www.intoscana.it\/it\/wp-json\/wp\/v2\/comments?post=303344"}],"version-history":[{"count":0,"href":"https:\/\/www.intoscana.it\/it\/wp-json\/wp\/v2\/posts\/303344\/revisions"}],"wp:featuredmedia":[{"embeddable":true,"href":"https:\/\/www.intoscana.it\/it\/wp-json\/wp\/v2\/media\/303359"}],"wp:attachment":[{"href":"https:\/\/www.intoscana.it\/it\/wp-json\/wp\/v2\/media?parent=303344"}],"wp:term":[{"taxonomy":"category","embeddable":true,"href":"https:\/\/www.intoscana.it\/it\/wp-json\/wp\/v2\/categories?post=303344"},{"taxonomy":"post_tag","embeddable":true,"href":"https:\/\/www.intoscana.it\/it\/wp-json\/wp\/v2\/tags?post=303344"}],"curies":[{"name":"wp","href":"https:\/\/api.w.org\/{rel}","templated":true}]}}