{"id":303364,"date":"2023-09-06T14:52:37","date_gmt":"2023-09-06T12:52:37","guid":{"rendered":"https:\/\/www.intoscana.it\/it\/?p=303364"},"modified":"2023-09-06T14:52:59","modified_gmt":"2023-09-06T12:52:59","slug":"a-firenze-tre-giorni-dedicati-al-calcio-con-il-totaalvoetbal","status":"publish","type":"post","link":"https:\/\/www.intoscana.it\/it\/a-firenze-tre-giorni-dedicati-al-calcio-con-il-totaalvoetbal\/","title":{"rendered":"A Firenze tre giorni dedicati al calcio con il &#8220;Totaalvoetbal&#8221;"},"content":{"rendered":"<p>Per gli amanti del calcio, grandi e piccini, arriva a Firenze una tre giorni da non perdere dedicata a questo popolarissimo sport ma anche alle sue leggende, ai film, ma anche ai cimeli per non dimenticare il subbuteo. <strong>Oltre 40 eventi<\/strong>, sette aree tematiche e decine di ospiti per <strong>Totaalvoetbal,<\/strong> il festival del calcio in programma da <strong>venerd\u00ec 8 a domenica 10 settembre<\/strong> all\u2019<strong>Ultravox Firenze<\/strong>, lo spazio estivo attiguo all\u2019Anfiteatro delle Cascine, nel Parco delle Cascine a Firenze.<br \/>\nTre giorni a <strong>ingresso libero<\/strong> per appassionati e famiglie, un programma ricco di esperienze, tornei, partite, film, vite da ultras e tante altre storie, alcune particolarissime, raccontate dagli stessi protagonisti, oltre che da scrittori e giornalisti.<\/p>\n<h3>Gli eventi in programma<\/h3>\n<p>Alle sua prima edizione, il <strong>Totaalvoetbal<\/strong> \u2013 che prende il nome dal rivoluzionario stile di gioco che impose il calcio olandese negli anni \u201970 \u2013 si articoler\u00e0 attraverso <strong>sette aree<\/strong>: Cinema, Didattica, Subbuteo, Palco, Freestyle, Fair Play e Campi. Sar\u00e0 l\u2019occasione per vedere e \u201crivivere\u201d i trofei custoditi dal <strong>Museo del Calcio<\/strong>, attraverso storie e aneddoti svelati da Alberto Trombi (tutti i giorni alle 18); per godersi le rocambolesche esibizioni dei freestyler Reynaldo Pena e Matteo Cozza di Freestyle Italia (ven ore 17, sab\/dom ore 16); per immergersi nelle \u201cCronache di Spogliatoio\u201d (dom ore 18, presentazione della rivista \u201cMosaico\u201d, alle 21 il film \u201cNoi siamo napoletani\u201d); per ridere insieme ai curatori della pagina IG \u201cSuffering Fiorentina\u201d (dom ore 17). I talk e gli incontri di richiamo faranno parte della rassegna \u201cLa Corriera dello Sport\u201d organizzata in collaborazione con <strong>Autolinee toscane<\/strong>. Come il luned\u00ec mattina sul bus o sulla Sita si commentava la domenica calcistica, come avviene adesso sul bus e sulla tramvia, anche alle Cascine spazio ai racconti del pi\u00f9 grande collezionista al mondo di <strong>Figurine Panini<\/strong>, Gianni Bellini (domenica ore 20); del direttore de \u201cL\u2019ultimo Uomo\u201d, Daniele Manusia (sabato ore 17) e del giornalista e scrittore Enzo Bucchioni, che venerd\u00ec alle 17 presenter\u00e0 il suo libro &#8220;Luciano Spalletti, il vincente\u201d Edizioni TEA, dedicato al nuovo Commissario Tecnico della Nazionale di Calcio.<\/p>\n<figure id=\"post-303365 media-303365\" class=\"align-none\"><img decoding=\"async\" src=\"https:\/\/www.intoscana.it\/wp-content\/uploads\/Grafica-Totaalvoetbal-orizzontale.jpg\" alt=\"\" \/><\/figure>\n<p>E ancora, FairPlay Lovers porter\u00e0 a Totaalvoetbal <strong>tornei e match di calcio tennis, foot-golf, tedesca, target challenge<\/strong> e altro, mentre nello spazio cinema scorreranno, tra le altre, le immagini de \u201cIl profeta del gol\u201d (ven 8 ore 21) che Sandro Ciotti, qui nelle vesti di regista, dedic\u00f2 al campione olandese Johan Cruijff &#8211;\u00a0 \u201cThe Class of 92\u201d di Benjamin Turner (sab 9 ore 16), \u201cGascoigne\u201d di Jane Preston (sab 9 ore 21).<\/p>\n<p>Si parler\u00e0 di sport e societ\u00e0 con la presentazione della progetto per la prima<strong> carta sul diritto allo sport<\/strong> (sab 9 ore 15,30) e vedremo in campo i giocatori del <strong>Refugees team<\/strong> (sab 9 ore 17), progetto Figc rivolto ai giovani minori stranieri per favorire l&#8217;interazione tra pari e i processi di inclusione sociale e interculturale attraverso il calcio, in collaborazione con il Sistema Accoglienza e Integrazione e l\u2019Associazione Nazionale dei Comuni italiani.<\/p>\n<p>Non mancher\u00e0 il<strong> calcio giocato<\/strong>, quello femminile, quello di squadre straordinariamente \u201cdiverse\u201d. E non mancheranno il calcio simulato e quello da collezione con tornei di Subbuteo. Totaalvoetbal coinvolger\u00e0 societ\u00e0, associazioni, leghe e tantissime altre realt\u00e0 del settore calcio, toscane e non solo.<\/p>\n<p><strong>Sabato 9<\/strong> tutti a tifare la <strong>nazionale italiana<\/strong> nel match contro la Macedonia del Nord, davanti al maxischermo di Ultravox. Alla sera spettacoli e concerti in tema. Tra gli ospiti i Materazi Future Club, band che mischia rock, indie e il lato romantico del calcio: Totaalvoetbal si chiuder\u00e0 domenica 10 con il loro concerto.<\/p>\n<p>Info e programma completo su\u00a0<a href=\"http:\/\/www.totaalvoetbal.it\/\" target=\"_blank\" rel=\"noopener\" data-saferedirecturl=\"https:\/\/www.google.com\/url?q=http:\/\/www.totaalvoetbal.it&amp;source=gmail&amp;ust=1694086718659000&amp;usg=AOvVaw0Vb4ZqHZ-A0tPvOPzrPAd6\">www.totaalvoetbal.it<\/a>, Facebook TotaalVoetbalFestivaldelcalcio<wbr \/>2023, Instagram\u00a0<a href=\"http:\/\/instagram.com\/totaalvoetbal_2023\" target=\"_blank\" rel=\"noopener\" data-saferedirecturl=\"https:\/\/www.google.com\/url?q=http:\/\/instagram.com\/totaalvoetbal_2023&amp;source=gmail&amp;ust=1694086718659000&amp;usg=AOvVaw3MYI8d-nT4NKn_wojopO2P\">instagram.com\/totaalvoetbal_<wbr \/>2023<\/a>.<\/p>\n","protected":false},"excerpt":{"rendered":"<p>Da venerd\u00ec 8 a domenica 10 settembre oltre 40 eventi all\u2019Ultravox Firenze nel Parco delle Cascine<\/p>\n","protected":false},"author":525,"featured_media":303367,"comment_status":"open","ping_status":"open","sticky":false,"template":"","format":"standard","meta":{"_acf_changed":false,"footnotes":""},"categories":[494],"tags":[290,202],"class_list":["post-303364","post","type-post","status-publish","format-standard","has-post-thumbnail","hentry","category-attualita","tag-calcio","tag-firenze"],"acf":[],"yoast_head":"<!-- This site is optimized with the Yoast SEO Premium plugin v24.2 (Yoast SEO v25.6) - https:\/\/yoast.com\/wordpress\/plugins\/seo\/ -->\n<title>A Firenze tre giorni dedicati al calcio con il &quot;Totaalvoetbal&quot; - intoscana<\/title>\n<meta name=\"robots\" content=\"index, follow, max-snippet:-1, max-image-preview:large, max-video-preview:-1\" \/>\n<link rel=\"canonical\" href=\"https:\/\/www.intoscana.it\/it\/a-firenze-tre-giorni-dedicati-al-calcio-con-il-totaalvoetbal\/\" \/>\n<meta property=\"og:locale\" content=\"it_IT\" \/>\n<meta property=\"og:type\" content=\"article\" \/>\n<meta property=\"og:title\" content=\"A Firenze tre giorni dedicati al calcio con il &quot;Totaalvoetbal&quot;\" \/>\n<meta property=\"og:description\" content=\"Da venerd\u00ec 8 a domenica 10 settembre oltre 40 eventi all\u2019Ultravox Firenze nel Parco delle Cascine\" \/>\n<meta property=\"og:url\" content=\"https:\/\/www.intoscana.it\/it\/a-firenze-tre-giorni-dedicati-al-calcio-con-il-totaalvoetbal\/\" \/>\n<meta property=\"og:site_name\" content=\"intoscana\" \/>\n<meta property=\"article:publisher\" content=\"https:\/\/www.facebook.com\/intoscana.it\" \/>\n<meta property=\"article:published_time\" content=\"2023-09-06T12:52:37+00:00\" \/>\n<meta property=\"article:modified_time\" content=\"2023-09-06T12:52:59+00:00\" \/>\n<meta property=\"og:image\" content=\"https:\/\/www.intoscana.it\/wp-content\/uploads\/TotaalVoetbal-illustrazione.jpg\" \/>\n\t<meta property=\"og:image:width\" content=\"1748\" \/>\n\t<meta property=\"og:image:height\" content=\"1704\" \/>\n\t<meta property=\"og:image:type\" content=\"image\/jpeg\" \/>\n<meta name=\"author\" content=\"Redazione\" \/>\n<meta name=\"twitter:card\" content=\"summary_large_image\" \/>\n<meta name=\"twitter:creator\" content=\"@intoscana\" \/>\n<meta name=\"twitter:site\" content=\"@intoscana\" \/>\n<meta name=\"twitter:label1\" content=\"Written by\" \/>\n\t<meta name=\"twitter:data1\" content=\"Redazione\" \/>\n\t<meta name=\"twitter:label2\" content=\"Est. reading time\" \/>\n\t<meta name=\"twitter:data2\" content=\"3 minuti\" \/>\n<script type=\"application\/ld+json\" class=\"yoast-schema-graph\">{\"@context\":\"https:\/\/schema.org\",\"@graph\":[{\"@type\":\"WebPage\",\"@id\":\"https:\/\/www.intoscana.it\/it\/a-firenze-tre-giorni-dedicati-al-calcio-con-il-totaalvoetbal\/\",\"url\":\"https:\/\/www.intoscana.it\/it\/a-firenze-tre-giorni-dedicati-al-calcio-con-il-totaalvoetbal\/\",\"name\":\"A Firenze tre giorni dedicati al calcio con il \\\"Totaalvoetbal\\\" - intoscana\",\"isPartOf\":{\"@id\":\"https:\/\/www.intoscana.it\/it\/#website\"},\"primaryImageOfPage\":{\"@id\":\"https:\/\/www.intoscana.it\/it\/a-firenze-tre-giorni-dedicati-al-calcio-con-il-totaalvoetbal\/#primaryimage\"},\"image\":{\"@id\":\"https:\/\/www.intoscana.it\/it\/a-firenze-tre-giorni-dedicati-al-calcio-con-il-totaalvoetbal\/#primaryimage\"},\"thumbnailUrl\":\"https:\/\/www.intoscana.it\/wp-content\/uploads\/TotaalVoetbal-illustrazione.jpg\",\"datePublished\":\"2023-09-06T12:52:37+00:00\",\"dateModified\":\"2023-09-06T12:52:59+00:00\",\"author\":{\"@id\":\"https:\/\/www.intoscana.it\/it\/#\/schema\/person\/9223810753230f20bd670fdd322661f8\"},\"breadcrumb\":{\"@id\":\"https:\/\/www.intoscana.it\/it\/a-firenze-tre-giorni-dedicati-al-calcio-con-il-totaalvoetbal\/#breadcrumb\"},\"inLanguage\":\"it-IT\",\"potentialAction\":[{\"@type\":\"ReadAction\",\"target\":[\"https:\/\/www.intoscana.it\/it\/a-firenze-tre-giorni-dedicati-al-calcio-con-il-totaalvoetbal\/\"]}]},{\"@type\":\"ImageObject\",\"inLanguage\":\"it-IT\",\"@id\":\"https:\/\/www.intoscana.it\/it\/a-firenze-tre-giorni-dedicati-al-calcio-con-il-totaalvoetbal\/#primaryimage\",\"url\":\"https:\/\/www.intoscana.it\/wp-content\/uploads\/TotaalVoetbal-illustrazione.jpg\",\"contentUrl\":\"https:\/\/www.intoscana.it\/wp-content\/uploads\/TotaalVoetbal-illustrazione.jpg\",\"width\":1748,\"height\":1704},{\"@type\":\"BreadcrumbList\",\"@id\":\"https:\/\/www.intoscana.it\/it\/a-firenze-tre-giorni-dedicati-al-calcio-con-il-totaalvoetbal\/#breadcrumb\",\"itemListElement\":[{\"@type\":\"ListItem\",\"position\":1,\"name\":\"Home\",\"item\":\"https:\/\/www.intoscana.it\/it\/\"},{\"@type\":\"ListItem\",\"position\":2,\"name\":\"A Firenze tre giorni dedicati al calcio con il &#8220;Totaalvoetbal&#8221;\"}]},{\"@type\":\"WebSite\",\"@id\":\"https:\/\/www.intoscana.it\/it\/#website\",\"url\":\"https:\/\/www.intoscana.it\/it\/\",\"name\":\"intoscana\",\"description\":\"\",\"potentialAction\":[{\"@type\":\"SearchAction\",\"target\":{\"@type\":\"EntryPoint\",\"urlTemplate\":\"https:\/\/www.intoscana.it\/it\/?s={search_term_string}\"},\"query-input\":{\"@type\":\"PropertyValueSpecification\",\"valueRequired\":true,\"valueName\":\"search_term_string\"}}],\"inLanguage\":\"it-IT\"},{\"@type\":\"Person\",\"@id\":\"https:\/\/www.intoscana.it\/it\/#\/schema\/person\/9223810753230f20bd670fdd322661f8\",\"name\":\"Redazione\",\"url\":\"https:\/\/www.intoscana.it\/it\/author\/redazione\/\"}]}<\/script>\n<!-- \/ Yoast SEO Premium plugin. -->","yoast_head_json":{"title":"A Firenze tre giorni dedicati al calcio con il \"Totaalvoetbal\" - intoscana","robots":{"index":"index","follow":"follow","max-snippet":"max-snippet:-1","max-image-preview":"max-image-preview:large","max-video-preview":"max-video-preview:-1"},"canonical":"https:\/\/www.intoscana.it\/it\/a-firenze-tre-giorni-dedicati-al-calcio-con-il-totaalvoetbal\/","og_locale":"it_IT","og_type":"article","og_title":"A Firenze tre giorni dedicati al calcio con il \"Totaalvoetbal\"","og_description":"Da venerd\u00ec 8 a domenica 10 settembre oltre 40 eventi all\u2019Ultravox Firenze nel Parco delle Cascine","og_url":"https:\/\/www.intoscana.it\/it\/a-firenze-tre-giorni-dedicati-al-calcio-con-il-totaalvoetbal\/","og_site_name":"intoscana","article_publisher":"https:\/\/www.facebook.com\/intoscana.it","article_published_time":"2023-09-06T12:52:37+00:00","article_modified_time":"2023-09-06T12:52:59+00:00","og_image":[{"width":1748,"height":1704,"url":"https:\/\/www.intoscana.it\/wp-content\/uploads\/TotaalVoetbal-illustrazione.jpg","type":"image\/jpeg"}],"author":"Redazione","twitter_card":"summary_large_image","twitter_creator":"@intoscana","twitter_site":"@intoscana","twitter_misc":{"Written by":"Redazione","Est. reading time":"3 minuti"},"schema":{"@context":"https:\/\/schema.org","@graph":[{"@type":"WebPage","@id":"https:\/\/www.intoscana.it\/it\/a-firenze-tre-giorni-dedicati-al-calcio-con-il-totaalvoetbal\/","url":"https:\/\/www.intoscana.it\/it\/a-firenze-tre-giorni-dedicati-al-calcio-con-il-totaalvoetbal\/","name":"A Firenze tre giorni dedicati al calcio con il \"Totaalvoetbal\" - intoscana","isPartOf":{"@id":"https:\/\/www.intoscana.it\/it\/#website"},"primaryImageOfPage":{"@id":"https:\/\/www.intoscana.it\/it\/a-firenze-tre-giorni-dedicati-al-calcio-con-il-totaalvoetbal\/#primaryimage"},"image":{"@id":"https:\/\/www.intoscana.it\/it\/a-firenze-tre-giorni-dedicati-al-calcio-con-il-totaalvoetbal\/#primaryimage"},"thumbnailUrl":"https:\/\/www.intoscana.it\/wp-content\/uploads\/TotaalVoetbal-illustrazione.jpg","datePublished":"2023-09-06T12:52:37+00:00","dateModified":"2023-09-06T12:52:59+00:00","author":{"@id":"https:\/\/www.intoscana.it\/it\/#\/schema\/person\/9223810753230f20bd670fdd322661f8"},"breadcrumb":{"@id":"https:\/\/www.intoscana.it\/it\/a-firenze-tre-giorni-dedicati-al-calcio-con-il-totaalvoetbal\/#breadcrumb"},"inLanguage":"it-IT","potentialAction":[{"@type":"ReadAction","target":["https:\/\/www.intoscana.it\/it\/a-firenze-tre-giorni-dedicati-al-calcio-con-il-totaalvoetbal\/"]}]},{"@type":"ImageObject","inLanguage":"it-IT","@id":"https:\/\/www.intoscana.it\/it\/a-firenze-tre-giorni-dedicati-al-calcio-con-il-totaalvoetbal\/#primaryimage","url":"https:\/\/www.intoscana.it\/wp-content\/uploads\/TotaalVoetbal-illustrazione.jpg","contentUrl":"https:\/\/www.intoscana.it\/wp-content\/uploads\/TotaalVoetbal-illustrazione.jpg","width":1748,"height":1704},{"@type":"BreadcrumbList","@id":"https:\/\/www.intoscana.it\/it\/a-firenze-tre-giorni-dedicati-al-calcio-con-il-totaalvoetbal\/#breadcrumb","itemListElement":[{"@type":"ListItem","position":1,"name":"Home","item":"https:\/\/www.intoscana.it\/it\/"},{"@type":"ListItem","position":2,"name":"A Firenze tre giorni dedicati al calcio con il &#8220;Totaalvoetbal&#8221;"}]},{"@type":"WebSite","@id":"https:\/\/www.intoscana.it\/it\/#website","url":"https:\/\/www.intoscana.it\/it\/","name":"intoscana","description":"","potentialAction":[{"@type":"SearchAction","target":{"@type":"EntryPoint","urlTemplate":"https:\/\/www.intoscana.it\/it\/?s={search_term_string}"},"query-input":{"@type":"PropertyValueSpecification","valueRequired":true,"valueName":"search_term_string"}}],"inLanguage":"it-IT"},{"@type":"Person","@id":"https:\/\/www.intoscana.it\/it\/#\/schema\/person\/9223810753230f20bd670fdd322661f8","name":"Redazione","url":"https:\/\/www.intoscana.it\/it\/author\/redazione\/"}]}},"_links":{"self":[{"href":"https:\/\/www.intoscana.it\/it\/wp-json\/wp\/v2\/posts\/303364","targetHints":{"allow":["GET"]}}],"collection":[{"href":"https:\/\/www.intoscana.it\/it\/wp-json\/wp\/v2\/posts"}],"about":[{"href":"https:\/\/www.intoscana.it\/it\/wp-json\/wp\/v2\/types\/post"}],"author":[{"embeddable":true,"href":"https:\/\/www.intoscana.it\/it\/wp-json\/wp\/v2\/users\/525"}],"replies":[{"embeddable":true,"href":"https:\/\/www.intoscana.it\/it\/wp-json\/wp\/v2\/comments?post=303364"}],"version-history":[{"count":0,"href":"https:\/\/www.intoscana.it\/it\/wp-json\/wp\/v2\/posts\/303364\/revisions"}],"wp:featuredmedia":[{"embeddable":true,"href":"https:\/\/www.intoscana.it\/it\/wp-json\/wp\/v2\/media\/303367"}],"wp:attachment":[{"href":"https:\/\/www.intoscana.it\/it\/wp-json\/wp\/v2\/media?parent=303364"}],"wp:term":[{"taxonomy":"category","embeddable":true,"href":"https:\/\/www.intoscana.it\/it\/wp-json\/wp\/v2\/categories?post=303364"},{"taxonomy":"post_tag","embeddable":true,"href":"https:\/\/www.intoscana.it\/it\/wp-json\/wp\/v2\/tags?post=303364"}],"curies":[{"name":"wp","href":"https:\/\/api.w.org\/{rel}","templated":true}]}}