{"id":303505,"date":"2023-09-07T10:07:20","date_gmt":"2023-09-07T08:07:20","guid":{"rendered":"https:\/\/www.intoscana.it\/it\/?p=303505"},"modified":"2023-09-08T13:42:50","modified_gmt":"2023-09-08T11:42:50","slug":"i-ritratti-inediti-di-nino-tirinnanzi-in-mostra-al-museo-san-francesco-di-greve-in-chianti","status":"publish","type":"post","link":"https:\/\/www.intoscana.it\/it\/i-ritratti-inediti-di-nino-tirinnanzi-in-mostra-al-museo-san-francesco-di-greve-in-chianti\/","title":{"rendered":"I ritratti inediti di Nino Tirinnanzi in mostra al Museo San Francesco di Greve in Chianti"},"content":{"rendered":"<p>In occasione del <strong>centenario della nascita <\/strong>dell&#8217;artista grevigiano allievo di Ottone Rosai<strong> fino al 23 settembre<\/strong> gli spazi del\u00a0<strong>Museo San Francesco di Greve in Chianti <\/strong>ospiteranno l&#8217;esposizione\u00a0<em><strong>\u201cNino Tirinnanzi alla ricerca dell&#8217;uomo perduto\u201d.<\/strong><\/em><\/p>\n<p>Saranno in mostra <strong>una ventina di opere mai viste prima<\/strong> che il Comune di Greve in Chianti grazie alla stretta collaborazione con la <strong>famiglia<\/strong> ha raccolto e mostrer\u00e0 al pubblico come<strong> tesori d&#8217;arte che narrano il genio grevigiano e il suo tempo<\/strong>, le relazioni con il mondo culturale, letterario e sociale che visse nella prima met\u00e0 del Novecento.<\/p>\n<p><strong>Figure, volti, espressioni cariche di umanit\u00e0<\/strong> che ritraggono<strong> Carla Fracci, Elsa Morante, Alfonso Righi.<\/strong> C&#8217;\u00e8 anche un ritratto di <strong>Eugenio Montale<\/strong>, l&#8217;amico che ebbe modo di frequentare nella sua residenza estiva al Forte dei Marmi tra le opere inedite di <strong>Nino Tirinnanzi.<\/strong><\/p>\n<p>In mostra spiccano anche\u00a0<strong>ritratti di bambini,<\/strong> tra cui<strong> la nipote Maria Chiara e adulti,<\/strong> figure note e persone comuni,<strong> dipinti e disegni realizzati a matita, carboncino e tecnica mista.<\/strong><\/p>\n<figure id=\"post-303506 media-303506\" class=\"align-none\"><img decoding=\"async\" src=\"https:\/\/www.intoscana.it\/wp-content\/uploads\/da-sx-Maria-Chiara-Tirinnanzi-nipote-dellartista-e-il-vicesindaco-di-Greve-in-Chianti-Giulio-Saturnini.jpg\" alt=\"\" \/><\/figure>\n<div class=\"titleimg\"><em>Maria Chiara Tirinnanzi, nipote dell\u2019artista, e il vicesindaco di Greve in Chianti Giulio Saturnini<\/em><\/div>\n<p><em>\u201c\u00c8 una mostra &#8211;<\/em><strong> dichiara l&#8217;assessore alla Cultura Giulio Saturnini &#8211;<\/strong><em> che vuole raccontare il talento e la produzione artistica di Nino Tirinnanzi, protagonista dell&#8217;arte del Novecento italiano, come figlio del suo tempo, interprete di una realt\u00e0 che muta, cambia, cresce nei valori e nei sentimenti, nella condizione umana. Tirinnanzi, artista che visse l\u2019orrore della seconda guerra mondiale, accompagna e d\u00e0 forma al suo approccio alla vita prima con una visione triste, nostalgica, ombrosa, poi con una poetica solare, accogliente giocosa nei soggetti umani e nei paesaggi, nell&#8217;utilizzo della luce e dei colori, simbolo dell&#8217;arte che si nutre del contatto con il mondo esterno e delle relazioni con gli altri\u201d. <\/em><\/p>\n<p><strong>Tirinnanzi, uomo e artista del suo tempo<\/strong> inserito nel pi\u00f9 alto contesto intellettuale del <strong>Novecento<\/strong> di cui fece parte attivamente, fu amico di <strong>Montale, Gadda, Luzi, Vittorini, Landolfi, Parronchi, Palazzeschi, Pratolini e poi Pasolini, Penna e Bacon<\/strong>. Quell&#8217;arte che diede speranza e fiducia al futuro e da pittore di guerra lo fece elevare a pittore della vita.<\/p>\n<p>Per l\u2019occasione il Comune propone anche <strong>un percorso con i luoghi di interesse legati a Nino Tirinnanzi<\/strong> tra cui <strong>via delle Capanne, la Chiesa di Santa Croce, il Palazzo comunale e il Museo di San Francesco<\/strong>, spazi pubblici dove l&#8217;arte del grande pittore grevigiano si moltiplica e si diffonde con l&#8217;esposizione di alcuni dei suoi pi\u00f9 importanti capolavori realizzati negli anni Sessanta e Ottanta.<\/p>\n<p><strong>L\u2019amico Eugenio Montale, Premio Nobel della Letteratura<\/strong>, lo defin\u00ec cos\u00ec nel 1974:\u00a0\u201c<em>\u00c8 spesso un graffio ma porta sempre la firma di un uomo. Sembra poca cosa ed \u00e8 invece la garanzia della sua autenticit\u00e0\u201d.<\/em><\/p>\n<figure id=\"post-303511 media-303511\" class=\"align-none\"><img decoding=\"async\" src=\"https:\/\/www.intoscana.it\/wp-content\/uploads\/IMG_2602-scaled.jpg\" alt=\"\" \/><\/figure>\n<h3>Nini Tirinnanzi (1923-2002)<\/h3>\n<p><strong>Nino Tirinnanzi \u00e8 nato a Greve in Chianti l\u201911 agosto 1923<\/strong>. Di famiglia benestante, fin dalla prima infanzia ebbe come guida umana e culturale <strong>Domenico Giuliotti<\/strong>.<\/p>\n<p>Iscritto all\u2019<strong>Istituto d\u2019Arte di Firenze,<\/strong> vi studi\u00f2 fino all\u2019ottobre del 1936, anno in cui<strong> conobbe Ottone Rosai<\/strong> del quale divenne subito allievo.<\/p>\n<p>Insieme al suo maestro, ancora adolescente, frequent\u00f2 <strong>celebri ritrovi di poeti, scrittori e intellettuali<\/strong> come <strong>\u201cLe Giubbe Rosse\u201d.<\/strong><\/p>\n<p>Con lo scoppio della <strong>seconda Guerra Mondiale,<\/strong> venne chiamato alle armi e inviato a <strong>Rodi<\/strong>; durante l\u2019occupazione tedesca dell\u2019isola <strong>fugg\u00ec in Turchia,<\/strong> pass\u00f2 successivamente in <strong>Siria, Libano, Palestina, fermandosi in Egitto<\/strong>, dove pot\u00e9 finalmente riprendere il lavoro sospeso per un lungo tempo prima di rimpatriare nel 1946.<\/p>\n<p>Da allora, i successi nel campo della pittura e del disegno si sono susseguiti ininterrotti<strong>. Tirinnanzi, infatti, \u00e8 stato invitato a tutte le pi\u00f9 importanti rassegne pubbliche<\/strong> svoltesi in Italia nel secondo Novecento.<\/p>\n<p>Occorre ricordare le sue partecipazioni alla <strong>Biennale di Venezia e alla Quadriennale di Roma<\/strong> nonch\u00e9 i numerosi conseguiti al premio<strong><em> \u201cFiorino\u201d<\/em><\/strong>.<\/p>\n<p>Del suo soggiorno romano, fra gli anni Sessanta e i primi Settanta, sono le<strong> amicizie con Sandro Penna e Pier Paolo Pasolini,<\/strong> nonch\u00e9 la frequentazione dei molti pittori e intellettuali riuniti al <em><strong>\u201cCaff\u00e8 Greco\u201d<\/strong><\/em>.<\/p>\n<p>Per molte estati, presso la sua <strong>residenza al Forte dei Marmi<\/strong>, ebbe come amico e interlocutore primario nientedimeno che il <strong>Premio Nobel Eugenio Montale.<\/strong> Ad un suo viaggio a Londra si deve <strong>l\u2019incontro con Francis Bacon.<\/strong><\/p>\n<figure id=\"post-303509 media-303509\" class=\"align-none\"><img decoding=\"async\" src=\"https:\/\/www.intoscana.it\/wp-content\/uploads\/Benedetta-Mori-bisnipote-di-Nino-Tirinnanzi1.jpg\" alt=\"\" \/><\/figure>\n<div class=\"titleimg\"><em>Benedetta Mori, bisnipote di Nino Tirinnanzi<\/em><\/div>\n","protected":false},"excerpt":{"rendered":"<p>In occasione del centenario della nascita, la mostra, curata da Giovanni Faccenda, raccoglie ed espone fino al 23 settembre una ventina di capolavori dell\u2019artista grevigiano, allievo di Ottone Rosai<\/p>\n","protected":false},"author":525,"featured_media":303510,"comment_status":"open","ping_status":"open","sticky":false,"template":"","format":"standard","meta":{"_acf_changed":false,"footnotes":""},"categories":[493],"tags":[5729,222],"class_list":["post-303505","post","type-post","status-publish","format-standard","has-post-thumbnail","hentry","category-cultura","tag-greve-in-chianti","tag-mostre"],"acf":[],"yoast_head":"<!-- This site is optimized with the Yoast SEO Premium plugin v24.2 (Yoast SEO v25.6) - https:\/\/yoast.com\/wordpress\/plugins\/seo\/ -->\n<title>I ritratti inediti di Nino Tirinnanzi in mostra al Museo San Francesco di Greve in Chianti - intoscana<\/title>\n<meta name=\"description\" content=\"In occasione del centenario della nascita, la mostra, curata da Giovanni Faccenda, raccoglie ed espone una ventina di capolavori dell\u2019artista\" \/>\n<meta name=\"robots\" content=\"index, follow, max-snippet:-1, max-image-preview:large, max-video-preview:-1\" \/>\n<link rel=\"canonical\" href=\"https:\/\/www.intoscana.it\/it\/i-ritratti-inediti-di-nino-tirinnanzi-in-mostra-al-museo-san-francesco-di-greve-in-chianti\/\" \/>\n<meta property=\"og:locale\" content=\"it_IT\" \/>\n<meta property=\"og:type\" content=\"article\" \/>\n<meta property=\"og:title\" content=\"I ritratti inediti di Nino Tirinnanzi in mostra al Museo San Francesco di Greve in Chianti\" \/>\n<meta property=\"og:description\" content=\"In occasione del centenario della nascita, la mostra, curata da Giovanni Faccenda, raccoglie ed espone una ventina di capolavori dell\u2019artista\" \/>\n<meta property=\"og:url\" content=\"https:\/\/www.intoscana.it\/it\/i-ritratti-inediti-di-nino-tirinnanzi-in-mostra-al-museo-san-francesco-di-greve-in-chianti\/\" \/>\n<meta property=\"og:site_name\" content=\"intoscana\" \/>\n<meta property=\"article:publisher\" content=\"https:\/\/www.facebook.com\/intoscana.it\" \/>\n<meta property=\"article:published_time\" content=\"2023-09-07T08:07:20+00:00\" \/>\n<meta property=\"article:modified_time\" content=\"2023-09-08T11:42:50+00:00\" \/>\n<meta property=\"og:image\" content=\"https:\/\/www.intoscana.it\/wp-content\/uploads\/Benedetta-Mori-bisnipote-di-Nino-Tirinnanzi2.jpg\" \/>\n\t<meta property=\"og:image:width\" content=\"1600\" \/>\n\t<meta property=\"og:image:height\" content=\"1200\" \/>\n\t<meta property=\"og:image:type\" content=\"image\/jpeg\" \/>\n<meta name=\"author\" content=\"Redazione\" \/>\n<meta name=\"twitter:card\" content=\"summary_large_image\" \/>\n<meta name=\"twitter:creator\" content=\"@intoscana\" \/>\n<meta name=\"twitter:site\" content=\"@intoscana\" \/>\n<meta name=\"twitter:label1\" content=\"Written by\" \/>\n\t<meta name=\"twitter:data1\" content=\"Redazione\" \/>\n\t<meta name=\"twitter:label2\" content=\"Est. reading time\" \/>\n\t<meta name=\"twitter:data2\" content=\"3 minuti\" \/>\n<script type=\"application\/ld+json\" class=\"yoast-schema-graph\">{\"@context\":\"https:\/\/schema.org\",\"@graph\":[{\"@type\":\"WebPage\",\"@id\":\"https:\/\/www.intoscana.it\/it\/i-ritratti-inediti-di-nino-tirinnanzi-in-mostra-al-museo-san-francesco-di-greve-in-chianti\/\",\"url\":\"https:\/\/www.intoscana.it\/it\/i-ritratti-inediti-di-nino-tirinnanzi-in-mostra-al-museo-san-francesco-di-greve-in-chianti\/\",\"name\":\"I ritratti inediti di Nino Tirinnanzi in mostra al Museo San Francesco di Greve in Chianti - intoscana\",\"isPartOf\":{\"@id\":\"https:\/\/www.intoscana.it\/it\/#website\"},\"primaryImageOfPage\":{\"@id\":\"https:\/\/www.intoscana.it\/it\/i-ritratti-inediti-di-nino-tirinnanzi-in-mostra-al-museo-san-francesco-di-greve-in-chianti\/#primaryimage\"},\"image\":{\"@id\":\"https:\/\/www.intoscana.it\/it\/i-ritratti-inediti-di-nino-tirinnanzi-in-mostra-al-museo-san-francesco-di-greve-in-chianti\/#primaryimage\"},\"thumbnailUrl\":\"https:\/\/www.intoscana.it\/wp-content\/uploads\/Benedetta-Mori-bisnipote-di-Nino-Tirinnanzi2.jpg\",\"datePublished\":\"2023-09-07T08:07:20+00:00\",\"dateModified\":\"2023-09-08T11:42:50+00:00\",\"author\":{\"@id\":\"https:\/\/www.intoscana.it\/it\/#\/schema\/person\/9223810753230f20bd670fdd322661f8\"},\"description\":\"In occasione del centenario della nascita, la mostra, curata da Giovanni Faccenda, raccoglie ed espone una ventina di capolavori dell\u2019artista\",\"breadcrumb\":{\"@id\":\"https:\/\/www.intoscana.it\/it\/i-ritratti-inediti-di-nino-tirinnanzi-in-mostra-al-museo-san-francesco-di-greve-in-chianti\/#breadcrumb\"},\"inLanguage\":\"it-IT\",\"potentialAction\":[{\"@type\":\"ReadAction\",\"target\":[\"https:\/\/www.intoscana.it\/it\/i-ritratti-inediti-di-nino-tirinnanzi-in-mostra-al-museo-san-francesco-di-greve-in-chianti\/\"]}]},{\"@type\":\"ImageObject\",\"inLanguage\":\"it-IT\",\"@id\":\"https:\/\/www.intoscana.it\/it\/i-ritratti-inediti-di-nino-tirinnanzi-in-mostra-al-museo-san-francesco-di-greve-in-chianti\/#primaryimage\",\"url\":\"https:\/\/www.intoscana.it\/wp-content\/uploads\/Benedetta-Mori-bisnipote-di-Nino-Tirinnanzi2.jpg\",\"contentUrl\":\"https:\/\/www.intoscana.it\/wp-content\/uploads\/Benedetta-Mori-bisnipote-di-Nino-Tirinnanzi2.jpg\",\"width\":1600,\"height\":1200},{\"@type\":\"BreadcrumbList\",\"@id\":\"https:\/\/www.intoscana.it\/it\/i-ritratti-inediti-di-nino-tirinnanzi-in-mostra-al-museo-san-francesco-di-greve-in-chianti\/#breadcrumb\",\"itemListElement\":[{\"@type\":\"ListItem\",\"position\":1,\"name\":\"Home\",\"item\":\"https:\/\/www.intoscana.it\/it\/\"},{\"@type\":\"ListItem\",\"position\":2,\"name\":\"I ritratti inediti di Nino Tirinnanzi in mostra al Museo San Francesco di Greve in Chianti\"}]},{\"@type\":\"WebSite\",\"@id\":\"https:\/\/www.intoscana.it\/it\/#website\",\"url\":\"https:\/\/www.intoscana.it\/it\/\",\"name\":\"intoscana\",\"description\":\"\",\"potentialAction\":[{\"@type\":\"SearchAction\",\"target\":{\"@type\":\"EntryPoint\",\"urlTemplate\":\"https:\/\/www.intoscana.it\/it\/?s={search_term_string}\"},\"query-input\":{\"@type\":\"PropertyValueSpecification\",\"valueRequired\":true,\"valueName\":\"search_term_string\"}}],\"inLanguage\":\"it-IT\"},{\"@type\":\"Person\",\"@id\":\"https:\/\/www.intoscana.it\/it\/#\/schema\/person\/9223810753230f20bd670fdd322661f8\",\"name\":\"Redazione\",\"url\":\"https:\/\/www.intoscana.it\/it\/author\/redazione\/\"}]}<\/script>\n<!-- \/ Yoast SEO Premium plugin. -->","yoast_head_json":{"title":"I ritratti inediti di Nino Tirinnanzi in mostra al Museo San Francesco di Greve in Chianti - intoscana","description":"In occasione del centenario della nascita, la mostra, curata da Giovanni Faccenda, raccoglie ed espone una ventina di capolavori dell\u2019artista","robots":{"index":"index","follow":"follow","max-snippet":"max-snippet:-1","max-image-preview":"max-image-preview:large","max-video-preview":"max-video-preview:-1"},"canonical":"https:\/\/www.intoscana.it\/it\/i-ritratti-inediti-di-nino-tirinnanzi-in-mostra-al-museo-san-francesco-di-greve-in-chianti\/","og_locale":"it_IT","og_type":"article","og_title":"I ritratti inediti di Nino Tirinnanzi in mostra al Museo San Francesco di Greve in Chianti","og_description":"In occasione del centenario della nascita, la mostra, curata da Giovanni Faccenda, raccoglie ed espone una ventina di capolavori dell\u2019artista","og_url":"https:\/\/www.intoscana.it\/it\/i-ritratti-inediti-di-nino-tirinnanzi-in-mostra-al-museo-san-francesco-di-greve-in-chianti\/","og_site_name":"intoscana","article_publisher":"https:\/\/www.facebook.com\/intoscana.it","article_published_time":"2023-09-07T08:07:20+00:00","article_modified_time":"2023-09-08T11:42:50+00:00","og_image":[{"width":1600,"height":1200,"url":"https:\/\/www.intoscana.it\/wp-content\/uploads\/Benedetta-Mori-bisnipote-di-Nino-Tirinnanzi2.jpg","type":"image\/jpeg"}],"author":"Redazione","twitter_card":"summary_large_image","twitter_creator":"@intoscana","twitter_site":"@intoscana","twitter_misc":{"Written by":"Redazione","Est. reading time":"3 minuti"},"schema":{"@context":"https:\/\/schema.org","@graph":[{"@type":"WebPage","@id":"https:\/\/www.intoscana.it\/it\/i-ritratti-inediti-di-nino-tirinnanzi-in-mostra-al-museo-san-francesco-di-greve-in-chianti\/","url":"https:\/\/www.intoscana.it\/it\/i-ritratti-inediti-di-nino-tirinnanzi-in-mostra-al-museo-san-francesco-di-greve-in-chianti\/","name":"I ritratti inediti di Nino Tirinnanzi in mostra al Museo San Francesco di Greve in Chianti - intoscana","isPartOf":{"@id":"https:\/\/www.intoscana.it\/it\/#website"},"primaryImageOfPage":{"@id":"https:\/\/www.intoscana.it\/it\/i-ritratti-inediti-di-nino-tirinnanzi-in-mostra-al-museo-san-francesco-di-greve-in-chianti\/#primaryimage"},"image":{"@id":"https:\/\/www.intoscana.it\/it\/i-ritratti-inediti-di-nino-tirinnanzi-in-mostra-al-museo-san-francesco-di-greve-in-chianti\/#primaryimage"},"thumbnailUrl":"https:\/\/www.intoscana.it\/wp-content\/uploads\/Benedetta-Mori-bisnipote-di-Nino-Tirinnanzi2.jpg","datePublished":"2023-09-07T08:07:20+00:00","dateModified":"2023-09-08T11:42:50+00:00","author":{"@id":"https:\/\/www.intoscana.it\/it\/#\/schema\/person\/9223810753230f20bd670fdd322661f8"},"description":"In occasione del centenario della nascita, la mostra, curata da Giovanni Faccenda, raccoglie ed espone una ventina di capolavori dell\u2019artista","breadcrumb":{"@id":"https:\/\/www.intoscana.it\/it\/i-ritratti-inediti-di-nino-tirinnanzi-in-mostra-al-museo-san-francesco-di-greve-in-chianti\/#breadcrumb"},"inLanguage":"it-IT","potentialAction":[{"@type":"ReadAction","target":["https:\/\/www.intoscana.it\/it\/i-ritratti-inediti-di-nino-tirinnanzi-in-mostra-al-museo-san-francesco-di-greve-in-chianti\/"]}]},{"@type":"ImageObject","inLanguage":"it-IT","@id":"https:\/\/www.intoscana.it\/it\/i-ritratti-inediti-di-nino-tirinnanzi-in-mostra-al-museo-san-francesco-di-greve-in-chianti\/#primaryimage","url":"https:\/\/www.intoscana.it\/wp-content\/uploads\/Benedetta-Mori-bisnipote-di-Nino-Tirinnanzi2.jpg","contentUrl":"https:\/\/www.intoscana.it\/wp-content\/uploads\/Benedetta-Mori-bisnipote-di-Nino-Tirinnanzi2.jpg","width":1600,"height":1200},{"@type":"BreadcrumbList","@id":"https:\/\/www.intoscana.it\/it\/i-ritratti-inediti-di-nino-tirinnanzi-in-mostra-al-museo-san-francesco-di-greve-in-chianti\/#breadcrumb","itemListElement":[{"@type":"ListItem","position":1,"name":"Home","item":"https:\/\/www.intoscana.it\/it\/"},{"@type":"ListItem","position":2,"name":"I ritratti inediti di Nino Tirinnanzi in mostra al Museo San Francesco di Greve in Chianti"}]},{"@type":"WebSite","@id":"https:\/\/www.intoscana.it\/it\/#website","url":"https:\/\/www.intoscana.it\/it\/","name":"intoscana","description":"","potentialAction":[{"@type":"SearchAction","target":{"@type":"EntryPoint","urlTemplate":"https:\/\/www.intoscana.it\/it\/?s={search_term_string}"},"query-input":{"@type":"PropertyValueSpecification","valueRequired":true,"valueName":"search_term_string"}}],"inLanguage":"it-IT"},{"@type":"Person","@id":"https:\/\/www.intoscana.it\/it\/#\/schema\/person\/9223810753230f20bd670fdd322661f8","name":"Redazione","url":"https:\/\/www.intoscana.it\/it\/author\/redazione\/"}]}},"_links":{"self":[{"href":"https:\/\/www.intoscana.it\/it\/wp-json\/wp\/v2\/posts\/303505","targetHints":{"allow":["GET"]}}],"collection":[{"href":"https:\/\/www.intoscana.it\/it\/wp-json\/wp\/v2\/posts"}],"about":[{"href":"https:\/\/www.intoscana.it\/it\/wp-json\/wp\/v2\/types\/post"}],"author":[{"embeddable":true,"href":"https:\/\/www.intoscana.it\/it\/wp-json\/wp\/v2\/users\/525"}],"replies":[{"embeddable":true,"href":"https:\/\/www.intoscana.it\/it\/wp-json\/wp\/v2\/comments?post=303505"}],"version-history":[{"count":0,"href":"https:\/\/www.intoscana.it\/it\/wp-json\/wp\/v2\/posts\/303505\/revisions"}],"wp:featuredmedia":[{"embeddable":true,"href":"https:\/\/www.intoscana.it\/it\/wp-json\/wp\/v2\/media\/303510"}],"wp:attachment":[{"href":"https:\/\/www.intoscana.it\/it\/wp-json\/wp\/v2\/media?parent=303505"}],"wp:term":[{"taxonomy":"category","embeddable":true,"href":"https:\/\/www.intoscana.it\/it\/wp-json\/wp\/v2\/categories?post=303505"},{"taxonomy":"post_tag","embeddable":true,"href":"https:\/\/www.intoscana.it\/it\/wp-json\/wp\/v2\/tags?post=303505"}],"curies":[{"name":"wp","href":"https:\/\/api.w.org\/{rel}","templated":true}]}}