{"id":303646,"date":"2023-09-07T12:15:05","date_gmt":"2023-09-07T10:15:05","guid":{"rendered":"https:\/\/www.intoscana.it\/it\/?p=303646"},"modified":"2023-09-07T14:20:38","modified_gmt":"2023-09-07T12:20:38","slug":"le-case-mondi-possibili-cinque-giorni-di-teatro-e-letteratura-nellex-convento-di-santorsola","status":"publish","type":"post","link":"https:\/\/www.intoscana.it\/it\/le-case-mondi-possibili-cinque-giorni-di-teatro-e-letteratura-nellex-convento-di-santorsola\/","title":{"rendered":"\u201cLe Case: mondi possibili\u201d cinque giorni di teatro e letteratura nell&#8217;ex convento di Sant\u2019Orsola"},"content":{"rendered":"<p><strong>Dall\u201911 al 15 settembre <\/strong>l\u2019ex monastero di<strong> Sant\u2019Orsola a Firenze<\/strong> ospita<strong> <em>\u201cLe Case: mondi possibili\u201d: <\/em><\/strong>cinque giorni per abitare <strong>uno spazio chiuso al pubblico da oltre 30 anni,<\/strong> attraverso\u00a0<strong>musica, teatro e letteratura.<\/strong><\/p>\n<p>In programma: <strong>laboratori, performance, incontri, presentazioni e visite guidate<\/strong> alla riscoperta di un luogo cardine nel <strong>quartiere di San Lorenzo<\/strong>, per troppo tempo sottratto alla collettivit\u00e0, a cura di compagnia <em><strong>Murmuris<\/strong><\/em> in collaborazione con il <a href=\"https:\/\/www.intoscana.it\/it\/articolo\/oltre-le-mura-di-santorsola-larte-contemporanea-invade-lex-monastero-fiorentino\/\" target=\"_blank\" rel=\"noopener\"><strong>Museo di Sant\u2019Orsola.<\/strong><\/a><\/p>\n<p><strong>Il festival \u00e8 completamente gratuito<\/strong> e avr\u00e0 molti ospiti: dall\u2019autore tradotto il 25 lingue <strong>Sacha Naspini<\/strong> al sindaco <strong>Dario Nardella,<\/strong> dalle attrici<strong> Francesca Sarteanesi e Monica Bauco<\/strong> al drammaturgo <strong>Mimmo Borrelli,<\/strong> dall\u2019associazione interculturale di donne <strong>Nosotras<\/strong> ai portavoce di <strong>Storia<\/strong> gruppo incaricato della gestione dello spazio.<\/p>\n<p>Dicono gli organizzatori: \u201c<em>Nell\u2019ambito di <strong>Estate Fiorentina 2023<\/strong> Murmuris realizza un festival all\u2019interno di un luogo simbolico che abbiamo gi\u00e0 frequentato e abitato svariate volte in passato perch\u00e9 sappiamo che tenere vivi i luoghi particolari come l\u2019ex convento attraverso eventi culturali \u00e8 un ottimo modo per provare ad immaginarne un futuro come spazio aperto e vivo a beneficio della citt\u00e0. Abbiamo pensato a un insieme di eventi che vanno da spettacoli teatrali a laboratori dedicati alle donne di Nosotras fino a un talk che vedr\u00e0 coinvolti vari soggetti che vorranno dare il loro contributo a proposito della citt\u00e0 futura sostenibile in cui tutti vorremmo vivere. Sant\u2019Orsola diventa per noi un luogo simbolico e la cultura \u00e8 il veicolo per immaginare una citt\u00e0 viva, aperta, sostenibile, efficiente e partecipata\u201d.<\/em><\/p>\n<figure id=\"post-303651 media-303651\" class=\"align-none\"><img decoding=\"async\" src=\"https:\/\/www.intoscana.it\/wp-content\/uploads\/Le-Case-del-malcontento-@-Rebecca-Lena7.jpg\" alt=\"\" \/><\/figure>\n<div class=\"titleimg\"><em>Le Case del malcontento @ Rebecca Lena<\/em><\/div>\n<h3>Il programma degli eventi<\/h3>\n<p>Tra gli eventi in programma da segnalare <em><strong>\u201cLe Case del malcontento\u201d<\/strong><\/em>, lavoro itinerante nato in collaborazione <strong>Sacha Naspini<\/strong> che porta in scena l\u2019omonimo romanzo dello scrittore maremmano edito da e\/o.<\/p>\n<p>Luisa Bosi, Laura Croce, Sandra Garuglieri, Roberto Gioffr\u00e9 e Francesco Mancini, Marisa Boschi e Matteo Berti, con la voce di Monica Benvenuti sono gli abitanti de Le Case, un borgo millenario nell\u2019entroterra toscano. Un paese come tanti,<strong> un microcosmo di personaggi<\/strong> che sembrano essere l\u00ec da sempre e per sempre e che ci somigliano, ma al contempo sono cos\u00ec lontani e universali.<\/p>\n<p><strong>Murmuris e Attodue<\/strong> presentano una nuova tappa di quest\u2019opera in via di costruzione, in avvicinamento allo spettacolo vero e proprio che debutter\u00e0 nel marzo del 2024. \u00a0(l&#8217;11 settembre \u00a0ore 21.00, 15 settembre ore 21.00).<\/p>\n<p>Ancora teatro con <em><strong>\u201cQuesto matrimonio non s\u2019ha da fare\u201d<\/strong><\/em>: su testo di <strong>Isabella Mancini<\/strong> e interpretata da <strong>Monica Bauco<\/strong> una lettura scenica prodotta da <a href=\"https:\/\/nosotras.it\" target=\"_blank\" rel=\"noopener\"><strong>Associazione Nosotras Onlus,<\/strong> <\/a>realt\u00e0 che da anni si occupa di integrazione e inclusione femminile. Una full immersion in prima persona nel coraggio di una bambina, tratta da una storia realmente accaduta.<\/p>\n<p>Il tema sono i <strong>matrimoni forzati,<\/strong> ma per Nosotras lo spettacolo non si ferma qui, diventando invito a non perdere la propria umanit\u00e0 e perseguire l\u2019affermazione dei diritti supportando e sostenendo chi chiede aiuto, rendendo il mondo un posto pi\u00f9 giusto e credendo nella possibilit\u00e0 di sradicare l\u2019indicibile (14 settembre ore 20.45).<\/p>\n<p>Sempre insieme a Nosotras Onlus sar\u00e0 organizzato il laboratorio <em><strong>\u201cAlmeno Nevicasse\u201d,<\/strong> <\/em>guidato da <strong>Francesca Sarteanesi:<\/strong> un percorso alla ricerca della parola, della frase o della sensazione dedicato alle donne dell\u2019associazione \u2013 italiane e migranti \u2013 che si svilupper\u00e0 con maglioni, ago e filo durante tutta la durata del festival con una restituzione finale aperta al pubblico (14 settembre ore 19.30).<\/p>\n<figure id=\"post-303649 media-303649\" class=\"align-none\"><img decoding=\"async\" src=\"https:\/\/www.intoscana.it\/wp-content\/uploads\/Francesca-Sarteanesi.jpg\" alt=\"\" \/><\/figure>\n<div class=\"titleimg\"><em>Francesca Sarteanesi<\/em><\/div>\n<p>L\u2019incontro <em><strong>\u201cLa citt\u00e0 sostenibile\u201d<\/strong><\/em>\u00a0vedr\u00e0 la partecipazione, insieme agli artisti e autori del festival, di <strong>Dario Nardella, Storia, Sacha Naspini, Associazione Nosotras Onlus e Murmuris<\/strong>. La citt\u00e0 pu\u00f2 essere un luogo accogliente e inclusivo, ma anche efficiente e rispettoso per la cittadinanza che la abita? <strong>L&#8217;ex Convento di Sant&#8217;Orsola \u00e8 simbolo di una rinascita straordinaria<\/strong> e di una sfida vinta da questa citt\u00e0 e dalla sua amministrazione. Proprio in questo spazio<strong> ci si interrogher\u00e0 sulla possibilit\u00e0 di immaginare un futuro aperto<\/strong> e sostenibile in equilibrio tra conservazione del patrimonio artistico e vivibilit\u00e0. (15 settembre ore 18.00).<\/p>\n<p>Da non perdere l\u2019intervento di <strong>Mimmo Borrelli<\/strong>, riconosciuto tra i pi\u00f9 importanti autori teatrali italiani d\u2019oggi, <strong>due volte Premio Ubu nel 2019 con \u201cLa cupa\u201d:<\/strong> magia di suoni e visioni capaci di scuotere e di raggiungere il lato intimo dell\u2019esistenza attraverso una lingua che con potenza si impone all\u2019ascolto e al senso. Quel testo, che prende il titolo dall\u2019ombroso sentiero tra le cave ma anche dal buio, perch\u00e9 affondata nelle tenebre la violenta faida che contrappone le due famiglie di scavatori di tufo protagoniste, nel 2023 \u00e8 diventato un libro omonimo pubblicato da <strong>La Nave di Teseo,<\/strong> che l\u2019artista noto anche per la partecipazione alla fortunata serie <strong>\u201cGomorra\u201d<\/strong> nel ruolo di<strong> O\u2019Maestrale<\/strong> presenter\u00e0 in un evento realizzato insieme a <a href=\"https:\/\/www.intoscana.it\/it\/articolo\/libreria-malaparte-firenze\/\" target=\"_blank\" rel=\"noopener\"><strong>Libreria Malaparte<\/strong><\/a> (12 settembre ore 18.30).<\/p>\n<p>Inoltre, per chi \u00e8 interessato a visitare l\u2019ex monastero saranno proposte<strong> visite guidate teatrali a cura di Museo di Sant\u2019Orsola e Murmuris<\/strong> (11\/09 ore 15.00, 12\/09 ore 11.30).<\/p>\n<figure id=\"post-303655 media-303655\" class=\"align-none\"><img decoding=\"async\" src=\"https:\/\/www.intoscana.it\/wp-content\/uploads\/Sant-Orsola.jpeg\" alt=\"\" \/><\/figure>\n<div class=\"titleimg\"><em>Sant&#8217;Orsola<\/em><\/div>\n<p>&nbsp;<\/p>\n<p>&nbsp;<\/p>\n","protected":false},"excerpt":{"rendered":"<p>Dall\u201911 al 15 settembre all\u2019interno dell\u2019ex convento visite guidate teatrali, laboratori, incontri, presentazioni e performance alla riscoperta di un luogo nel cuore del quartiere di San Lorenzo, a cura di Murmuris<\/p>\n","protected":false},"author":525,"featured_media":303652,"comment_status":"open","ping_status":"open","sticky":false,"template":"","format":"standard","meta":{"_acf_changed":false,"footnotes":""},"categories":[493],"tags":[239,228,202,210,236],"class_list":["post-303646","post","type-post","status-publish","format-standard","has-post-thumbnail","hentry","category-cultura","tag-estate-fiorentina","tag-festival","tag-firenze","tag-libri","tag-teatro"],"acf":[],"yoast_head":"<!-- This site is optimized with the Yoast SEO Premium plugin v24.2 (Yoast SEO v25.6) - https:\/\/yoast.com\/wordpress\/plugins\/seo\/ -->\n<title>\u201cLe Case: mondi possibili\u201d cinque giorni di teatro e letteratura nell&#039;ex convento di Sant\u2019Orsola - intoscana<\/title>\n<meta name=\"description\" content=\"Dall\u201911 al 15 settembre all\u2019interno dell\u2019ex convento visite guidate teatrali, laboratori, incontri, presentazioni e performance\" \/>\n<meta name=\"robots\" content=\"index, follow, max-snippet:-1, max-image-preview:large, max-video-preview:-1\" \/>\n<link rel=\"canonical\" href=\"https:\/\/www.intoscana.it\/it\/le-case-mondi-possibili-cinque-giorni-di-teatro-e-letteratura-nellex-convento-di-santorsola\/\" \/>\n<meta property=\"og:locale\" content=\"it_IT\" \/>\n<meta property=\"og:type\" content=\"article\" \/>\n<meta property=\"og:title\" content=\"\u201cLe Case: mondi possibili\u201d cinque giorni di teatro e letteratura nell&#039;ex convento di Sant\u2019Orsola\" \/>\n<meta property=\"og:description\" content=\"Dall\u201911 al 15 settembre all\u2019interno dell\u2019ex convento visite guidate teatrali, laboratori, incontri, presentazioni e performance\" \/>\n<meta property=\"og:url\" content=\"https:\/\/www.intoscana.it\/it\/le-case-mondi-possibili-cinque-giorni-di-teatro-e-letteratura-nellex-convento-di-santorsola\/\" \/>\n<meta property=\"og:site_name\" content=\"intoscana\" \/>\n<meta property=\"article:publisher\" content=\"https:\/\/www.facebook.com\/intoscana.it\" \/>\n<meta property=\"article:published_time\" content=\"2023-09-07T10:15:05+00:00\" \/>\n<meta property=\"article:modified_time\" content=\"2023-09-07T12:20:38+00:00\" \/>\n<meta property=\"og:image\" content=\"https:\/\/www.intoscana.it\/wp-content\/uploads\/Le-Case-del-malcontento-@-Rebecca-Lena10.jpg\" \/>\n\t<meta property=\"og:image:width\" content=\"1112\" \/>\n\t<meta property=\"og:image:height\" content=\"795\" \/>\n\t<meta property=\"og:image:type\" content=\"image\/jpeg\" \/>\n<meta name=\"author\" content=\"Redazione\" \/>\n<meta name=\"twitter:card\" content=\"summary_large_image\" \/>\n<meta name=\"twitter:creator\" content=\"@intoscana\" \/>\n<meta name=\"twitter:site\" content=\"@intoscana\" \/>\n<meta name=\"twitter:label1\" content=\"Written by\" \/>\n\t<meta name=\"twitter:data1\" content=\"Redazione\" \/>\n\t<meta name=\"twitter:label2\" content=\"Est. reading time\" \/>\n\t<meta name=\"twitter:data2\" content=\"4 minuti\" \/>\n<script type=\"application\/ld+json\" class=\"yoast-schema-graph\">{\"@context\":\"https:\/\/schema.org\",\"@graph\":[{\"@type\":\"WebPage\",\"@id\":\"https:\/\/www.intoscana.it\/it\/le-case-mondi-possibili-cinque-giorni-di-teatro-e-letteratura-nellex-convento-di-santorsola\/\",\"url\":\"https:\/\/www.intoscana.it\/it\/le-case-mondi-possibili-cinque-giorni-di-teatro-e-letteratura-nellex-convento-di-santorsola\/\",\"name\":\"\u201cLe Case: mondi possibili\u201d cinque giorni di teatro e letteratura nell'ex convento di Sant\u2019Orsola - intoscana\",\"isPartOf\":{\"@id\":\"https:\/\/www.intoscana.it\/it\/#website\"},\"primaryImageOfPage\":{\"@id\":\"https:\/\/www.intoscana.it\/it\/le-case-mondi-possibili-cinque-giorni-di-teatro-e-letteratura-nellex-convento-di-santorsola\/#primaryimage\"},\"image\":{\"@id\":\"https:\/\/www.intoscana.it\/it\/le-case-mondi-possibili-cinque-giorni-di-teatro-e-letteratura-nellex-convento-di-santorsola\/#primaryimage\"},\"thumbnailUrl\":\"https:\/\/www.intoscana.it\/wp-content\/uploads\/Le-Case-del-malcontento-@-Rebecca-Lena10.jpg\",\"datePublished\":\"2023-09-07T10:15:05+00:00\",\"dateModified\":\"2023-09-07T12:20:38+00:00\",\"author\":{\"@id\":\"https:\/\/www.intoscana.it\/it\/#\/schema\/person\/9223810753230f20bd670fdd322661f8\"},\"description\":\"Dall\u201911 al 15 settembre all\u2019interno dell\u2019ex convento visite guidate teatrali, laboratori, incontri, presentazioni e performance\",\"breadcrumb\":{\"@id\":\"https:\/\/www.intoscana.it\/it\/le-case-mondi-possibili-cinque-giorni-di-teatro-e-letteratura-nellex-convento-di-santorsola\/#breadcrumb\"},\"inLanguage\":\"it-IT\",\"potentialAction\":[{\"@type\":\"ReadAction\",\"target\":[\"https:\/\/www.intoscana.it\/it\/le-case-mondi-possibili-cinque-giorni-di-teatro-e-letteratura-nellex-convento-di-santorsola\/\"]}]},{\"@type\":\"ImageObject\",\"inLanguage\":\"it-IT\",\"@id\":\"https:\/\/www.intoscana.it\/it\/le-case-mondi-possibili-cinque-giorni-di-teatro-e-letteratura-nellex-convento-di-santorsola\/#primaryimage\",\"url\":\"https:\/\/www.intoscana.it\/wp-content\/uploads\/Le-Case-del-malcontento-@-Rebecca-Lena10.jpg\",\"contentUrl\":\"https:\/\/www.intoscana.it\/wp-content\/uploads\/Le-Case-del-malcontento-@-Rebecca-Lena10.jpg\",\"width\":1112,\"height\":795},{\"@type\":\"BreadcrumbList\",\"@id\":\"https:\/\/www.intoscana.it\/it\/le-case-mondi-possibili-cinque-giorni-di-teatro-e-letteratura-nellex-convento-di-santorsola\/#breadcrumb\",\"itemListElement\":[{\"@type\":\"ListItem\",\"position\":1,\"name\":\"Home\",\"item\":\"https:\/\/www.intoscana.it\/it\/\"},{\"@type\":\"ListItem\",\"position\":2,\"name\":\"\u201cLe Case: mondi possibili\u201d cinque giorni di teatro e letteratura nell&#8217;ex convento di Sant\u2019Orsola\"}]},{\"@type\":\"WebSite\",\"@id\":\"https:\/\/www.intoscana.it\/it\/#website\",\"url\":\"https:\/\/www.intoscana.it\/it\/\",\"name\":\"intoscana\",\"description\":\"\",\"potentialAction\":[{\"@type\":\"SearchAction\",\"target\":{\"@type\":\"EntryPoint\",\"urlTemplate\":\"https:\/\/www.intoscana.it\/it\/?s={search_term_string}\"},\"query-input\":{\"@type\":\"PropertyValueSpecification\",\"valueRequired\":true,\"valueName\":\"search_term_string\"}}],\"inLanguage\":\"it-IT\"},{\"@type\":\"Person\",\"@id\":\"https:\/\/www.intoscana.it\/it\/#\/schema\/person\/9223810753230f20bd670fdd322661f8\",\"name\":\"Redazione\",\"url\":\"https:\/\/www.intoscana.it\/it\/author\/redazione\/\"}]}<\/script>\n<!-- \/ Yoast SEO Premium plugin. -->","yoast_head_json":{"title":"\u201cLe Case: mondi possibili\u201d cinque giorni di teatro e letteratura nell'ex convento di Sant\u2019Orsola - intoscana","description":"Dall\u201911 al 15 settembre all\u2019interno dell\u2019ex convento visite guidate teatrali, laboratori, incontri, presentazioni e performance","robots":{"index":"index","follow":"follow","max-snippet":"max-snippet:-1","max-image-preview":"max-image-preview:large","max-video-preview":"max-video-preview:-1"},"canonical":"https:\/\/www.intoscana.it\/it\/le-case-mondi-possibili-cinque-giorni-di-teatro-e-letteratura-nellex-convento-di-santorsola\/","og_locale":"it_IT","og_type":"article","og_title":"\u201cLe Case: mondi possibili\u201d cinque giorni di teatro e letteratura nell'ex convento di Sant\u2019Orsola","og_description":"Dall\u201911 al 15 settembre all\u2019interno dell\u2019ex convento visite guidate teatrali, laboratori, incontri, presentazioni e performance","og_url":"https:\/\/www.intoscana.it\/it\/le-case-mondi-possibili-cinque-giorni-di-teatro-e-letteratura-nellex-convento-di-santorsola\/","og_site_name":"intoscana","article_publisher":"https:\/\/www.facebook.com\/intoscana.it","article_published_time":"2023-09-07T10:15:05+00:00","article_modified_time":"2023-09-07T12:20:38+00:00","og_image":[{"width":1112,"height":795,"url":"https:\/\/www.intoscana.it\/wp-content\/uploads\/Le-Case-del-malcontento-@-Rebecca-Lena10.jpg","type":"image\/jpeg"}],"author":"Redazione","twitter_card":"summary_large_image","twitter_creator":"@intoscana","twitter_site":"@intoscana","twitter_misc":{"Written by":"Redazione","Est. reading time":"4 minuti"},"schema":{"@context":"https:\/\/schema.org","@graph":[{"@type":"WebPage","@id":"https:\/\/www.intoscana.it\/it\/le-case-mondi-possibili-cinque-giorni-di-teatro-e-letteratura-nellex-convento-di-santorsola\/","url":"https:\/\/www.intoscana.it\/it\/le-case-mondi-possibili-cinque-giorni-di-teatro-e-letteratura-nellex-convento-di-santorsola\/","name":"\u201cLe Case: mondi possibili\u201d cinque giorni di teatro e letteratura nell'ex convento di Sant\u2019Orsola - intoscana","isPartOf":{"@id":"https:\/\/www.intoscana.it\/it\/#website"},"primaryImageOfPage":{"@id":"https:\/\/www.intoscana.it\/it\/le-case-mondi-possibili-cinque-giorni-di-teatro-e-letteratura-nellex-convento-di-santorsola\/#primaryimage"},"image":{"@id":"https:\/\/www.intoscana.it\/it\/le-case-mondi-possibili-cinque-giorni-di-teatro-e-letteratura-nellex-convento-di-santorsola\/#primaryimage"},"thumbnailUrl":"https:\/\/www.intoscana.it\/wp-content\/uploads\/Le-Case-del-malcontento-@-Rebecca-Lena10.jpg","datePublished":"2023-09-07T10:15:05+00:00","dateModified":"2023-09-07T12:20:38+00:00","author":{"@id":"https:\/\/www.intoscana.it\/it\/#\/schema\/person\/9223810753230f20bd670fdd322661f8"},"description":"Dall\u201911 al 15 settembre all\u2019interno dell\u2019ex convento visite guidate teatrali, laboratori, incontri, presentazioni e performance","breadcrumb":{"@id":"https:\/\/www.intoscana.it\/it\/le-case-mondi-possibili-cinque-giorni-di-teatro-e-letteratura-nellex-convento-di-santorsola\/#breadcrumb"},"inLanguage":"it-IT","potentialAction":[{"@type":"ReadAction","target":["https:\/\/www.intoscana.it\/it\/le-case-mondi-possibili-cinque-giorni-di-teatro-e-letteratura-nellex-convento-di-santorsola\/"]}]},{"@type":"ImageObject","inLanguage":"it-IT","@id":"https:\/\/www.intoscana.it\/it\/le-case-mondi-possibili-cinque-giorni-di-teatro-e-letteratura-nellex-convento-di-santorsola\/#primaryimage","url":"https:\/\/www.intoscana.it\/wp-content\/uploads\/Le-Case-del-malcontento-@-Rebecca-Lena10.jpg","contentUrl":"https:\/\/www.intoscana.it\/wp-content\/uploads\/Le-Case-del-malcontento-@-Rebecca-Lena10.jpg","width":1112,"height":795},{"@type":"BreadcrumbList","@id":"https:\/\/www.intoscana.it\/it\/le-case-mondi-possibili-cinque-giorni-di-teatro-e-letteratura-nellex-convento-di-santorsola\/#breadcrumb","itemListElement":[{"@type":"ListItem","position":1,"name":"Home","item":"https:\/\/www.intoscana.it\/it\/"},{"@type":"ListItem","position":2,"name":"\u201cLe Case: mondi possibili\u201d cinque giorni di teatro e letteratura nell&#8217;ex convento di Sant\u2019Orsola"}]},{"@type":"WebSite","@id":"https:\/\/www.intoscana.it\/it\/#website","url":"https:\/\/www.intoscana.it\/it\/","name":"intoscana","description":"","potentialAction":[{"@type":"SearchAction","target":{"@type":"EntryPoint","urlTemplate":"https:\/\/www.intoscana.it\/it\/?s={search_term_string}"},"query-input":{"@type":"PropertyValueSpecification","valueRequired":true,"valueName":"search_term_string"}}],"inLanguage":"it-IT"},{"@type":"Person","@id":"https:\/\/www.intoscana.it\/it\/#\/schema\/person\/9223810753230f20bd670fdd322661f8","name":"Redazione","url":"https:\/\/www.intoscana.it\/it\/author\/redazione\/"}]}},"_links":{"self":[{"href":"https:\/\/www.intoscana.it\/it\/wp-json\/wp\/v2\/posts\/303646","targetHints":{"allow":["GET"]}}],"collection":[{"href":"https:\/\/www.intoscana.it\/it\/wp-json\/wp\/v2\/posts"}],"about":[{"href":"https:\/\/www.intoscana.it\/it\/wp-json\/wp\/v2\/types\/post"}],"author":[{"embeddable":true,"href":"https:\/\/www.intoscana.it\/it\/wp-json\/wp\/v2\/users\/525"}],"replies":[{"embeddable":true,"href":"https:\/\/www.intoscana.it\/it\/wp-json\/wp\/v2\/comments?post=303646"}],"version-history":[{"count":0,"href":"https:\/\/www.intoscana.it\/it\/wp-json\/wp\/v2\/posts\/303646\/revisions"}],"wp:featuredmedia":[{"embeddable":true,"href":"https:\/\/www.intoscana.it\/it\/wp-json\/wp\/v2\/media\/303652"}],"wp:attachment":[{"href":"https:\/\/www.intoscana.it\/it\/wp-json\/wp\/v2\/media?parent=303646"}],"wp:term":[{"taxonomy":"category","embeddable":true,"href":"https:\/\/www.intoscana.it\/it\/wp-json\/wp\/v2\/categories?post=303646"},{"taxonomy":"post_tag","embeddable":true,"href":"https:\/\/www.intoscana.it\/it\/wp-json\/wp\/v2\/tags?post=303646"}],"curies":[{"name":"wp","href":"https:\/\/api.w.org\/{rel}","templated":true}]}}