{"id":303688,"date":"2023-09-07T15:44:54","date_gmt":"2023-09-07T13:44:54","guid":{"rendered":"https:\/\/www.intoscana.it\/it\/?p=303688"},"modified":"2023-09-07T16:42:41","modified_gmt":"2023-09-07T14:42:41","slug":"pinocchio-mostra-bartolini-venturi","status":"publish","type":"post","link":"https:\/\/www.intoscana.it\/it\/pinocchio-mostra-bartolini-venturi\/","title":{"rendered":"Pinocchio visto da Bartolini e Venturi in mostra alla Biblioteca nazionale di Firenze"},"content":{"rendered":"<p>Rileggere il capolavoro di <strong>Carlo Collodi<\/strong> attraverso lo sguardo\u00a0 di due grandi artisti toscani del Novecento: Venturino Venturi e Sigrido Bartolini. \u00c8 questo l&#8217;obiettivo della mostra <strong>&#8220;Pinocchio 140\u00d7140&#8221;<\/strong>, che si \u00e8 aperta oggi alla Biblioteca Nazionale di Firenze e rester\u00e0 visitabile fino al 4 ottobre.<\/p>\n<h3>Il legame tra i due artisti e Pinocchio<\/h3>\n<p>L&#8217;esposizione, voluta dall&#8217;Associazione nazionale Case della Memoria e realizzata in collaborazione con la Biblioteca Nazionale di Firenze e con la Fondazione Collodi, celebra i <a href=\"https:\/\/www.intoscana.it\/it\/articolo\/pinocchio-140-anni-storia\/\" target=\"_blank\" rel=\"noopener\">140 anni dalla pubblicazione de &#8220;Le Avventure di Pinocchio&#8221;<\/a>, avvenuta nel 1883 e mette al centro le creazioni di Venturi e Bartolini.<\/p>\n<p><em>&#8220;Questa mostra \u00e8 in un certo senso la celebrazione del genio della Toscana<\/em> \u2013 sottolinea il vicepresidente dell&#8217;Associazione Nazionale Case della Memoria <strong>Marco Capaccioli\u00a0 &#8211;<\/strong> <em>ci sono dentro l\u2019arte di due grandi artisti del Novecento come Bartolini e Venturi ma anche la penna brillante di Collodi e, a fare da cornice, la memoria rappresentata dalle Case museo legate ai due artisti che come associazione siamo fieri di rappresentare&#8221;.<\/em><\/p>\n<p><em>&#8220;L\u2019evento qui a Firenze mi consente di ripercorrere il lungo lavoro che impegn\u00f2 Sigfrido Bartolini per dieci anni, solo per produrre le xilografie<\/em> &#8211; spiega il presidente della Fondazione Nazionale Carlo Collodi,\u00a0<strong>Pier Francesco Bernacchi\u00a0<\/strong>\u2013 <em>quando decidemmo di intraprendere il percorso che ha portato alla stampa di questo capolavoro dell\u2019editoria, decidemmo di stampare quattrocento esemplari tirati direttamente sul una carta di pregio, quella delle Cartiere Magnani. Il connubio tra Bartolini e Venturi \u00e8 vissuto dalla Fondazione da sempre.<strong> Venturino Venturi<\/strong> \u00e8 un artista al quale la Fondazione \u00e8 particolarmente legata, perch\u00e9 ha creato una delle opere pi\u00f9 significative del percorso monumentale del Parco di Pinocchio: la Piazzetta dei Mosaici che io stesso ho visto da ragazzo realizzare dal Venturi, in tanti mesi di paziente e accurato lavoro a Collodi.<\/em>&#8221;<\/p>\n<h3>In mostra le xilografie e le serigrafie originali<\/h3>\n<p>Oltre al volume, ai disegni preparatori e alle stampe originali, si possono ammirare alla Biblioteca Nazionale di Firenze anche alcuni dei<strong> 309 pezzi in legno<\/strong> utilizzati da Sigfrido Bartolini per illustrare, con<strong> 309 xilografie originali<\/strong> in nero e a colori,\u00a0illustr\u00f2 il capolavoro di Collodi per l&#8217;edizione del <strong>centenario di Pinocchio,<\/strong> edita nel 1983 dalla Fondazione nazionale Carlo Collodi, frutto di 12 anni di lavoro.<\/p>\n<p>Inoltre sono esposte <mark>37 serigrafie originali di Venturino Venturi, che illustr\u00f2 un&#8217;edizione della &#8220;Storia di un burattino&#8221;<\/mark> edita da Fanfani Pananti Editori nel 1981, le 30 litografie della cartella &#8220;Pinocchio realt\u00e0 e fantasia&#8221; edite nel 1986 da Edi Grafica e infine alcuni disegni originali, due maschere in cartapesta e il bozzetto in ferro e stagno per il monumento a Collodi.<\/p>\n<figure id=\"post-303706 media-303706\" class=\"align-none\">\n<p><figure style=\"width: 2048px\" class=\"wp-caption alignnone\"><img loading=\"lazy\" decoding=\"async\" src=\"https:\/\/www.intoscana.it\/wp-content\/uploads\/pinocchio140.jpeg\" alt=\"\" width=\"2048\" height=\"1366\" \/><figcaption class=\"wp-caption-text\">La mostra &#8220;Pinocchio 140\u00d7140&#8221;<\/figcaption><\/figure><\/figure>\n<h3 class=\"titleimg\">Visite guidate alle case museo di Bartolini e Venturi<\/h3>\n<p>Oltre alle opere dei due artisti, la Biblioteca Nazionale espone anche il <strong>manoscritto di Pinocchio<\/strong> contenente brani autografi, la prima edizione delle &#8220;Avventure di Pinocchio&#8221; (1883) e una serie di &#8220;pinocchiate&#8221;.<\/p>\n<p>A corredo della mostra, anche due appuntamenti pensati in occasione delle\u00a0<b>Giornate europee del patrimonio<\/b>. Il primo \u00e8 la tavola rotonda &#8220;<b>Pinoccho un mito<\/b>&#8220;, in programma per\u00a0<b>sabato 23 settembre<\/b> (ore 16).\u00a0<b>Domenica 24 settembre<\/b>, invece, sono in programma una serie di visite e d eventi negli spazi della Biblioteca Nazionale Centrale.<br \/>\nInfine,\u00a0<b>sabato<\/b>\u00a0<b>7 e 14 ottobre<\/b> (alle ore 16) si terranno le visite guidate e i laboratori alla\u00a0<b>Casa museo Sigfrido Bartolini <\/b>di Pistoia e alla\u00a0<b>Casa museo Venturino Venturi <\/b>di Loro Ciuffenna.<\/p>\n","protected":false},"excerpt":{"rendered":"<p>L&#8217;esposizione, che celebra i 140 anni dalla pubblicazione del classico di Carlo Collodi, ospita le creazioni due due artisti toscani che in momenti diversi illustrarono il libro e rester\u00e0 aperta fino al 4 ottobre<\/p>\n","protected":false},"author":502,"featured_media":303730,"comment_status":"open","ping_status":"open","sticky":false,"template":"","format":"standard","meta":{"_acf_changed":false,"footnotes":""},"categories":[493],"tags":[202,222,4963],"class_list":["post-303688","post","type-post","status-publish","format-standard","has-post-thumbnail","hentry","category-cultura","tag-firenze","tag-mostre","tag-pinocchio"],"acf":[],"yoast_head":"<!-- This site is optimized with the Yoast SEO Premium plugin v24.2 (Yoast SEO v25.6) - https:\/\/yoast.com\/wordpress\/plugins\/seo\/ -->\n<title>Pinocchio visto da Bartolini e Venturi in mostra alla Biblioteca nazionale di Firenze - intoscana<\/title>\n<meta name=\"description\" content=\"La Biblioteca Nazionale di Firenze ospita la mostra &quot;Pinocchio 140\u00d7140&quot;: il burattino visto das Sigfrido Bartolini e Venturino Venturi.\" \/>\n<meta name=\"robots\" content=\"index, follow, max-snippet:-1, max-image-preview:large, max-video-preview:-1\" \/>\n<link rel=\"canonical\" href=\"https:\/\/www.intoscana.it\/it\/pinocchio-mostra-bartolini-venturi\/\" \/>\n<meta property=\"og:locale\" content=\"it_IT\" \/>\n<meta property=\"og:type\" content=\"article\" \/>\n<meta property=\"og:title\" content=\"Pinocchio visto da Bartolini e Venturi in mostra alla Biblioteca nazionale di Firenze\" \/>\n<meta property=\"og:description\" content=\"La Biblioteca Nazionale di Firenze ospita la mostra &quot;Pinocchio 140\u00d7140&quot;: il burattino visto das Sigfrido Bartolini e Venturino Venturi.\" \/>\n<meta property=\"og:url\" content=\"https:\/\/www.intoscana.it\/it\/pinocchio-mostra-bartolini-venturi\/\" \/>\n<meta property=\"og:site_name\" content=\"intoscana\" \/>\n<meta property=\"article:publisher\" content=\"https:\/\/www.facebook.com\/intoscana.it\" \/>\n<meta property=\"article:published_time\" content=\"2023-09-07T13:44:54+00:00\" \/>\n<meta property=\"article:modified_time\" content=\"2023-09-07T14:42:41+00:00\" \/>\n<meta property=\"og:image\" content=\"https:\/\/www.intoscana.it\/wp-content\/uploads\/Venturi-scaled.jpg\" \/>\n\t<meta property=\"og:image:width\" content=\"1536\" \/>\n\t<meta property=\"og:image:height\" content=\"2048\" \/>\n\t<meta property=\"og:image:type\" content=\"image\/jpeg\" \/>\n<meta name=\"author\" content=\"Ilaria Giannini\" \/>\n<meta name=\"twitter:card\" content=\"summary_large_image\" \/>\n<meta name=\"twitter:creator\" content=\"@i.giannini@fst.it\" \/>\n<meta name=\"twitter:site\" content=\"@intoscana\" \/>\n<meta name=\"twitter:label1\" content=\"Written by\" \/>\n\t<meta name=\"twitter:data1\" content=\"Ilaria Giannini\" \/>\n\t<meta name=\"twitter:label2\" content=\"Est. reading time\" \/>\n\t<meta name=\"twitter:data2\" content=\"3 minuti\" \/>\n<script type=\"application\/ld+json\" class=\"yoast-schema-graph\">{\"@context\":\"https:\/\/schema.org\",\"@graph\":[{\"@type\":\"WebPage\",\"@id\":\"https:\/\/www.intoscana.it\/it\/pinocchio-mostra-bartolini-venturi\/\",\"url\":\"https:\/\/www.intoscana.it\/it\/pinocchio-mostra-bartolini-venturi\/\",\"name\":\"Pinocchio visto da Bartolini e Venturi in mostra alla Biblioteca nazionale di Firenze - intoscana\",\"isPartOf\":{\"@id\":\"https:\/\/www.intoscana.it\/it\/#website\"},\"primaryImageOfPage\":{\"@id\":\"https:\/\/www.intoscana.it\/it\/pinocchio-mostra-bartolini-venturi\/#primaryimage\"},\"image\":{\"@id\":\"https:\/\/www.intoscana.it\/it\/pinocchio-mostra-bartolini-venturi\/#primaryimage\"},\"thumbnailUrl\":\"https:\/\/www.intoscana.it\/wp-content\/uploads\/Venturi-scaled.jpg\",\"datePublished\":\"2023-09-07T13:44:54+00:00\",\"dateModified\":\"2023-09-07T14:42:41+00:00\",\"author\":{\"@id\":\"https:\/\/www.intoscana.it\/it\/#\/schema\/person\/de95e1ed2c1c8c30a6922bbba3a90185\"},\"description\":\"La Biblioteca Nazionale di Firenze ospita la mostra \\\"Pinocchio 140\u00d7140\\\": il burattino visto das Sigfrido Bartolini e Venturino Venturi.\",\"breadcrumb\":{\"@id\":\"https:\/\/www.intoscana.it\/it\/pinocchio-mostra-bartolini-venturi\/#breadcrumb\"},\"inLanguage\":\"it-IT\",\"potentialAction\":[{\"@type\":\"ReadAction\",\"target\":[\"https:\/\/www.intoscana.it\/it\/pinocchio-mostra-bartolini-venturi\/\"]}]},{\"@type\":\"ImageObject\",\"inLanguage\":\"it-IT\",\"@id\":\"https:\/\/www.intoscana.it\/it\/pinocchio-mostra-bartolini-venturi\/#primaryimage\",\"url\":\"https:\/\/www.intoscana.it\/wp-content\/uploads\/Venturi-scaled.jpg\",\"contentUrl\":\"https:\/\/www.intoscana.it\/wp-content\/uploads\/Venturi-scaled.jpg\",\"width\":1536,\"height\":2048},{\"@type\":\"BreadcrumbList\",\"@id\":\"https:\/\/www.intoscana.it\/it\/pinocchio-mostra-bartolini-venturi\/#breadcrumb\",\"itemListElement\":[{\"@type\":\"ListItem\",\"position\":1,\"name\":\"Home\",\"item\":\"https:\/\/www.intoscana.it\/it\/\"},{\"@type\":\"ListItem\",\"position\":2,\"name\":\"Pinocchio visto da Bartolini e Venturi in mostra alla Biblioteca nazionale di Firenze\"}]},{\"@type\":\"WebSite\",\"@id\":\"https:\/\/www.intoscana.it\/it\/#website\",\"url\":\"https:\/\/www.intoscana.it\/it\/\",\"name\":\"intoscana\",\"description\":\"\",\"potentialAction\":[{\"@type\":\"SearchAction\",\"target\":{\"@type\":\"EntryPoint\",\"urlTemplate\":\"https:\/\/www.intoscana.it\/it\/?s={search_term_string}\"},\"query-input\":{\"@type\":\"PropertyValueSpecification\",\"valueRequired\":true,\"valueName\":\"search_term_string\"}}],\"inLanguage\":\"it-IT\"},{\"@type\":\"Person\",\"@id\":\"https:\/\/www.intoscana.it\/it\/#\/schema\/person\/de95e1ed2c1c8c30a6922bbba3a90185\",\"name\":\"Ilaria Giannini\",\"sameAs\":[\"https:\/\/x.com\/i.giannini@fst.it\"],\"url\":\"https:\/\/www.intoscana.it\/it\/author\/ilaria-giannini\/\"}]}<\/script>\n<!-- \/ Yoast SEO Premium plugin. -->","yoast_head_json":{"title":"Pinocchio visto da Bartolini e Venturi in mostra alla Biblioteca nazionale di Firenze - intoscana","description":"La Biblioteca Nazionale di Firenze ospita la mostra \"Pinocchio 140\u00d7140\": il burattino visto das Sigfrido Bartolini e Venturino Venturi.","robots":{"index":"index","follow":"follow","max-snippet":"max-snippet:-1","max-image-preview":"max-image-preview:large","max-video-preview":"max-video-preview:-1"},"canonical":"https:\/\/www.intoscana.it\/it\/pinocchio-mostra-bartolini-venturi\/","og_locale":"it_IT","og_type":"article","og_title":"Pinocchio visto da Bartolini e Venturi in mostra alla Biblioteca nazionale di Firenze","og_description":"La Biblioteca Nazionale di Firenze ospita la mostra \"Pinocchio 140\u00d7140\": il burattino visto das Sigfrido Bartolini e Venturino Venturi.","og_url":"https:\/\/www.intoscana.it\/it\/pinocchio-mostra-bartolini-venturi\/","og_site_name":"intoscana","article_publisher":"https:\/\/www.facebook.com\/intoscana.it","article_published_time":"2023-09-07T13:44:54+00:00","article_modified_time":"2023-09-07T14:42:41+00:00","og_image":[{"width":1536,"height":2048,"url":"https:\/\/www.intoscana.it\/wp-content\/uploads\/Venturi-scaled.jpg","type":"image\/jpeg"}],"author":"Ilaria Giannini","twitter_card":"summary_large_image","twitter_creator":"@i.giannini@fst.it","twitter_site":"@intoscana","twitter_misc":{"Written by":"Ilaria Giannini","Est. reading time":"3 minuti"},"schema":{"@context":"https:\/\/schema.org","@graph":[{"@type":"WebPage","@id":"https:\/\/www.intoscana.it\/it\/pinocchio-mostra-bartolini-venturi\/","url":"https:\/\/www.intoscana.it\/it\/pinocchio-mostra-bartolini-venturi\/","name":"Pinocchio visto da Bartolini e Venturi in mostra alla Biblioteca nazionale di Firenze - intoscana","isPartOf":{"@id":"https:\/\/www.intoscana.it\/it\/#website"},"primaryImageOfPage":{"@id":"https:\/\/www.intoscana.it\/it\/pinocchio-mostra-bartolini-venturi\/#primaryimage"},"image":{"@id":"https:\/\/www.intoscana.it\/it\/pinocchio-mostra-bartolini-venturi\/#primaryimage"},"thumbnailUrl":"https:\/\/www.intoscana.it\/wp-content\/uploads\/Venturi-scaled.jpg","datePublished":"2023-09-07T13:44:54+00:00","dateModified":"2023-09-07T14:42:41+00:00","author":{"@id":"https:\/\/www.intoscana.it\/it\/#\/schema\/person\/de95e1ed2c1c8c30a6922bbba3a90185"},"description":"La Biblioteca Nazionale di Firenze ospita la mostra \"Pinocchio 140\u00d7140\": il burattino visto das Sigfrido Bartolini e Venturino Venturi.","breadcrumb":{"@id":"https:\/\/www.intoscana.it\/it\/pinocchio-mostra-bartolini-venturi\/#breadcrumb"},"inLanguage":"it-IT","potentialAction":[{"@type":"ReadAction","target":["https:\/\/www.intoscana.it\/it\/pinocchio-mostra-bartolini-venturi\/"]}]},{"@type":"ImageObject","inLanguage":"it-IT","@id":"https:\/\/www.intoscana.it\/it\/pinocchio-mostra-bartolini-venturi\/#primaryimage","url":"https:\/\/www.intoscana.it\/wp-content\/uploads\/Venturi-scaled.jpg","contentUrl":"https:\/\/www.intoscana.it\/wp-content\/uploads\/Venturi-scaled.jpg","width":1536,"height":2048},{"@type":"BreadcrumbList","@id":"https:\/\/www.intoscana.it\/it\/pinocchio-mostra-bartolini-venturi\/#breadcrumb","itemListElement":[{"@type":"ListItem","position":1,"name":"Home","item":"https:\/\/www.intoscana.it\/it\/"},{"@type":"ListItem","position":2,"name":"Pinocchio visto da Bartolini e Venturi in mostra alla Biblioteca nazionale di Firenze"}]},{"@type":"WebSite","@id":"https:\/\/www.intoscana.it\/it\/#website","url":"https:\/\/www.intoscana.it\/it\/","name":"intoscana","description":"","potentialAction":[{"@type":"SearchAction","target":{"@type":"EntryPoint","urlTemplate":"https:\/\/www.intoscana.it\/it\/?s={search_term_string}"},"query-input":{"@type":"PropertyValueSpecification","valueRequired":true,"valueName":"search_term_string"}}],"inLanguage":"it-IT"},{"@type":"Person","@id":"https:\/\/www.intoscana.it\/it\/#\/schema\/person\/de95e1ed2c1c8c30a6922bbba3a90185","name":"Ilaria Giannini","sameAs":["https:\/\/x.com\/i.giannini@fst.it"],"url":"https:\/\/www.intoscana.it\/it\/author\/ilaria-giannini\/"}]}},"_links":{"self":[{"href":"https:\/\/www.intoscana.it\/it\/wp-json\/wp\/v2\/posts\/303688","targetHints":{"allow":["GET"]}}],"collection":[{"href":"https:\/\/www.intoscana.it\/it\/wp-json\/wp\/v2\/posts"}],"about":[{"href":"https:\/\/www.intoscana.it\/it\/wp-json\/wp\/v2\/types\/post"}],"author":[{"embeddable":true,"href":"https:\/\/www.intoscana.it\/it\/wp-json\/wp\/v2\/users\/502"}],"replies":[{"embeddable":true,"href":"https:\/\/www.intoscana.it\/it\/wp-json\/wp\/v2\/comments?post=303688"}],"version-history":[{"count":0,"href":"https:\/\/www.intoscana.it\/it\/wp-json\/wp\/v2\/posts\/303688\/revisions"}],"wp:featuredmedia":[{"embeddable":true,"href":"https:\/\/www.intoscana.it\/it\/wp-json\/wp\/v2\/media\/303730"}],"wp:attachment":[{"href":"https:\/\/www.intoscana.it\/it\/wp-json\/wp\/v2\/media?parent=303688"}],"wp:term":[{"taxonomy":"category","embeddable":true,"href":"https:\/\/www.intoscana.it\/it\/wp-json\/wp\/v2\/categories?post=303688"},{"taxonomy":"post_tag","embeddable":true,"href":"https:\/\/www.intoscana.it\/it\/wp-json\/wp\/v2\/tags?post=303688"}],"curies":[{"name":"wp","href":"https:\/\/api.w.org\/{rel}","templated":true}]}}