{"id":303720,"date":"2023-09-07T17:08:08","date_gmt":"2023-09-07T15:08:08","guid":{"rendered":"https:\/\/www.intoscana.it\/it\/?p=303720"},"modified":"2023-09-11T12:39:15","modified_gmt":"2023-09-11T10:39:15","slug":"nuove-ospedale-di-livorno-ce-il-progetto-giani-opera-cruciale-per-la-sanita-toscana","status":"publish","type":"post","link":"https:\/\/www.intoscana.it\/it\/nuove-ospedale-di-livorno-ce-il-progetto-giani-opera-cruciale-per-la-sanita-toscana\/","title":{"rendered":"Nuove ospedale di Livorno, c&#8217;\u00e8 il progetto. Giani: &#8220;Opera cruciale per la sanit\u00e0 toscana&#8221;"},"content":{"rendered":"<p>Un nuovo ospedale a <strong>Livorno<\/strong>, da 88mila metri quadrati nell&#8217;area ex Pirelli e 488 posti letto, <mark>con un investimento da parte della Regione di 195 milioni di euro a cui andranno aggiunti altri 40 milioni per gli interni.<\/mark> &#8220;Un&#8217;opera cruciale per la sanit\u00e0 toscana&#8221;, ha detto il presidente <strong>Eugenio Giani<\/strong> in occasione della presentazione del progetto nella citt\u00e0 labronica insiema al Comune e all&#8217;Asl Toscana nord ovest. La comissione aggiudicatrice ha individuato come <a href=\"https:\/\/www.intoscana.it\/it\/articolo\/nuovo-ospedale-di-livorno-vince-il-progetto-di-rossiprodi-con-un-appalto-da-195-milioni-di-euro\/\" target=\"_blank\" rel=\"noopener\">vincitore lo studio Rossi Prodi di Firenze<\/a>.<\/p>\n<p>Il progetto del nuovo ospedale, ha spiegato ancora Giani, <em>&#8220;permetter\u00e0 di recuperare strutture abbandonate e di valorizzare il parco Pertini con l&#8217;integrazione dell&#8217;area ex Pirelli. Il tutto si inserir\u00e0 in un contesto urbanistico di eccellenza ed anche l&#8217;ex Parterre ne giover\u00e0 con il valore che merita&#8221;<\/em>.<\/p>\n<figure id=\"post-301730 media-301730\" class=\"align-none\"><img decoding=\"async\" src=\"https:\/\/www.intoscana.it\/wp-content\/uploads\/371069962_849200926572607_786976184895228091_n.jpeg\" alt=\"\" \/><\/figure>\n<div class=\"titleimg\">ospedale livorno rendering<\/div>\n<p>All&#8217;incontro tecnico di presentazione del progetto ha partecipato anche l&#8217;assessore regionale alla Salute, <strong>Simone Bezzini<\/strong>, e il sindaco <strong>Luca Salvetti<\/strong>. &#8220;<em>Siamo davanti a un progetto che \u00e8 bello accurato che ci consegna una bella struttura all&#8217;avanguardia inserita perfettamente nel parco Pertini&#8221;<\/em>, ha detto il primo cittadino. &#8220;<em>Ora<\/em> &#8211; ha aggiunto &#8211; <em>abbiamo un iter da seguire per la realizzazione del progetto e una tempistica. Dobbiamo cambiare paradigma e adesso la discussione non sar\u00e0 pi\u00f9 quale struttura ospedaliera o dove farla, ma il tema sara quello del modello sanitario che potr\u00e0 nascere a Livorno grazie al nuovo ospedale. <mark>La vecchia struttura \u00e8 in crisi, \u00e8 fatiscente e di qui a 5 anni, quando contiamo di arrivare a conclusione dei lavori, ci sar\u00e0 da occuparsi di continuare a mantenere per i cittadini un livello sanitario all&#8217;altezza&#8221;<\/em>.<\/mark><\/p>\n<p>Livorno \u00e8 la seconda citt\u00e0 della Toscana ed \u00e8 la prima citt\u00e0 della costa per &#8220;peso di abitanti, concentrazione demografica e importanza portuale&#8221; spiega Giani, che allarga lo sguardo a tutto il territorio: &#8220;<em>Nuovo Cisanello e nuovo ospedale di Livorno faranno della <strong>costa<\/strong> un <mark>punto di riferimento per la sanit\u00e0: abbiamo gi\u00e0 bravi specialisti l&#8217; importante \u00e8 dotarsi di strutture altrettanto adeguate&#8221;<\/mark>. <\/em>Concetto ribadito anche dall&#8217;assessore Bezzini<em>: &#8220;Noi dobbiamo lavorare per dare un futuro adeguato alla sanit\u00e0 pubblica nella nostra regione. E Livorno \u00e8 uno dei grandi investimenti sanitari che verranno realizzati nella nostra regione nei prossimi anni&#8221;.<\/em><\/p>\n","protected":false},"excerpt":{"rendered":"<p>Incontro tecnico sulla nuova struttura che sorger\u00e0 nell&#8217;area ex Pirelli: 88mila metri quadrati e un investimento da 195 milioni di euro, a cui se ne aggiungeranno altri 40 milioni per gli interni<\/p>\n","protected":false},"author":525,"featured_media":303743,"comment_status":"open","ping_status":"open","sticky":false,"template":"","format":"standard","meta":{"_acf_changed":false,"footnotes":""},"categories":[18],"tags":[158,273,349,4883],"class_list":["post-303720","post","type-post","status-publish","format-standard","has-post-thumbnail","hentry","category-salute","tag-eugenio-giani","tag-livorno","tag-sanita","tag-simone-bezzini"],"acf":[],"yoast_head":"<!-- This site is optimized with the Yoast SEO Premium plugin v24.2 (Yoast SEO v25.6) - https:\/\/yoast.com\/wordpress\/plugins\/seo\/ -->\n<title>Nuove ospedale di Livorno, c&#039;\u00e8 il progetto. Giani: &quot;Opera cruciale per la sanit\u00e0 toscana&quot; - intoscana<\/title>\n<meta name=\"description\" content=\"Incontro tecnico sulla nuova struttura che sorger\u00e0 nell&#039;area ex Pirelli: 88mila metri quadrati e un investimento da 195 milioni di euro, a cui se ne aggiungeranno altri 40 milioni per gli interni\" \/>\n<meta name=\"robots\" content=\"index, follow, max-snippet:-1, max-image-preview:large, max-video-preview:-1\" \/>\n<link rel=\"canonical\" href=\"https:\/\/www.intoscana.it\/it\/nuove-ospedale-di-livorno-ce-il-progetto-giani-opera-cruciale-per-la-sanita-toscana\/\" \/>\n<meta property=\"og:locale\" content=\"it_IT\" \/>\n<meta property=\"og:type\" content=\"article\" \/>\n<meta property=\"og:title\" content=\"Nuove ospedale di Livorno, c&#039;\u00e8 il progetto. Giani: &quot;Opera cruciale per la sanit\u00e0 toscana&quot;\" \/>\n<meta property=\"og:description\" content=\"Incontro tecnico sulla nuova struttura che sorger\u00e0 nell&#039;area ex Pirelli: 88mila metri quadrati e un investimento da 195 milioni di euro, a cui se ne aggiungeranno altri 40 milioni per gli interni\" \/>\n<meta property=\"og:url\" content=\"https:\/\/www.intoscana.it\/it\/nuove-ospedale-di-livorno-ce-il-progetto-giani-opera-cruciale-per-la-sanita-toscana\/\" \/>\n<meta property=\"og:site_name\" content=\"intoscana\" \/>\n<meta property=\"article:publisher\" content=\"https:\/\/www.facebook.com\/intoscana.it\" \/>\n<meta property=\"article:published_time\" content=\"2023-09-07T15:08:08+00:00\" \/>\n<meta property=\"article:modified_time\" content=\"2023-09-11T10:39:15+00:00\" \/>\n<meta property=\"og:image\" content=\"https:\/\/www.intoscana.it\/wp-content\/uploads\/Giani-livorno.png\" \/>\n\t<meta property=\"og:image:width\" content=\"640\" \/>\n\t<meta property=\"og:image:height\" content=\"618\" \/>\n\t<meta property=\"og:image:type\" content=\"image\/png\" \/>\n<meta name=\"author\" content=\"Redazione\" \/>\n<meta name=\"twitter:card\" content=\"summary_large_image\" \/>\n<meta name=\"twitter:creator\" content=\"@intoscana\" \/>\n<meta name=\"twitter:site\" content=\"@intoscana\" \/>\n<meta name=\"twitter:label1\" content=\"Written by\" \/>\n\t<meta name=\"twitter:data1\" content=\"Redazione\" \/>\n\t<meta name=\"twitter:label2\" content=\"Est. reading time\" \/>\n\t<meta name=\"twitter:data2\" content=\"2 minuti\" \/>\n<script type=\"application\/ld+json\" class=\"yoast-schema-graph\">{\"@context\":\"https:\/\/schema.org\",\"@graph\":[{\"@type\":\"WebPage\",\"@id\":\"https:\/\/www.intoscana.it\/it\/nuove-ospedale-di-livorno-ce-il-progetto-giani-opera-cruciale-per-la-sanita-toscana\/\",\"url\":\"https:\/\/www.intoscana.it\/it\/nuove-ospedale-di-livorno-ce-il-progetto-giani-opera-cruciale-per-la-sanita-toscana\/\",\"name\":\"Nuove ospedale di Livorno, c'\u00e8 il progetto. Giani: \\\"Opera cruciale per la sanit\u00e0 toscana\\\" - intoscana\",\"isPartOf\":{\"@id\":\"https:\/\/www.intoscana.it\/it\/#website\"},\"primaryImageOfPage\":{\"@id\":\"https:\/\/www.intoscana.it\/it\/nuove-ospedale-di-livorno-ce-il-progetto-giani-opera-cruciale-per-la-sanita-toscana\/#primaryimage\"},\"image\":{\"@id\":\"https:\/\/www.intoscana.it\/it\/nuove-ospedale-di-livorno-ce-il-progetto-giani-opera-cruciale-per-la-sanita-toscana\/#primaryimage\"},\"thumbnailUrl\":\"https:\/\/www.intoscana.it\/wp-content\/uploads\/Giani-livorno.png\",\"datePublished\":\"2023-09-07T15:08:08+00:00\",\"dateModified\":\"2023-09-11T10:39:15+00:00\",\"author\":{\"@id\":\"https:\/\/www.intoscana.it\/it\/#\/schema\/person\/9223810753230f20bd670fdd322661f8\"},\"description\":\"Incontro tecnico sulla nuova struttura che sorger\u00e0 nell'area ex Pirelli: 88mila metri quadrati e un investimento da 195 milioni di euro, a cui se ne aggiungeranno altri 40 milioni per gli interni\",\"breadcrumb\":{\"@id\":\"https:\/\/www.intoscana.it\/it\/nuove-ospedale-di-livorno-ce-il-progetto-giani-opera-cruciale-per-la-sanita-toscana\/#breadcrumb\"},\"inLanguage\":\"it-IT\",\"potentialAction\":[{\"@type\":\"ReadAction\",\"target\":[\"https:\/\/www.intoscana.it\/it\/nuove-ospedale-di-livorno-ce-il-progetto-giani-opera-cruciale-per-la-sanita-toscana\/\"]}]},{\"@type\":\"ImageObject\",\"inLanguage\":\"it-IT\",\"@id\":\"https:\/\/www.intoscana.it\/it\/nuove-ospedale-di-livorno-ce-il-progetto-giani-opera-cruciale-per-la-sanita-toscana\/#primaryimage\",\"url\":\"https:\/\/www.intoscana.it\/wp-content\/uploads\/Giani-livorno.png\",\"contentUrl\":\"https:\/\/www.intoscana.it\/wp-content\/uploads\/Giani-livorno.png\",\"width\":640,\"height\":618},{\"@type\":\"BreadcrumbList\",\"@id\":\"https:\/\/www.intoscana.it\/it\/nuove-ospedale-di-livorno-ce-il-progetto-giani-opera-cruciale-per-la-sanita-toscana\/#breadcrumb\",\"itemListElement\":[{\"@type\":\"ListItem\",\"position\":1,\"name\":\"Home\",\"item\":\"https:\/\/www.intoscana.it\/it\/\"},{\"@type\":\"ListItem\",\"position\":2,\"name\":\"Nuove ospedale di Livorno, c&#8217;\u00e8 il progetto. Giani: &#8220;Opera cruciale per la sanit\u00e0 toscana&#8221;\"}]},{\"@type\":\"WebSite\",\"@id\":\"https:\/\/www.intoscana.it\/it\/#website\",\"url\":\"https:\/\/www.intoscana.it\/it\/\",\"name\":\"intoscana\",\"description\":\"\",\"potentialAction\":[{\"@type\":\"SearchAction\",\"target\":{\"@type\":\"EntryPoint\",\"urlTemplate\":\"https:\/\/www.intoscana.it\/it\/?s={search_term_string}\"},\"query-input\":{\"@type\":\"PropertyValueSpecification\",\"valueRequired\":true,\"valueName\":\"search_term_string\"}}],\"inLanguage\":\"it-IT\"},{\"@type\":\"Person\",\"@id\":\"https:\/\/www.intoscana.it\/it\/#\/schema\/person\/9223810753230f20bd670fdd322661f8\",\"name\":\"Redazione\",\"url\":\"https:\/\/www.intoscana.it\/it\/author\/redazione\/\"}]}<\/script>\n<!-- \/ Yoast SEO Premium plugin. -->","yoast_head_json":{"title":"Nuove ospedale di Livorno, c'\u00e8 il progetto. Giani: \"Opera cruciale per la sanit\u00e0 toscana\" - intoscana","description":"Incontro tecnico sulla nuova struttura che sorger\u00e0 nell'area ex Pirelli: 88mila metri quadrati e un investimento da 195 milioni di euro, a cui se ne aggiungeranno altri 40 milioni per gli interni","robots":{"index":"index","follow":"follow","max-snippet":"max-snippet:-1","max-image-preview":"max-image-preview:large","max-video-preview":"max-video-preview:-1"},"canonical":"https:\/\/www.intoscana.it\/it\/nuove-ospedale-di-livorno-ce-il-progetto-giani-opera-cruciale-per-la-sanita-toscana\/","og_locale":"it_IT","og_type":"article","og_title":"Nuove ospedale di Livorno, c'\u00e8 il progetto. Giani: \"Opera cruciale per la sanit\u00e0 toscana\"","og_description":"Incontro tecnico sulla nuova struttura che sorger\u00e0 nell'area ex Pirelli: 88mila metri quadrati e un investimento da 195 milioni di euro, a cui se ne aggiungeranno altri 40 milioni per gli interni","og_url":"https:\/\/www.intoscana.it\/it\/nuove-ospedale-di-livorno-ce-il-progetto-giani-opera-cruciale-per-la-sanita-toscana\/","og_site_name":"intoscana","article_publisher":"https:\/\/www.facebook.com\/intoscana.it","article_published_time":"2023-09-07T15:08:08+00:00","article_modified_time":"2023-09-11T10:39:15+00:00","og_image":[{"width":640,"height":618,"url":"https:\/\/www.intoscana.it\/wp-content\/uploads\/Giani-livorno.png","type":"image\/png"}],"author":"Redazione","twitter_card":"summary_large_image","twitter_creator":"@intoscana","twitter_site":"@intoscana","twitter_misc":{"Written by":"Redazione","Est. reading time":"2 minuti"},"schema":{"@context":"https:\/\/schema.org","@graph":[{"@type":"WebPage","@id":"https:\/\/www.intoscana.it\/it\/nuove-ospedale-di-livorno-ce-il-progetto-giani-opera-cruciale-per-la-sanita-toscana\/","url":"https:\/\/www.intoscana.it\/it\/nuove-ospedale-di-livorno-ce-il-progetto-giani-opera-cruciale-per-la-sanita-toscana\/","name":"Nuove ospedale di Livorno, c'\u00e8 il progetto. Giani: \"Opera cruciale per la sanit\u00e0 toscana\" - intoscana","isPartOf":{"@id":"https:\/\/www.intoscana.it\/it\/#website"},"primaryImageOfPage":{"@id":"https:\/\/www.intoscana.it\/it\/nuove-ospedale-di-livorno-ce-il-progetto-giani-opera-cruciale-per-la-sanita-toscana\/#primaryimage"},"image":{"@id":"https:\/\/www.intoscana.it\/it\/nuove-ospedale-di-livorno-ce-il-progetto-giani-opera-cruciale-per-la-sanita-toscana\/#primaryimage"},"thumbnailUrl":"https:\/\/www.intoscana.it\/wp-content\/uploads\/Giani-livorno.png","datePublished":"2023-09-07T15:08:08+00:00","dateModified":"2023-09-11T10:39:15+00:00","author":{"@id":"https:\/\/www.intoscana.it\/it\/#\/schema\/person\/9223810753230f20bd670fdd322661f8"},"description":"Incontro tecnico sulla nuova struttura che sorger\u00e0 nell'area ex Pirelli: 88mila metri quadrati e un investimento da 195 milioni di euro, a cui se ne aggiungeranno altri 40 milioni per gli interni","breadcrumb":{"@id":"https:\/\/www.intoscana.it\/it\/nuove-ospedale-di-livorno-ce-il-progetto-giani-opera-cruciale-per-la-sanita-toscana\/#breadcrumb"},"inLanguage":"it-IT","potentialAction":[{"@type":"ReadAction","target":["https:\/\/www.intoscana.it\/it\/nuove-ospedale-di-livorno-ce-il-progetto-giani-opera-cruciale-per-la-sanita-toscana\/"]}]},{"@type":"ImageObject","inLanguage":"it-IT","@id":"https:\/\/www.intoscana.it\/it\/nuove-ospedale-di-livorno-ce-il-progetto-giani-opera-cruciale-per-la-sanita-toscana\/#primaryimage","url":"https:\/\/www.intoscana.it\/wp-content\/uploads\/Giani-livorno.png","contentUrl":"https:\/\/www.intoscana.it\/wp-content\/uploads\/Giani-livorno.png","width":640,"height":618},{"@type":"BreadcrumbList","@id":"https:\/\/www.intoscana.it\/it\/nuove-ospedale-di-livorno-ce-il-progetto-giani-opera-cruciale-per-la-sanita-toscana\/#breadcrumb","itemListElement":[{"@type":"ListItem","position":1,"name":"Home","item":"https:\/\/www.intoscana.it\/it\/"},{"@type":"ListItem","position":2,"name":"Nuove ospedale di Livorno, c&#8217;\u00e8 il progetto. Giani: &#8220;Opera cruciale per la sanit\u00e0 toscana&#8221;"}]},{"@type":"WebSite","@id":"https:\/\/www.intoscana.it\/it\/#website","url":"https:\/\/www.intoscana.it\/it\/","name":"intoscana","description":"","potentialAction":[{"@type":"SearchAction","target":{"@type":"EntryPoint","urlTemplate":"https:\/\/www.intoscana.it\/it\/?s={search_term_string}"},"query-input":{"@type":"PropertyValueSpecification","valueRequired":true,"valueName":"search_term_string"}}],"inLanguage":"it-IT"},{"@type":"Person","@id":"https:\/\/www.intoscana.it\/it\/#\/schema\/person\/9223810753230f20bd670fdd322661f8","name":"Redazione","url":"https:\/\/www.intoscana.it\/it\/author\/redazione\/"}]}},"_links":{"self":[{"href":"https:\/\/www.intoscana.it\/it\/wp-json\/wp\/v2\/posts\/303720","targetHints":{"allow":["GET"]}}],"collection":[{"href":"https:\/\/www.intoscana.it\/it\/wp-json\/wp\/v2\/posts"}],"about":[{"href":"https:\/\/www.intoscana.it\/it\/wp-json\/wp\/v2\/types\/post"}],"author":[{"embeddable":true,"href":"https:\/\/www.intoscana.it\/it\/wp-json\/wp\/v2\/users\/525"}],"replies":[{"embeddable":true,"href":"https:\/\/www.intoscana.it\/it\/wp-json\/wp\/v2\/comments?post=303720"}],"version-history":[{"count":0,"href":"https:\/\/www.intoscana.it\/it\/wp-json\/wp\/v2\/posts\/303720\/revisions"}],"wp:featuredmedia":[{"embeddable":true,"href":"https:\/\/www.intoscana.it\/it\/wp-json\/wp\/v2\/media\/303743"}],"wp:attachment":[{"href":"https:\/\/www.intoscana.it\/it\/wp-json\/wp\/v2\/media?parent=303720"}],"wp:term":[{"taxonomy":"category","embeddable":true,"href":"https:\/\/www.intoscana.it\/it\/wp-json\/wp\/v2\/categories?post=303720"},{"taxonomy":"post_tag","embeddable":true,"href":"https:\/\/www.intoscana.it\/it\/wp-json\/wp\/v2\/tags?post=303720"}],"curies":[{"name":"wp","href":"https:\/\/api.w.org\/{rel}","templated":true}]}}