{"id":304056,"date":"2023-09-11T10:08:40","date_gmt":"2023-09-11T08:08:40","guid":{"rendered":"https:\/\/www.intoscana.it\/it\/?p=304056"},"modified":"2023-09-11T10:10:58","modified_gmt":"2023-09-11T08:10:58","slug":"street-art-zap-firenze","status":"publish","type":"post","link":"https:\/\/www.intoscana.it\/it\/street-art-zap-firenze\/","title":{"rendered":"Firenze e la Street Art: quattro giorni a ZAP &#8211; Zona Aromatica Protetta di mostre, talk e live painting"},"content":{"rendered":"<p><strong>Dal 14 al 17 settembre<\/strong> a <a href=\"https:\/\/www.facebook.com\/zapzonaaromaticaprotetta?locale=it_IT\" target=\"_blank\" rel=\"noopener\"><strong>ZAP &#8211; Zona Aromatica Protetta<\/strong> <\/a>arrivano quattro giorni di iniziative dedicate alle origini della <strong><a href=\"https:\/\/www.intoscana.it\/it\/articolo\/la-street-art-entra-in-collezione-agli-uffizi-schmidt-i-medici-oggi-sarebbero-felici\/\" target=\"_blank\" rel=\"noopener\">street art<\/a> a Firenze<\/strong>: tra<strong> talks, esposizione fotografica, live painting, performance e installazioni artistiche.<\/strong><\/p>\n<p>Saranno a confronto <strong>diverse generazioni di writer<\/strong> dai protagonisti della <strong>Firenze della fine degli anni Settanta-inizio degli Ottanta<\/strong> fino alle<strong> nuove generazioni.<\/strong><\/p>\n<p><strong>Tantissimi gli artisti e gli ospiti<\/strong> che interverranno per raccontare le origini dei loro<strong> interventi artistici in strada. <\/strong><\/p>\n<p>Durante tutto il periodo della manifestazione saranno esposte installazioni e opere di <strong>Bue2530, Paolo Buggiani, Sedicente Moradi, Lorenzo Pezzatini, Rinascimento Punk e Stelleconfuse.<\/strong><\/p>\n<p>Il manifesto della manifestazione nasce dalla collaborazione tra gli artisti <strong>Lorenzo Pezzatini e Stelleconfuse,<\/strong> proprio a simboleggiare il <strong>dialogo e la contaminazione artistica.<\/strong><\/p>\n<h3>Il programma dei quattro giorni<\/h3>\n<p><strong>Gioved\u00ec 14 settembre<\/strong> le quattro giornate prendono il via con un <strong>live painting sulle vetrate dello Zap<\/strong>, firmato e progettato dallo street artist<strong> Ninjaz e Aroldo Marinai<\/strong> in omaggio al suo <strong>Frogmen,<\/strong> che invase le strade di <strong>Firenze nel 1979.<\/strong><\/p>\n<p><strong>Venerd\u00ec 15 settembre<\/strong> alle ore 18.00 si inaugura l\u2019esposizione fotografica<em><strong> \u201cWails &amp; words on street art\u201d<\/strong><\/em>. Un affresco per immagini degli interventi artistici urbani tra la fine degli anni Settanta e gli anni Ottanta a Firenze. Sar\u00e0 presente la <strong>vicesindaca di Firenze Alessia Bettini<\/strong> con una performance <em><strong>\u201cArtist in Presence\u201d<\/strong> <\/em>dell\u2019artista<strong> Lorenzo Pezzatini<\/strong> e la proiezione di un film a lui dedicato, \u2018<em><strong>Losing the Thread\u2019<\/strong> <\/em>di <strong>Jonathan Nossiter.<\/strong><\/p>\n<p><strong>Sabato 16 settembre<\/strong> si terranno due talks. Alle 16.30 incontreremo i testimoni e i protagonisti di quella straordinaria esperienza culturale che \u00e8 stato il muro<strong> TuttoMondo<\/strong>, realizzato da <strong>Keith Haring a Pisa<\/strong> nel 1989. A seguire alle 18 il racconto di<strong> The First Graffiti Competition<\/strong> organizzata nello storico locale Manila nei primi anni degli anni Ottanta.<\/p>\n<p><strong>Domenica 17 settembre<\/strong> dalle 16.30, otto artisti dialogheranno sulle origini del loro lavoro artistico e dell\u2019esigenza di esprimersi nello spazio pubblico. \u2028Parteciperanno <strong>Marino Vismara, Stelleconfuse, Lorenzo Pezzatini, Rinascimento Punk, Bue2530, Sedicente Moradi, Gianni Dorigo e Clet.<\/strong><\/p>\n<figure id=\"post-304060 media-304060\" class=\"align-none\"><img decoding=\"async\" src=\"https:\/\/www.intoscana.it\/wp-content\/uploads\/Programma-Wails-Words.png\" alt=\"\" \/><\/figure>\n<h3>Gli artisti<\/h3>\n<p><strong>Paolo Buggiani<\/strong> \u00e8 un artista contemporaneo nato nel 1933 a Castelfiorentino e attivo tra street art, installazioni, performance, pittura, scultura, fotografia. Negli anni &#8217;80 vive a New York (e il clima di quegli anni) stupendo la citt\u00e0 con le sue performance che si sono espresse nelle forme pi\u00f9 disparate: dalla pittura sulla neve agli incendi su delle silhouette di fuoco, dall\u2019installazione estemporanea delle sue sculture metalliche alle performance sui pattini (incendiati!) in mezzo al traffico, fino ai voli calandosi in mezzo ai grattacieli. Qui ha conosciuto Andy Warhol e collaborato con Haring e Hambleton. Il messaggio che sottende in ogni opera \u00e8 la disobbedienza che lo rende un artista libero nell&#8217;azione e nella sua determinazione.<\/p>\n<p><strong>Clet Abraham<\/strong> \u00e8 un artista francese, dal 2005 ha scelto Firenze come sua casa artistica. Dal 2009 inizia a lavorare intorno alla segnaletica stradale, aggiungendo significato ai cartelli con l&#8217;applicazione di inserti adesivi. Le installazioni di Clet nel contesto urbano non sono limitate ai cartelli stradali. Nel 2010, con un gesto provocatorio, riusc\u00ec a posizionare un suo autoritratto dentro la galleria di Palazzo Vecchio accanto a uno quadro del Pontormo. Nel 2014 ha installato su uno degli speroni del Ponte delle Grazie la sua opera <em><strong>\u201cUomo Comune\u201d,<\/strong> <\/em>statua iconica dell&#8217;artista, che rappresenta un uomo stilizzato, con una gamba attaccata al ponte e l\u2019altra che procede nel vuoto sopra l\u2019Arno.<\/p>\n<p><strong>Tommaso Tozzi<\/strong> dal 1974 si interessa all&#8217;arte concettuale, grazie alla vicinanza con l&#8217;artista Giuseppe Chiari, all&#8217;undeground, alla musica, alla politica (Collettivi Politici Unitari, Firenze) e all&#8217;area dei movimenti antagonisti. Dopo alcune esperienze di arte urbana negli anni Settanta (firmandosi &#8220;Zedo&#8221;), nel 1981 comincia a lavorare con gli spray sui muri della citt\u00e0, con lo pseudonimo &#8220;Zedo &amp; Wz&#8221;, realizzando graffiti e altre opere d&#8217;arte. Dalla fine degli anni Settanta segue lo sviluppo del punk in Toscana e collabora dal 1983 alla fanzine &#8220;Nuove dal Fronte&#8221; (in seguito &#8220;G.D.H.C.&#8221;). Dal 1982 inizia a fare delle incursioni urbane con altri graffitisti, come Abele e Fran\u00e7oise de La Brioske, gruppo che si allargher\u00e0 negli anni e dal 1984 prender\u00e0 nome &#8220;Bambina Precoce&#8221;, dall&#8217;omonima &#8220;fanzine da attaccare sui muri&#8221;, ideata da Tozzi stesso. Per completare la sua tesi di laurea all&#8217;Accademia di Belle Arti, su &#8220;l&#8217;East Village e i graffiti a New York&#8221;, nel 1984 parte per NY. Nel 1980 segue un corso di Estetica Sperimentale con Carmelo Genovese, in cui impara a fare grafica al computer, strumento che da quel momento diventer\u00e0 fondamentale nel suo lavoro artistico. Nel 1989 idea il termine &#8220;Hacker Art&#8221;, che diventer\u00e0 una sorta di etichetta per definire la sua poetica artistica.<\/p>\n<p><strong>Pino Marchi<\/strong> \u00e8 oggi un produttore cine-televisivo indipendente che vive e lavora a Firenze. Da sempre affascinato dalla Graffiti Art come forma di comunicazione, ha raccolto circa 30.000 tra foto e scritte di &#8220;pensiere-idee-opere-contestazioni&#8221;. Oltre alle innumerevoli opere d&#8217;arte come i murales, i cartelli, le affissioni che sono una evoluzione del messaggio urbano sui muri.<\/p>\n<figure id=\"post-70655 media-70655\" class=\"align-none\"><img decoding=\"async\" src=\"https:\/\/www.intoscana.it\/wp-content\/uploads\/934543.jpg\" alt=\"\" \/><\/figure>\n<div class=\"titleimg\"><strong><em>Clet<\/em><\/strong><\/div>\n<p><strong>Bue2530<\/strong>, attivo dalla fine degli anni \u201990, si definisce un writer che disegna, artista poliedrico, in equilibrio tra la meccanica e la fantasia, si muove con naturalezza dalla street art alla pittura, fino ai tatuaggi. Il suo immaginario creativo \u00e8 stravagante e complesso, le sue opere ricche di dettagli, dalla linea marcata e dalla vivacit\u00e0 cromatica. La maggior parte dei suoi soggetti sono animali unici nel loro genere, spesso fusi con architetture e macchinari lignei, con bellezza e profondit\u00e0 critica la condizione umana nei confronti dell\u2019ambiente e delle altre creature che popolano il pianeta.<\/p>\n<p><strong>Marino Vismara<\/strong> \u00e8 un artista poliedrico che opera anche con modalit\u00e0 concettuali. Attinge dalla musica, dal linguaggio, dal mondo naturale e animale, attraverso un lavoro di approfondimento percettivo e con ricerche storiche. Dal 1971 ha realizzato performance, opere e installazioni. La rilevazione dei fenomeni estetici casuali porta Vismara alla riflessione sulla Storia &#8220;come un&#8217;opera d&#8217;arte in s\u00e8&#8221; quasi utilizzandola come un ready made. Per quanto riguarda i sui interventi segnici \u2018stradali\u2019: -nel 1983 usa l\u2019 immagine di un calamaro tardo miceneo, nell\u2019elaborazione dell&#8217;opera cartello stradale &#8220;Mseo art cntempo&#8221;, lavoro di comunicazione subliminale che sottolineava la mancanza di un museo di arte contemporanea in citt\u00e0. Nel 1977-78 aveva gi\u00e0 operato sul cartello \u2018Scritto\u2019 (fraz. di Gubbio) e nel 2000, 2002 e 2004 colloc\u00f2 in varie citt\u00e0, cartelli, adesivi e striscioni stradali, scritti in un linguaggio da lui codificato con segni estrapolati dalle acqueforti di G. Fattori (realizzando anche mostre e libri).<\/p>\n<p><strong>Ninjaz<\/strong> nasce a Firenze nel 1986, nel quartiere di Rifredi. Nel \u201998 si avvicina al mondo dei graffiti, in poco tempo quel passatempo giovanile diventa una vera e propria passione. Improvvisatore e sperimentatore pone lo strumento \u201cspray\u201d al centro della sua ricerca artistica e si concentra sul muro come su tela. Un\u2019impostazione pi\u00f9 vicina a quella della pittura che a quella del writing.<\/p>\n<p><strong>Aroldo Marinai,<\/strong> pioniere della street art fiorentina, dopo un viaggio a New York, alla fine del 1979 mette in atto un intervento creativo sui muri di Firenze: realizza l&#8217;immagine stencil di un uomo rana, una figura quasi poetica, una specie di subacqueo. Il suo Frogmen. Marinai ha anticipato di circa un anno le azioni di Bleck Le Rat con il suo celebre topo sui muri di Parigi. Frogmen apre un discorso sul complesso rapporto tra street art e spazio urbano, sul concetto di effimero, sul rapporto con i cittadini e sulla potenza del segno.<\/p>\n<figure id=\"post-167994 media-167994\" class=\"align-none\"><img decoding=\"async\" src=\"https:\/\/www.intoscana.it\/wp-content\/uploads\/MG_9738-k-copia-scaled.jpg\" alt=\"\" \/><\/figure>\n<div class=\"titleimg\"><em>Tuttomondo a Pisa<\/em><\/div>\n<p><strong>Sedicente Moradi<\/strong> segue l\u2019idea \u201cOgni forma \u00e8 Natura\u201d, l\u2019arte non va creata, esiste in natura ma bisogna riconoscerla. Nella sua attivit\u00e0 artistica assemblea legno di recupero e in stato di abbandono, dai rami alle radici, strutturando forme umane e animali. Disegna tridimensionalmente usando le linee gi\u00e0 contenute nel legno. Le sue installazioni spontanee hanno punteggiato negli anni il contesto urbano con spirito poetico e di interazione positiva con gli abitanti.<\/p>\n<p><strong>Gianni Dorigo<\/strong> \u00e8 un artista che vive e lavora a Firenze. \u00c8 sua la scritta &#8220;La poesia \u00e8 nella strada&#8221; del 1975\/1976, inserendosi nel contesto urbano con una nuova chiave di lettura, spontanea, sociale e allo stesso tempo di ricerca nel campo del graffitismo artistico. Rendendo cos\u00ec sempre pi\u00f9 vana la separazione tra l&#8217;espressione tradizionale dell&#8217;arte e il linguaggio dei segni sui muri. Da precursore ha anticipato il discorso sulla produzione di nuove forme di espressione artistica &#8211; e delle sue &#8220;regole&#8221; di trasmissione.<\/p>\n<p><strong>Rinascimento Punk<\/strong> \u00e8 un artista, uno sperimentatore che attinge al mondo multiforme della street art. Le sue opere sono una sfida provocatoria contro ogni potere, fruibili nei pi\u00f9 diversi contesti, dal marciapiede all\u2019argine del fiume. Nel suo processo artistico utilizza materiali riciclati o di scarto, oppure semplicemente raccolti dal mondo naturale dando un&#8217;impronta ecosostenibile alla sua arte, sia in senso sociale che culturale.<\/p>\n<p><strong>Lorenzo Pezzatini<\/strong> con il Filo creato nel 1977 costituisce il nucleo e la cellula generativa di tutto il suo lavoro: un oggetto filiforme e puntuto di colore acrilico blu, giallo e rosso, una vera e propria emanazione della pittura su tela, la forma ideale per alludere a una possibile trasformazione globale della realt\u00e0. Nato a Firenze nel 1944 si trasferisce nel 1974 negli Stati Uniti per ragioni di studio 1981 ottenendo un Master presso l\u2019University of Massachussets \u2013 Amherst nel 1981. Negli anni \u201980 ha vissuto a New York entrando in contatto con il graffitismo e a Roma dove dette inizio alla \u201cFilografia Urbana\u201d sui billboards 6X3, che in seguito avrebbe trasferito nelle strade di Firenze.<\/p>\n<p><strong>Stelleconfuse<\/strong> \u00e8 uno dei pi\u00f9 attivi sticker e stencil artist in Italia. Il suo progetto \u201cPlant a Tree\u201d nasce per ricordare l&#8217;importanza del verde contro la cementificazione e la deforestazione incontrollata. Dal 2008 ha iniziato a diffondere i suoi iconici alberi in tutto il mondo.<\/p>\n<figure id=\"post-304061 media-304061\" class=\"align-none\"><img decoding=\"async\" src=\"https:\/\/www.intoscana.it\/wp-content\/uploads\/Wails_words.png\" alt=\"\" \/><\/figure>\n<div class=\"titleimg\">Wails<\/div>\n","protected":false},"excerpt":{"rendered":"<p>Dal 14 al 17 settembre i protagonisti della street art a Firenze dagli anni &#8217;80 ad oggi raccontano le loro esperienze in un confronto tra generazioni diverse<\/p>\n","protected":false},"author":525,"featured_media":304059,"comment_status":"open","ping_status":"open","sticky":false,"template":"","format":"standard","meta":{"_acf_changed":false,"footnotes":""},"categories":[493],"tags":[4474,202,4690],"class_list":["post-304056","post","type-post","status-publish","format-standard","has-post-thumbnail","hentry","category-cultura","tag-eventi","tag-firenze","tag-street-art"],"acf":[],"yoast_head":"<!-- This site is optimized with the Yoast SEO Premium plugin v24.2 (Yoast SEO v25.6) - https:\/\/yoast.com\/wordpress\/plugins\/seo\/ -->\n<title>Firenze e la Street Art: quattro giorni a ZAP - Zona Aromatica Protetta di mostre, talk e live painting - intoscana<\/title>\n<meta name=\"description\" content=\"Dal 14 al 17 settembre quattro giorni per parlare attraverso mostre, talk e performance dei protagonisti della street art a Firenze\" \/>\n<meta name=\"robots\" content=\"index, follow, max-snippet:-1, max-image-preview:large, max-video-preview:-1\" \/>\n<link rel=\"canonical\" href=\"https:\/\/www.intoscana.it\/it\/street-art-zap-firenze\/\" \/>\n<meta property=\"og:locale\" content=\"it_IT\" \/>\n<meta property=\"og:type\" content=\"article\" \/>\n<meta property=\"og:title\" content=\"Firenze e la Street Art: quattro giorni a ZAP - Zona Aromatica Protetta di mostre, talk e live painting\" \/>\n<meta property=\"og:description\" content=\"Dal 14 al 17 settembre quattro giorni per parlare attraverso mostre, talk e performance dei protagonisti della street art a Firenze\" \/>\n<meta property=\"og:url\" content=\"https:\/\/www.intoscana.it\/it\/street-art-zap-firenze\/\" \/>\n<meta property=\"og:site_name\" content=\"intoscana\" \/>\n<meta property=\"article:publisher\" content=\"https:\/\/www.facebook.com\/intoscana.it\" \/>\n<meta property=\"article:published_time\" content=\"2023-09-11T08:08:40+00:00\" \/>\n<meta property=\"article:modified_time\" content=\"2023-09-11T08:10:58+00:00\" \/>\n<meta property=\"og:image\" content=\"https:\/\/www.intoscana.it\/wp-content\/uploads\/Lorenzo-Pezzatini-_-filografia-urbana-1993-firenze-scaled.jpg\" \/>\n\t<meta property=\"og:image:width\" content=\"2048\" \/>\n\t<meta property=\"og:image:height\" content=\"1371\" \/>\n\t<meta property=\"og:image:type\" content=\"image\/jpeg\" \/>\n<meta name=\"author\" content=\"Redazione\" \/>\n<meta name=\"twitter:card\" content=\"summary_large_image\" \/>\n<meta name=\"twitter:creator\" content=\"@intoscana\" \/>\n<meta name=\"twitter:site\" content=\"@intoscana\" \/>\n<meta name=\"twitter:label1\" content=\"Written by\" \/>\n\t<meta name=\"twitter:data1\" content=\"Redazione\" \/>\n\t<meta name=\"twitter:label2\" content=\"Est. reading time\" \/>\n\t<meta name=\"twitter:data2\" content=\"8 minuti\" \/>\n<script type=\"application\/ld+json\" class=\"yoast-schema-graph\">{\"@context\":\"https:\/\/schema.org\",\"@graph\":[{\"@type\":\"WebPage\",\"@id\":\"https:\/\/www.intoscana.it\/it\/street-art-zap-firenze\/\",\"url\":\"https:\/\/www.intoscana.it\/it\/street-art-zap-firenze\/\",\"name\":\"Firenze e la Street Art: quattro giorni a ZAP - Zona Aromatica Protetta di mostre, talk e live painting - intoscana\",\"isPartOf\":{\"@id\":\"https:\/\/www.intoscana.it\/it\/#website\"},\"primaryImageOfPage\":{\"@id\":\"https:\/\/www.intoscana.it\/it\/street-art-zap-firenze\/#primaryimage\"},\"image\":{\"@id\":\"https:\/\/www.intoscana.it\/it\/street-art-zap-firenze\/#primaryimage\"},\"thumbnailUrl\":\"https:\/\/www.intoscana.it\/wp-content\/uploads\/Lorenzo-Pezzatini-_-filografia-urbana-1993-firenze-scaled.jpg\",\"datePublished\":\"2023-09-11T08:08:40+00:00\",\"dateModified\":\"2023-09-11T08:10:58+00:00\",\"author\":{\"@id\":\"https:\/\/www.intoscana.it\/it\/#\/schema\/person\/9223810753230f20bd670fdd322661f8\"},\"description\":\"Dal 14 al 17 settembre quattro giorni per parlare attraverso mostre, talk e performance dei protagonisti della street art a Firenze\",\"breadcrumb\":{\"@id\":\"https:\/\/www.intoscana.it\/it\/street-art-zap-firenze\/#breadcrumb\"},\"inLanguage\":\"it-IT\",\"potentialAction\":[{\"@type\":\"ReadAction\",\"target\":[\"https:\/\/www.intoscana.it\/it\/street-art-zap-firenze\/\"]}]},{\"@type\":\"ImageObject\",\"inLanguage\":\"it-IT\",\"@id\":\"https:\/\/www.intoscana.it\/it\/street-art-zap-firenze\/#primaryimage\",\"url\":\"https:\/\/www.intoscana.it\/wp-content\/uploads\/Lorenzo-Pezzatini-_-filografia-urbana-1993-firenze-scaled.jpg\",\"contentUrl\":\"https:\/\/www.intoscana.it\/wp-content\/uploads\/Lorenzo-Pezzatini-_-filografia-urbana-1993-firenze-scaled.jpg\",\"width\":2048,\"height\":1371},{\"@type\":\"BreadcrumbList\",\"@id\":\"https:\/\/www.intoscana.it\/it\/street-art-zap-firenze\/#breadcrumb\",\"itemListElement\":[{\"@type\":\"ListItem\",\"position\":1,\"name\":\"Home\",\"item\":\"https:\/\/www.intoscana.it\/it\/\"},{\"@type\":\"ListItem\",\"position\":2,\"name\":\"Firenze e la Street Art: quattro giorni a ZAP &#8211; Zona Aromatica Protetta di mostre, talk e live painting\"}]},{\"@type\":\"WebSite\",\"@id\":\"https:\/\/www.intoscana.it\/it\/#website\",\"url\":\"https:\/\/www.intoscana.it\/it\/\",\"name\":\"intoscana\",\"description\":\"\",\"potentialAction\":[{\"@type\":\"SearchAction\",\"target\":{\"@type\":\"EntryPoint\",\"urlTemplate\":\"https:\/\/www.intoscana.it\/it\/?s={search_term_string}\"},\"query-input\":{\"@type\":\"PropertyValueSpecification\",\"valueRequired\":true,\"valueName\":\"search_term_string\"}}],\"inLanguage\":\"it-IT\"},{\"@type\":\"Person\",\"@id\":\"https:\/\/www.intoscana.it\/it\/#\/schema\/person\/9223810753230f20bd670fdd322661f8\",\"name\":\"Redazione\",\"url\":\"https:\/\/www.intoscana.it\/it\/author\/redazione\/\"}]}<\/script>\n<!-- \/ Yoast SEO Premium plugin. -->","yoast_head_json":{"title":"Firenze e la Street Art: quattro giorni a ZAP - Zona Aromatica Protetta di mostre, talk e live painting - intoscana","description":"Dal 14 al 17 settembre quattro giorni per parlare attraverso mostre, talk e performance dei protagonisti della street art a Firenze","robots":{"index":"index","follow":"follow","max-snippet":"max-snippet:-1","max-image-preview":"max-image-preview:large","max-video-preview":"max-video-preview:-1"},"canonical":"https:\/\/www.intoscana.it\/it\/street-art-zap-firenze\/","og_locale":"it_IT","og_type":"article","og_title":"Firenze e la Street Art: quattro giorni a ZAP - Zona Aromatica Protetta di mostre, talk e live painting","og_description":"Dal 14 al 17 settembre quattro giorni per parlare attraverso mostre, talk e performance dei protagonisti della street art a Firenze","og_url":"https:\/\/www.intoscana.it\/it\/street-art-zap-firenze\/","og_site_name":"intoscana","article_publisher":"https:\/\/www.facebook.com\/intoscana.it","article_published_time":"2023-09-11T08:08:40+00:00","article_modified_time":"2023-09-11T08:10:58+00:00","og_image":[{"width":2048,"height":1371,"url":"https:\/\/www.intoscana.it\/wp-content\/uploads\/Lorenzo-Pezzatini-_-filografia-urbana-1993-firenze-scaled.jpg","type":"image\/jpeg"}],"author":"Redazione","twitter_card":"summary_large_image","twitter_creator":"@intoscana","twitter_site":"@intoscana","twitter_misc":{"Written by":"Redazione","Est. reading time":"8 minuti"},"schema":{"@context":"https:\/\/schema.org","@graph":[{"@type":"WebPage","@id":"https:\/\/www.intoscana.it\/it\/street-art-zap-firenze\/","url":"https:\/\/www.intoscana.it\/it\/street-art-zap-firenze\/","name":"Firenze e la Street Art: quattro giorni a ZAP - Zona Aromatica Protetta di mostre, talk e live painting - intoscana","isPartOf":{"@id":"https:\/\/www.intoscana.it\/it\/#website"},"primaryImageOfPage":{"@id":"https:\/\/www.intoscana.it\/it\/street-art-zap-firenze\/#primaryimage"},"image":{"@id":"https:\/\/www.intoscana.it\/it\/street-art-zap-firenze\/#primaryimage"},"thumbnailUrl":"https:\/\/www.intoscana.it\/wp-content\/uploads\/Lorenzo-Pezzatini-_-filografia-urbana-1993-firenze-scaled.jpg","datePublished":"2023-09-11T08:08:40+00:00","dateModified":"2023-09-11T08:10:58+00:00","author":{"@id":"https:\/\/www.intoscana.it\/it\/#\/schema\/person\/9223810753230f20bd670fdd322661f8"},"description":"Dal 14 al 17 settembre quattro giorni per parlare attraverso mostre, talk e performance dei protagonisti della street art a Firenze","breadcrumb":{"@id":"https:\/\/www.intoscana.it\/it\/street-art-zap-firenze\/#breadcrumb"},"inLanguage":"it-IT","potentialAction":[{"@type":"ReadAction","target":["https:\/\/www.intoscana.it\/it\/street-art-zap-firenze\/"]}]},{"@type":"ImageObject","inLanguage":"it-IT","@id":"https:\/\/www.intoscana.it\/it\/street-art-zap-firenze\/#primaryimage","url":"https:\/\/www.intoscana.it\/wp-content\/uploads\/Lorenzo-Pezzatini-_-filografia-urbana-1993-firenze-scaled.jpg","contentUrl":"https:\/\/www.intoscana.it\/wp-content\/uploads\/Lorenzo-Pezzatini-_-filografia-urbana-1993-firenze-scaled.jpg","width":2048,"height":1371},{"@type":"BreadcrumbList","@id":"https:\/\/www.intoscana.it\/it\/street-art-zap-firenze\/#breadcrumb","itemListElement":[{"@type":"ListItem","position":1,"name":"Home","item":"https:\/\/www.intoscana.it\/it\/"},{"@type":"ListItem","position":2,"name":"Firenze e la Street Art: quattro giorni a ZAP &#8211; Zona Aromatica Protetta di mostre, talk e live painting"}]},{"@type":"WebSite","@id":"https:\/\/www.intoscana.it\/it\/#website","url":"https:\/\/www.intoscana.it\/it\/","name":"intoscana","description":"","potentialAction":[{"@type":"SearchAction","target":{"@type":"EntryPoint","urlTemplate":"https:\/\/www.intoscana.it\/it\/?s={search_term_string}"},"query-input":{"@type":"PropertyValueSpecification","valueRequired":true,"valueName":"search_term_string"}}],"inLanguage":"it-IT"},{"@type":"Person","@id":"https:\/\/www.intoscana.it\/it\/#\/schema\/person\/9223810753230f20bd670fdd322661f8","name":"Redazione","url":"https:\/\/www.intoscana.it\/it\/author\/redazione\/"}]}},"_links":{"self":[{"href":"https:\/\/www.intoscana.it\/it\/wp-json\/wp\/v2\/posts\/304056","targetHints":{"allow":["GET"]}}],"collection":[{"href":"https:\/\/www.intoscana.it\/it\/wp-json\/wp\/v2\/posts"}],"about":[{"href":"https:\/\/www.intoscana.it\/it\/wp-json\/wp\/v2\/types\/post"}],"author":[{"embeddable":true,"href":"https:\/\/www.intoscana.it\/it\/wp-json\/wp\/v2\/users\/525"}],"replies":[{"embeddable":true,"href":"https:\/\/www.intoscana.it\/it\/wp-json\/wp\/v2\/comments?post=304056"}],"version-history":[{"count":0,"href":"https:\/\/www.intoscana.it\/it\/wp-json\/wp\/v2\/posts\/304056\/revisions"}],"wp:featuredmedia":[{"embeddable":true,"href":"https:\/\/www.intoscana.it\/it\/wp-json\/wp\/v2\/media\/304059"}],"wp:attachment":[{"href":"https:\/\/www.intoscana.it\/it\/wp-json\/wp\/v2\/media?parent=304056"}],"wp:term":[{"taxonomy":"category","embeddable":true,"href":"https:\/\/www.intoscana.it\/it\/wp-json\/wp\/v2\/categories?post=304056"},{"taxonomy":"post_tag","embeddable":true,"href":"https:\/\/www.intoscana.it\/it\/wp-json\/wp\/v2\/tags?post=304056"}],"curies":[{"name":"wp","href":"https:\/\/api.w.org\/{rel}","templated":true}]}}