{"id":304171,"date":"2023-09-11T14:48:24","date_gmt":"2023-09-11T12:48:24","guid":{"rendered":"https:\/\/www.intoscana.it\/it\/?p=304171"},"modified":"2023-09-11T14:48:24","modified_gmt":"2023-09-11T12:48:24","slug":"alla-galleria-dellaccademia-di-firenze-arriva-il-prezioso-crocifisso-corsi","status":"publish","type":"post","link":"https:\/\/www.intoscana.it\/it\/alla-galleria-dellaccademia-di-firenze-arriva-il-prezioso-crocifisso-corsi\/","title":{"rendered":"Alla Galleria dell\u2019Accademia di Firenze arriva il prezioso Crocifisso Corsi"},"content":{"rendered":"<p><strong>Un crocifisso dipinto<\/strong> risalente al primo quarto del XIV secolo, noto come <em><strong>Crocifisso Corsi,<\/strong> <\/em>entra a far parte della collezione della <strong>Galleria dell&#8217;Accademia di Firenze<\/strong>.<\/p>\n<p><strong>L&#8217;opera \u00e8 stata acquistata<\/strong> dal museo fiorentino per<strong> 650mila euro<\/strong> in occasione dell&#8217;ultima <strong>Biennale internazionale dell&#8217;antiquariato a Firenze <\/strong>che si \u00e8 tenuta a Palazzo Corsini nel 2022.<\/p>\n<p><strong>Il crocifisso pu\u00f2 essere ammirato da tutti<\/strong> al piano terra del museo, accanto alle opere degli <strong>artisti fiorentini del Duecento e Trecento.<\/strong><\/p>\n<p><em>\u201cArricchire il museo con nuove acquisizioni, \u00e8 un compito che mi sono prefissa dall\u2019inizio della mia direzione e dal 2016 ad oggi possiamo contarne ben 17\u201d &#8211;\u00a0<\/em><strong>racconta Cecilie Hollberg, direttrice della Galleria dell\u2019Accademia.<\/strong><em> \u201cDopo il <a href=\"https:\/\/www.intoscana.it\/it\/articolo\/alla-galleria-dellaccademia-di-firenze-il-busto-in-marmo-di-napoleone-bonaparte\/\" target=\"_blank\" rel=\"noopener\"><strong>busto in marmo di Napoleone<\/strong> <\/a>di Lorenzo Bartolini, siamo lieti di accogliere nelle nostre collezioni il Crocifisso Corsi, un\u2019opera realizzata nel primo quarto del XIV secolo da un pittore fiorentino che prende il nome proprio da questa tavola: Maestro del Crocifisso Corsi.\u201d<\/em><\/p>\n<h3>La storia del Crocifisso Corsi<\/h3>\n<p>L\u2019attribuzione al Maestro del Crocifisso Corsi si deve a <strong>Richard Offner, nel 1931,<\/strong> che lo defin\u00ec <em><strong>un pittore dal talento drammatico,<\/strong><\/em> formatosi a stretto contatto con il <strong>Maestro della Santa Cecilia<\/strong>.<\/p>\n<p>Il <strong>crocifisso<\/strong> proveniva dalla ricca raccolta che <strong>l\u2019ingegnere Arnaldo Corsi lasci\u00f2 al Comune di Firenze nel 1938<\/strong>. Dal 1952 \u00e8 sul mercato antiquario e da allora \u00e8 passato nelle mani di diverse propriet\u00e0, annesso a varie collezioni private tra il capoluogo toscano, Milano e Venezia, prima di giungere, oggi, alla Galleria dell\u2019Accademia di Firenze, tramite <strong>l\u2019antiquario Fabrizio Moretti.<\/strong><\/p>\n<p><strong>Il Crocifisso Corsi,<\/strong> una tempera su tavola, \u00e8 arrivata alla Galleria dell\u2019Accademia in<strong> un buono stato di conservazione, anche se mancante di alcune parti<\/strong> come i terminali laterali e il braccio superiore con la relativa cimasa, dove si presume fosse raffigurato<strong> un Pellicano mistico, nell\u2019atto di nutrire i piccoli<\/strong> col suo sangue, allegoria di Cristo, morto per la redenzione dell\u2019umanit\u00e0.<\/p>\n<p>Il terminale sinistro, con <strong>l\u2019effigie della Vergine dolente<\/strong>, \u00e8 stato identificato, negli anni \u201980, da Milan Boskovits in una raccolta privata: anche se in cattive condizioni, questo elemento ha consentito una parziale ricostruzione dell\u2019opera.<\/p>\n<p>La <strong>Galleria dell&#8217;Accademia<\/strong> ha sottoposto il dipinto ad <strong>intervento di anossia<\/strong>, operazione necessaria per<strong> tutelare ed evitare attacchi di tarli.<\/strong><\/p>\n<p>Il <strong>Crocifisso Corsi<\/strong> costituisce un documento ulteriore della <strong>straordinaria vitalit\u00e0 creativa<\/strong> del <strong>panorama fiorentino degli inizi del Trecento.<\/strong><\/p>\n<figure id=\"post-304174 media-304174\" class=\"align-none\"><img decoding=\"async\" src=\"https:\/\/www.intoscana.it\/wp-content\/uploads\/Crocifisso-Corsi-photo-Serge-Dominge-MG_7257-1-bassa-scaled.jpg\" alt=\"\" \/><\/figure>\n<div class=\"titleimg\"><em>Crocifisso Corsi \u2013 photo Serge Dominge\u00a0<\/em><\/div>\n","protected":false},"excerpt":{"rendered":"<p>L&#8217;opera \u00e8 stata acquistata dal museo fiorentino per 650mila euro in occasione dell&#8217;ultima Biennale internazionale dell&#8217;antiquariato a Firenze che si \u00e8 tenuta a Palazzo Corsini nel 2022<\/p>\n","protected":false},"author":525,"featured_media":304172,"comment_status":"open","ping_status":"open","sticky":false,"template":"","format":"standard","meta":{"_acf_changed":false,"footnotes":""},"categories":[493],"tags":[174,202,2525],"class_list":["post-304171","post","type-post","status-publish","format-standard","has-post-thumbnail","hentry","category-cultura","tag-arte","tag-firenze","tag-galleria-dellaccademia"],"acf":[],"yoast_head":"<!-- This site is optimized with the Yoast SEO Premium plugin v24.2 (Yoast SEO v25.6) - https:\/\/yoast.com\/wordpress\/plugins\/seo\/ -->\n<title>Alla Galleria dell\u2019Accademia di Firenze arriva il prezioso Crocifisso Corsi - intoscana<\/title>\n<meta name=\"description\" content=\"L&#039;opera \u00e8 stata acquistata dal museo fiorentino per 650mila euro in occasione dell&#039;ultima Biennale internazionale dell&#039;antiquariato a Firenze\" \/>\n<meta name=\"robots\" content=\"index, follow, max-snippet:-1, max-image-preview:large, max-video-preview:-1\" \/>\n<link rel=\"canonical\" href=\"https:\/\/www.intoscana.it\/it\/alla-galleria-dellaccademia-di-firenze-arriva-il-prezioso-crocifisso-corsi\/\" \/>\n<meta property=\"og:locale\" content=\"it_IT\" \/>\n<meta property=\"og:type\" content=\"article\" \/>\n<meta property=\"og:title\" content=\"Alla Galleria dell\u2019Accademia di Firenze arriva il prezioso Crocifisso Corsi\" \/>\n<meta property=\"og:description\" content=\"L&#039;opera \u00e8 stata acquistata dal museo fiorentino per 650mila euro in occasione dell&#039;ultima Biennale internazionale dell&#039;antiquariato a Firenze\" \/>\n<meta property=\"og:url\" content=\"https:\/\/www.intoscana.it\/it\/alla-galleria-dellaccademia-di-firenze-arriva-il-prezioso-crocifisso-corsi\/\" \/>\n<meta property=\"og:site_name\" content=\"intoscana\" \/>\n<meta property=\"article:publisher\" content=\"https:\/\/www.facebook.com\/intoscana.it\" \/>\n<meta property=\"article:published_time\" content=\"2023-09-11T12:48:24+00:00\" \/>\n<meta property=\"og:image\" content=\"https:\/\/www.intoscana.it\/wp-content\/uploads\/01-Conferenza-stampa_Cecilie-Hollberg-e-Fabrizio-Moretti_Foto-di-Guido-Cozzi.jpg\" \/>\n\t<meta property=\"og:image:width\" content=\"2000\" \/>\n\t<meta property=\"og:image:height\" content=\"1335\" \/>\n\t<meta property=\"og:image:type\" content=\"image\/jpeg\" \/>\n<meta name=\"author\" content=\"Redazione\" \/>\n<meta name=\"twitter:card\" content=\"summary_large_image\" \/>\n<meta name=\"twitter:creator\" content=\"@intoscana\" \/>\n<meta name=\"twitter:site\" content=\"@intoscana\" \/>\n<meta name=\"twitter:label1\" content=\"Written by\" \/>\n\t<meta name=\"twitter:data1\" content=\"Redazione\" \/>\n\t<meta name=\"twitter:label2\" content=\"Est. reading time\" \/>\n\t<meta name=\"twitter:data2\" content=\"2 minuti\" \/>\n<script type=\"application\/ld+json\" class=\"yoast-schema-graph\">{\"@context\":\"https:\/\/schema.org\",\"@graph\":[{\"@type\":\"WebPage\",\"@id\":\"https:\/\/www.intoscana.it\/it\/alla-galleria-dellaccademia-di-firenze-arriva-il-prezioso-crocifisso-corsi\/\",\"url\":\"https:\/\/www.intoscana.it\/it\/alla-galleria-dellaccademia-di-firenze-arriva-il-prezioso-crocifisso-corsi\/\",\"name\":\"Alla Galleria dell\u2019Accademia di Firenze arriva il prezioso Crocifisso Corsi - intoscana\",\"isPartOf\":{\"@id\":\"https:\/\/www.intoscana.it\/it\/#website\"},\"primaryImageOfPage\":{\"@id\":\"https:\/\/www.intoscana.it\/it\/alla-galleria-dellaccademia-di-firenze-arriva-il-prezioso-crocifisso-corsi\/#primaryimage\"},\"image\":{\"@id\":\"https:\/\/www.intoscana.it\/it\/alla-galleria-dellaccademia-di-firenze-arriva-il-prezioso-crocifisso-corsi\/#primaryimage\"},\"thumbnailUrl\":\"https:\/\/www.intoscana.it\/wp-content\/uploads\/01-Conferenza-stampa_Cecilie-Hollberg-e-Fabrizio-Moretti_Foto-di-Guido-Cozzi.jpg\",\"datePublished\":\"2023-09-11T12:48:24+00:00\",\"author\":{\"@id\":\"https:\/\/www.intoscana.it\/it\/#\/schema\/person\/9223810753230f20bd670fdd322661f8\"},\"description\":\"L'opera \u00e8 stata acquistata dal museo fiorentino per 650mila euro in occasione dell'ultima Biennale internazionale dell'antiquariato a Firenze\",\"breadcrumb\":{\"@id\":\"https:\/\/www.intoscana.it\/it\/alla-galleria-dellaccademia-di-firenze-arriva-il-prezioso-crocifisso-corsi\/#breadcrumb\"},\"inLanguage\":\"it-IT\",\"potentialAction\":[{\"@type\":\"ReadAction\",\"target\":[\"https:\/\/www.intoscana.it\/it\/alla-galleria-dellaccademia-di-firenze-arriva-il-prezioso-crocifisso-corsi\/\"]}]},{\"@type\":\"ImageObject\",\"inLanguage\":\"it-IT\",\"@id\":\"https:\/\/www.intoscana.it\/it\/alla-galleria-dellaccademia-di-firenze-arriva-il-prezioso-crocifisso-corsi\/#primaryimage\",\"url\":\"https:\/\/www.intoscana.it\/wp-content\/uploads\/01-Conferenza-stampa_Cecilie-Hollberg-e-Fabrizio-Moretti_Foto-di-Guido-Cozzi.jpg\",\"contentUrl\":\"https:\/\/www.intoscana.it\/wp-content\/uploads\/01-Conferenza-stampa_Cecilie-Hollberg-e-Fabrizio-Moretti_Foto-di-Guido-Cozzi.jpg\",\"width\":2000,\"height\":1335},{\"@type\":\"BreadcrumbList\",\"@id\":\"https:\/\/www.intoscana.it\/it\/alla-galleria-dellaccademia-di-firenze-arriva-il-prezioso-crocifisso-corsi\/#breadcrumb\",\"itemListElement\":[{\"@type\":\"ListItem\",\"position\":1,\"name\":\"Home\",\"item\":\"https:\/\/www.intoscana.it\/it\/\"},{\"@type\":\"ListItem\",\"position\":2,\"name\":\"Alla Galleria dell\u2019Accademia di Firenze arriva il prezioso Crocifisso Corsi\"}]},{\"@type\":\"WebSite\",\"@id\":\"https:\/\/www.intoscana.it\/it\/#website\",\"url\":\"https:\/\/www.intoscana.it\/it\/\",\"name\":\"intoscana\",\"description\":\"\",\"potentialAction\":[{\"@type\":\"SearchAction\",\"target\":{\"@type\":\"EntryPoint\",\"urlTemplate\":\"https:\/\/www.intoscana.it\/it\/?s={search_term_string}\"},\"query-input\":{\"@type\":\"PropertyValueSpecification\",\"valueRequired\":true,\"valueName\":\"search_term_string\"}}],\"inLanguage\":\"it-IT\"},{\"@type\":\"Person\",\"@id\":\"https:\/\/www.intoscana.it\/it\/#\/schema\/person\/9223810753230f20bd670fdd322661f8\",\"name\":\"Redazione\",\"url\":\"https:\/\/www.intoscana.it\/it\/author\/redazione\/\"}]}<\/script>\n<!-- \/ Yoast SEO Premium plugin. -->","yoast_head_json":{"title":"Alla Galleria dell\u2019Accademia di Firenze arriva il prezioso Crocifisso Corsi - intoscana","description":"L'opera \u00e8 stata acquistata dal museo fiorentino per 650mila euro in occasione dell'ultima Biennale internazionale dell'antiquariato a Firenze","robots":{"index":"index","follow":"follow","max-snippet":"max-snippet:-1","max-image-preview":"max-image-preview:large","max-video-preview":"max-video-preview:-1"},"canonical":"https:\/\/www.intoscana.it\/it\/alla-galleria-dellaccademia-di-firenze-arriva-il-prezioso-crocifisso-corsi\/","og_locale":"it_IT","og_type":"article","og_title":"Alla Galleria dell\u2019Accademia di Firenze arriva il prezioso Crocifisso Corsi","og_description":"L'opera \u00e8 stata acquistata dal museo fiorentino per 650mila euro in occasione dell'ultima Biennale internazionale dell'antiquariato a Firenze","og_url":"https:\/\/www.intoscana.it\/it\/alla-galleria-dellaccademia-di-firenze-arriva-il-prezioso-crocifisso-corsi\/","og_site_name":"intoscana","article_publisher":"https:\/\/www.facebook.com\/intoscana.it","article_published_time":"2023-09-11T12:48:24+00:00","og_image":[{"width":2000,"height":1335,"url":"https:\/\/www.intoscana.it\/wp-content\/uploads\/01-Conferenza-stampa_Cecilie-Hollberg-e-Fabrizio-Moretti_Foto-di-Guido-Cozzi.jpg","type":"image\/jpeg"}],"author":"Redazione","twitter_card":"summary_large_image","twitter_creator":"@intoscana","twitter_site":"@intoscana","twitter_misc":{"Written by":"Redazione","Est. reading time":"2 minuti"},"schema":{"@context":"https:\/\/schema.org","@graph":[{"@type":"WebPage","@id":"https:\/\/www.intoscana.it\/it\/alla-galleria-dellaccademia-di-firenze-arriva-il-prezioso-crocifisso-corsi\/","url":"https:\/\/www.intoscana.it\/it\/alla-galleria-dellaccademia-di-firenze-arriva-il-prezioso-crocifisso-corsi\/","name":"Alla Galleria dell\u2019Accademia di Firenze arriva il prezioso Crocifisso Corsi - intoscana","isPartOf":{"@id":"https:\/\/www.intoscana.it\/it\/#website"},"primaryImageOfPage":{"@id":"https:\/\/www.intoscana.it\/it\/alla-galleria-dellaccademia-di-firenze-arriva-il-prezioso-crocifisso-corsi\/#primaryimage"},"image":{"@id":"https:\/\/www.intoscana.it\/it\/alla-galleria-dellaccademia-di-firenze-arriva-il-prezioso-crocifisso-corsi\/#primaryimage"},"thumbnailUrl":"https:\/\/www.intoscana.it\/wp-content\/uploads\/01-Conferenza-stampa_Cecilie-Hollberg-e-Fabrizio-Moretti_Foto-di-Guido-Cozzi.jpg","datePublished":"2023-09-11T12:48:24+00:00","author":{"@id":"https:\/\/www.intoscana.it\/it\/#\/schema\/person\/9223810753230f20bd670fdd322661f8"},"description":"L'opera \u00e8 stata acquistata dal museo fiorentino per 650mila euro in occasione dell'ultima Biennale internazionale dell'antiquariato a Firenze","breadcrumb":{"@id":"https:\/\/www.intoscana.it\/it\/alla-galleria-dellaccademia-di-firenze-arriva-il-prezioso-crocifisso-corsi\/#breadcrumb"},"inLanguage":"it-IT","potentialAction":[{"@type":"ReadAction","target":["https:\/\/www.intoscana.it\/it\/alla-galleria-dellaccademia-di-firenze-arriva-il-prezioso-crocifisso-corsi\/"]}]},{"@type":"ImageObject","inLanguage":"it-IT","@id":"https:\/\/www.intoscana.it\/it\/alla-galleria-dellaccademia-di-firenze-arriva-il-prezioso-crocifisso-corsi\/#primaryimage","url":"https:\/\/www.intoscana.it\/wp-content\/uploads\/01-Conferenza-stampa_Cecilie-Hollberg-e-Fabrizio-Moretti_Foto-di-Guido-Cozzi.jpg","contentUrl":"https:\/\/www.intoscana.it\/wp-content\/uploads\/01-Conferenza-stampa_Cecilie-Hollberg-e-Fabrizio-Moretti_Foto-di-Guido-Cozzi.jpg","width":2000,"height":1335},{"@type":"BreadcrumbList","@id":"https:\/\/www.intoscana.it\/it\/alla-galleria-dellaccademia-di-firenze-arriva-il-prezioso-crocifisso-corsi\/#breadcrumb","itemListElement":[{"@type":"ListItem","position":1,"name":"Home","item":"https:\/\/www.intoscana.it\/it\/"},{"@type":"ListItem","position":2,"name":"Alla Galleria dell\u2019Accademia di Firenze arriva il prezioso Crocifisso Corsi"}]},{"@type":"WebSite","@id":"https:\/\/www.intoscana.it\/it\/#website","url":"https:\/\/www.intoscana.it\/it\/","name":"intoscana","description":"","potentialAction":[{"@type":"SearchAction","target":{"@type":"EntryPoint","urlTemplate":"https:\/\/www.intoscana.it\/it\/?s={search_term_string}"},"query-input":{"@type":"PropertyValueSpecification","valueRequired":true,"valueName":"search_term_string"}}],"inLanguage":"it-IT"},{"@type":"Person","@id":"https:\/\/www.intoscana.it\/it\/#\/schema\/person\/9223810753230f20bd670fdd322661f8","name":"Redazione","url":"https:\/\/www.intoscana.it\/it\/author\/redazione\/"}]}},"_links":{"self":[{"href":"https:\/\/www.intoscana.it\/it\/wp-json\/wp\/v2\/posts\/304171","targetHints":{"allow":["GET"]}}],"collection":[{"href":"https:\/\/www.intoscana.it\/it\/wp-json\/wp\/v2\/posts"}],"about":[{"href":"https:\/\/www.intoscana.it\/it\/wp-json\/wp\/v2\/types\/post"}],"author":[{"embeddable":true,"href":"https:\/\/www.intoscana.it\/it\/wp-json\/wp\/v2\/users\/525"}],"replies":[{"embeddable":true,"href":"https:\/\/www.intoscana.it\/it\/wp-json\/wp\/v2\/comments?post=304171"}],"version-history":[{"count":0,"href":"https:\/\/www.intoscana.it\/it\/wp-json\/wp\/v2\/posts\/304171\/revisions"}],"wp:featuredmedia":[{"embeddable":true,"href":"https:\/\/www.intoscana.it\/it\/wp-json\/wp\/v2\/media\/304172"}],"wp:attachment":[{"href":"https:\/\/www.intoscana.it\/it\/wp-json\/wp\/v2\/media?parent=304171"}],"wp:term":[{"taxonomy":"category","embeddable":true,"href":"https:\/\/www.intoscana.it\/it\/wp-json\/wp\/v2\/categories?post=304171"},{"taxonomy":"post_tag","embeddable":true,"href":"https:\/\/www.intoscana.it\/it\/wp-json\/wp\/v2\/tags?post=304171"}],"curies":[{"name":"wp","href":"https:\/\/api.w.org\/{rel}","templated":true}]}}