{"id":304282,"date":"2023-09-11T15:47:21","date_gmt":"2023-09-11T13:47:21","guid":{"rendered":"https:\/\/www.intoscana.it\/it\/?p=304282"},"modified":"2023-09-11T15:49:18","modified_gmt":"2023-09-11T13:49:18","slug":"la-musica-entra-nel-silenzio-della-certosa-con-il-festival-fil_armonia","status":"publish","type":"post","link":"https:\/\/www.intoscana.it\/it\/la-musica-entra-nel-silenzio-della-certosa-con-il-festival-fil_armonia\/","title":{"rendered":"La musica entra nel silenzio della Certosa con il festival &#8220;Fil_Armonia&#8221;"},"content":{"rendered":"<p><strong>Fino al 21 settembre<\/strong> presso la <strong>Certosa di Firenze<\/strong> si tiene <strong>Fil_Armonia<\/strong> il festival di <strong>musica e spiritualit\u00e0,<\/strong> a cura di<strong> Paolo Cognetti<\/strong>, ideato e prodotto da <strong>La Filharmonie,<\/strong> giovane orchestra fondata nel 2016 e unico hub musicale under 35 in Toscana, con la direzione artistica di <strong>Giulio Arnofi<\/strong> e la direzione musicale di <strong>Nima Keshavarzi.<\/strong><\/p>\n<p>Nove gli appuntamenti in programma tra<strong> concerti, conferenze e workshop<\/strong>, quest\u2019anno connessi dai <strong>temi della pace e dell\u2019intercultura<\/strong> come via per un nuovo equilibrio con se stessi e gli altri, in un percorso tra <strong>Luciano Berio e Calvino, Dante e Arvo P\u00e4rt<\/strong>, nel segno del dialogo tra epoche e popoli.\u00a0<strong>Ingresso gratuito con prenotazione.<\/strong><\/p>\n<p><strong>La musica entra cos\u00ec nel luogo del silenzio:<\/strong> il complesso monumentale della <strong>Certosa<\/strong>, costruito nel XIV secolo alle porte della citt\u00e0, \u00e8 stato abitato per secoli dai monaci certosini che facevano del silenzio il metodo principale di relazione.<\/p>\n<p>Oggi <strong>la Certosa \u00e8 custodita<\/strong> dalla <a href=\"http:\/\/www.sanleolino.org\/hcm\/hcm31447-1-Home.html\" target=\"_blank\" rel=\"noopener\"><strong>Comunit\u00e0 di San Leolino,<\/strong> <\/a>che vi promuove iniziative culturali e spirituali. In linea con la storia passata e presente del luogo, <strong>La Filharmonie<\/strong> ha strutturato un programma che mette al centro la nozione di armonia.<\/p>\n<p>Le conferenze approfondiranno le <strong>relazioni tra musica, arti visive, filosofia e trascendenza<\/strong> mentre il programma musicale \u00e8 dedicato in gran parte al <strong>Novecento e alla contemporaneit\u00e0 e<\/strong> si presenta come un itinerario attraverso brani caratterizzati da sensibilit\u00e0 molto diverse ma uniti dal filo rosso delle tematiche del festival.<\/p>\n<p><em>\u201cSe nel contesto dello scenario socio-politico odierno un festival come Fil_Armonia, con una vocazione prevalentemente culturale, ritiene di poter fare la sua parte pur con la consapevolezza di essere una goccia nell\u2019oceano<\/em> \u2013 dichiara <strong>Paolo Cognetti, tra gli ideatori del festival<\/strong> e responsabile dei progetti speciali de<strong> La Filharmonie<\/strong> \u2013 <em>\u00e8 proprio perch\u00e9 l\u2019attuale situazione non \u00e8 frutto di una tragica fatalit\u00e0, ma dei modelli culturali che sono prevalsi negli ultimi secoli. Soltanto ripensando questa cultura e lo stile di vita che comporta con le sue conseguenze \u2013 varie forme di inquinamento, minore disponibilit\u00e0 d\u2019acqua, perdita di biodiversit\u00e0, aumento delle diseguaglianze su scala planetaria con relativo aumento di conflitti e crisi migratorie \u2013 in una prospettiva di pace diventa possibile uno sviluppo sostenibile dell\u2019umanit\u00e0\u201d.<\/em><\/p>\n<div class=\"titleimg\">\n<figure id=\"post-304285 media-304285\" class=\"align-none\"><img decoding=\"async\" src=\"https:\/\/www.intoscana.it\/wp-content\/uploads\/Ensemble-La-Filharmonie.jpg\" alt=\"\" \/><\/figure>\n<\/div>\n<h3>Il programma\u00a0dei concerti<\/h3>\n<p>I concerti si terranno tutti all\u2019interno della <strong>Cappella S. Maria. <\/strong><\/p>\n<p><strong>Marted\u00ec 12 settembre<\/strong> alle 21.00 sar\u00e0 il momento di <em><strong>\u201cNatura morta\u201d<\/strong><\/em>: <strong>Francesco Dillon al violoncello ed Emanuele Torquati<\/strong> si cimenteranno su musiche di Franz Liszt, Gy\u00f6rgy Kurt\u00e1g, Valentyn Syl&#8217;vestrov e C\u00e9sar Franck.<\/p>\n<p><strong>Gioved\u00ec 14 settembre<\/strong> alle 21.00 spazio all\u2019<strong>ensemble milanese Sentieri Selvaggi<\/strong> con la performance <em><strong>\u201cL\u2019essenza del suono\u201d<\/strong><\/em>: Piercarlo Sacco al violino, Aya Shimura al violoncello e Andrea Rebaudengo al piano proporranno brani di Mark-Anthony Turnage (in prima esecuzione italiana), Arvo P\u00e4rt, Filippo del Corno e James MacMillan, in un programma che sintetizza molte delle tematiche del festival: il rapporto col passato, l\u2019integrazione di diverse tradizioni musicali, la spiritualit\u00e0 largamente intesa.<\/p>\n<p><strong>Venerd\u00ec 15 settembre<\/strong> alle 21.00 con la formazione londinese <strong>Astatine Trio<\/strong>, composta da <strong>Julia B\u0142achuta al violino, Riya Hamie al violoncello e Berniya Hamie al pianoforte,<\/strong> con un programma che spazier\u00e0 da T\u014dru Takemutsu a Daniel Arango-Prada fino a Felix Mendelssohn per una serata dal titolo <em><strong>\u201cNuovi Orizzonti\u201d. <\/strong><\/em><\/p>\n<p>Conclusione del cartellone concertistico <strong>gioved\u00ec 21 settembre<\/strong> alle 21.00 con <strong>Matteo Rocchi alla viola e Ludovica Vincenti al piano<\/strong> in un\u2019esibizione \u2013 dall\u2019eloquente titolo<em><strong> \u201cGuerra e pace\u201d<\/strong><\/em> \u2013 che vedr\u00e0 fianco a fianco due compositori nati rispettivamente nell\u2019odierna Ucraina, Sergej Prokof&#8217;ev, e nella Russia sovietica, Dm\u00edtrij \u0160ostakovi\u010d.<\/p>\n<h3>Laboratori e conferenze<\/h3>\n<p><strong>Mercoled\u00ec 13 settembre<\/strong> alle 18.00 presso la Sala Pio VI sar\u00e0 presentato il libro: <em><strong>&#8220;La musica di Dante&#8221;<\/strong><\/em>, una ricerca sull\u2019intrinseca musicalit\u00e0 della Divina Commedia. <strong>Massimo Seriacopi<\/strong>, direttore della collana Minima Dantesca, che tratta di esegesi dantesca e edizioni critiche di testi inerenti all\u2019opera e al pensiero dell\u2019Alighieri, introduce e modera gli interventi di <strong>Davide Fara,<\/strong> anche curatore del volume, e di Fabrizio Festa.<\/p>\n<p><strong>Domenica 17 settembre<\/strong> alle 21.00 all\u2019interno della Pinacoteca del Pontormo spazio all\u2019<strong>omaggio a Italo Calvino<\/strong>\u00a0nel centenario della nascita e a una delle sue opere pi\u00f9 affascinanti: <em><strong>\u201cLe Citt\u00e0 Invisibili\u201d<\/strong><\/em>, con uno spettacolo di teatro musicale appositamente commissionato, in collaborazione con Associazione Culturale ZERA, che vedr\u00e0 protagonisti l\u2019attore e regista con oltre vent\u2019anni di carriera <strong>Andrea Bruni, l\u2019attrice Alessia de Rosa, il musicista e compositore Pejman Tadayon,<\/strong> considerato uno dei massimi esperti di musica persiana in Italia, e <strong>l\u2019artista Barbara Eramo. <\/strong><\/p>\n<p><strong>Marted\u00ec 19<\/strong> alle 18.00 in Sala Pio VI <strong>il Presidente dell\u2019Accademia di Belle Arti di Firenze Carlo Sisi<\/strong> e il <strong>direttore artistico della Camerata Strumentale di Prato Alberto Batisti<\/strong> approfondiranno il tema di <em><strong>\u201cSan Francesco in arte e in musica\u201d.<\/strong><\/em><\/p>\n<p>Inoltre, in sinergia con Associazione Fedora, <strong>domenica 17 settembre<\/strong> alle ore 16.00 nella Pinacoteca del Pontormo sar\u00e0 inaugurato<em><strong> \u201cIl corpo della musica\u201d:<\/strong> <\/em>laboratorio di esplorazione musicale dedicato alle persone con disabilit\u00e0 uditiva con il<strong> musicista e musicoterapeuta Mattia Airoldi<\/strong>, insieme a <strong>Barbara Eramo alla voce e Pejman Tadayon agli strumenti<\/strong>.\u00a0Durante il laboratorio sar\u00e0 presente l\u2019interprete LIS (<strong>prenotazione obbligatoria a ass.ne.fedora@gmail.com o 331 7620578<\/strong>).<\/p>\n<figure id=\"post-304288 media-304288\" class=\"align-none\"><img decoding=\"async\" src=\"https:\/\/www.intoscana.it\/wp-content\/uploads\/Fil_armonia_ph-Simone-Petracchi5.jpg\" alt=\"\" \/><\/figure>\n<div class=\"titleimg\">Fil_armonia, foto di Simone Petracchi<\/div>\n<p>&nbsp;<\/p>\n<p>&nbsp;<\/p>\n","protected":false},"excerpt":{"rendered":"<p>Fino al 21 settembre alla Certosa di Firenze nove appuntamenti tra concerti, conferenze e workshop, un viaggio tra Dante e Arvo P\u00e4rt, Oriente e Occidente, in uno dei luoghi pi\u00f9 metafisici della citt\u00e0<\/p>\n","protected":false},"author":525,"featured_media":304289,"comment_status":"open","ping_status":"open","sticky":false,"template":"","format":"standard","meta":{"_acf_changed":false,"footnotes":""},"categories":[14],"tags":[228,202],"class_list":["post-304282","post","type-post","status-publish","format-standard","has-post-thumbnail","hentry","category-musica","tag-festival","tag-firenze"],"acf":[],"yoast_head":"<!-- This site is optimized with the Yoast SEO Premium plugin v24.2 (Yoast SEO v25.6) - https:\/\/yoast.com\/wordpress\/plugins\/seo\/ -->\n<title>La musica entra nel silenzio della Certosa con il festival &quot;Fil_Armonia&quot; - intoscana<\/title>\n<meta name=\"description\" content=\"Fino al 21 settembre alla Certosa di Firenze nove appuntamenti tra concerti, conferenze e workshop, un viaggio tra Dante e Arvo P\u00e4rt\" \/>\n<meta name=\"robots\" content=\"index, follow, max-snippet:-1, max-image-preview:large, max-video-preview:-1\" \/>\n<link rel=\"canonical\" href=\"https:\/\/www.intoscana.it\/it\/la-musica-entra-nel-silenzio-della-certosa-con-il-festival-fil_armonia\/\" \/>\n<meta property=\"og:locale\" content=\"it_IT\" \/>\n<meta property=\"og:type\" content=\"article\" \/>\n<meta property=\"og:title\" content=\"La musica entra nel silenzio della Certosa con il festival &quot;Fil_Armonia&quot;\" \/>\n<meta property=\"og:description\" content=\"Fino al 21 settembre alla Certosa di Firenze nove appuntamenti tra concerti, conferenze e workshop, un viaggio tra Dante e Arvo P\u00e4rt\" \/>\n<meta property=\"og:url\" content=\"https:\/\/www.intoscana.it\/it\/la-musica-entra-nel-silenzio-della-certosa-con-il-festival-fil_armonia\/\" \/>\n<meta property=\"og:site_name\" content=\"intoscana\" \/>\n<meta property=\"article:publisher\" content=\"https:\/\/www.facebook.com\/intoscana.it\" \/>\n<meta property=\"article:published_time\" content=\"2023-09-11T13:47:21+00:00\" \/>\n<meta property=\"article:modified_time\" content=\"2023-09-11T13:49:18+00:00\" \/>\n<meta property=\"og:image\" content=\"https:\/\/www.intoscana.it\/wp-content\/uploads\/Fil_armonia_ph-Simone-Petracchi6.jpg\" \/>\n\t<meta property=\"og:image:width\" content=\"1500\" \/>\n\t<meta property=\"og:image:height\" content=\"998\" \/>\n\t<meta property=\"og:image:type\" content=\"image\/jpeg\" \/>\n<meta name=\"author\" content=\"Redazione\" \/>\n<meta name=\"twitter:card\" content=\"summary_large_image\" \/>\n<meta name=\"twitter:creator\" content=\"@intoscana\" \/>\n<meta name=\"twitter:site\" content=\"@intoscana\" \/>\n<meta name=\"twitter:label1\" content=\"Written by\" \/>\n\t<meta name=\"twitter:data1\" content=\"Redazione\" \/>\n\t<meta name=\"twitter:label2\" content=\"Est. reading time\" \/>\n\t<meta name=\"twitter:data2\" content=\"4 minuti\" \/>\n<script type=\"application\/ld+json\" class=\"yoast-schema-graph\">{\"@context\":\"https:\/\/schema.org\",\"@graph\":[{\"@type\":\"WebPage\",\"@id\":\"https:\/\/www.intoscana.it\/it\/la-musica-entra-nel-silenzio-della-certosa-con-il-festival-fil_armonia\/\",\"url\":\"https:\/\/www.intoscana.it\/it\/la-musica-entra-nel-silenzio-della-certosa-con-il-festival-fil_armonia\/\",\"name\":\"La musica entra nel silenzio della Certosa con il festival \\\"Fil_Armonia\\\" - intoscana\",\"isPartOf\":{\"@id\":\"https:\/\/www.intoscana.it\/it\/#website\"},\"primaryImageOfPage\":{\"@id\":\"https:\/\/www.intoscana.it\/it\/la-musica-entra-nel-silenzio-della-certosa-con-il-festival-fil_armonia\/#primaryimage\"},\"image\":{\"@id\":\"https:\/\/www.intoscana.it\/it\/la-musica-entra-nel-silenzio-della-certosa-con-il-festival-fil_armonia\/#primaryimage\"},\"thumbnailUrl\":\"https:\/\/www.intoscana.it\/wp-content\/uploads\/Fil_armonia_ph-Simone-Petracchi6.jpg\",\"datePublished\":\"2023-09-11T13:47:21+00:00\",\"dateModified\":\"2023-09-11T13:49:18+00:00\",\"author\":{\"@id\":\"https:\/\/www.intoscana.it\/it\/#\/schema\/person\/9223810753230f20bd670fdd322661f8\"},\"description\":\"Fino al 21 settembre alla Certosa di Firenze nove appuntamenti tra concerti, conferenze e workshop, un viaggio tra Dante e Arvo P\u00e4rt\",\"breadcrumb\":{\"@id\":\"https:\/\/www.intoscana.it\/it\/la-musica-entra-nel-silenzio-della-certosa-con-il-festival-fil_armonia\/#breadcrumb\"},\"inLanguage\":\"it-IT\",\"potentialAction\":[{\"@type\":\"ReadAction\",\"target\":[\"https:\/\/www.intoscana.it\/it\/la-musica-entra-nel-silenzio-della-certosa-con-il-festival-fil_armonia\/\"]}]},{\"@type\":\"ImageObject\",\"inLanguage\":\"it-IT\",\"@id\":\"https:\/\/www.intoscana.it\/it\/la-musica-entra-nel-silenzio-della-certosa-con-il-festival-fil_armonia\/#primaryimage\",\"url\":\"https:\/\/www.intoscana.it\/wp-content\/uploads\/Fil_armonia_ph-Simone-Petracchi6.jpg\",\"contentUrl\":\"https:\/\/www.intoscana.it\/wp-content\/uploads\/Fil_armonia_ph-Simone-Petracchi6.jpg\",\"width\":1500,\"height\":998,\"caption\":\"Fil_armonia\"},{\"@type\":\"BreadcrumbList\",\"@id\":\"https:\/\/www.intoscana.it\/it\/la-musica-entra-nel-silenzio-della-certosa-con-il-festival-fil_armonia\/#breadcrumb\",\"itemListElement\":[{\"@type\":\"ListItem\",\"position\":1,\"name\":\"Home\",\"item\":\"https:\/\/www.intoscana.it\/it\/\"},{\"@type\":\"ListItem\",\"position\":2,\"name\":\"La musica entra nel silenzio della Certosa con il festival &#8220;Fil_Armonia&#8221;\"}]},{\"@type\":\"WebSite\",\"@id\":\"https:\/\/www.intoscana.it\/it\/#website\",\"url\":\"https:\/\/www.intoscana.it\/it\/\",\"name\":\"intoscana\",\"description\":\"\",\"potentialAction\":[{\"@type\":\"SearchAction\",\"target\":{\"@type\":\"EntryPoint\",\"urlTemplate\":\"https:\/\/www.intoscana.it\/it\/?s={search_term_string}\"},\"query-input\":{\"@type\":\"PropertyValueSpecification\",\"valueRequired\":true,\"valueName\":\"search_term_string\"}}],\"inLanguage\":\"it-IT\"},{\"@type\":\"Person\",\"@id\":\"https:\/\/www.intoscana.it\/it\/#\/schema\/person\/9223810753230f20bd670fdd322661f8\",\"name\":\"Redazione\",\"url\":\"https:\/\/www.intoscana.it\/it\/author\/redazione\/\"}]}<\/script>\n<!-- \/ Yoast SEO Premium plugin. -->","yoast_head_json":{"title":"La musica entra nel silenzio della Certosa con il festival \"Fil_Armonia\" - intoscana","description":"Fino al 21 settembre alla Certosa di Firenze nove appuntamenti tra concerti, conferenze e workshop, un viaggio tra Dante e Arvo P\u00e4rt","robots":{"index":"index","follow":"follow","max-snippet":"max-snippet:-1","max-image-preview":"max-image-preview:large","max-video-preview":"max-video-preview:-1"},"canonical":"https:\/\/www.intoscana.it\/it\/la-musica-entra-nel-silenzio-della-certosa-con-il-festival-fil_armonia\/","og_locale":"it_IT","og_type":"article","og_title":"La musica entra nel silenzio della Certosa con il festival \"Fil_Armonia\"","og_description":"Fino al 21 settembre alla Certosa di Firenze nove appuntamenti tra concerti, conferenze e workshop, un viaggio tra Dante e Arvo P\u00e4rt","og_url":"https:\/\/www.intoscana.it\/it\/la-musica-entra-nel-silenzio-della-certosa-con-il-festival-fil_armonia\/","og_site_name":"intoscana","article_publisher":"https:\/\/www.facebook.com\/intoscana.it","article_published_time":"2023-09-11T13:47:21+00:00","article_modified_time":"2023-09-11T13:49:18+00:00","og_image":[{"width":1500,"height":998,"url":"https:\/\/www.intoscana.it\/wp-content\/uploads\/Fil_armonia_ph-Simone-Petracchi6.jpg","type":"image\/jpeg"}],"author":"Redazione","twitter_card":"summary_large_image","twitter_creator":"@intoscana","twitter_site":"@intoscana","twitter_misc":{"Written by":"Redazione","Est. reading time":"4 minuti"},"schema":{"@context":"https:\/\/schema.org","@graph":[{"@type":"WebPage","@id":"https:\/\/www.intoscana.it\/it\/la-musica-entra-nel-silenzio-della-certosa-con-il-festival-fil_armonia\/","url":"https:\/\/www.intoscana.it\/it\/la-musica-entra-nel-silenzio-della-certosa-con-il-festival-fil_armonia\/","name":"La musica entra nel silenzio della Certosa con il festival \"Fil_Armonia\" - intoscana","isPartOf":{"@id":"https:\/\/www.intoscana.it\/it\/#website"},"primaryImageOfPage":{"@id":"https:\/\/www.intoscana.it\/it\/la-musica-entra-nel-silenzio-della-certosa-con-il-festival-fil_armonia\/#primaryimage"},"image":{"@id":"https:\/\/www.intoscana.it\/it\/la-musica-entra-nel-silenzio-della-certosa-con-il-festival-fil_armonia\/#primaryimage"},"thumbnailUrl":"https:\/\/www.intoscana.it\/wp-content\/uploads\/Fil_armonia_ph-Simone-Petracchi6.jpg","datePublished":"2023-09-11T13:47:21+00:00","dateModified":"2023-09-11T13:49:18+00:00","author":{"@id":"https:\/\/www.intoscana.it\/it\/#\/schema\/person\/9223810753230f20bd670fdd322661f8"},"description":"Fino al 21 settembre alla Certosa di Firenze nove appuntamenti tra concerti, conferenze e workshop, un viaggio tra Dante e Arvo P\u00e4rt","breadcrumb":{"@id":"https:\/\/www.intoscana.it\/it\/la-musica-entra-nel-silenzio-della-certosa-con-il-festival-fil_armonia\/#breadcrumb"},"inLanguage":"it-IT","potentialAction":[{"@type":"ReadAction","target":["https:\/\/www.intoscana.it\/it\/la-musica-entra-nel-silenzio-della-certosa-con-il-festival-fil_armonia\/"]}]},{"@type":"ImageObject","inLanguage":"it-IT","@id":"https:\/\/www.intoscana.it\/it\/la-musica-entra-nel-silenzio-della-certosa-con-il-festival-fil_armonia\/#primaryimage","url":"https:\/\/www.intoscana.it\/wp-content\/uploads\/Fil_armonia_ph-Simone-Petracchi6.jpg","contentUrl":"https:\/\/www.intoscana.it\/wp-content\/uploads\/Fil_armonia_ph-Simone-Petracchi6.jpg","width":1500,"height":998,"caption":"Fil_armonia"},{"@type":"BreadcrumbList","@id":"https:\/\/www.intoscana.it\/it\/la-musica-entra-nel-silenzio-della-certosa-con-il-festival-fil_armonia\/#breadcrumb","itemListElement":[{"@type":"ListItem","position":1,"name":"Home","item":"https:\/\/www.intoscana.it\/it\/"},{"@type":"ListItem","position":2,"name":"La musica entra nel silenzio della Certosa con il festival &#8220;Fil_Armonia&#8221;"}]},{"@type":"WebSite","@id":"https:\/\/www.intoscana.it\/it\/#website","url":"https:\/\/www.intoscana.it\/it\/","name":"intoscana","description":"","potentialAction":[{"@type":"SearchAction","target":{"@type":"EntryPoint","urlTemplate":"https:\/\/www.intoscana.it\/it\/?s={search_term_string}"},"query-input":{"@type":"PropertyValueSpecification","valueRequired":true,"valueName":"search_term_string"}}],"inLanguage":"it-IT"},{"@type":"Person","@id":"https:\/\/www.intoscana.it\/it\/#\/schema\/person\/9223810753230f20bd670fdd322661f8","name":"Redazione","url":"https:\/\/www.intoscana.it\/it\/author\/redazione\/"}]}},"_links":{"self":[{"href":"https:\/\/www.intoscana.it\/it\/wp-json\/wp\/v2\/posts\/304282","targetHints":{"allow":["GET"]}}],"collection":[{"href":"https:\/\/www.intoscana.it\/it\/wp-json\/wp\/v2\/posts"}],"about":[{"href":"https:\/\/www.intoscana.it\/it\/wp-json\/wp\/v2\/types\/post"}],"author":[{"embeddable":true,"href":"https:\/\/www.intoscana.it\/it\/wp-json\/wp\/v2\/users\/525"}],"replies":[{"embeddable":true,"href":"https:\/\/www.intoscana.it\/it\/wp-json\/wp\/v2\/comments?post=304282"}],"version-history":[{"count":0,"href":"https:\/\/www.intoscana.it\/it\/wp-json\/wp\/v2\/posts\/304282\/revisions"}],"wp:featuredmedia":[{"embeddable":true,"href":"https:\/\/www.intoscana.it\/it\/wp-json\/wp\/v2\/media\/304289"}],"wp:attachment":[{"href":"https:\/\/www.intoscana.it\/it\/wp-json\/wp\/v2\/media?parent=304282"}],"wp:term":[{"taxonomy":"category","embeddable":true,"href":"https:\/\/www.intoscana.it\/it\/wp-json\/wp\/v2\/categories?post=304282"},{"taxonomy":"post_tag","embeddable":true,"href":"https:\/\/www.intoscana.it\/it\/wp-json\/wp\/v2\/tags?post=304282"}],"curies":[{"name":"wp","href":"https:\/\/api.w.org\/{rel}","templated":true}]}}