{"id":304390,"date":"2023-09-12T11:38:14","date_gmt":"2023-09-12T09:38:14","guid":{"rendered":"https:\/\/www.intoscana.it\/it\/?p=304390"},"modified":"2023-09-12T11:40:42","modified_gmt":"2023-09-12T09:40:42","slug":"sanita-dalla-regione-oltre-50-milioni-per-i-disabili-gravissimi","status":"publish","type":"post","link":"https:\/\/www.intoscana.it\/it\/sanita-dalla-regione-oltre-50-milioni-per-i-disabili-gravissimi\/","title":{"rendered":"Sanit\u00e0, dalla Regione oltre 50 milioni per i disabili gravissimi"},"content":{"rendered":"<p>Oltre 50 milioni destinati ai <strong>disabili gravissimi<\/strong> per consentire loro di essere curati e assistiti a casa. Un provvedimento di cui ad oggi sono stati pi\u00f9 di 2mila a beneficiare. Tra gli interventi previsti anche attivit\u00e0 di <strong>assistenza domiciliare diretta<\/strong> e periodi temporanei di sollievo in strutture sociosanitarie, complementari ai percorsi domiciliari. \u00c8 quanto contenuto nella delibera approvata dalla giunta regionale su proposta dell&#8217;assessora <strong>Serena Spinelli<\/strong>.<\/p>\n<p>I <strong>51,1 milioni<\/strong> sono stati stanziati per le persone con gravissime disabilit\u00e0 per interventi a supporto della permanenza al domicilio nell&#8217;ambito del Fondo nazionale per le non autosufficienze. Nel dettaglio 25,5 milioni sono relativi all&#8217;annualit\u00e0 2022 e 25,6 milioni all&#8217;annualit\u00e0 2023. Vengono ripartiti ai 2<strong>8 ambiti territoriali sociosanitari<\/strong> (Societ\u00e0 della salute e Zone distretto): a loro spetter\u00e0 la presa in carico e la valutazione dei destinatari sulla base dei bisogni di ciascuno.<\/p>\n<h3>Giani: migliorare la qualit\u00e0 della vita<\/h3>\n<p>&#8220;<em>Si tratta di un tassello importante<\/em> &#8211; commenta il presidente della Regione <strong>Eugenio Giani<\/strong> &#8211; <em>tra quelli previsti dal Piano regionale per la non autosufficienza 2022-2024, con il quale la Regione Toscana ha programmato gli interventi in materia per il triennio. Sono iniziative che abbiamo fortemente voluto e che integrano anche per queste annualit\u00e0, con un consistente finanziamento, quanto previsto dai livelli essenziali di assistenza. Il nostro obiettivo \u00e8 quello di migliorare la qualit\u00e0 della vita delle persone, anziani o disabili gravi, che hanno bisogno di un aiuto per poter condurre una vita normale&#8221;<\/em>.<\/p>\n<h3>Un contributo in base alle necessit\u00e0<\/h3>\n<p>Ai destinatari andr\u00e0 un contributo variabile <mark>da un minimo di 900 euro ad un massimo di 1.200 euro al mese<\/mark>, se il contributo sar\u00e0 finalizzato all\u2019assunzione di <strong>un assistente personale<\/strong>. <mark>Da 800 a 1.100 euro<\/mark> se il contributo sar\u00e0 erogato nei termini di <strong>assegno di cura<\/strong> a favore di persone di minore et\u00e0, i cui genitori si assumono <strong>l\u2019onere dell\u2019assistenza<\/strong> e per i quali non sia possibile sottoscrivere un contratto di lavoro.<\/p>\n<h3>Spinelli: un aiuto ai disabili e alle famiglie<\/h3>\n<p>&#8220;<em>Con queste risorse e con le relative linee d&#8217;indirizzo, alle quali abbiamo dato una maggiore flessibilit\u00e0 di utilizzo per migliorare la capacit\u00e0 di costruire risposte sempre pi\u00f9 personalizzate sulla base dei bisogni e dei diritti della persone con gravissime disabilit\u00e0 e delle loro famiglie, la Toscana prosegue con il percorso di attuazione del piano regionale per la non autosufficienza. Un piano che abbiamo adottato nello scorso marzo e che contiene il quadro complessivo triennale delle risorse e degli interventi destinati a quelle che sono le maggiori fragilit\u00e0, dalle persone anziane a quelle con disabilit\u00e0<\/em>&#8221; dichiara l&#8217;assessora alle politiche sociali e per l&#8217;integrazione sociosanitaria <strong>Serena Spinelli<\/strong>.<\/p>\n<h3>Scongiurare il ricovero in strutture sociosanitarie<\/h3>\n<p>&#8220;<em>Questi interventi, in particolare, hanno l&#8217;obiettivo di favorire la possibilit\u00e0 di continuare a vivere nel proprio ambiente familiare e domestico, migliorando la qualit\u00e0 della vita ed evitando o comunque rimandando il pi\u00f9 possibile il ricovero in strutture sociosanitarie, anche grazie all&#8217;aiuto di un assistente personale&#8221; <\/em>assicura <strong>l&#8217;assessora Spinelli<\/strong>.<\/p>\n<p>Le <strong>persone con gravissime disabilit\u00e0<\/strong> alle quali \u00e8 stata data una risposta in termini di contributo per il sostegno all&#8217;assistenza al domicilio sono ad oggi <strong>oltre 2000<\/strong> in tutta la regione.<\/p>\n","protected":false},"excerpt":{"rendered":"<p>Ad oggi oltre 2mila i destinatari del provvedimento. Spinelli: &#8220;Un impegno per migliorare la qualit\u00e0 della vita ed evitare il ricovero in strutture sociosanitarie&#8221;<\/p>\n","protected":false},"author":525,"featured_media":99995,"comment_status":"open","ping_status":"open","sticky":false,"template":"","format":"standard","meta":{"_acf_changed":false,"footnotes":""},"categories":[494],"tags":[406,151,4822],"class_list":["post-304390","post","type-post","status-publish","format-standard","has-post-thumbnail","hentry","category-attualita","tag-disabilita","tag-regione-toscana","tag-serena-spinelli"],"acf":[],"yoast_head":"<!-- This site is optimized with the Yoast SEO Premium plugin v24.2 (Yoast SEO v25.6) - https:\/\/yoast.com\/wordpress\/plugins\/seo\/ -->\n<title>Sanit\u00e0, dalla Regione oltre 50 milioni per i disabili gravissimi - intoscana<\/title>\n<meta name=\"description\" content=\"Ad oggi oltre 2mila i destinatari del provvedimento. Spinelli: &quot;Un impegno per evitare il ricovero in strutture sociosanitarie&quot;\" \/>\n<meta name=\"robots\" content=\"index, follow, max-snippet:-1, max-image-preview:large, max-video-preview:-1\" \/>\n<link rel=\"canonical\" href=\"https:\/\/www.intoscana.it\/it\/sanita-dalla-regione-oltre-50-milioni-per-i-disabili-gravissimi\/\" \/>\n<meta property=\"og:locale\" content=\"it_IT\" \/>\n<meta property=\"og:type\" content=\"article\" \/>\n<meta property=\"og:title\" content=\"Sanit\u00e0, dalla Regione oltre 50 milioni per i disabili gravissimi\" \/>\n<meta property=\"og:description\" content=\"Ad oggi oltre 2mila i destinatari del provvedimento. Spinelli: &quot;Un impegno per evitare il ricovero in strutture sociosanitarie&quot;\" \/>\n<meta property=\"og:url\" content=\"https:\/\/www.intoscana.it\/it\/sanita-dalla-regione-oltre-50-milioni-per-i-disabili-gravissimi\/\" \/>\n<meta property=\"og:site_name\" content=\"intoscana\" \/>\n<meta property=\"article:publisher\" content=\"https:\/\/www.facebook.com\/intoscana.it\" \/>\n<meta property=\"article:published_time\" content=\"2023-09-12T09:38:14+00:00\" \/>\n<meta property=\"article:modified_time\" content=\"2023-09-12T09:40:42+00:00\" \/>\n<meta property=\"og:image\" content=\"https:\/\/www.intoscana.it\/wp-content\/uploads\/Mediateca-Ledha-3.jpg\" \/>\n\t<meta property=\"og:image:width\" content=\"1000\" \/>\n\t<meta property=\"og:image:height\" content=\"586\" \/>\n\t<meta property=\"og:image:type\" content=\"image\/jpeg\" \/>\n<meta name=\"author\" content=\"Redazione\" \/>\n<meta name=\"twitter:card\" content=\"summary_large_image\" \/>\n<meta name=\"twitter:creator\" content=\"@intoscana\" \/>\n<meta name=\"twitter:site\" content=\"@intoscana\" \/>\n<meta name=\"twitter:label1\" content=\"Written by\" \/>\n\t<meta name=\"twitter:data1\" content=\"Redazione\" \/>\n\t<meta name=\"twitter:label2\" content=\"Est. reading time\" \/>\n\t<meta name=\"twitter:data2\" content=\"3 minuti\" \/>\n<script type=\"application\/ld+json\" class=\"yoast-schema-graph\">{\"@context\":\"https:\/\/schema.org\",\"@graph\":[{\"@type\":\"WebPage\",\"@id\":\"https:\/\/www.intoscana.it\/it\/sanita-dalla-regione-oltre-50-milioni-per-i-disabili-gravissimi\/\",\"url\":\"https:\/\/www.intoscana.it\/it\/sanita-dalla-regione-oltre-50-milioni-per-i-disabili-gravissimi\/\",\"name\":\"Sanit\u00e0, dalla Regione oltre 50 milioni per i disabili gravissimi - intoscana\",\"isPartOf\":{\"@id\":\"https:\/\/www.intoscana.it\/it\/#website\"},\"primaryImageOfPage\":{\"@id\":\"https:\/\/www.intoscana.it\/it\/sanita-dalla-regione-oltre-50-milioni-per-i-disabili-gravissimi\/#primaryimage\"},\"image\":{\"@id\":\"https:\/\/www.intoscana.it\/it\/sanita-dalla-regione-oltre-50-milioni-per-i-disabili-gravissimi\/#primaryimage\"},\"thumbnailUrl\":\"https:\/\/www.intoscana.it\/wp-content\/uploads\/Mediateca-Ledha-3.jpg\",\"datePublished\":\"2023-09-12T09:38:14+00:00\",\"dateModified\":\"2023-09-12T09:40:42+00:00\",\"author\":{\"@id\":\"https:\/\/www.intoscana.it\/it\/#\/schema\/person\/9223810753230f20bd670fdd322661f8\"},\"description\":\"Ad oggi oltre 2mila i destinatari del provvedimento. Spinelli: \\\"Un impegno per evitare il ricovero in strutture sociosanitarie\\\"\",\"breadcrumb\":{\"@id\":\"https:\/\/www.intoscana.it\/it\/sanita-dalla-regione-oltre-50-milioni-per-i-disabili-gravissimi\/#breadcrumb\"},\"inLanguage\":\"it-IT\",\"potentialAction\":[{\"@type\":\"ReadAction\",\"target\":[\"https:\/\/www.intoscana.it\/it\/sanita-dalla-regione-oltre-50-milioni-per-i-disabili-gravissimi\/\"]}]},{\"@type\":\"ImageObject\",\"inLanguage\":\"it-IT\",\"@id\":\"https:\/\/www.intoscana.it\/it\/sanita-dalla-regione-oltre-50-milioni-per-i-disabili-gravissimi\/#primaryimage\",\"url\":\"https:\/\/www.intoscana.it\/wp-content\/uploads\/Mediateca-Ledha-3.jpg\",\"contentUrl\":\"https:\/\/www.intoscana.it\/wp-content\/uploads\/Mediateca-Ledha-3.jpg\",\"width\":1000,\"height\":586,\"caption\":\"Disabile\"},{\"@type\":\"BreadcrumbList\",\"@id\":\"https:\/\/www.intoscana.it\/it\/sanita-dalla-regione-oltre-50-milioni-per-i-disabili-gravissimi\/#breadcrumb\",\"itemListElement\":[{\"@type\":\"ListItem\",\"position\":1,\"name\":\"Home\",\"item\":\"https:\/\/www.intoscana.it\/it\/\"},{\"@type\":\"ListItem\",\"position\":2,\"name\":\"Sanit\u00e0, dalla Regione oltre 50 milioni per i disabili gravissimi\"}]},{\"@type\":\"WebSite\",\"@id\":\"https:\/\/www.intoscana.it\/it\/#website\",\"url\":\"https:\/\/www.intoscana.it\/it\/\",\"name\":\"intoscana\",\"description\":\"\",\"potentialAction\":[{\"@type\":\"SearchAction\",\"target\":{\"@type\":\"EntryPoint\",\"urlTemplate\":\"https:\/\/www.intoscana.it\/it\/?s={search_term_string}\"},\"query-input\":{\"@type\":\"PropertyValueSpecification\",\"valueRequired\":true,\"valueName\":\"search_term_string\"}}],\"inLanguage\":\"it-IT\"},{\"@type\":\"Person\",\"@id\":\"https:\/\/www.intoscana.it\/it\/#\/schema\/person\/9223810753230f20bd670fdd322661f8\",\"name\":\"Redazione\",\"url\":\"https:\/\/www.intoscana.it\/it\/author\/redazione\/\"}]}<\/script>\n<!-- \/ Yoast SEO Premium plugin. -->","yoast_head_json":{"title":"Sanit\u00e0, dalla Regione oltre 50 milioni per i disabili gravissimi - intoscana","description":"Ad oggi oltre 2mila i destinatari del provvedimento. Spinelli: \"Un impegno per evitare il ricovero in strutture sociosanitarie\"","robots":{"index":"index","follow":"follow","max-snippet":"max-snippet:-1","max-image-preview":"max-image-preview:large","max-video-preview":"max-video-preview:-1"},"canonical":"https:\/\/www.intoscana.it\/it\/sanita-dalla-regione-oltre-50-milioni-per-i-disabili-gravissimi\/","og_locale":"it_IT","og_type":"article","og_title":"Sanit\u00e0, dalla Regione oltre 50 milioni per i disabili gravissimi","og_description":"Ad oggi oltre 2mila i destinatari del provvedimento. Spinelli: \"Un impegno per evitare il ricovero in strutture sociosanitarie\"","og_url":"https:\/\/www.intoscana.it\/it\/sanita-dalla-regione-oltre-50-milioni-per-i-disabili-gravissimi\/","og_site_name":"intoscana","article_publisher":"https:\/\/www.facebook.com\/intoscana.it","article_published_time":"2023-09-12T09:38:14+00:00","article_modified_time":"2023-09-12T09:40:42+00:00","og_image":[{"width":1000,"height":586,"url":"https:\/\/www.intoscana.it\/wp-content\/uploads\/Mediateca-Ledha-3.jpg","type":"image\/jpeg"}],"author":"Redazione","twitter_card":"summary_large_image","twitter_creator":"@intoscana","twitter_site":"@intoscana","twitter_misc":{"Written by":"Redazione","Est. reading time":"3 minuti"},"schema":{"@context":"https:\/\/schema.org","@graph":[{"@type":"WebPage","@id":"https:\/\/www.intoscana.it\/it\/sanita-dalla-regione-oltre-50-milioni-per-i-disabili-gravissimi\/","url":"https:\/\/www.intoscana.it\/it\/sanita-dalla-regione-oltre-50-milioni-per-i-disabili-gravissimi\/","name":"Sanit\u00e0, dalla Regione oltre 50 milioni per i disabili gravissimi - intoscana","isPartOf":{"@id":"https:\/\/www.intoscana.it\/it\/#website"},"primaryImageOfPage":{"@id":"https:\/\/www.intoscana.it\/it\/sanita-dalla-regione-oltre-50-milioni-per-i-disabili-gravissimi\/#primaryimage"},"image":{"@id":"https:\/\/www.intoscana.it\/it\/sanita-dalla-regione-oltre-50-milioni-per-i-disabili-gravissimi\/#primaryimage"},"thumbnailUrl":"https:\/\/www.intoscana.it\/wp-content\/uploads\/Mediateca-Ledha-3.jpg","datePublished":"2023-09-12T09:38:14+00:00","dateModified":"2023-09-12T09:40:42+00:00","author":{"@id":"https:\/\/www.intoscana.it\/it\/#\/schema\/person\/9223810753230f20bd670fdd322661f8"},"description":"Ad oggi oltre 2mila i destinatari del provvedimento. Spinelli: \"Un impegno per evitare il ricovero in strutture sociosanitarie\"","breadcrumb":{"@id":"https:\/\/www.intoscana.it\/it\/sanita-dalla-regione-oltre-50-milioni-per-i-disabili-gravissimi\/#breadcrumb"},"inLanguage":"it-IT","potentialAction":[{"@type":"ReadAction","target":["https:\/\/www.intoscana.it\/it\/sanita-dalla-regione-oltre-50-milioni-per-i-disabili-gravissimi\/"]}]},{"@type":"ImageObject","inLanguage":"it-IT","@id":"https:\/\/www.intoscana.it\/it\/sanita-dalla-regione-oltre-50-milioni-per-i-disabili-gravissimi\/#primaryimage","url":"https:\/\/www.intoscana.it\/wp-content\/uploads\/Mediateca-Ledha-3.jpg","contentUrl":"https:\/\/www.intoscana.it\/wp-content\/uploads\/Mediateca-Ledha-3.jpg","width":1000,"height":586,"caption":"Disabile"},{"@type":"BreadcrumbList","@id":"https:\/\/www.intoscana.it\/it\/sanita-dalla-regione-oltre-50-milioni-per-i-disabili-gravissimi\/#breadcrumb","itemListElement":[{"@type":"ListItem","position":1,"name":"Home","item":"https:\/\/www.intoscana.it\/it\/"},{"@type":"ListItem","position":2,"name":"Sanit\u00e0, dalla Regione oltre 50 milioni per i disabili gravissimi"}]},{"@type":"WebSite","@id":"https:\/\/www.intoscana.it\/it\/#website","url":"https:\/\/www.intoscana.it\/it\/","name":"intoscana","description":"","potentialAction":[{"@type":"SearchAction","target":{"@type":"EntryPoint","urlTemplate":"https:\/\/www.intoscana.it\/it\/?s={search_term_string}"},"query-input":{"@type":"PropertyValueSpecification","valueRequired":true,"valueName":"search_term_string"}}],"inLanguage":"it-IT"},{"@type":"Person","@id":"https:\/\/www.intoscana.it\/it\/#\/schema\/person\/9223810753230f20bd670fdd322661f8","name":"Redazione","url":"https:\/\/www.intoscana.it\/it\/author\/redazione\/"}]}},"_links":{"self":[{"href":"https:\/\/www.intoscana.it\/it\/wp-json\/wp\/v2\/posts\/304390","targetHints":{"allow":["GET"]}}],"collection":[{"href":"https:\/\/www.intoscana.it\/it\/wp-json\/wp\/v2\/posts"}],"about":[{"href":"https:\/\/www.intoscana.it\/it\/wp-json\/wp\/v2\/types\/post"}],"author":[{"embeddable":true,"href":"https:\/\/www.intoscana.it\/it\/wp-json\/wp\/v2\/users\/525"}],"replies":[{"embeddable":true,"href":"https:\/\/www.intoscana.it\/it\/wp-json\/wp\/v2\/comments?post=304390"}],"version-history":[{"count":0,"href":"https:\/\/www.intoscana.it\/it\/wp-json\/wp\/v2\/posts\/304390\/revisions"}],"wp:featuredmedia":[{"embeddable":true,"href":"https:\/\/www.intoscana.it\/it\/wp-json\/wp\/v2\/media\/99995"}],"wp:attachment":[{"href":"https:\/\/www.intoscana.it\/it\/wp-json\/wp\/v2\/media?parent=304390"}],"wp:term":[{"taxonomy":"category","embeddable":true,"href":"https:\/\/www.intoscana.it\/it\/wp-json\/wp\/v2\/categories?post=304390"},{"taxonomy":"post_tag","embeddable":true,"href":"https:\/\/www.intoscana.it\/it\/wp-json\/wp\/v2\/tags?post=304390"}],"curies":[{"name":"wp","href":"https:\/\/api.w.org\/{rel}","templated":true}]}}