{"id":304402,"date":"2023-09-12T15:13:15","date_gmt":"2023-09-12T13:13:15","guid":{"rendered":"https:\/\/www.intoscana.it\/it\/?p=304402"},"modified":"2023-09-27T15:00:30","modified_gmt":"2023-09-27T13:00:30","slug":"internet-festival-2023-il-futuro-si-annuncia-artificiale","status":"publish","type":"post","link":"https:\/\/www.intoscana.it\/it\/internet-festival-2023-il-futuro-si-annuncia-artificiale\/","title":{"rendered":"Internet Festival 2023, il futuro si annuncia &#8220;artificiale&#8221;"},"content":{"rendered":"<p style=\"font-weight: 400;\">\u00c8 <strong>artificiale<\/strong> la parola d&#8217;ordine dell&#8217;<strong>Internet Festival<\/strong>, giunto all&#8217;<strong>edizione numero 13<\/strong>. La manifestazione, in programma <strong>dal 5 all&#8217;8 ottobre a Pisa<\/strong>, continua a indagare le &#8220;<em>Forme di futuro<\/em>&#8221; e il rapporto della nostra societ\u00e0 con il digitale.<\/p>\n<p style=\"font-weight: 400;\">Molte le esperienze proposte durante la kermesse pisana agli inizi di ottobre. Si potr\u00e0 provare l&#8217;emozione di dipingere la propria Gioconda come un novello Leonardo, prendere <mark>un virtual-caff\u00e8 con Francesco Totti o un aperitivo digitale con il campione di rugby Mart\u00edn Castrogiovanni<\/mark>.<\/p>\n<h3>Le potenzialit\u00e0 del digitale<\/h3>\n<p style=\"font-weight: 400;\">A Pisa le <strong>potenzialit\u00e0 del digitale<\/strong> vengono applicate anche per conoscere <mark>il sistema di salvataggio dal cielo tramite droni in caso di incendi<\/mark> o assistere a una sfilata di moda realizzata in parte grazie all\u2019AI. All&#8217;<strong>Internet Festival<\/strong> si pu\u00f2 sperimentare in anteprima <mark>la app sviluppata per sensibilizzare le nuove generazioni contro la violenza sulle donne<\/mark>: mettendosi nei panni della vittima grazie a un visore 3D.<\/p>\n<p style=\"font-weight: 400;\">Con la direzione di <strong>Claudio Giua<\/strong>, il festival accender\u00e0\u00a0<strong>20 location<\/strong> diverse in citt\u00e0: dalle aule delle pi\u00f9 prestigiose istituzioni accademiche e di ricerca, a musei, centri congressi, cinema e circoli culturali. Decine di<strong> ospiti di fama internazionale<\/strong>\u00a0attesi per quattro giorni di attivit\u00e0 trasversali: dalle <strong>conversazioni tecnico-scientifiche<\/strong> agli spettacoli; dalle <strong>installazioni interattive<\/strong> ai T-Tour alle attivit\u00e0 per bambini\/e e ragazzi\/e che \u2013 a grande richiesta &#8211; inizieranno gi\u00e0 mercoled\u00ec 4 ottobre, allungando di fatto la durata del festival.<\/p>\n<figure id=\"post-193192 media-193192\" class=\"align-none\"><img decoding=\"async\" src=\"https:\/\/www.intoscana.it\/wp-content\/uploads\/Vera-Gheno-1-scaled.jpeg\" alt=\"\" \/><\/figure>\n<div class=\"titleimg\">Vera Gheno<\/div>\n<h3>Da Vera Gheno a Sabina Guzzanti<\/h3>\n<p style=\"font-weight: 400;\">Tra i protagonisti del programma filosofi del calibro di\u00a0<strong>\u00c9ric Sadin e Pascal Chabot<\/strong>\u00a0e scienziate come\u00a0<strong>Alessandra Sciutti<\/strong>, una delle pi\u00f9 note tecnologhe nell\u2019ambito della robotica, chiamati a riflettere sull\u2019<strong>etica nella tecnologia<\/strong>. Il sociologo\u00a0<strong>Daniele Marini<\/strong> analizzer\u00e0 la nuova percezione del lavoratore nella societ\u00e0 digitalizzata.<\/p>\n<p style=\"font-weight: 400;\"><strong>Laura Carrer<\/strong>, giornalista esperta in tecnologie di sorveglianza, affronta il tema dell&#8217;intersezione tra genere e tecnologia, privacy, social network e giustizia penale. <strong>Vera Gheno<\/strong>, linguista, saggista e traduttrice, affronta il tema dal punto di vista linguistico. <strong>Oyidiya Oji Palino<\/strong>,\u00a0European Network Against Racism Aisbl (ENAR), per un focus sull\u2019utilizzo dei\u00a0<strong>dati biometrici<\/strong>, il riconoscimento facciale e le discriminazioni intrinseche al sistema.<\/p>\n<p style=\"font-weight: 400;\">Tra gli ospiti fine<strong> Licia Troisi<\/strong>, autrice dei mondi artificiale della letteratura fantasy, l\u2019attrice, autrice e imitatrice\u00a0<strong>Sabina Guzzanti<\/strong>\u00a0e l\u2019attore, musicista e comico\u00a0<strong>Carlo Amleto.<\/strong><\/p>\n<h3>Dall&#8217;inclusione alle dipendenze in rete<\/h3>\n<p style=\"font-weight: 400;\">IF2023 accender\u00e0 inoltre un faro su tematiche di grande attualit\u00e0 quali\u00a0<strong>i complottismi e l\u2019opinione pubblica<\/strong>, ma anche<strong> l\u2019inclusione, i diritti<\/strong>, le opportunit\u00e0 legate alla transizione digitale della\u00a0<strong>pubblica amministrazione<\/strong>, con due intere giornate a cura della\u00a0<strong>Regione Toscana<\/strong>.<\/p>\n<p style=\"font-weight: 400;\">Di\u00a0<strong>diritto e<\/strong>\u00a0<strong>diritti in rete<\/strong>\u00a0si parler\u00e0, tra gli altri, con referenti istituzionali e privati chiamati a raccolta nella sezione \u201c<em>Artificial Law<\/em>\u201d a cura di Fernanda Faini. In anteprima al festival la presentazione dei dati sul fenomeno delle\u00a0<strong>dipendenze legate alla Rete<\/strong>, raccolti dal Gruppo di Epidemiologia e Ricerca sui servizi sanitari dell\u2019Istituto di Fisiologia Clinica del CNR di Pisa.<\/p>\n<h3>Dall&#8217;agroalimentare all&#8217;hackathon<\/h3>\n<p style=\"font-weight: 400;\">Al centro di incontri e dibattiti il\u00a0<strong>futuro dell\u2019agroalimentare <\/strong>tra naturale e artificiale, l\u2019evoluzione del mondo editoriale tra booktoker, podcast e nuove serie TV, soluzioni per aziende improntate all\u2019applicazione dell\u2019intelligenza artificiale. Torna l\u2019<strong>hackathon<\/strong>\u00a0organizzato da Rjc Soft che lo scorso anno registr\u00f2 molto successo tra i giovani coder. Quest\u2019anno ha ricevuto candidature da tutto il mondo e vedr\u00e0 la partecipazione di cinque squadre di provenienza internazionale: Marocco, Sud-Corea e Norvegia tra le altre.<\/p>\n<p style=\"font-weight: 400;\">In cartellone anche<strong>\u00a0djset video-artistici\u00a0<\/strong>al Circolo Caracol e<strong>\u00a0live painting<\/strong>\u00a0alle centralissime Logge dei Banchi, lo\u00a0spettacolo teatrale curato dai <strong>Sacchi di Sabbia <\/strong>e<strong> Davide Barbafiera <\/strong>insieme con le persone in detenzione nella CC \u201c<em>Don Bosco<\/em>\u201d<strong>, concerti e il closing party \u201c<\/strong><em>Technomagia #2 &#8211; Paradisi Artificiali<\/em>\u201d al Deposito Pontecorvo.<\/p>\n<h3>Una sfilata con l&#8217;intelligenza artificiale<\/h3>\n<p style=\"font-weight: 400;\">A dimostrazione di un festival in grado di aprire un dibattito con generazioni diverse, anche un nutrito programma di attivit\u00e0 dedicate a bambini e ragazzi, con i\u00a0<strong>T-Tour<\/strong>\u00a0organizzati al Centro Congressi Le Benedettine, da anni quartier generale di IF, e con il contributo di scuole di alta formazione come\u00a0<strong>Istituto Modartech<\/strong>, che allarga il campo ai giovani aspiranti designer con due mostre interattive dedicate alla commistione tra artigianato e tecnologia e <mark>una sfilata realizzata in parte grazie all\u2019intelligenza artificiale<\/mark>.<\/p>\n<p style=\"font-weight: 400;\">Ricco il parterre dei partner di Internet Festival: da <strong>AVM<\/strong>, azienda tedesca leader nei prodotti per la connettivit\u00e0 a banda larga e per la domotica, a <strong>Holocron<\/strong>, azienda pisana specializzata nello sviluppo di software custom che metter\u00e0 a disposizione lo storico Palazzo Simoneschi nel cuore di Pisa per incontri e un&#8217;installazione\/dialogo con l&#8217;intelligenza artificiale. Ancora da <strong>TD\u00a0Group\u00a0Italia<\/strong>,\u00a0realt\u00e0 pisana\u00a0con oltre quarant&#8217;anni di esperienza nell&#8217;ICT,\u00a0il <strong>Polo Tecnologico di Navacchio<\/strong>, Toscana Energia, DevItalia insieme a Mix, C-Lex Studio Legale, UNA \u2013 Aziende della Comunicazione Unite, COMMED I A, Tech Jobs Fair e molti altri ancora.<\/p>\n","protected":false},"excerpt":{"rendered":"<p>Dal 5 all&#8217;8 ottobre a Pisa incontri dibattiti installazioni con la partecipazione di numerosi ospiti: da Vera Gheno a Sabina Guzzanti<\/p>\n","protected":false},"author":554,"featured_media":251603,"comment_status":"open","ping_status":"open","sticky":false,"template":"","format":"standard","meta":{"_acf_changed":false,"footnotes":""},"categories":[475],"tags":[176],"class_list":["post-304402","post","type-post","status-publish","format-standard","has-post-thumbnail","hentry","category-innovazione","tag-internet-festival"],"acf":[],"yoast_head":"<!-- This site is optimized with the Yoast SEO Premium plugin v24.2 (Yoast SEO v25.6) - https:\/\/yoast.com\/wordpress\/plugins\/seo\/ -->\n<title>Internet Festival 2023, il futuro si annuncia &quot;artificiale&quot; - intoscana<\/title>\n<meta name=\"description\" content=\"Dal 5 all&#039;8 ottobre a Pisa incontri dibattiti installazioni con la partecipazione di numerosi ospiti: da Vera Gheno a Sabina Guzzanti\" \/>\n<meta name=\"robots\" content=\"index, follow, max-snippet:-1, max-image-preview:large, max-video-preview:-1\" \/>\n<link rel=\"canonical\" href=\"https:\/\/www.intoscana.it\/it\/internet-festival-2023-il-futuro-si-annuncia-artificiale\/\" \/>\n<meta property=\"og:locale\" content=\"it_IT\" \/>\n<meta property=\"og:type\" content=\"article\" \/>\n<meta property=\"og:title\" content=\"Internet Festival 2023, il futuro si annuncia &quot;artificiale&quot;\" \/>\n<meta property=\"og:description\" content=\"Dal 5 all&#039;8 ottobre a Pisa incontri dibattiti installazioni con la partecipazione di numerosi ospiti: da Vera Gheno a Sabina Guzzanti\" \/>\n<meta property=\"og:url\" content=\"https:\/\/www.intoscana.it\/it\/internet-festival-2023-il-futuro-si-annuncia-artificiale\/\" \/>\n<meta property=\"og:site_name\" content=\"intoscana\" \/>\n<meta property=\"article:publisher\" content=\"https:\/\/www.facebook.com\/intoscana.it\" \/>\n<meta property=\"article:published_time\" content=\"2023-09-12T13:13:15+00:00\" \/>\n<meta property=\"article:modified_time\" content=\"2023-09-27T13:00:30+00:00\" \/>\n<meta property=\"og:image\" content=\"https:\/\/www.intoscana.it\/wp-content\/uploads\/IF_logge_07-scaled.jpg\" \/>\n\t<meta property=\"og:image:width\" content=\"2048\" \/>\n\t<meta property=\"og:image:height\" content=\"1365\" \/>\n\t<meta property=\"og:image:type\" content=\"image\/jpeg\" \/>\n<meta name=\"author\" content=\"Raffaella Galamini\" \/>\n<meta name=\"twitter:card\" content=\"summary_large_image\" \/>\n<meta name=\"twitter:creator\" content=\"@orio\" \/>\n<meta name=\"twitter:site\" content=\"@intoscana\" \/>\n<meta name=\"twitter:label1\" content=\"Written by\" \/>\n\t<meta name=\"twitter:data1\" content=\"Raffaella Galamini\" \/>\n\t<meta name=\"twitter:label2\" content=\"Est. reading time\" \/>\n\t<meta name=\"twitter:data2\" content=\"4 minuti\" \/>\n<script type=\"application\/ld+json\" class=\"yoast-schema-graph\">{\"@context\":\"https:\/\/schema.org\",\"@graph\":[{\"@type\":\"WebPage\",\"@id\":\"https:\/\/www.intoscana.it\/it\/internet-festival-2023-il-futuro-si-annuncia-artificiale\/\",\"url\":\"https:\/\/www.intoscana.it\/it\/internet-festival-2023-il-futuro-si-annuncia-artificiale\/\",\"name\":\"Internet Festival 2023, il futuro si annuncia \\\"artificiale\\\" - intoscana\",\"isPartOf\":{\"@id\":\"https:\/\/www.intoscana.it\/it\/#website\"},\"primaryImageOfPage\":{\"@id\":\"https:\/\/www.intoscana.it\/it\/internet-festival-2023-il-futuro-si-annuncia-artificiale\/#primaryimage\"},\"image\":{\"@id\":\"https:\/\/www.intoscana.it\/it\/internet-festival-2023-il-futuro-si-annuncia-artificiale\/#primaryimage\"},\"thumbnailUrl\":\"https:\/\/www.intoscana.it\/wp-content\/uploads\/IF_logge_07-scaled.jpg\",\"datePublished\":\"2023-09-12T13:13:15+00:00\",\"dateModified\":\"2023-09-27T13:00:30+00:00\",\"author\":{\"@id\":\"https:\/\/www.intoscana.it\/it\/#\/schema\/person\/9eb9daa846a49fe51af39a73d9d1986b\"},\"description\":\"Dal 5 all'8 ottobre a Pisa incontri dibattiti installazioni con la partecipazione di numerosi ospiti: da Vera Gheno a Sabina Guzzanti\",\"breadcrumb\":{\"@id\":\"https:\/\/www.intoscana.it\/it\/internet-festival-2023-il-futuro-si-annuncia-artificiale\/#breadcrumb\"},\"inLanguage\":\"it-IT\",\"potentialAction\":[{\"@type\":\"ReadAction\",\"target\":[\"https:\/\/www.intoscana.it\/it\/internet-festival-2023-il-futuro-si-annuncia-artificiale\/\"]}]},{\"@type\":\"ImageObject\",\"inLanguage\":\"it-IT\",\"@id\":\"https:\/\/www.intoscana.it\/it\/internet-festival-2023-il-futuro-si-annuncia-artificiale\/#primaryimage\",\"url\":\"https:\/\/www.intoscana.it\/wp-content\/uploads\/IF_logge_07-scaled.jpg\",\"contentUrl\":\"https:\/\/www.intoscana.it\/wp-content\/uploads\/IF_logge_07-scaled.jpg\",\"width\":2048,\"height\":1365,\"caption\":\"Internet Festival 2022\"},{\"@type\":\"BreadcrumbList\",\"@id\":\"https:\/\/www.intoscana.it\/it\/internet-festival-2023-il-futuro-si-annuncia-artificiale\/#breadcrumb\",\"itemListElement\":[{\"@type\":\"ListItem\",\"position\":1,\"name\":\"Home\",\"item\":\"https:\/\/www.intoscana.it\/it\/\"},{\"@type\":\"ListItem\",\"position\":2,\"name\":\"Internet Festival 2023, il futuro si annuncia &#8220;artificiale&#8221;\"}]},{\"@type\":\"WebSite\",\"@id\":\"https:\/\/www.intoscana.it\/it\/#website\",\"url\":\"https:\/\/www.intoscana.it\/it\/\",\"name\":\"intoscana\",\"description\":\"\",\"potentialAction\":[{\"@type\":\"SearchAction\",\"target\":{\"@type\":\"EntryPoint\",\"urlTemplate\":\"https:\/\/www.intoscana.it\/it\/?s={search_term_string}\"},\"query-input\":{\"@type\":\"PropertyValueSpecification\",\"valueRequired\":true,\"valueName\":\"search_term_string\"}}],\"inLanguage\":\"it-IT\"},{\"@type\":\"Person\",\"@id\":\"https:\/\/www.intoscana.it\/it\/#\/schema\/person\/9eb9daa846a49fe51af39a73d9d1986b\",\"name\":\"Raffaella Galamini\",\"sameAs\":[\"https:\/\/x.com\/orio\"],\"url\":\"https:\/\/www.intoscana.it\/it\/author\/r-galamini\/\"}]}<\/script>\n<!-- \/ Yoast SEO Premium plugin. -->","yoast_head_json":{"title":"Internet Festival 2023, il futuro si annuncia \"artificiale\" - intoscana","description":"Dal 5 all'8 ottobre a Pisa incontri dibattiti installazioni con la partecipazione di numerosi ospiti: da Vera Gheno a Sabina Guzzanti","robots":{"index":"index","follow":"follow","max-snippet":"max-snippet:-1","max-image-preview":"max-image-preview:large","max-video-preview":"max-video-preview:-1"},"canonical":"https:\/\/www.intoscana.it\/it\/internet-festival-2023-il-futuro-si-annuncia-artificiale\/","og_locale":"it_IT","og_type":"article","og_title":"Internet Festival 2023, il futuro si annuncia \"artificiale\"","og_description":"Dal 5 all'8 ottobre a Pisa incontri dibattiti installazioni con la partecipazione di numerosi ospiti: da Vera Gheno a Sabina Guzzanti","og_url":"https:\/\/www.intoscana.it\/it\/internet-festival-2023-il-futuro-si-annuncia-artificiale\/","og_site_name":"intoscana","article_publisher":"https:\/\/www.facebook.com\/intoscana.it","article_published_time":"2023-09-12T13:13:15+00:00","article_modified_time":"2023-09-27T13:00:30+00:00","og_image":[{"width":2048,"height":1365,"url":"https:\/\/www.intoscana.it\/wp-content\/uploads\/IF_logge_07-scaled.jpg","type":"image\/jpeg"}],"author":"Raffaella Galamini","twitter_card":"summary_large_image","twitter_creator":"@orio","twitter_site":"@intoscana","twitter_misc":{"Written by":"Raffaella Galamini","Est. reading time":"4 minuti"},"schema":{"@context":"https:\/\/schema.org","@graph":[{"@type":"WebPage","@id":"https:\/\/www.intoscana.it\/it\/internet-festival-2023-il-futuro-si-annuncia-artificiale\/","url":"https:\/\/www.intoscana.it\/it\/internet-festival-2023-il-futuro-si-annuncia-artificiale\/","name":"Internet Festival 2023, il futuro si annuncia \"artificiale\" - intoscana","isPartOf":{"@id":"https:\/\/www.intoscana.it\/it\/#website"},"primaryImageOfPage":{"@id":"https:\/\/www.intoscana.it\/it\/internet-festival-2023-il-futuro-si-annuncia-artificiale\/#primaryimage"},"image":{"@id":"https:\/\/www.intoscana.it\/it\/internet-festival-2023-il-futuro-si-annuncia-artificiale\/#primaryimage"},"thumbnailUrl":"https:\/\/www.intoscana.it\/wp-content\/uploads\/IF_logge_07-scaled.jpg","datePublished":"2023-09-12T13:13:15+00:00","dateModified":"2023-09-27T13:00:30+00:00","author":{"@id":"https:\/\/www.intoscana.it\/it\/#\/schema\/person\/9eb9daa846a49fe51af39a73d9d1986b"},"description":"Dal 5 all'8 ottobre a Pisa incontri dibattiti installazioni con la partecipazione di numerosi ospiti: da Vera Gheno a Sabina Guzzanti","breadcrumb":{"@id":"https:\/\/www.intoscana.it\/it\/internet-festival-2023-il-futuro-si-annuncia-artificiale\/#breadcrumb"},"inLanguage":"it-IT","potentialAction":[{"@type":"ReadAction","target":["https:\/\/www.intoscana.it\/it\/internet-festival-2023-il-futuro-si-annuncia-artificiale\/"]}]},{"@type":"ImageObject","inLanguage":"it-IT","@id":"https:\/\/www.intoscana.it\/it\/internet-festival-2023-il-futuro-si-annuncia-artificiale\/#primaryimage","url":"https:\/\/www.intoscana.it\/wp-content\/uploads\/IF_logge_07-scaled.jpg","contentUrl":"https:\/\/www.intoscana.it\/wp-content\/uploads\/IF_logge_07-scaled.jpg","width":2048,"height":1365,"caption":"Internet Festival 2022"},{"@type":"BreadcrumbList","@id":"https:\/\/www.intoscana.it\/it\/internet-festival-2023-il-futuro-si-annuncia-artificiale\/#breadcrumb","itemListElement":[{"@type":"ListItem","position":1,"name":"Home","item":"https:\/\/www.intoscana.it\/it\/"},{"@type":"ListItem","position":2,"name":"Internet Festival 2023, il futuro si annuncia &#8220;artificiale&#8221;"}]},{"@type":"WebSite","@id":"https:\/\/www.intoscana.it\/it\/#website","url":"https:\/\/www.intoscana.it\/it\/","name":"intoscana","description":"","potentialAction":[{"@type":"SearchAction","target":{"@type":"EntryPoint","urlTemplate":"https:\/\/www.intoscana.it\/it\/?s={search_term_string}"},"query-input":{"@type":"PropertyValueSpecification","valueRequired":true,"valueName":"search_term_string"}}],"inLanguage":"it-IT"},{"@type":"Person","@id":"https:\/\/www.intoscana.it\/it\/#\/schema\/person\/9eb9daa846a49fe51af39a73d9d1986b","name":"Raffaella Galamini","sameAs":["https:\/\/x.com\/orio"],"url":"https:\/\/www.intoscana.it\/it\/author\/r-galamini\/"}]}},"_links":{"self":[{"href":"https:\/\/www.intoscana.it\/it\/wp-json\/wp\/v2\/posts\/304402","targetHints":{"allow":["GET"]}}],"collection":[{"href":"https:\/\/www.intoscana.it\/it\/wp-json\/wp\/v2\/posts"}],"about":[{"href":"https:\/\/www.intoscana.it\/it\/wp-json\/wp\/v2\/types\/post"}],"author":[{"embeddable":true,"href":"https:\/\/www.intoscana.it\/it\/wp-json\/wp\/v2\/users\/554"}],"replies":[{"embeddable":true,"href":"https:\/\/www.intoscana.it\/it\/wp-json\/wp\/v2\/comments?post=304402"}],"version-history":[{"count":0,"href":"https:\/\/www.intoscana.it\/it\/wp-json\/wp\/v2\/posts\/304402\/revisions"}],"wp:featuredmedia":[{"embeddable":true,"href":"https:\/\/www.intoscana.it\/it\/wp-json\/wp\/v2\/media\/251603"}],"wp:attachment":[{"href":"https:\/\/www.intoscana.it\/it\/wp-json\/wp\/v2\/media?parent=304402"}],"wp:term":[{"taxonomy":"category","embeddable":true,"href":"https:\/\/www.intoscana.it\/it\/wp-json\/wp\/v2\/categories?post=304402"},{"taxonomy":"post_tag","embeddable":true,"href":"https:\/\/www.intoscana.it\/it\/wp-json\/wp\/v2\/tags?post=304402"}],"curies":[{"name":"wp","href":"https:\/\/api.w.org\/{rel}","templated":true}]}}