{"id":304408,"date":"2023-09-12T14:34:25","date_gmt":"2023-09-12T12:34:25","guid":{"rendered":"https:\/\/www.intoscana.it\/it\/?p=304408"},"modified":"2023-09-12T14:34:25","modified_gmt":"2023-09-12T12:34:25","slug":"a-liliana-cavani-il-premio-fiesole-ai-maestri-del-cinema-2023","status":"publish","type":"post","link":"https:\/\/www.intoscana.it\/it\/a-liliana-cavani-il-premio-fiesole-ai-maestri-del-cinema-2023\/","title":{"rendered":"A Liliana Cavani il &#8220;Premio Fiesole ai Maestri del Cinema&#8221; 2023"},"content":{"rendered":"<p>Una delle principali registe italiane, autrice di film di grande successo, come <em>Il portiere di notte<\/em>, <em>Galileo<\/em>, <em>Francesco d&#8217;Assisi (a cui \u00e8 seguito anni dopo Francesco, incentrato sempre sulla vita del Santo di Assisi)<\/em>, <em>Al di l\u00e0 del bene e del male, Il gioco di Ripley,<\/em> <strong>Liliana Cavani <\/strong>\u00e8 la vincitrice del <strong>Premio Fiesole ai Maestri del Cinema edizione 2023<\/strong>, il riconoscimento attribuito dal Comune di Fiesole in collaborazione con il Sindacato Nazionale Critici Cinematografici Italiani Gruppo Toscano e Fondazione Sistema Toscana.<\/p>\n<p>Ad annunciarlo, il nuovo direttore artistico del Premio, <strong>Simone Emiliani,<\/strong> insieme alla sindaca di Fiesole, <strong>Anna Ravoni<\/strong>, e a <strong>Marco Luceri,<\/strong> coordinatore del Gruppo toscano del Sindacato Nazionale Critici Cinematografici, nel corso della conferenza stampa di presentazione, marted\u00ec 12 settembre a Villa San Michele di Fiesole.<\/p>\n<p>Un riconoscimento presitigioso, attribuito negli anni scorsi ad Asghar Farh\u0101di, Mario Martone, Paolo Sorrentino, Robert Gu\u00e9diguian, Vittorio Storaro, Stefania Sandrelli, Dario Argento, Giuseppe Tornatore, Terry Gilliam, Toni Servillo e Nanni Moretti. E tra i grandi del passato Luchino Visconti, Michelangelo Antonioni, Orson Welles, Stanley Kubrick, Ingmar Bergman, Wim Wenders, Theo Angelopoulos, Marco Bellocchio, Ken Loach. <strong>La serata di premiazione si terr\u00e0 di sabato 23 settembre,<\/strong> non come di consueto al Teatro Romano, ma al nuovo Teatro di Fiesole (Largo Piero Farulli,1) con ingresso gratuito.<\/p>\n<p>L&#8217;evento si aprir\u00e0 20.30 con un incontro con Liliana Cavani e la presentazione del volume monografico, dal titolo <strong>Il tempo, la Storia, il mito. Il cinema di Liliana Cavani,<\/strong>\u00a0a cura di Valentina D\u2019Amico con i contributi dei soci del Sncci, per le Edizioni ETS di Pisa. Ospite speciale della serata l\u2019attrice Chiara Caselli che ha lavorato con lei in \u201cDove siete? Io sono qui\u201d e \u201cIl gioco di Ripley\u201d.<\/p>\n<p>Dopo la cerimonia di premiazione (ore 22.00) sar\u00e0 proiettato il film <strong><i>L\u2019ordine del tempo<\/i><\/strong>, liberamente tratto dal best seller di Carlo Rovelli, presentato fuori concorso all\u201980esima Mostra del Cinema di Venezia, dove \u00e8 stato conferito a Liliana Cavani, il Leone d\u2019Oro alla Carriera.<\/p>\n<p>Come di consueto, nei giorni successivi al premio, si terr\u00e0 una retrospettiva dei film della regista premiata che si terr\u00e0 al Teatro di Fiesole dal 3 al 30 ottobre. Si parte con <strong><i>Galileo<\/i><\/strong> del 1968, con il quale la regista mette a fuoco il tema del conflitto tra scienza e religione (3 ottobre alle 18 e alle 20.30). Il programma continua mercoled\u00ec 18 ottobre con<strong><i> I cannibali,<\/i><\/strong> del 1970, rivisitazione in chiave moderna\u00a0 dell&#8217;Antigone di Sofocle\u00a0(alle ore 18 e 20.30) e chiude <strong><i>Il portiere di notte d<\/i><\/strong>el 1974, la relazione morbosa che si instaura tra un ex ufficiale nazista che lavora come portiere di notte in un albergo di Vienna e un\u2019ex deportata ebrea (30 ottobre alle ore 18\u00a0 e alle 20.30).<\/p>\n<p><em>\u201cQuesta edizione del Premio ai Maestri del Cinema \u00e8 gi\u00e0 storica: Liliana Cavani \u00e8 la prima regista donna, infatti, a ricevere questo riconoscimento dal nostro Comune, cos\u00ec come \u00e8 stata la prima a ricevere il Leone d\u2019Oro alla carriera solo pochi giorni fa. Da Sindaco ne sono fiera, perch\u00e9 si premia una regista che, con la propria arte e con il proprio sguardo lucido, \u00e8 riuscita a raccontare ambiguit\u00e0 e contraddizioni del potere e della societ\u00e0, imponendosi da subito in un contesto decisamente maschile come quello della regia. Mi auguro anche che siano tanti i giovani che, a ottobre, verranno a Fiesole per la retrospettiva a lei dedicata, perch\u00e9 sar\u00e0 una bella occasione per conoscere il lavoro di un\u2019Artista che ha saputo sempre stimolare la riflessione e il confronto.\u201d \u2013 ha detto Anna Ravoni, sindaco di Fiesole.<\/em><\/p>\n<p>Ha aggiunto Marco Luceri, coordinatore del Sncci Gruppo Toscano: \u201c<em>Come SNCCI Gruppo Toscano siamo orgogliosi di poter premiare quest&#8217;anno una grande protagonista del cinema italiano e internazionale. Liliana Cavani \u00e8 un pezzo della nostra storia e del nostro presente, un&#8217;autrice che attraverso tanti film, molto diversi tra loro, ha sempre saputo sfidare le convenzioni del proprio tempo, gettando lo sguardo oltre le contraddizioni politiche, sociali e culturali del nostro Paese. Il suo cinema \u00e8 un corpo in continuo movimento, un fluire di storie e immagini fatto di visioni, sussulti, inciampi. E per questo non ha mai smesso di affascinare&#8221;.<\/em><\/p>\n<p>Ha spiegato Simone Emiliani, neo direttore artistico del premio: &#8220;<em>Dai primi cortometraggi degli anni Sessanta, Liliana Cavani lascia un forte segno nel cinema italiano che lo ha attraversato nel corso dei decenni, a cominciare dal primo Francesco d&#8217;Assisi, girato per la RAI nel 1966 che \u00e8 ancora oggi un film di sconvolgente modernit\u00e0, alla visione onirica-politica di I cannibali fino a Il portiere di notte che \u00e8 uno dei suoi titoli pi\u00f9 famosi. Nel corso della sua carriera ha affrontato pi\u00f9 sfide, non cercando mai delle risposte definitive ma lasciando diverse interpretazioni che \u00e8 proprio il modo con cui il suo cinema va guardato oggi. Sono davvero felice che Liliana Cavani abbia accettato di ritirare il Premio Fiesole ai Maestri del Cinema 2023, proprio nell&#8217;anno del Leone d&#8217;oro alla carriera all&#8217;80\u00b0 Mostra del Cinema di Venezia e del suo ritorno al cinema con il suo nuovo film, L&#8217;ordine del tempo, dove il suo cinema ha ancora la potente energia di rinnovarsi e rimettersi in discussione\u201d<\/em>.<\/p>\n","protected":false},"excerpt":{"rendered":"<p>La cerimonia di premiazione si terr\u00e0 sabato 23 settembre al nuovo Teatro di Fiesole, alla presenza della regista e del direttore artistico, Simone Emiliani.<\/p>\n","protected":false},"author":492,"featured_media":304413,"comment_status":"open","ping_status":"open","sticky":false,"template":"","format":"standard","meta":{"_acf_changed":false,"footnotes":""},"categories":[493],"tags":[],"class_list":["post-304408","post","type-post","status-publish","format-standard","has-post-thumbnail","hentry","category-cultura"],"acf":[],"yoast_head":"<!-- This site is optimized with the Yoast SEO Premium plugin v24.2 (Yoast SEO v25.6) - https:\/\/yoast.com\/wordpress\/plugins\/seo\/ -->\n<title>A Liliana Cavani il &quot;Premio Fiesole ai Maestri del Cinema&quot; 2023 - intoscana<\/title>\n<meta name=\"description\" content=\"Il 23 settembre, al Teatro di Fiesole, Premio Fiesole ai Maestri del Cinema 2023 a Liliana Cavani\" \/>\n<meta name=\"robots\" content=\"index, follow, max-snippet:-1, max-image-preview:large, max-video-preview:-1\" \/>\n<link rel=\"canonical\" href=\"https:\/\/www.intoscana.it\/it\/a-liliana-cavani-il-premio-fiesole-ai-maestri-del-cinema-2023\/\" \/>\n<meta property=\"og:locale\" content=\"it_IT\" \/>\n<meta property=\"og:type\" content=\"article\" \/>\n<meta property=\"og:title\" content=\"A Liliana Cavani il &quot;Premio Fiesole ai Maestri del Cinema&quot; 2023\" \/>\n<meta property=\"og:description\" content=\"Il 23 settembre, al Teatro di Fiesole, Premio Fiesole ai Maestri del Cinema 2023 a Liliana Cavani\" \/>\n<meta property=\"og:url\" content=\"https:\/\/www.intoscana.it\/it\/a-liliana-cavani-il-premio-fiesole-ai-maestri-del-cinema-2023\/\" \/>\n<meta property=\"og:site_name\" content=\"intoscana\" \/>\n<meta property=\"article:publisher\" content=\"https:\/\/www.facebook.com\/intoscana.it\" \/>\n<meta property=\"article:published_time\" content=\"2023-09-12T12:34:25+00:00\" \/>\n<meta property=\"og:image\" content=\"https:\/\/www.intoscana.it\/wp-content\/uploads\/Liliana-Cavani_citare-fotografo-Fiorenzo-Niccoli-scaled.jpg\" \/>\n\t<meta property=\"og:image:width\" content=\"2048\" \/>\n\t<meta property=\"og:image:height\" content=\"1366\" \/>\n\t<meta property=\"og:image:type\" content=\"image\/jpeg\" \/>\n<meta name=\"author\" content=\"Elisabetta Vagaggini\" \/>\n<meta name=\"twitter:card\" content=\"summary_large_image\" \/>\n<meta name=\"twitter:creator\" content=\"@intoscana\" \/>\n<meta name=\"twitter:site\" content=\"@intoscana\" \/>\n<meta name=\"twitter:label1\" content=\"Written by\" \/>\n\t<meta name=\"twitter:data1\" content=\"Elisabetta Vagaggini\" \/>\n\t<meta name=\"twitter:label2\" content=\"Est. reading time\" \/>\n\t<meta name=\"twitter:data2\" content=\"4 minuti\" \/>\n<script type=\"application\/ld+json\" class=\"yoast-schema-graph\">{\"@context\":\"https:\/\/schema.org\",\"@graph\":[{\"@type\":\"WebPage\",\"@id\":\"https:\/\/www.intoscana.it\/it\/a-liliana-cavani-il-premio-fiesole-ai-maestri-del-cinema-2023\/\",\"url\":\"https:\/\/www.intoscana.it\/it\/a-liliana-cavani-il-premio-fiesole-ai-maestri-del-cinema-2023\/\",\"name\":\"A Liliana Cavani il \\\"Premio Fiesole ai Maestri del Cinema\\\" 2023 - intoscana\",\"isPartOf\":{\"@id\":\"https:\/\/www.intoscana.it\/it\/#website\"},\"primaryImageOfPage\":{\"@id\":\"https:\/\/www.intoscana.it\/it\/a-liliana-cavani-il-premio-fiesole-ai-maestri-del-cinema-2023\/#primaryimage\"},\"image\":{\"@id\":\"https:\/\/www.intoscana.it\/it\/a-liliana-cavani-il-premio-fiesole-ai-maestri-del-cinema-2023\/#primaryimage\"},\"thumbnailUrl\":\"https:\/\/www.intoscana.it\/wp-content\/uploads\/Liliana-Cavani_citare-fotografo-Fiorenzo-Niccoli-scaled.jpg\",\"datePublished\":\"2023-09-12T12:34:25+00:00\",\"author\":{\"@id\":\"https:\/\/www.intoscana.it\/it\/#\/schema\/person\/20956e1a83baf96027b69e776f754e43\"},\"description\":\"Il 23 settembre, al Teatro di Fiesole, Premio Fiesole ai Maestri del Cinema 2023 a Liliana Cavani\",\"breadcrumb\":{\"@id\":\"https:\/\/www.intoscana.it\/it\/a-liliana-cavani-il-premio-fiesole-ai-maestri-del-cinema-2023\/#breadcrumb\"},\"inLanguage\":\"it-IT\",\"potentialAction\":[{\"@type\":\"ReadAction\",\"target\":[\"https:\/\/www.intoscana.it\/it\/a-liliana-cavani-il-premio-fiesole-ai-maestri-del-cinema-2023\/\"]}]},{\"@type\":\"ImageObject\",\"inLanguage\":\"it-IT\",\"@id\":\"https:\/\/www.intoscana.it\/it\/a-liliana-cavani-il-premio-fiesole-ai-maestri-del-cinema-2023\/#primaryimage\",\"url\":\"https:\/\/www.intoscana.it\/wp-content\/uploads\/Liliana-Cavani_citare-fotografo-Fiorenzo-Niccoli-scaled.jpg\",\"contentUrl\":\"https:\/\/www.intoscana.it\/wp-content\/uploads\/Liliana-Cavani_citare-fotografo-Fiorenzo-Niccoli-scaled.jpg\",\"width\":2048,\"height\":1366,\"caption\":\"Liliana Cavani\"},{\"@type\":\"BreadcrumbList\",\"@id\":\"https:\/\/www.intoscana.it\/it\/a-liliana-cavani-il-premio-fiesole-ai-maestri-del-cinema-2023\/#breadcrumb\",\"itemListElement\":[{\"@type\":\"ListItem\",\"position\":1,\"name\":\"Home\",\"item\":\"https:\/\/www.intoscana.it\/it\/\"},{\"@type\":\"ListItem\",\"position\":2,\"name\":\"A Liliana Cavani il &#8220;Premio Fiesole ai Maestri del Cinema&#8221; 2023\"}]},{\"@type\":\"WebSite\",\"@id\":\"https:\/\/www.intoscana.it\/it\/#website\",\"url\":\"https:\/\/www.intoscana.it\/it\/\",\"name\":\"intoscana\",\"description\":\"\",\"potentialAction\":[{\"@type\":\"SearchAction\",\"target\":{\"@type\":\"EntryPoint\",\"urlTemplate\":\"https:\/\/www.intoscana.it\/it\/?s={search_term_string}\"},\"query-input\":{\"@type\":\"PropertyValueSpecification\",\"valueRequired\":true,\"valueName\":\"search_term_string\"}}],\"inLanguage\":\"it-IT\"},{\"@type\":\"Person\",\"@id\":\"https:\/\/www.intoscana.it\/it\/#\/schema\/person\/20956e1a83baf96027b69e776f754e43\",\"name\":\"Elisabetta Vagaggini\",\"url\":\"https:\/\/www.intoscana.it\/it\/author\/elisabetta-vagaggini\/\"}]}<\/script>\n<!-- \/ Yoast SEO Premium plugin. -->","yoast_head_json":{"title":"A Liliana Cavani il \"Premio Fiesole ai Maestri del Cinema\" 2023 - intoscana","description":"Il 23 settembre, al Teatro di Fiesole, Premio Fiesole ai Maestri del Cinema 2023 a Liliana Cavani","robots":{"index":"index","follow":"follow","max-snippet":"max-snippet:-1","max-image-preview":"max-image-preview:large","max-video-preview":"max-video-preview:-1"},"canonical":"https:\/\/www.intoscana.it\/it\/a-liliana-cavani-il-premio-fiesole-ai-maestri-del-cinema-2023\/","og_locale":"it_IT","og_type":"article","og_title":"A Liliana Cavani il \"Premio Fiesole ai Maestri del Cinema\" 2023","og_description":"Il 23 settembre, al Teatro di Fiesole, Premio Fiesole ai Maestri del Cinema 2023 a Liliana Cavani","og_url":"https:\/\/www.intoscana.it\/it\/a-liliana-cavani-il-premio-fiesole-ai-maestri-del-cinema-2023\/","og_site_name":"intoscana","article_publisher":"https:\/\/www.facebook.com\/intoscana.it","article_published_time":"2023-09-12T12:34:25+00:00","og_image":[{"width":2048,"height":1366,"url":"https:\/\/www.intoscana.it\/wp-content\/uploads\/Liliana-Cavani_citare-fotografo-Fiorenzo-Niccoli-scaled.jpg","type":"image\/jpeg"}],"author":"Elisabetta Vagaggini","twitter_card":"summary_large_image","twitter_creator":"@intoscana","twitter_site":"@intoscana","twitter_misc":{"Written by":"Elisabetta Vagaggini","Est. reading time":"4 minuti"},"schema":{"@context":"https:\/\/schema.org","@graph":[{"@type":"WebPage","@id":"https:\/\/www.intoscana.it\/it\/a-liliana-cavani-il-premio-fiesole-ai-maestri-del-cinema-2023\/","url":"https:\/\/www.intoscana.it\/it\/a-liliana-cavani-il-premio-fiesole-ai-maestri-del-cinema-2023\/","name":"A Liliana Cavani il \"Premio Fiesole ai Maestri del Cinema\" 2023 - intoscana","isPartOf":{"@id":"https:\/\/www.intoscana.it\/it\/#website"},"primaryImageOfPage":{"@id":"https:\/\/www.intoscana.it\/it\/a-liliana-cavani-il-premio-fiesole-ai-maestri-del-cinema-2023\/#primaryimage"},"image":{"@id":"https:\/\/www.intoscana.it\/it\/a-liliana-cavani-il-premio-fiesole-ai-maestri-del-cinema-2023\/#primaryimage"},"thumbnailUrl":"https:\/\/www.intoscana.it\/wp-content\/uploads\/Liliana-Cavani_citare-fotografo-Fiorenzo-Niccoli-scaled.jpg","datePublished":"2023-09-12T12:34:25+00:00","author":{"@id":"https:\/\/www.intoscana.it\/it\/#\/schema\/person\/20956e1a83baf96027b69e776f754e43"},"description":"Il 23 settembre, al Teatro di Fiesole, Premio Fiesole ai Maestri del Cinema 2023 a Liliana Cavani","breadcrumb":{"@id":"https:\/\/www.intoscana.it\/it\/a-liliana-cavani-il-premio-fiesole-ai-maestri-del-cinema-2023\/#breadcrumb"},"inLanguage":"it-IT","potentialAction":[{"@type":"ReadAction","target":["https:\/\/www.intoscana.it\/it\/a-liliana-cavani-il-premio-fiesole-ai-maestri-del-cinema-2023\/"]}]},{"@type":"ImageObject","inLanguage":"it-IT","@id":"https:\/\/www.intoscana.it\/it\/a-liliana-cavani-il-premio-fiesole-ai-maestri-del-cinema-2023\/#primaryimage","url":"https:\/\/www.intoscana.it\/wp-content\/uploads\/Liliana-Cavani_citare-fotografo-Fiorenzo-Niccoli-scaled.jpg","contentUrl":"https:\/\/www.intoscana.it\/wp-content\/uploads\/Liliana-Cavani_citare-fotografo-Fiorenzo-Niccoli-scaled.jpg","width":2048,"height":1366,"caption":"Liliana Cavani"},{"@type":"BreadcrumbList","@id":"https:\/\/www.intoscana.it\/it\/a-liliana-cavani-il-premio-fiesole-ai-maestri-del-cinema-2023\/#breadcrumb","itemListElement":[{"@type":"ListItem","position":1,"name":"Home","item":"https:\/\/www.intoscana.it\/it\/"},{"@type":"ListItem","position":2,"name":"A Liliana Cavani il &#8220;Premio Fiesole ai Maestri del Cinema&#8221; 2023"}]},{"@type":"WebSite","@id":"https:\/\/www.intoscana.it\/it\/#website","url":"https:\/\/www.intoscana.it\/it\/","name":"intoscana","description":"","potentialAction":[{"@type":"SearchAction","target":{"@type":"EntryPoint","urlTemplate":"https:\/\/www.intoscana.it\/it\/?s={search_term_string}"},"query-input":{"@type":"PropertyValueSpecification","valueRequired":true,"valueName":"search_term_string"}}],"inLanguage":"it-IT"},{"@type":"Person","@id":"https:\/\/www.intoscana.it\/it\/#\/schema\/person\/20956e1a83baf96027b69e776f754e43","name":"Elisabetta Vagaggini","url":"https:\/\/www.intoscana.it\/it\/author\/elisabetta-vagaggini\/"}]}},"_links":{"self":[{"href":"https:\/\/www.intoscana.it\/it\/wp-json\/wp\/v2\/posts\/304408","targetHints":{"allow":["GET"]}}],"collection":[{"href":"https:\/\/www.intoscana.it\/it\/wp-json\/wp\/v2\/posts"}],"about":[{"href":"https:\/\/www.intoscana.it\/it\/wp-json\/wp\/v2\/types\/post"}],"author":[{"embeddable":true,"href":"https:\/\/www.intoscana.it\/it\/wp-json\/wp\/v2\/users\/492"}],"replies":[{"embeddable":true,"href":"https:\/\/www.intoscana.it\/it\/wp-json\/wp\/v2\/comments?post=304408"}],"version-history":[{"count":0,"href":"https:\/\/www.intoscana.it\/it\/wp-json\/wp\/v2\/posts\/304408\/revisions"}],"wp:featuredmedia":[{"embeddable":true,"href":"https:\/\/www.intoscana.it\/it\/wp-json\/wp\/v2\/media\/304413"}],"wp:attachment":[{"href":"https:\/\/www.intoscana.it\/it\/wp-json\/wp\/v2\/media?parent=304408"}],"wp:term":[{"taxonomy":"category","embeddable":true,"href":"https:\/\/www.intoscana.it\/it\/wp-json\/wp\/v2\/categories?post=304408"},{"taxonomy":"post_tag","embeddable":true,"href":"https:\/\/www.intoscana.it\/it\/wp-json\/wp\/v2\/tags?post=304408"}],"curies":[{"name":"wp","href":"https:\/\/api.w.org\/{rel}","templated":true}]}}