{"id":304586,"date":"2023-09-14T13:40:03","date_gmt":"2023-09-14T11:40:03","guid":{"rendered":"https:\/\/www.intoscana.it\/it\/?p=304586"},"modified":"2023-09-16T09:49:33","modified_gmt":"2023-09-16T07:49:33","slug":"nuovo-anno-scolastico-toscana","status":"publish","type":"post","link":"https:\/\/www.intoscana.it\/it\/nuovo-anno-scolastico-toscana\/","title":{"rendered":"Al via il nuovo anno scolastico in Toscana, la Regione ferma gli accorpamenti delle scuole"},"content":{"rendered":"<p>Al via in Toscana nuovo <strong>anno scolastico<\/strong>: <mark>sono 453mila le studentesse e gli studenti toscani tornati sui banchi venerd\u00ec 15 settembre.<\/mark><br \/>\nPer il rientro in classe di circa 7 milioni di alunni e alunne in tutta Italia al momento non sono previste misure restrittive <strong>anti-Covid<\/strong> ma in una circolare il Ministero della Salute raccomanda di osservare alcune <strong>precauzioni<\/strong>: indossare la mascherina, se si \u00e8 sintomatici, rimanere a casa fino al termine dei sintomi, lavare spesso le mani, evitare il contatto con persone fragili.<\/p>\n<h3>La Toscana dice no agli accorpamenti<\/h3>\n<p>Intanto in vista della prima campanella la Regione ha reso noto che in Toscana non ci sar\u00e0 <strong>nessun accorpamento delle scuole<\/strong>, eccetto in caso di richieste dei territori. La Regione prosegue la sua battaglia contro il <strong>taglio degli istituti scolastici<\/strong> voluto dal Ministero dell\u2019Istruzione e del Merito. Con una delibera approvata nell\u2019ultima seduta di giunta su proposta dell\u2019assessora all\u2019istruzione Alessandra Nardini, ha varato gli indirizzi generali sul dimensionamento della rete scolastica per l\u2019anno <strong>2024\/2025.<\/strong><\/p>\n<div class=\"rt-page__content rt-page-content--left\">\n<div class=\"rt-page__content-text\">\n<p><mark>Il provvedimento lascia invariato il numero degli istituti presenti sul territorio regionale, attualmente 470, stoppando la riduzione di 15 istituti scolastici<\/mark> prevista dal decreto interministeriale dello scorso 30 giugno. L&#8217;accorpamento sar\u00f2 possibile solo in caso di proposte<strong> provenienti dai territori<\/strong> stessi o di scorporo dei plessi da un istituto scolastico ad un altro.<br \/>\n<em>\u201cRestiamo contrari a scelte che penalizzano la scuola e colpiscono in particolar modo le aree interne\u201d,<\/em> spiegano il presidente Eugenio Giani e l\u2019assessora Nardini.<\/p>\n<p>La delibera rappresenta un ulteriore passaggio del percorso intrapreso dalla Toscana per contrastare le scelte del governo ritenute <em>\u201cprofondamente sbagliate\u201d.<\/em> A febbraio scorso infatti risale il <strong>ricorso alla Corte Costituzionale<\/strong><a href=\"https:\/\/www.intoscana.it\/it\/articolo\/accorpamenti-scolastici-in-toscana-a-rischio-40-dirigenti-la-regione-fa-ricorso-alla-consulta\/\" target=\"_blank\" rel=\"noopener\"> contro le norme sulla rete scolastica<\/a> contenute nella legge di bilancio (l\u2019udienza \u00e8 attesa per il prossimo novembre) per violazione dei principi costituzionali che assegnano alle Regioni la competenza sulla rete scolastica.<br \/>\n<em>\u201cCon questa delibera vogliamo ribadire la nostra contrariet\u00e0 sia nel merito sia nel metodo\u201d<\/em>, aggiungono Giani e Nardini, che sottolineano: <em>\u201cIl governo impone tagli e poi scarica sulle Regioni la responsabilit\u00e0 di attuarli\u201d.<\/em><\/p>\n<div class=\"focuson\"><a href=\"https:\/\/www.intoscana.it\/it\/articolo\/torna-il-pacchetto-scuola-stanziati-6-milioni-dalla-regione\/\"><img decoding=\"async\" class=\"lazy\" src=\"https:\/\/www.intoscana.it\/wp-content\/uploads\/scuola_maturita_2019.jpg\" style=\"\">\n                <div class=\"cat\">Torna il Pacchetto scuola<\/div>\n                <h4>Stanziati 6 milioni dalla Regione<\/h4><\/a>\n              <\/div>\n<h3>Gli psicologi toscani: migliaia di studenti a rischio ansia da rientro<\/h3>\n<p>Tornare in classe pu\u00f2 non essere semplice, come sottolineano gli <strong>psicologi toscani<\/strong> che lanciano un appello contro il rischio ansia per gli alunni. <em>&#8220;Migliaia di studenti toscani tra scuole dell&#8217;infanzia, primarie e superiori possono incorrere ogni anno nella sindrome da rientro sui banchi. \u00c8 uno stress che diventa malessere fisico e psicologico, da contrastare con la gradualit\u00e0 degli impegni&#8221;<\/em> spiega<strong> Maria Antonietta Gulino,<\/strong> presidente dell&#8217;<strong>Ordine degli Psicologi della Toscana.<\/strong><br \/>\nLa fine delle vacanze estive e il ritorno a scuola possono infatti determinare <mark>disturbi come mal di pancia, sonno agitato, scarso appetito e, nei casi pi\u00f9 gravi, veri e propri stati di ansia e di ritiro.<\/mark><br \/>\nPer non rendere eccessivamente traumatico questo passaggio, sostiene Gulino, serve inizialmente una <strong>via di mezzo<\/strong> tra i tempi dilatati delle vacanze e quelli stringenti di compiti o verifiche.<em> &#8220;Agli insegnanti &#8211;<\/em> conclude &#8211;<em> chiediamo di non affollare di impegni il diario degli studenti, per fare in modo che riprendano confidenza con i nuovi ritmi. La calma, <\/em><em>nelle prime settimane, \u00e8 fondamentale&#8221;.<\/em><\/p>\n<\/div>\n<\/div>\n<h3>A Firenze torna il progetto Oxfam contro la dispersione scolastica<\/h3>\n<p>Con la prima campanella torna anche &#8220;Oxfam Back to School&#8221;,\u00a0 il progetto formativo di Oxfam per gli insegnanti, gli educatori e i formatori del volontariato, attraverso nove corsi online e un<strong> appuntamento conclusivo a Firenze<\/strong> il 14 ottobre, al Cenacolo del Fuligno, dal titolo &#8220;A scuola tutt\u0259 bene?&#8221;.<br \/>\nL&#8217;obiettivo \u00e8 costruire una <strong>scuola inclusiva,<\/strong> capace di formare cittadini consapevoli e allo stesso tempo di contrastare con efficacia <mark>povert\u00e0 educativa e dispersione scolastica, che ancora oggi riguarda l&#8217;11,1% degli studenti in Toscana e uno studente straniero su tre.<\/mark><\/p>\n<p><em>&#8220;L&#8217;obiettivo posto a livello europeo \u00e8 ridurre il tasso di abbandono precoce degli studi fino al 9% entro il 2030<\/em> &#8211; spiega <strong>Elisa Carboni<\/strong>, responsabile dell&#8217;area di lotta alla povert\u00e0 educativa di Oxfam Italia &#8211; <em>e nonostante i progressi degli ultimi anni, a livello nazionale siamo ancora al 12,7%, e anche in Toscana c&#8217;\u00e8 molta strada da fare. Per questo, anche per il nuovo anno scolastico, il nostro impegno sar\u00e0 rivolto a sostenere una scuola in grado di non lasciare indietro i ragazzi pi\u00f9 fragili.&#8221;<\/em><\/p>\n","protected":false},"excerpt":{"rendered":"<p>\u00c8 suonata la prima campanella per 453mila studentesse e studenti toscani. Una delibera regionale stoppa il taglio agli istituti scolastici: resteranno 470<\/p>\n","protected":false},"author":502,"featured_media":235492,"comment_status":"open","ping_status":"open","sticky":false,"template":"","format":"standard","meta":{"_acf_changed":false,"footnotes":""},"categories":[494],"tags":[151,212],"class_list":["post-304586","post","type-post","status-publish","format-standard","has-post-thumbnail","hentry","category-attualita","tag-regione-toscana","tag-scuola"],"acf":[],"yoast_head":"<!-- This site is optimized with the Yoast SEO Premium plugin v24.2 (Yoast SEO v25.6) - https:\/\/yoast.com\/wordpress\/plugins\/seo\/ -->\n<title>Al via il nuovo anno scolastico in Toscana, la Regione ferma gli accorpamenti delle scuole - intoscana<\/title>\n<meta name=\"description\" content=\"Venerd\u00ec 15 settembre inizia il nuovo anno scolastico in Toscana: la Regione ha stoppato il taglio agli istituti scolastici, resteranno 470.\" \/>\n<meta name=\"robots\" content=\"index, follow, max-snippet:-1, max-image-preview:large, max-video-preview:-1\" \/>\n<link rel=\"canonical\" href=\"https:\/\/www.intoscana.it\/it\/nuovo-anno-scolastico-toscana\/\" \/>\n<meta property=\"og:locale\" content=\"it_IT\" \/>\n<meta property=\"og:type\" content=\"article\" \/>\n<meta property=\"og:title\" content=\"Al via il nuovo anno scolastico in Toscana, la Regione ferma gli accorpamenti delle scuole\" \/>\n<meta property=\"og:description\" content=\"Venerd\u00ec 15 settembre inizia il nuovo anno scolastico in Toscana: la Regione ha stoppato il taglio agli istituti scolastici, resteranno 470.\" \/>\n<meta property=\"og:url\" content=\"https:\/\/www.intoscana.it\/it\/nuovo-anno-scolastico-toscana\/\" \/>\n<meta property=\"og:site_name\" content=\"intoscana\" \/>\n<meta property=\"article:publisher\" content=\"https:\/\/www.facebook.com\/intoscana.it\" \/>\n<meta property=\"article:published_time\" content=\"2023-09-14T11:40:03+00:00\" \/>\n<meta property=\"article:modified_time\" content=\"2023-09-16T07:49:33+00:00\" \/>\n<meta property=\"og:image\" content=\"https:\/\/www.intoscana.it\/wp-content\/uploads\/@Sharomka-Scuola-1-scaled.jpg\" \/>\n\t<meta property=\"og:image:width\" content=\"2048\" \/>\n\t<meta property=\"og:image:height\" content=\"1531\" \/>\n\t<meta property=\"og:image:type\" content=\"image\/jpeg\" \/>\n<meta name=\"author\" content=\"Ilaria Giannini\" \/>\n<meta name=\"twitter:card\" content=\"summary_large_image\" \/>\n<meta name=\"twitter:creator\" content=\"@i.giannini@fst.it\" \/>\n<meta name=\"twitter:site\" content=\"@intoscana\" \/>\n<meta name=\"twitter:label1\" content=\"Written by\" \/>\n\t<meta name=\"twitter:data1\" content=\"Ilaria Giannini\" \/>\n\t<meta name=\"twitter:label2\" content=\"Est. reading time\" \/>\n\t<meta name=\"twitter:data2\" content=\"3 minuti\" \/>\n<script type=\"application\/ld+json\" class=\"yoast-schema-graph\">{\"@context\":\"https:\/\/schema.org\",\"@graph\":[{\"@type\":\"WebPage\",\"@id\":\"https:\/\/www.intoscana.it\/it\/nuovo-anno-scolastico-toscana\/\",\"url\":\"https:\/\/www.intoscana.it\/it\/nuovo-anno-scolastico-toscana\/\",\"name\":\"Al via il nuovo anno scolastico in Toscana, la Regione ferma gli accorpamenti delle scuole - intoscana\",\"isPartOf\":{\"@id\":\"https:\/\/www.intoscana.it\/it\/#website\"},\"primaryImageOfPage\":{\"@id\":\"https:\/\/www.intoscana.it\/it\/nuovo-anno-scolastico-toscana\/#primaryimage\"},\"image\":{\"@id\":\"https:\/\/www.intoscana.it\/it\/nuovo-anno-scolastico-toscana\/#primaryimage\"},\"thumbnailUrl\":\"https:\/\/www.intoscana.it\/wp-content\/uploads\/@Sharomka-Scuola-1-scaled.jpg\",\"datePublished\":\"2023-09-14T11:40:03+00:00\",\"dateModified\":\"2023-09-16T07:49:33+00:00\",\"author\":{\"@id\":\"https:\/\/www.intoscana.it\/it\/#\/schema\/person\/de95e1ed2c1c8c30a6922bbba3a90185\"},\"description\":\"Venerd\u00ec 15 settembre inizia il nuovo anno scolastico in Toscana: la Regione ha stoppato il taglio agli istituti scolastici, resteranno 470.\",\"breadcrumb\":{\"@id\":\"https:\/\/www.intoscana.it\/it\/nuovo-anno-scolastico-toscana\/#breadcrumb\"},\"inLanguage\":\"it-IT\",\"potentialAction\":[{\"@type\":\"ReadAction\",\"target\":[\"https:\/\/www.intoscana.it\/it\/nuovo-anno-scolastico-toscana\/\"]}]},{\"@type\":\"ImageObject\",\"inLanguage\":\"it-IT\",\"@id\":\"https:\/\/www.intoscana.it\/it\/nuovo-anno-scolastico-toscana\/#primaryimage\",\"url\":\"https:\/\/www.intoscana.it\/wp-content\/uploads\/@Sharomka-Scuola-1-scaled.jpg\",\"contentUrl\":\"https:\/\/www.intoscana.it\/wp-content\/uploads\/@Sharomka-Scuola-1-scaled.jpg\",\"width\":2048,\"height\":1531,\"caption\":\"Scuola\"},{\"@type\":\"BreadcrumbList\",\"@id\":\"https:\/\/www.intoscana.it\/it\/nuovo-anno-scolastico-toscana\/#breadcrumb\",\"itemListElement\":[{\"@type\":\"ListItem\",\"position\":1,\"name\":\"Home\",\"item\":\"https:\/\/www.intoscana.it\/it\/\"},{\"@type\":\"ListItem\",\"position\":2,\"name\":\"Al via il nuovo anno scolastico in Toscana, la Regione ferma gli accorpamenti delle scuole\"}]},{\"@type\":\"WebSite\",\"@id\":\"https:\/\/www.intoscana.it\/it\/#website\",\"url\":\"https:\/\/www.intoscana.it\/it\/\",\"name\":\"intoscana\",\"description\":\"\",\"potentialAction\":[{\"@type\":\"SearchAction\",\"target\":{\"@type\":\"EntryPoint\",\"urlTemplate\":\"https:\/\/www.intoscana.it\/it\/?s={search_term_string}\"},\"query-input\":{\"@type\":\"PropertyValueSpecification\",\"valueRequired\":true,\"valueName\":\"search_term_string\"}}],\"inLanguage\":\"it-IT\"},{\"@type\":\"Person\",\"@id\":\"https:\/\/www.intoscana.it\/it\/#\/schema\/person\/de95e1ed2c1c8c30a6922bbba3a90185\",\"name\":\"Ilaria Giannini\",\"sameAs\":[\"https:\/\/x.com\/i.giannini@fst.it\"],\"url\":\"https:\/\/www.intoscana.it\/it\/author\/ilaria-giannini\/\"}]}<\/script>\n<!-- \/ Yoast SEO Premium plugin. -->","yoast_head_json":{"title":"Al via il nuovo anno scolastico in Toscana, la Regione ferma gli accorpamenti delle scuole - intoscana","description":"Venerd\u00ec 15 settembre inizia il nuovo anno scolastico in Toscana: la Regione ha stoppato il taglio agli istituti scolastici, resteranno 470.","robots":{"index":"index","follow":"follow","max-snippet":"max-snippet:-1","max-image-preview":"max-image-preview:large","max-video-preview":"max-video-preview:-1"},"canonical":"https:\/\/www.intoscana.it\/it\/nuovo-anno-scolastico-toscana\/","og_locale":"it_IT","og_type":"article","og_title":"Al via il nuovo anno scolastico in Toscana, la Regione ferma gli accorpamenti delle scuole","og_description":"Venerd\u00ec 15 settembre inizia il nuovo anno scolastico in Toscana: la Regione ha stoppato il taglio agli istituti scolastici, resteranno 470.","og_url":"https:\/\/www.intoscana.it\/it\/nuovo-anno-scolastico-toscana\/","og_site_name":"intoscana","article_publisher":"https:\/\/www.facebook.com\/intoscana.it","article_published_time":"2023-09-14T11:40:03+00:00","article_modified_time":"2023-09-16T07:49:33+00:00","og_image":[{"width":2048,"height":1531,"url":"https:\/\/www.intoscana.it\/wp-content\/uploads\/@Sharomka-Scuola-1-scaled.jpg","type":"image\/jpeg"}],"author":"Ilaria Giannini","twitter_card":"summary_large_image","twitter_creator":"@i.giannini@fst.it","twitter_site":"@intoscana","twitter_misc":{"Written by":"Ilaria Giannini","Est. reading time":"3 minuti"},"schema":{"@context":"https:\/\/schema.org","@graph":[{"@type":"WebPage","@id":"https:\/\/www.intoscana.it\/it\/nuovo-anno-scolastico-toscana\/","url":"https:\/\/www.intoscana.it\/it\/nuovo-anno-scolastico-toscana\/","name":"Al via il nuovo anno scolastico in Toscana, la Regione ferma gli accorpamenti delle scuole - intoscana","isPartOf":{"@id":"https:\/\/www.intoscana.it\/it\/#website"},"primaryImageOfPage":{"@id":"https:\/\/www.intoscana.it\/it\/nuovo-anno-scolastico-toscana\/#primaryimage"},"image":{"@id":"https:\/\/www.intoscana.it\/it\/nuovo-anno-scolastico-toscana\/#primaryimage"},"thumbnailUrl":"https:\/\/www.intoscana.it\/wp-content\/uploads\/@Sharomka-Scuola-1-scaled.jpg","datePublished":"2023-09-14T11:40:03+00:00","dateModified":"2023-09-16T07:49:33+00:00","author":{"@id":"https:\/\/www.intoscana.it\/it\/#\/schema\/person\/de95e1ed2c1c8c30a6922bbba3a90185"},"description":"Venerd\u00ec 15 settembre inizia il nuovo anno scolastico in Toscana: la Regione ha stoppato il taglio agli istituti scolastici, resteranno 470.","breadcrumb":{"@id":"https:\/\/www.intoscana.it\/it\/nuovo-anno-scolastico-toscana\/#breadcrumb"},"inLanguage":"it-IT","potentialAction":[{"@type":"ReadAction","target":["https:\/\/www.intoscana.it\/it\/nuovo-anno-scolastico-toscana\/"]}]},{"@type":"ImageObject","inLanguage":"it-IT","@id":"https:\/\/www.intoscana.it\/it\/nuovo-anno-scolastico-toscana\/#primaryimage","url":"https:\/\/www.intoscana.it\/wp-content\/uploads\/@Sharomka-Scuola-1-scaled.jpg","contentUrl":"https:\/\/www.intoscana.it\/wp-content\/uploads\/@Sharomka-Scuola-1-scaled.jpg","width":2048,"height":1531,"caption":"Scuola"},{"@type":"BreadcrumbList","@id":"https:\/\/www.intoscana.it\/it\/nuovo-anno-scolastico-toscana\/#breadcrumb","itemListElement":[{"@type":"ListItem","position":1,"name":"Home","item":"https:\/\/www.intoscana.it\/it\/"},{"@type":"ListItem","position":2,"name":"Al via il nuovo anno scolastico in Toscana, la Regione ferma gli accorpamenti delle scuole"}]},{"@type":"WebSite","@id":"https:\/\/www.intoscana.it\/it\/#website","url":"https:\/\/www.intoscana.it\/it\/","name":"intoscana","description":"","potentialAction":[{"@type":"SearchAction","target":{"@type":"EntryPoint","urlTemplate":"https:\/\/www.intoscana.it\/it\/?s={search_term_string}"},"query-input":{"@type":"PropertyValueSpecification","valueRequired":true,"valueName":"search_term_string"}}],"inLanguage":"it-IT"},{"@type":"Person","@id":"https:\/\/www.intoscana.it\/it\/#\/schema\/person\/de95e1ed2c1c8c30a6922bbba3a90185","name":"Ilaria Giannini","sameAs":["https:\/\/x.com\/i.giannini@fst.it"],"url":"https:\/\/www.intoscana.it\/it\/author\/ilaria-giannini\/"}]}},"_links":{"self":[{"href":"https:\/\/www.intoscana.it\/it\/wp-json\/wp\/v2\/posts\/304586","targetHints":{"allow":["GET"]}}],"collection":[{"href":"https:\/\/www.intoscana.it\/it\/wp-json\/wp\/v2\/posts"}],"about":[{"href":"https:\/\/www.intoscana.it\/it\/wp-json\/wp\/v2\/types\/post"}],"author":[{"embeddable":true,"href":"https:\/\/www.intoscana.it\/it\/wp-json\/wp\/v2\/users\/502"}],"replies":[{"embeddable":true,"href":"https:\/\/www.intoscana.it\/it\/wp-json\/wp\/v2\/comments?post=304586"}],"version-history":[{"count":0,"href":"https:\/\/www.intoscana.it\/it\/wp-json\/wp\/v2\/posts\/304586\/revisions"}],"wp:featuredmedia":[{"embeddable":true,"href":"https:\/\/www.intoscana.it\/it\/wp-json\/wp\/v2\/media\/235492"}],"wp:attachment":[{"href":"https:\/\/www.intoscana.it\/it\/wp-json\/wp\/v2\/media?parent=304586"}],"wp:term":[{"taxonomy":"category","embeddable":true,"href":"https:\/\/www.intoscana.it\/it\/wp-json\/wp\/v2\/categories?post=304586"},{"taxonomy":"post_tag","embeddable":true,"href":"https:\/\/www.intoscana.it\/it\/wp-json\/wp\/v2\/tags?post=304586"}],"curies":[{"name":"wp","href":"https:\/\/api.w.org\/{rel}","templated":true}]}}