{"id":304613,"date":"2023-09-13T12:40:11","date_gmt":"2023-09-13T10:40:11","guid":{"rendered":"https:\/\/www.intoscana.it\/it\/?p=304613"},"modified":"2023-09-13T14:27:28","modified_gmt":"2023-09-13T12:27:28","slug":"esplode-lapocalisse-a-boboli-maxi-spettacolo-con-oltre-cento-attori-e-attrici","status":"publish","type":"post","link":"https:\/\/www.intoscana.it\/it\/esplode-lapocalisse-a-boboli-maxi-spettacolo-con-oltre-cento-attori-e-attrici\/","title":{"rendered":"Esplode l&#8217;Apocalisse a Boboli: maxi-spettacolo con oltre cento attori e attrici"},"content":{"rendered":"<p><strong>Un esercito<\/strong> di oltre cento tra <strong>attori, musicisti, danzatori e performer<\/strong> invader\u00e0 <strong>dal 27 al 30 settembre<\/strong> il <strong>giardino di Boboli<\/strong> in occasione di una maxi rappresentazione itinerante per la regia di <strong>Riccardo Massai.<\/strong><\/p>\n<p><strong><em>\u201cApocalisse a Boboli. Visioni dal Libro di Giovanni\u201d<\/em><\/strong> questo \u00e8 il titolo dello spettacolo, frutto della collaborazione tra Gallerie degli Uffizi, Associazione Culturale Arch\u00e8tipo ed Elsinor Centro di Produzione Teatrale, che sar\u00e0 <strong>strutturato in una narrazione a sei tappe<\/strong>, in una reinterpretazione in chiave contemporanea dell\u2019<strong>Apocalisse biblica.<\/strong><\/p>\n<p><strong>Il direttore delle Gallerie degli Uffizi Eike Schmidt:<\/strong> <em>\u201cSecondo la Bibbia, la storia dell\u2019umanit\u00e0 inizia in un giardino e finisce in una citt\u00e0: la Gerusalemme celeste. La scelta di mettere in scena la sacra rappresentazione dell\u2019Apocalisse di San Giovanni nel nostro Giardino di Boboli mantiene viva la tensione tra giardino e citt\u00e0, tra origine e destino, tra colpa e redenzione, e cos\u00ec facendo lo rende attuale per ogni spettatore<\/em>\u201d.<\/p>\n<h3>Lo spettacolo<\/h3>\n<p><em>\u201cIl pubblico assister\u00e0 ad una sacra rappresentazione che \u00e8 cammino di salvezza: &#8211; <\/em><strong>ha raccontato il regista Riccardo Massai &#8211;<\/strong><em> il testo integrale invita alla riflessione e, anche se tutti dobbiamo morire, Apocalisse dice a ciascuno di noi: \u2018Io non canceller\u00f2 il suo nome dal libro della vita, ma il suo nome riconoscer\u00f2 davanti al Padre mio e davanti ai suoi angeli!\u2019 Chi di noi non ha vissuto?\u201d.<\/em><\/p>\n<p>Lo spettacolo si ispira alla\u00a0<strong>natura conflittuale insita nel concetto della fine del mondo<\/strong>, dando vita ad <strong>una sorta di rito contemporaneo<\/strong>.<\/p>\n<p><strong>Il pubblico sar\u00e0 condotto dentro l\u2019Apocalisse stessa,<\/strong> ambientata negli angoli pi\u00f9 suggestivi del giardino storico, da una tappa all\u2019altra (in tutto sono sei) insieme agli artisti, in una specie di <strong>preghiera collettiva<\/strong> e\u00a0potr\u00e0 partecipare in prima persona ai <strong>momenti pi\u00f9 cruciali e drammatici della fine del mondo.<\/strong><\/p>\n<p>In ciascuno di questi luoghi, trover\u00e0 ad aspettarlo <strong>un lettore su un pulpito, impegnato a declamare un brano dell\u2019Apocalisse<\/strong>; nello stesso momento un gruppo di danzatori e artisti daranno corpo teatrale alle parole, evocando le visioni del <strong><em>Libro della Rivelazione.<\/em><\/strong><\/p>\n<p>La rappresentazione di <strong><em>\u201cApocalisse a Boboli\u201d<\/em> <\/strong>si terr\u00e0 <strong>da mercoled\u00ec 27 a sabato 30 settembre,<\/strong> ogni giorno, dalle 14 alle 17.30. Nel pomeriggio del 26 con gli stessi orari, si svolger\u00e0 la prova generale, anch\u2019essa aperta al pubblico del Giardino.<\/p>\n<p>La visione dello spettacolo \u00e8 <strong>gratuita con l\u2019acquisto del biglietto di ingresso a Boboli<\/strong> (valido esclusivamente per la giornata selezionata).<\/p>\n<figure id=\"post-304614 media-304614\" class=\"align-none\"><img decoding=\"async\" src=\"https:\/\/www.intoscana.it\/wp-content\/uploads\/Apocalisse-a-Boboli-manifesto-scaled.jpeg\" alt=\"\" \/><\/figure>\n<div class=\"titleimg\">Apocalisse a Boboli, manifesto<\/div>\n","protected":false},"excerpt":{"rendered":"<p>Nei pomeriggi dal 27 al 30 settembre i pi\u00f9 suggestivi angoli del polmone verde del cuore di Firenze si animeranno accogliendo, per la regia di Riccardo Massai, una rappresentazione itinerante ispirata alle visioni allegoriche della Bibbia<\/p>\n","protected":false},"author":518,"featured_media":276252,"comment_status":"open","ping_status":"open","sticky":false,"template":"","format":"standard","meta":{"_acf_changed":false,"footnotes":""},"categories":[493],"tags":[3928,236,207],"class_list":["post-304613","post","type-post","status-publish","format-standard","has-post-thumbnail","hentry","category-cultura","tag-giardino-di-boboli","tag-teatro","tag-uffizi"],"acf":[],"yoast_head":"<!-- This site is optimized with the Yoast SEO Premium plugin v24.2 (Yoast SEO v25.6) - https:\/\/yoast.com\/wordpress\/plugins\/seo\/ -->\n<title>Esplode l&#039;Apocalisse a Boboli: maxi-spettacolo con oltre cento attori e attrici - intoscana<\/title>\n<meta name=\"description\" content=\"Nei pomeriggi dal 27 al 30 settembre i pi\u00f9 suggestivi angoli del polmone verde del cuore di Firenze si animeranno per la regia di Massai\" \/>\n<meta name=\"robots\" content=\"index, follow, max-snippet:-1, max-image-preview:large, max-video-preview:-1\" \/>\n<link rel=\"canonical\" href=\"https:\/\/www.intoscana.it\/it\/esplode-lapocalisse-a-boboli-maxi-spettacolo-con-oltre-cento-attori-e-attrici\/\" \/>\n<meta property=\"og:locale\" content=\"it_IT\" \/>\n<meta property=\"og:type\" content=\"article\" \/>\n<meta property=\"og:title\" content=\"Esplode l&#039;Apocalisse a Boboli: maxi-spettacolo con oltre cento attori e attrici\" \/>\n<meta property=\"og:description\" content=\"Nei pomeriggi dal 27 al 30 settembre i pi\u00f9 suggestivi angoli del polmone verde del cuore di Firenze si animeranno per la regia di Massai\" \/>\n<meta property=\"og:url\" content=\"https:\/\/www.intoscana.it\/it\/esplode-lapocalisse-a-boboli-maxi-spettacolo-con-oltre-cento-attori-e-attrici\/\" \/>\n<meta property=\"og:site_name\" content=\"intoscana\" \/>\n<meta property=\"article:publisher\" content=\"https:\/\/www.facebook.com\/intoscana.it\" \/>\n<meta property=\"article:published_time\" content=\"2023-09-13T10:40:11+00:00\" \/>\n<meta property=\"article:modified_time\" content=\"2023-09-13T12:27:28+00:00\" \/>\n<meta property=\"og:image\" content=\"https:\/\/www.intoscana.it\/wp-content\/uploads\/Anfiteatro-Boboli-1-1-scaled.jpg\" \/>\n\t<meta property=\"og:image:width\" content=\"2048\" \/>\n\t<meta property=\"og:image:height\" content=\"1365\" \/>\n\t<meta property=\"og:image:type\" content=\"image\/jpeg\" \/>\n<meta name=\"author\" content=\"Costanza Baldini\" \/>\n<meta name=\"twitter:card\" content=\"summary_large_image\" \/>\n<meta name=\"twitter:creator\" content=\"@intoscana\" \/>\n<meta name=\"twitter:site\" content=\"@intoscana\" \/>\n<meta name=\"twitter:label1\" content=\"Written by\" \/>\n\t<meta name=\"twitter:data1\" content=\"Costanza Baldini\" \/>\n\t<meta name=\"twitter:label2\" content=\"Est. reading time\" \/>\n\t<meta name=\"twitter:data2\" content=\"2 minuti\" \/>\n<script type=\"application\/ld+json\" class=\"yoast-schema-graph\">{\"@context\":\"https:\/\/schema.org\",\"@graph\":[{\"@type\":\"WebPage\",\"@id\":\"https:\/\/www.intoscana.it\/it\/esplode-lapocalisse-a-boboli-maxi-spettacolo-con-oltre-cento-attori-e-attrici\/\",\"url\":\"https:\/\/www.intoscana.it\/it\/esplode-lapocalisse-a-boboli-maxi-spettacolo-con-oltre-cento-attori-e-attrici\/\",\"name\":\"Esplode l'Apocalisse a Boboli: maxi-spettacolo con oltre cento attori e attrici - intoscana\",\"isPartOf\":{\"@id\":\"https:\/\/www.intoscana.it\/it\/#website\"},\"primaryImageOfPage\":{\"@id\":\"https:\/\/www.intoscana.it\/it\/esplode-lapocalisse-a-boboli-maxi-spettacolo-con-oltre-cento-attori-e-attrici\/#primaryimage\"},\"image\":{\"@id\":\"https:\/\/www.intoscana.it\/it\/esplode-lapocalisse-a-boboli-maxi-spettacolo-con-oltre-cento-attori-e-attrici\/#primaryimage\"},\"thumbnailUrl\":\"https:\/\/www.intoscana.it\/wp-content\/uploads\/Anfiteatro-Boboli-1-1-scaled.jpg\",\"datePublished\":\"2023-09-13T10:40:11+00:00\",\"dateModified\":\"2023-09-13T12:27:28+00:00\",\"author\":{\"@id\":\"https:\/\/www.intoscana.it\/it\/#\/schema\/person\/d469f35f09739bdf00bf5dd3f0647a82\"},\"description\":\"Nei pomeriggi dal 27 al 30 settembre i pi\u00f9 suggestivi angoli del polmone verde del cuore di Firenze si animeranno per la regia di Massai\",\"breadcrumb\":{\"@id\":\"https:\/\/www.intoscana.it\/it\/esplode-lapocalisse-a-boboli-maxi-spettacolo-con-oltre-cento-attori-e-attrici\/#breadcrumb\"},\"inLanguage\":\"it-IT\",\"potentialAction\":[{\"@type\":\"ReadAction\",\"target\":[\"https:\/\/www.intoscana.it\/it\/esplode-lapocalisse-a-boboli-maxi-spettacolo-con-oltre-cento-attori-e-attrici\/\"]}]},{\"@type\":\"ImageObject\",\"inLanguage\":\"it-IT\",\"@id\":\"https:\/\/www.intoscana.it\/it\/esplode-lapocalisse-a-boboli-maxi-spettacolo-con-oltre-cento-attori-e-attrici\/#primaryimage\",\"url\":\"https:\/\/www.intoscana.it\/wp-content\/uploads\/Anfiteatro-Boboli-1-1-scaled.jpg\",\"contentUrl\":\"https:\/\/www.intoscana.it\/wp-content\/uploads\/Anfiteatro-Boboli-1-1-scaled.jpg\",\"width\":2048,\"height\":1365,\"caption\":\"Anfiteatro Boboli\"},{\"@type\":\"BreadcrumbList\",\"@id\":\"https:\/\/www.intoscana.it\/it\/esplode-lapocalisse-a-boboli-maxi-spettacolo-con-oltre-cento-attori-e-attrici\/#breadcrumb\",\"itemListElement\":[{\"@type\":\"ListItem\",\"position\":1,\"name\":\"Home\",\"item\":\"https:\/\/www.intoscana.it\/it\/\"},{\"@type\":\"ListItem\",\"position\":2,\"name\":\"Esplode l&#8217;Apocalisse a Boboli: maxi-spettacolo con oltre cento attori e attrici\"}]},{\"@type\":\"WebSite\",\"@id\":\"https:\/\/www.intoscana.it\/it\/#website\",\"url\":\"https:\/\/www.intoscana.it\/it\/\",\"name\":\"intoscana\",\"description\":\"\",\"potentialAction\":[{\"@type\":\"SearchAction\",\"target\":{\"@type\":\"EntryPoint\",\"urlTemplate\":\"https:\/\/www.intoscana.it\/it\/?s={search_term_string}\"},\"query-input\":{\"@type\":\"PropertyValueSpecification\",\"valueRequired\":true,\"valueName\":\"search_term_string\"}}],\"inLanguage\":\"it-IT\"},{\"@type\":\"Person\",\"@id\":\"https:\/\/www.intoscana.it\/it\/#\/schema\/person\/d469f35f09739bdf00bf5dd3f0647a82\",\"name\":\"Costanza Baldini\",\"url\":\"https:\/\/www.intoscana.it\/it\/author\/costanza-baldini\/\"}]}<\/script>\n<!-- \/ Yoast SEO Premium plugin. -->","yoast_head_json":{"title":"Esplode l'Apocalisse a Boboli: maxi-spettacolo con oltre cento attori e attrici - intoscana","description":"Nei pomeriggi dal 27 al 30 settembre i pi\u00f9 suggestivi angoli del polmone verde del cuore di Firenze si animeranno per la regia di Massai","robots":{"index":"index","follow":"follow","max-snippet":"max-snippet:-1","max-image-preview":"max-image-preview:large","max-video-preview":"max-video-preview:-1"},"canonical":"https:\/\/www.intoscana.it\/it\/esplode-lapocalisse-a-boboli-maxi-spettacolo-con-oltre-cento-attori-e-attrici\/","og_locale":"it_IT","og_type":"article","og_title":"Esplode l'Apocalisse a Boboli: maxi-spettacolo con oltre cento attori e attrici","og_description":"Nei pomeriggi dal 27 al 30 settembre i pi\u00f9 suggestivi angoli del polmone verde del cuore di Firenze si animeranno per la regia di Massai","og_url":"https:\/\/www.intoscana.it\/it\/esplode-lapocalisse-a-boboli-maxi-spettacolo-con-oltre-cento-attori-e-attrici\/","og_site_name":"intoscana","article_publisher":"https:\/\/www.facebook.com\/intoscana.it","article_published_time":"2023-09-13T10:40:11+00:00","article_modified_time":"2023-09-13T12:27:28+00:00","og_image":[{"width":2048,"height":1365,"url":"https:\/\/www.intoscana.it\/wp-content\/uploads\/Anfiteatro-Boboli-1-1-scaled.jpg","type":"image\/jpeg"}],"author":"Costanza Baldini","twitter_card":"summary_large_image","twitter_creator":"@intoscana","twitter_site":"@intoscana","twitter_misc":{"Written by":"Costanza Baldini","Est. reading time":"2 minuti"},"schema":{"@context":"https:\/\/schema.org","@graph":[{"@type":"WebPage","@id":"https:\/\/www.intoscana.it\/it\/esplode-lapocalisse-a-boboli-maxi-spettacolo-con-oltre-cento-attori-e-attrici\/","url":"https:\/\/www.intoscana.it\/it\/esplode-lapocalisse-a-boboli-maxi-spettacolo-con-oltre-cento-attori-e-attrici\/","name":"Esplode l'Apocalisse a Boboli: maxi-spettacolo con oltre cento attori e attrici - intoscana","isPartOf":{"@id":"https:\/\/www.intoscana.it\/it\/#website"},"primaryImageOfPage":{"@id":"https:\/\/www.intoscana.it\/it\/esplode-lapocalisse-a-boboli-maxi-spettacolo-con-oltre-cento-attori-e-attrici\/#primaryimage"},"image":{"@id":"https:\/\/www.intoscana.it\/it\/esplode-lapocalisse-a-boboli-maxi-spettacolo-con-oltre-cento-attori-e-attrici\/#primaryimage"},"thumbnailUrl":"https:\/\/www.intoscana.it\/wp-content\/uploads\/Anfiteatro-Boboli-1-1-scaled.jpg","datePublished":"2023-09-13T10:40:11+00:00","dateModified":"2023-09-13T12:27:28+00:00","author":{"@id":"https:\/\/www.intoscana.it\/it\/#\/schema\/person\/d469f35f09739bdf00bf5dd3f0647a82"},"description":"Nei pomeriggi dal 27 al 30 settembre i pi\u00f9 suggestivi angoli del polmone verde del cuore di Firenze si animeranno per la regia di Massai","breadcrumb":{"@id":"https:\/\/www.intoscana.it\/it\/esplode-lapocalisse-a-boboli-maxi-spettacolo-con-oltre-cento-attori-e-attrici\/#breadcrumb"},"inLanguage":"it-IT","potentialAction":[{"@type":"ReadAction","target":["https:\/\/www.intoscana.it\/it\/esplode-lapocalisse-a-boboli-maxi-spettacolo-con-oltre-cento-attori-e-attrici\/"]}]},{"@type":"ImageObject","inLanguage":"it-IT","@id":"https:\/\/www.intoscana.it\/it\/esplode-lapocalisse-a-boboli-maxi-spettacolo-con-oltre-cento-attori-e-attrici\/#primaryimage","url":"https:\/\/www.intoscana.it\/wp-content\/uploads\/Anfiteatro-Boboli-1-1-scaled.jpg","contentUrl":"https:\/\/www.intoscana.it\/wp-content\/uploads\/Anfiteatro-Boboli-1-1-scaled.jpg","width":2048,"height":1365,"caption":"Anfiteatro Boboli"},{"@type":"BreadcrumbList","@id":"https:\/\/www.intoscana.it\/it\/esplode-lapocalisse-a-boboli-maxi-spettacolo-con-oltre-cento-attori-e-attrici\/#breadcrumb","itemListElement":[{"@type":"ListItem","position":1,"name":"Home","item":"https:\/\/www.intoscana.it\/it\/"},{"@type":"ListItem","position":2,"name":"Esplode l&#8217;Apocalisse a Boboli: maxi-spettacolo con oltre cento attori e attrici"}]},{"@type":"WebSite","@id":"https:\/\/www.intoscana.it\/it\/#website","url":"https:\/\/www.intoscana.it\/it\/","name":"intoscana","description":"","potentialAction":[{"@type":"SearchAction","target":{"@type":"EntryPoint","urlTemplate":"https:\/\/www.intoscana.it\/it\/?s={search_term_string}"},"query-input":{"@type":"PropertyValueSpecification","valueRequired":true,"valueName":"search_term_string"}}],"inLanguage":"it-IT"},{"@type":"Person","@id":"https:\/\/www.intoscana.it\/it\/#\/schema\/person\/d469f35f09739bdf00bf5dd3f0647a82","name":"Costanza Baldini","url":"https:\/\/www.intoscana.it\/it\/author\/costanza-baldini\/"}]}},"_links":{"self":[{"href":"https:\/\/www.intoscana.it\/it\/wp-json\/wp\/v2\/posts\/304613","targetHints":{"allow":["GET"]}}],"collection":[{"href":"https:\/\/www.intoscana.it\/it\/wp-json\/wp\/v2\/posts"}],"about":[{"href":"https:\/\/www.intoscana.it\/it\/wp-json\/wp\/v2\/types\/post"}],"author":[{"embeddable":true,"href":"https:\/\/www.intoscana.it\/it\/wp-json\/wp\/v2\/users\/518"}],"replies":[{"embeddable":true,"href":"https:\/\/www.intoscana.it\/it\/wp-json\/wp\/v2\/comments?post=304613"}],"version-history":[{"count":0,"href":"https:\/\/www.intoscana.it\/it\/wp-json\/wp\/v2\/posts\/304613\/revisions"}],"wp:featuredmedia":[{"embeddable":true,"href":"https:\/\/www.intoscana.it\/it\/wp-json\/wp\/v2\/media\/276252"}],"wp:attachment":[{"href":"https:\/\/www.intoscana.it\/it\/wp-json\/wp\/v2\/media?parent=304613"}],"wp:term":[{"taxonomy":"category","embeddable":true,"href":"https:\/\/www.intoscana.it\/it\/wp-json\/wp\/v2\/categories?post=304613"},{"taxonomy":"post_tag","embeddable":true,"href":"https:\/\/www.intoscana.it\/it\/wp-json\/wp\/v2\/tags?post=304613"}],"curies":[{"name":"wp","href":"https:\/\/api.w.org\/{rel}","templated":true}]}}