{"id":304642,"date":"2023-09-13T14:24:15","date_gmt":"2023-09-13T12:24:15","guid":{"rendered":"https:\/\/www.intoscana.it\/it\/?p=304642"},"modified":"2023-09-13T14:24:15","modified_gmt":"2023-09-13T12:24:15","slug":"allmh-florence-hotel-spa-apre-un-nuovo-spazio-espositivo-dedicato-ai-giovani-artisti","status":"publish","type":"post","link":"https:\/\/www.intoscana.it\/it\/allmh-florence-hotel-spa-apre-un-nuovo-spazio-espositivo-dedicato-ai-giovani-artisti\/","title":{"rendered":"All&#8217;mH Florence Hotel &#038; Spa apre un nuovo spazio espositivo dedicato ai giovani artisti"},"content":{"rendered":"<p>Nell\u2019<strong>hotel mH Florence &amp; Spa,<\/strong> situato nel pieno centro di Firenze, apre\u00a0<strong>un nuovo spazio espositivo dedicato all\u2019arte contemporanea<\/strong>.<\/p>\n<p>La mostra <em><strong>&#8220;Chambres&#8221;<\/strong> <\/em>accoglier\u00e0 nei suoi vari ambienti, interni ed esterni, compreso il lounge appena realizzato, le opere di <strong>Anna Dormio, Lori Lako, Matteo Coluccia, Ma\u00d7 Mondini, Mohsen Baghernejad Moghanjooghi e Stefano Giuri.<\/strong><\/p>\n<p>Le opere delle artiste e artisti coinvolti (<strong>sculture, pitture, performance, fotografie, video, installazioni<\/strong>)\u00a0lasceranno il loro segno all\u2019interno dell\u2019hotel che<strong> sar\u00e0 visitabile h24. <\/strong><\/p>\n<p><strong>Chambres<\/strong> nasce dalla volont\u00e0 di <strong>Irene Vezzosi, direttrice dell\u2019hotel mH Florence &amp; Spa<\/strong> e si propone di creare un\u2019occasione espositiva per artiste e artisti, ed ex allievi delle Accademie di Belle Arti italiane:\u00a0<em>\u201cFirenze \u00e8 un luogo deputato da sempre all\u2019arte e alla cultura\u201d<\/em> &#8211;<strong> racconta Vezzosi-<\/strong> <em>\u201cIl nostro desiderio, con questo progetto, \u00e8 quello di creare un continuum fra l\u2019atmosfera che il turista vive, visitando la citt\u00e0, e quella che respira rientrando in hotel. L\u2019incontro con gli artisti Pantani-Surace e Paolo Parisi ne ha reso possibile la realizzazione. L\u2019idea \u00e8 stata dettata dalla volont\u00e0 di creare uno spazio dedicato alla bellezza e all\u2019espressione di idee, destinato all\u2019esposizione di artisti e artiste emergenti; uno spazio dove la sobriet\u00e0 dei nostri ambienti si coniugasse alla creativit\u00e0 dell\u2019arte. Le opere scelte raccontano una realt\u00e0 in continua evoluzione, rispecchiando proprio le tendenze artistiche dei giovani. L\u2019ambizione \u00e8 quella di rendere l\u2019hotel un luogo di eventi artistici e mondani aperto sia alla citt\u00e0 che al turista di passaggio.\u201d<\/em><\/p>\n<p>Il progetto \u00e8 a cura di\u00a0<strong>Pantani-Surace e Paolo Parisi<\/strong> e si rinnover\u00e0 di anno in anno con lavori e protagonisti diversi:<em>\u00a0\u201cL\u2019hotel<\/em> \u2013 sottolineano i curatori \u2013 <em>non \u00e8 uno dei luoghi nei quali ci si reca appositamente per cercare l\u2019arte, come i musei o le gallerie private, ma che si frequentano per necessit\u00e0 o per svago. Memori delle esperienze in questa direzione, accadute nello specifico campo dell\u2019arte tra gli anni \u201980 e \u201990 del secolo scorso, crediamo che oggi a maggior ragione, in un contesto socio economico che per molti versi ha dimostrato i suoi limiti e che ci obbliga a riflettere su nuove modalit\u00e0, di relazione tra noi e di esistenza dell\u2019arte, l\u2019incontro tra questo sguardo innocente e le opere d\u2019arte delle nuove generazioni possa essere di nutrimento reciproco, praticando modalit\u00e0 di allargamento inclusivo del campo d\u2019azione\/condivisione dei linguaggi dell\u2019arte. Il progetto si propone in futuro di indagare anche i territori pi\u00f9 prossimi alla formazione, mischiando percorsi e curricula dei partecipanti.\u201d<\/em><\/p>\n<div class=\"titleimg\">\n<figure id=\"post-304641 media-304641\" class=\"align-none\"><img decoding=\"async\" src=\"https:\/\/www.intoscana.it\/wp-content\/uploads\/Lori-Lako-Poems-until-the-Sheets-Get-Changed-2-2023-scaled.jpg\" alt=\"\" \/><\/figure>\n<div class=\"titleimg\">Lori Lako, Poems until the Sheets Get Changed #2, 2023<\/div>\n<\/div>\n<h3>Le opere in mostra<\/h3>\n<p>Il primo dei segni di <strong>Chambres,<\/strong> visibile dall\u2019esterno, <strong>sulla vetrata di mH Florence &amp; Spa,<\/strong> \u00e8 quello di <strong>Ma\u00d7 Mondini,<\/strong> Entogramma#1 (Filippo) (2023). Un lavoro che nasce da un immaginario ibrido, al confine tra figurazione e astrazione. L\u2019artista esplora un bacino di fonti estremamente ampio, riutilizza in modo sistematico immagini gi\u00e0 esistenti, attinge dalla societ\u00e0 in cui viviamo e la realt\u00e0 abitata da ciascuno di noi diventa, in questo caso, il suo archivio. L\u2019installazione, concepita ad hoc, fa dialogare l\u2019elemento posizionato sulla vetrata con un altro in alluminio collocato all\u2019interno, cos\u00ec come anche con gli ospiti dell\u2019albergo e le altre opere in mostra.<\/p>\n<p><strong><em>Poems until the Sheets Get Changed<\/em> <\/strong>[Poesie fino a che le lenzuola non vengano cambiate] (2023), \u00e8 il ciclo di opere concepite da <strong>Lori Lako<\/strong> che traggono ispirazione dalla poesia di Erica Jong <strong><em>Hotel Rooms<\/em><\/strong>. Si tratta di mise en scene realizzate all\u2019interno delle camere di <strong>mH Florence &amp; Spa,<\/strong> nell\u2019intervallo di tempo tra il check-out del cliente della notte precedente e il check-in del successivo. Le camere sono luoghi di privacy temporanea con un continuo avvicendamento di attori, che l\u2019artista mette in luce attraverso questi scatti inediti che saranno esposti nei pianerottoli di accesso ai quattro piani dell\u2019albergo.<\/p>\n<p>Attraverso la tecnica che caratterizza la sua pratica, rivestire con cemento e solfato di rame dei tondini di ferro, materiali tipici dell\u2019architettura,<strong> Mohsen Baghernejad Moghanjooghi<\/strong> crea delle<strong> sculture che si comportano come piante<\/strong>: se bagnate, diventano verdi. In questo contesto, pone in relazione due opere diverse: una scultura, Io e i miei fratelli (2021) e un\u2019istallazione composta da una fotografia e una scultura in dialogo tra loro, <em><strong>Lilly si chiamava!<\/strong> <\/em>(2022) che ci introducono a un\u2019esperienza umana\/non umana degli spazi abitativi dell\u2019hotel.<\/p>\n<figure id=\"post-304645 media-304645\" class=\"align-none\"><img decoding=\"async\" src=\"https:\/\/www.intoscana.it\/wp-content\/uploads\/Matteo-Coluccia-Good-Morning-George-Ei-Enrico-Dio-ti-ha-storto-il-cane-2022-scaled.jpg\" alt=\"\" \/><\/figure>\n<div class=\"titleimg\"><em>Matteo Coluccia, Good Morning, George (Ei Enrico, Dio ti ha storto il cane), 2022<\/em><\/div>\n<p><strong>Anna Dormio<\/strong> presenta due serie di lavori: <em><strong>Boom Boom pap\u00e0<\/strong> <\/em>(2020) e <em><strong>Shooting Sky<\/strong> <\/em>(2017\/ongoing). Il padre dell\u2019artista ha un\u2019armeria e il titolo della prima serie rievoca un\u2019espressione della sua infanzia. Le armi, sottratte qui alla loro funzione, assumono una presenza ludica e \u201caffettiva\u201d, in grado di suscitare il ricordo del padre pur all\u2019interno di un contesto straniante. Allo stesso tempo, affronta, con leggerezza, il tema della crescente diffusione delle armi e della militarizzazione della societ\u00e0 occidentale. La seconda serie, composta da <strong>16 polaroid<\/strong>, rimanda sia allo<strong> shooting fotografico che al verbo inglese to shoot = sparare<\/strong>. Il cielo, astratto, impalpabile, immateriale, viene \u201csparato\u201d con il \u201cclick\u201d della macchina fotografica istantanea, ottenendo un risultato bidimensionale: una fotografia di cielo, nella sua visione diurna e notturna, a mappare un\u2019ipotetica variet\u00e0 temporale, costretto tra quattro margini. La pelle di questo simulacro del cielo viene poi perforata dalla brutalit\u00e0 di un colpo di pistola.<\/p>\n<p>Nelle opere pittoriche di <strong>Matteo Coluccia,<\/strong> scelte per Chambres, della serie <em><strong>Good Morning, George<\/strong> <\/em>(2021\/2022), si racconta la storia di George, un uomo che si sveglia al mattino, forse dopo un lungo sonno. Il nome non ha un significato particolare, e, come ci dice l\u2019artista: suona bene col resto del titolo. Troviamo <strong>un cane spezzato che fa da guardia<\/strong> e da i numeri, il sette, forse, vorr\u00e0 dire qualcosa. <strong>Un Golgota<\/strong> riemerge dall\u2019erba mentre fuori dal proprio giardino fiorito divampa un incendio. Tutto \u00e8 ormai annerito e appare in penombra, delle erbacce per\u00f2 trovano ancora la forza di fiorire. Immagini apparentemente piacevoli a livello estetico, anche ironiche, che affondano per\u00f2 le radici in una materia oscura e che inducono a una riflessione sulla condizione esistenziale.<\/p>\n<p><strong>Stefano Giuri<\/strong> si relaziona con lo spazio pubblico e con quello pi\u00f9 privato, lavora sulla memoria collettiva e su quella individuale, affrontando problematiche sociali attuali legate ai luoghi in cui opera. Per<strong> Chambres<\/strong>, ha realizzato <strong>una scultura che sar\u00e0 collocata di volta in volta in stanze differenti<\/strong> e che attiver\u00e0 un dialogo con gli abitanti temporanei \u2013 i clienti dell\u2019hotel \u2013 che saranno messi di fronte ad un bivio al momento del check-out: acquistare l\u2019opera, prodotta in serie illimitata, o decretarne la sua distruzione. I resti dell\u2019eventuale distruzione saranno accuratamente custoditi e messi in mostra, costituendo cos\u00ec una nuova scultura frutto di questa <strong>relazione tra l\u2019opera e gli ospiti dell\u2019albergo.<\/strong><\/p>\n<figure id=\"post-304649 media-304649\" class=\"align-none\"><img decoding=\"async\" src=\"https:\/\/www.intoscana.it\/wp-content\/uploads\/Mohsen-Baghernjad-Moghanjooghi-Lilly-si-chiamava-2022.jpg\" alt=\"\" \/><\/figure>\n<div class=\"titleimg\"><em>Mohsen Baghernjad Moghanjooghi, Lilly si chiamava!, 2022<\/em><\/div>\n","protected":false},"excerpt":{"rendered":"<p>Dal 16 settembre 2023 al 30 marzo 2024 il progetto &#8220;Chambres&#8221;: in mostra le opere di giovani artisti selezionati dai curatori Pantani-Surace e Paolo Parisi<\/p>\n","protected":false},"author":525,"featured_media":304644,"comment_status":"open","ping_status":"open","sticky":false,"template":"","format":"standard","meta":{"_acf_changed":false,"footnotes":""},"categories":[493],"tags":[227,4474,202,222],"class_list":["post-304642","post","type-post","status-publish","format-standard","has-post-thumbnail","hentry","category-cultura","tag-arte-contemporanea","tag-eventi","tag-firenze","tag-mostre"],"acf":[],"yoast_head":"<!-- This site is optimized with the Yoast SEO Premium plugin v24.2 (Yoast SEO v25.6) - https:\/\/yoast.com\/wordpress\/plugins\/seo\/ -->\n<title>All&#039;mH Florence Hotel &amp; Spa apre un nuovo spazio espositivo dedicato ai giovani artisti - intoscana<\/title>\n<meta name=\"description\" content=\"Dal 16 settembre 2023 al 30 marzo 2024 per quasi un anno in mostra le opere di giovani artisti selezionati da Pantani-Surace e Paolo Parisi\" \/>\n<meta name=\"robots\" content=\"index, follow, max-snippet:-1, max-image-preview:large, max-video-preview:-1\" \/>\n<link rel=\"canonical\" href=\"https:\/\/www.intoscana.it\/it\/allmh-florence-hotel-spa-apre-un-nuovo-spazio-espositivo-dedicato-ai-giovani-artisti\/\" \/>\n<meta property=\"og:locale\" content=\"it_IT\" \/>\n<meta property=\"og:type\" content=\"article\" \/>\n<meta property=\"og:title\" content=\"All&#039;mH Florence Hotel &amp; Spa apre un nuovo spazio espositivo dedicato ai giovani artisti\" \/>\n<meta property=\"og:description\" content=\"Dal 16 settembre 2023 al 30 marzo 2024 per quasi un anno in mostra le opere di giovani artisti selezionati da Pantani-Surace e Paolo Parisi\" \/>\n<meta property=\"og:url\" content=\"https:\/\/www.intoscana.it\/it\/allmh-florence-hotel-spa-apre-un-nuovo-spazio-espositivo-dedicato-ai-giovani-artisti\/\" \/>\n<meta property=\"og:site_name\" content=\"intoscana\" \/>\n<meta property=\"article:publisher\" content=\"https:\/\/www.facebook.com\/intoscana.it\" \/>\n<meta property=\"article:published_time\" content=\"2023-09-13T12:24:15+00:00\" \/>\n<meta property=\"og:image\" content=\"https:\/\/www.intoscana.it\/wp-content\/uploads\/Lori-Lako-Poems-until-the-Sheets-Get-Changed-4-2023-scaled.jpg\" \/>\n\t<meta property=\"og:image:width\" content=\"2048\" \/>\n\t<meta property=\"og:image:height\" content=\"1365\" \/>\n\t<meta property=\"og:image:type\" content=\"image\/jpeg\" \/>\n<meta name=\"author\" content=\"Redazione\" \/>\n<meta name=\"twitter:card\" content=\"summary_large_image\" \/>\n<meta name=\"twitter:creator\" content=\"@intoscana\" \/>\n<meta name=\"twitter:site\" content=\"@intoscana\" \/>\n<meta name=\"twitter:label1\" content=\"Written by\" \/>\n\t<meta name=\"twitter:data1\" content=\"Redazione\" \/>\n\t<meta name=\"twitter:label2\" content=\"Est. reading time\" \/>\n\t<meta name=\"twitter:data2\" content=\"6 minuti\" \/>\n<script type=\"application\/ld+json\" class=\"yoast-schema-graph\">{\"@context\":\"https:\/\/schema.org\",\"@graph\":[{\"@type\":\"WebPage\",\"@id\":\"https:\/\/www.intoscana.it\/it\/allmh-florence-hotel-spa-apre-un-nuovo-spazio-espositivo-dedicato-ai-giovani-artisti\/\",\"url\":\"https:\/\/www.intoscana.it\/it\/allmh-florence-hotel-spa-apre-un-nuovo-spazio-espositivo-dedicato-ai-giovani-artisti\/\",\"name\":\"All'mH Florence Hotel & Spa apre un nuovo spazio espositivo dedicato ai giovani artisti - intoscana\",\"isPartOf\":{\"@id\":\"https:\/\/www.intoscana.it\/it\/#website\"},\"primaryImageOfPage\":{\"@id\":\"https:\/\/www.intoscana.it\/it\/allmh-florence-hotel-spa-apre-un-nuovo-spazio-espositivo-dedicato-ai-giovani-artisti\/#primaryimage\"},\"image\":{\"@id\":\"https:\/\/www.intoscana.it\/it\/allmh-florence-hotel-spa-apre-un-nuovo-spazio-espositivo-dedicato-ai-giovani-artisti\/#primaryimage\"},\"thumbnailUrl\":\"https:\/\/www.intoscana.it\/wp-content\/uploads\/Lori-Lako-Poems-until-the-Sheets-Get-Changed-4-2023-scaled.jpg\",\"datePublished\":\"2023-09-13T12:24:15+00:00\",\"author\":{\"@id\":\"https:\/\/www.intoscana.it\/it\/#\/schema\/person\/9223810753230f20bd670fdd322661f8\"},\"description\":\"Dal 16 settembre 2023 al 30 marzo 2024 per quasi un anno in mostra le opere di giovani artisti selezionati da Pantani-Surace e Paolo Parisi\",\"breadcrumb\":{\"@id\":\"https:\/\/www.intoscana.it\/it\/allmh-florence-hotel-spa-apre-un-nuovo-spazio-espositivo-dedicato-ai-giovani-artisti\/#breadcrumb\"},\"inLanguage\":\"it-IT\",\"potentialAction\":[{\"@type\":\"ReadAction\",\"target\":[\"https:\/\/www.intoscana.it\/it\/allmh-florence-hotel-spa-apre-un-nuovo-spazio-espositivo-dedicato-ai-giovani-artisti\/\"]}]},{\"@type\":\"ImageObject\",\"inLanguage\":\"it-IT\",\"@id\":\"https:\/\/www.intoscana.it\/it\/allmh-florence-hotel-spa-apre-un-nuovo-spazio-espositivo-dedicato-ai-giovani-artisti\/#primaryimage\",\"url\":\"https:\/\/www.intoscana.it\/wp-content\/uploads\/Lori-Lako-Poems-until-the-Sheets-Get-Changed-4-2023-scaled.jpg\",\"contentUrl\":\"https:\/\/www.intoscana.it\/wp-content\/uploads\/Lori-Lako-Poems-until-the-Sheets-Get-Changed-4-2023-scaled.jpg\",\"width\":2048,\"height\":1365},{\"@type\":\"BreadcrumbList\",\"@id\":\"https:\/\/www.intoscana.it\/it\/allmh-florence-hotel-spa-apre-un-nuovo-spazio-espositivo-dedicato-ai-giovani-artisti\/#breadcrumb\",\"itemListElement\":[{\"@type\":\"ListItem\",\"position\":1,\"name\":\"Home\",\"item\":\"https:\/\/www.intoscana.it\/it\/\"},{\"@type\":\"ListItem\",\"position\":2,\"name\":\"All&#8217;mH Florence Hotel &#038; Spa apre un nuovo spazio espositivo dedicato ai giovani artisti\"}]},{\"@type\":\"WebSite\",\"@id\":\"https:\/\/www.intoscana.it\/it\/#website\",\"url\":\"https:\/\/www.intoscana.it\/it\/\",\"name\":\"intoscana\",\"description\":\"\",\"potentialAction\":[{\"@type\":\"SearchAction\",\"target\":{\"@type\":\"EntryPoint\",\"urlTemplate\":\"https:\/\/www.intoscana.it\/it\/?s={search_term_string}\"},\"query-input\":{\"@type\":\"PropertyValueSpecification\",\"valueRequired\":true,\"valueName\":\"search_term_string\"}}],\"inLanguage\":\"it-IT\"},{\"@type\":\"Person\",\"@id\":\"https:\/\/www.intoscana.it\/it\/#\/schema\/person\/9223810753230f20bd670fdd322661f8\",\"name\":\"Redazione\",\"url\":\"https:\/\/www.intoscana.it\/it\/author\/redazione\/\"}]}<\/script>\n<!-- \/ Yoast SEO Premium plugin. -->","yoast_head_json":{"title":"All'mH Florence Hotel & Spa apre un nuovo spazio espositivo dedicato ai giovani artisti - intoscana","description":"Dal 16 settembre 2023 al 30 marzo 2024 per quasi un anno in mostra le opere di giovani artisti selezionati da Pantani-Surace e Paolo Parisi","robots":{"index":"index","follow":"follow","max-snippet":"max-snippet:-1","max-image-preview":"max-image-preview:large","max-video-preview":"max-video-preview:-1"},"canonical":"https:\/\/www.intoscana.it\/it\/allmh-florence-hotel-spa-apre-un-nuovo-spazio-espositivo-dedicato-ai-giovani-artisti\/","og_locale":"it_IT","og_type":"article","og_title":"All'mH Florence Hotel & Spa apre un nuovo spazio espositivo dedicato ai giovani artisti","og_description":"Dal 16 settembre 2023 al 30 marzo 2024 per quasi un anno in mostra le opere di giovani artisti selezionati da Pantani-Surace e Paolo Parisi","og_url":"https:\/\/www.intoscana.it\/it\/allmh-florence-hotel-spa-apre-un-nuovo-spazio-espositivo-dedicato-ai-giovani-artisti\/","og_site_name":"intoscana","article_publisher":"https:\/\/www.facebook.com\/intoscana.it","article_published_time":"2023-09-13T12:24:15+00:00","og_image":[{"width":2048,"height":1365,"url":"https:\/\/www.intoscana.it\/wp-content\/uploads\/Lori-Lako-Poems-until-the-Sheets-Get-Changed-4-2023-scaled.jpg","type":"image\/jpeg"}],"author":"Redazione","twitter_card":"summary_large_image","twitter_creator":"@intoscana","twitter_site":"@intoscana","twitter_misc":{"Written by":"Redazione","Est. reading time":"6 minuti"},"schema":{"@context":"https:\/\/schema.org","@graph":[{"@type":"WebPage","@id":"https:\/\/www.intoscana.it\/it\/allmh-florence-hotel-spa-apre-un-nuovo-spazio-espositivo-dedicato-ai-giovani-artisti\/","url":"https:\/\/www.intoscana.it\/it\/allmh-florence-hotel-spa-apre-un-nuovo-spazio-espositivo-dedicato-ai-giovani-artisti\/","name":"All'mH Florence Hotel & Spa apre un nuovo spazio espositivo dedicato ai giovani artisti - intoscana","isPartOf":{"@id":"https:\/\/www.intoscana.it\/it\/#website"},"primaryImageOfPage":{"@id":"https:\/\/www.intoscana.it\/it\/allmh-florence-hotel-spa-apre-un-nuovo-spazio-espositivo-dedicato-ai-giovani-artisti\/#primaryimage"},"image":{"@id":"https:\/\/www.intoscana.it\/it\/allmh-florence-hotel-spa-apre-un-nuovo-spazio-espositivo-dedicato-ai-giovani-artisti\/#primaryimage"},"thumbnailUrl":"https:\/\/www.intoscana.it\/wp-content\/uploads\/Lori-Lako-Poems-until-the-Sheets-Get-Changed-4-2023-scaled.jpg","datePublished":"2023-09-13T12:24:15+00:00","author":{"@id":"https:\/\/www.intoscana.it\/it\/#\/schema\/person\/9223810753230f20bd670fdd322661f8"},"description":"Dal 16 settembre 2023 al 30 marzo 2024 per quasi un anno in mostra le opere di giovani artisti selezionati da Pantani-Surace e Paolo Parisi","breadcrumb":{"@id":"https:\/\/www.intoscana.it\/it\/allmh-florence-hotel-spa-apre-un-nuovo-spazio-espositivo-dedicato-ai-giovani-artisti\/#breadcrumb"},"inLanguage":"it-IT","potentialAction":[{"@type":"ReadAction","target":["https:\/\/www.intoscana.it\/it\/allmh-florence-hotel-spa-apre-un-nuovo-spazio-espositivo-dedicato-ai-giovani-artisti\/"]}]},{"@type":"ImageObject","inLanguage":"it-IT","@id":"https:\/\/www.intoscana.it\/it\/allmh-florence-hotel-spa-apre-un-nuovo-spazio-espositivo-dedicato-ai-giovani-artisti\/#primaryimage","url":"https:\/\/www.intoscana.it\/wp-content\/uploads\/Lori-Lako-Poems-until-the-Sheets-Get-Changed-4-2023-scaled.jpg","contentUrl":"https:\/\/www.intoscana.it\/wp-content\/uploads\/Lori-Lako-Poems-until-the-Sheets-Get-Changed-4-2023-scaled.jpg","width":2048,"height":1365},{"@type":"BreadcrumbList","@id":"https:\/\/www.intoscana.it\/it\/allmh-florence-hotel-spa-apre-un-nuovo-spazio-espositivo-dedicato-ai-giovani-artisti\/#breadcrumb","itemListElement":[{"@type":"ListItem","position":1,"name":"Home","item":"https:\/\/www.intoscana.it\/it\/"},{"@type":"ListItem","position":2,"name":"All&#8217;mH Florence Hotel &#038; Spa apre un nuovo spazio espositivo dedicato ai giovani artisti"}]},{"@type":"WebSite","@id":"https:\/\/www.intoscana.it\/it\/#website","url":"https:\/\/www.intoscana.it\/it\/","name":"intoscana","description":"","potentialAction":[{"@type":"SearchAction","target":{"@type":"EntryPoint","urlTemplate":"https:\/\/www.intoscana.it\/it\/?s={search_term_string}"},"query-input":{"@type":"PropertyValueSpecification","valueRequired":true,"valueName":"search_term_string"}}],"inLanguage":"it-IT"},{"@type":"Person","@id":"https:\/\/www.intoscana.it\/it\/#\/schema\/person\/9223810753230f20bd670fdd322661f8","name":"Redazione","url":"https:\/\/www.intoscana.it\/it\/author\/redazione\/"}]}},"_links":{"self":[{"href":"https:\/\/www.intoscana.it\/it\/wp-json\/wp\/v2\/posts\/304642","targetHints":{"allow":["GET"]}}],"collection":[{"href":"https:\/\/www.intoscana.it\/it\/wp-json\/wp\/v2\/posts"}],"about":[{"href":"https:\/\/www.intoscana.it\/it\/wp-json\/wp\/v2\/types\/post"}],"author":[{"embeddable":true,"href":"https:\/\/www.intoscana.it\/it\/wp-json\/wp\/v2\/users\/525"}],"replies":[{"embeddable":true,"href":"https:\/\/www.intoscana.it\/it\/wp-json\/wp\/v2\/comments?post=304642"}],"version-history":[{"count":0,"href":"https:\/\/www.intoscana.it\/it\/wp-json\/wp\/v2\/posts\/304642\/revisions"}],"wp:featuredmedia":[{"embeddable":true,"href":"https:\/\/www.intoscana.it\/it\/wp-json\/wp\/v2\/media\/304644"}],"wp:attachment":[{"href":"https:\/\/www.intoscana.it\/it\/wp-json\/wp\/v2\/media?parent=304642"}],"wp:term":[{"taxonomy":"category","embeddable":true,"href":"https:\/\/www.intoscana.it\/it\/wp-json\/wp\/v2\/categories?post=304642"},{"taxonomy":"post_tag","embeddable":true,"href":"https:\/\/www.intoscana.it\/it\/wp-json\/wp\/v2\/tags?post=304642"}],"curies":[{"name":"wp","href":"https:\/\/api.w.org\/{rel}","templated":true}]}}