{"id":304861,"date":"2023-09-15T10:51:33","date_gmt":"2023-09-15T08:51:33","guid":{"rendered":"https:\/\/www.intoscana.it\/it\/?p=304861"},"modified":"2023-09-15T11:00:13","modified_gmt":"2023-09-15T09:00:13","slug":"pitti-immagine-con-fragranze-la-percezione-e-reinventata","status":"publish","type":"post","link":"https:\/\/www.intoscana.it\/it\/pitti-immagine-con-fragranze-la-percezione-e-reinventata\/","title":{"rendered":"Pitti Immagine, con Fragranze la Percezione \u00e8 Reinventata"},"content":{"rendered":"<p>Mai come quest&#8217;anno <strong>Pitti Fragranze<\/strong> sfrutta tutti gli strumenti a disposizione per apprezzare <strong>essenze e profumi<\/strong>. Perfino <strong>l&#8217;Intelligenza Artificiale<\/strong>, sognando addirittura il Metaverso. Un autentico viaggio multisensoriale che si tiene <strong>dal 15 al 17 settembre<\/strong> alla <strong>Stazione Leopolda<\/strong> di Firenze <strong>L\u2019edizione n.21<\/strong> del salone dedicato al mondo della profumeria artistica internazionale si rivolge come sempre a professionisti ed esperti.<\/p>\n<p><a href=\"https:\/\/fragranze.pittimmagine.com\/it\" target=\"_blank\" rel=\"noopener\">Pitti Fragranze<\/a> porta ancora una volta a Firenze nasi prestigiosi e giovani realt\u00e0. Sono <strong>189 i brand al salone<\/strong> (86 nomi nuovi e rientri). L&#8217;universo della cultura olfattiva contemporanea si presenta con un <strong>approccio olistico<\/strong> e un occhio di riguardo sulle ultime novit\u00e0 in fatto di <strong>skincare e benessere<\/strong>. Continuo il lavoro di scouting e selezione per cogliere le <strong>tendenze del momento.<\/strong><\/p>\n<figure id=\"post-304867 media-304867\" class=\"align-none\"><img decoding=\"async\" src=\"https:\/\/www.intoscana.it\/wp-content\/uploads\/Fragranze_Spring_053-scaled.jpg\" alt=\"\" \/><\/figure>\n<div class=\"titleimg\">Pitti Fragranze<\/div>\n<h3>La Percezione Reinventata di Fragranze<\/h3>\n<p>\u201c<em>Il tema di questa edizione, \u201cPercezione Reinventata\u201d, indaga un diverso modo di percepire il mondo del profumo, ma non solo<\/em> &#8211; sottolinea <strong>Agostino Poletto<\/strong>, direttore generale di Pitti Immagine &#8211; <em>attraverso immagini, parole, suoni che scaturiscono dall\u2019utilizzo del digitale e dell\u2019Intelligenza Artificiale. Sperimentazione creativa, tecnologia avanzata, arte e artificio mettono in moto le nostre emozioni e reinventano il modo in cui le percepiamo\u201d.<\/em><\/p>\n<p><strong>Pitti Fragranze<\/strong> \u00e8 molto di pi\u00f9 di una semplice vetrina di prodotti.<em> &#8220;\u00c8 un osservatorio sulle evoluzioni del mercato &#8211; anche quello dei pi\u00f9 giovanissimi della Generazione Z &#8211; un momento di incontro e ispirazione, un viaggio multisensoriale da non perdere. Un laboratorio in cui si immagina il futuro delle fragranze&#8221; <\/em>conclude Poletto.<\/p>\n<figure id=\"post-304865 media-304865\" class=\"align-none\"><img decoding=\"async\" src=\"https:\/\/www.intoscana.it\/wp-content\/uploads\/Symbiotic-Experience_Artista-Bonnie-Tsang_01.jpg\" alt=\"\" \/><\/figure>\n<div class=\"titleimg\">Symbiotic Experience dell\u2019artista Bonnie Tsang a Pitti Fragranze<\/div>\n<h3>Una Symbiotic Experience tra profumo e digital art<\/h3>\n<p>Il tema della &#8220;<em>Percezione Reinventata<\/em>&#8221; si concretizza alla <strong>Stazione Leopolda<\/strong> in una speciale installazione immersiva che unisce <mark>profumo, musica e digital digital art<\/mark>. Quattro artisti digitali e quattro nasi hanno unito le loro competenze per dare vita a un <strong>percorso multi-sensoriale<\/strong> all&#8217;interno dell&#8217;installazione <strong>Symbiotic Experience<\/strong>.<\/p>\n<figure id=\"post-141806 media-141806\" class=\"align-none\"><img decoding=\"async\" src=\"https:\/\/www.intoscana.it\/wp-content\/uploads\/fragranze-15-010.jpg\" alt=\"\" \/><\/figure>\n<div class=\"titleimg\"><\/div>\n<h3>Un viaggio tra odori perduti e storici nasi<\/h3>\n<p>Tanti gli eventi in programma: il viaggio olfattivo tra passato e futuro dell&#8217;<strong>azienda Mane<\/strong> e gli incontri aperti al pubblico, come quello sulle <strong>nuove modalit\u00e0 di acquisto<\/strong> nel mondo fragranze, sull&#8217;utilizzo dell&#8217;<strong>intelligenza artificiale<\/strong> nel campo della profumeria o quello sugli &#8216;<em>odori perduti<\/em>&#8216;, legati ai ricordi delle vite professionali.<\/p>\n<p>In programma anche l&#8217;incontro &#8216;<em>20 anni fa &#8211; senza nostalgia&#8217;<\/em>, un viaggio nel tempo per analizzare i cambiamenti e le costanti del mondo della <strong>profumeria artistica<\/strong> negli ultimi due decenni. con i famosi nasi <mark>Laura Bosetti Tonatto, Ulrich Lang, e Lorenzo Villoresi<\/mark>.<\/p>\n<p>In programma c&#8217;\u00e8 anche la presentazione del libro &#8216;<em>Profumi ed essenze alla corte dei califfi&#8217;<\/em> (Dario Flaccovio Editore) di <strong>Caterina Greppi<\/strong>, un saggio sulla profumeria medievale islamica.<\/p>\n","protected":false},"excerpt":{"rendered":"<p>Da venerd\u00ec 15 a domenica 17 settembre alla Leopolda essenze e profumi tra odori perduti, intelligenza artificiale e un&#8217;installazione tra musica e digital art<\/p>\n","protected":false},"author":554,"featured_media":304866,"comment_status":"open","ping_status":"open","sticky":false,"template":"","format":"standard","meta":{"_acf_changed":false,"footnotes":""},"categories":[9],"tags":[403,5726],"class_list":["post-304861","post","type-post","status-publish","format-standard","has-post-thumbnail","hentry","category-made-in-toscana","tag-pitti-immagine","tag-profumo"],"acf":[],"yoast_head":"<!-- This site is optimized with the Yoast SEO Premium plugin v24.2 (Yoast SEO v25.6) - https:\/\/yoast.com\/wordpress\/plugins\/seo\/ -->\n<title>Pitti Immagine, con Fragranze la Percezione \u00e8 Reinventata - intoscana<\/title>\n<meta name=\"description\" content=\"Da venerd\u00ec 15 settembre alla Leopolda essenze e profumi tra odori perduti, intelligenza artificiale e un&#039;installazione sensoriale\" \/>\n<meta name=\"robots\" content=\"index, follow, max-snippet:-1, max-image-preview:large, max-video-preview:-1\" \/>\n<link rel=\"canonical\" href=\"https:\/\/www.intoscana.it\/it\/pitti-immagine-con-fragranze-la-percezione-e-reinventata\/\" \/>\n<meta property=\"og:locale\" content=\"it_IT\" \/>\n<meta property=\"og:type\" content=\"article\" \/>\n<meta property=\"og:title\" content=\"Pitti Immagine, con Fragranze la Percezione \u00e8 Reinventata\" \/>\n<meta property=\"og:description\" content=\"Da venerd\u00ec 15 settembre alla Leopolda essenze e profumi tra odori perduti, intelligenza artificiale e un&#039;installazione sensoriale\" \/>\n<meta property=\"og:url\" content=\"https:\/\/www.intoscana.it\/it\/pitti-immagine-con-fragranze-la-percezione-e-reinventata\/\" \/>\n<meta property=\"og:site_name\" content=\"intoscana\" \/>\n<meta property=\"article:publisher\" content=\"https:\/\/www.facebook.com\/intoscana.it\" \/>\n<meta property=\"article:published_time\" content=\"2023-09-15T08:51:33+00:00\" \/>\n<meta property=\"article:modified_time\" content=\"2023-09-15T09:00:13+00:00\" \/>\n<meta property=\"og:image\" content=\"https:\/\/www.intoscana.it\/wp-content\/uploads\/Symbiotic-Experience_Artista_Gisella-Alfieri-Sabatini-@retrospectiveAI-scaled.jpg\" \/>\n\t<meta property=\"og:image:width\" content=\"2048\" \/>\n\t<meta property=\"og:image:height\" content=\"1148\" \/>\n\t<meta property=\"og:image:type\" content=\"image\/jpeg\" \/>\n<meta name=\"author\" content=\"Raffaella Galamini\" \/>\n<meta name=\"twitter:card\" content=\"summary_large_image\" \/>\n<meta name=\"twitter:creator\" content=\"@orio\" \/>\n<meta name=\"twitter:site\" content=\"@intoscana\" \/>\n<meta name=\"twitter:label1\" content=\"Written by\" \/>\n\t<meta name=\"twitter:data1\" content=\"Raffaella Galamini\" \/>\n\t<meta name=\"twitter:label2\" content=\"Est. reading time\" \/>\n\t<meta name=\"twitter:data2\" content=\"2 minuti\" \/>\n<script type=\"application\/ld+json\" class=\"yoast-schema-graph\">{\"@context\":\"https:\/\/schema.org\",\"@graph\":[{\"@type\":\"WebPage\",\"@id\":\"https:\/\/www.intoscana.it\/it\/pitti-immagine-con-fragranze-la-percezione-e-reinventata\/\",\"url\":\"https:\/\/www.intoscana.it\/it\/pitti-immagine-con-fragranze-la-percezione-e-reinventata\/\",\"name\":\"Pitti Immagine, con Fragranze la Percezione \u00e8 Reinventata - intoscana\",\"isPartOf\":{\"@id\":\"https:\/\/www.intoscana.it\/it\/#website\"},\"primaryImageOfPage\":{\"@id\":\"https:\/\/www.intoscana.it\/it\/pitti-immagine-con-fragranze-la-percezione-e-reinventata\/#primaryimage\"},\"image\":{\"@id\":\"https:\/\/www.intoscana.it\/it\/pitti-immagine-con-fragranze-la-percezione-e-reinventata\/#primaryimage\"},\"thumbnailUrl\":\"https:\/\/www.intoscana.it\/wp-content\/uploads\/Symbiotic-Experience_Artista_Gisella-Alfieri-Sabatini-@retrospectiveAI-scaled.jpg\",\"datePublished\":\"2023-09-15T08:51:33+00:00\",\"dateModified\":\"2023-09-15T09:00:13+00:00\",\"author\":{\"@id\":\"https:\/\/www.intoscana.it\/it\/#\/schema\/person\/9eb9daa846a49fe51af39a73d9d1986b\"},\"description\":\"Da venerd\u00ec 15 settembre alla Leopolda essenze e profumi tra odori perduti, intelligenza artificiale e un'installazione sensoriale\",\"breadcrumb\":{\"@id\":\"https:\/\/www.intoscana.it\/it\/pitti-immagine-con-fragranze-la-percezione-e-reinventata\/#breadcrumb\"},\"inLanguage\":\"it-IT\",\"potentialAction\":[{\"@type\":\"ReadAction\",\"target\":[\"https:\/\/www.intoscana.it\/it\/pitti-immagine-con-fragranze-la-percezione-e-reinventata\/\"]}]},{\"@type\":\"ImageObject\",\"inLanguage\":\"it-IT\",\"@id\":\"https:\/\/www.intoscana.it\/it\/pitti-immagine-con-fragranze-la-percezione-e-reinventata\/#primaryimage\",\"url\":\"https:\/\/www.intoscana.it\/wp-content\/uploads\/Symbiotic-Experience_Artista_Gisella-Alfieri-Sabatini-@retrospectiveAI-scaled.jpg\",\"contentUrl\":\"https:\/\/www.intoscana.it\/wp-content\/uploads\/Symbiotic-Experience_Artista_Gisella-Alfieri-Sabatini-@retrospectiveAI-scaled.jpg\",\"width\":2048,\"height\":1148,\"caption\":\"Symbiotic Experience dell'artista Gisella Alfieri Sabatini a Pitti Fragranze - @ retrospectiveAI\"},{\"@type\":\"BreadcrumbList\",\"@id\":\"https:\/\/www.intoscana.it\/it\/pitti-immagine-con-fragranze-la-percezione-e-reinventata\/#breadcrumb\",\"itemListElement\":[{\"@type\":\"ListItem\",\"position\":1,\"name\":\"Home\",\"item\":\"https:\/\/www.intoscana.it\/it\/\"},{\"@type\":\"ListItem\",\"position\":2,\"name\":\"Pitti Immagine, con Fragranze la Percezione \u00e8 Reinventata\"}]},{\"@type\":\"WebSite\",\"@id\":\"https:\/\/www.intoscana.it\/it\/#website\",\"url\":\"https:\/\/www.intoscana.it\/it\/\",\"name\":\"intoscana\",\"description\":\"\",\"potentialAction\":[{\"@type\":\"SearchAction\",\"target\":{\"@type\":\"EntryPoint\",\"urlTemplate\":\"https:\/\/www.intoscana.it\/it\/?s={search_term_string}\"},\"query-input\":{\"@type\":\"PropertyValueSpecification\",\"valueRequired\":true,\"valueName\":\"search_term_string\"}}],\"inLanguage\":\"it-IT\"},{\"@type\":\"Person\",\"@id\":\"https:\/\/www.intoscana.it\/it\/#\/schema\/person\/9eb9daa846a49fe51af39a73d9d1986b\",\"name\":\"Raffaella Galamini\",\"sameAs\":[\"https:\/\/x.com\/orio\"],\"url\":\"https:\/\/www.intoscana.it\/it\/author\/r-galamini\/\"}]}<\/script>\n<!-- \/ Yoast SEO Premium plugin. -->","yoast_head_json":{"title":"Pitti Immagine, con Fragranze la Percezione \u00e8 Reinventata - intoscana","description":"Da venerd\u00ec 15 settembre alla Leopolda essenze e profumi tra odori perduti, intelligenza artificiale e un'installazione sensoriale","robots":{"index":"index","follow":"follow","max-snippet":"max-snippet:-1","max-image-preview":"max-image-preview:large","max-video-preview":"max-video-preview:-1"},"canonical":"https:\/\/www.intoscana.it\/it\/pitti-immagine-con-fragranze-la-percezione-e-reinventata\/","og_locale":"it_IT","og_type":"article","og_title":"Pitti Immagine, con Fragranze la Percezione \u00e8 Reinventata","og_description":"Da venerd\u00ec 15 settembre alla Leopolda essenze e profumi tra odori perduti, intelligenza artificiale e un'installazione sensoriale","og_url":"https:\/\/www.intoscana.it\/it\/pitti-immagine-con-fragranze-la-percezione-e-reinventata\/","og_site_name":"intoscana","article_publisher":"https:\/\/www.facebook.com\/intoscana.it","article_published_time":"2023-09-15T08:51:33+00:00","article_modified_time":"2023-09-15T09:00:13+00:00","og_image":[{"width":2048,"height":1148,"url":"https:\/\/www.intoscana.it\/wp-content\/uploads\/Symbiotic-Experience_Artista_Gisella-Alfieri-Sabatini-@retrospectiveAI-scaled.jpg","type":"image\/jpeg"}],"author":"Raffaella Galamini","twitter_card":"summary_large_image","twitter_creator":"@orio","twitter_site":"@intoscana","twitter_misc":{"Written by":"Raffaella Galamini","Est. reading time":"2 minuti"},"schema":{"@context":"https:\/\/schema.org","@graph":[{"@type":"WebPage","@id":"https:\/\/www.intoscana.it\/it\/pitti-immagine-con-fragranze-la-percezione-e-reinventata\/","url":"https:\/\/www.intoscana.it\/it\/pitti-immagine-con-fragranze-la-percezione-e-reinventata\/","name":"Pitti Immagine, con Fragranze la Percezione \u00e8 Reinventata - intoscana","isPartOf":{"@id":"https:\/\/www.intoscana.it\/it\/#website"},"primaryImageOfPage":{"@id":"https:\/\/www.intoscana.it\/it\/pitti-immagine-con-fragranze-la-percezione-e-reinventata\/#primaryimage"},"image":{"@id":"https:\/\/www.intoscana.it\/it\/pitti-immagine-con-fragranze-la-percezione-e-reinventata\/#primaryimage"},"thumbnailUrl":"https:\/\/www.intoscana.it\/wp-content\/uploads\/Symbiotic-Experience_Artista_Gisella-Alfieri-Sabatini-@retrospectiveAI-scaled.jpg","datePublished":"2023-09-15T08:51:33+00:00","dateModified":"2023-09-15T09:00:13+00:00","author":{"@id":"https:\/\/www.intoscana.it\/it\/#\/schema\/person\/9eb9daa846a49fe51af39a73d9d1986b"},"description":"Da venerd\u00ec 15 settembre alla Leopolda essenze e profumi tra odori perduti, intelligenza artificiale e un'installazione sensoriale","breadcrumb":{"@id":"https:\/\/www.intoscana.it\/it\/pitti-immagine-con-fragranze-la-percezione-e-reinventata\/#breadcrumb"},"inLanguage":"it-IT","potentialAction":[{"@type":"ReadAction","target":["https:\/\/www.intoscana.it\/it\/pitti-immagine-con-fragranze-la-percezione-e-reinventata\/"]}]},{"@type":"ImageObject","inLanguage":"it-IT","@id":"https:\/\/www.intoscana.it\/it\/pitti-immagine-con-fragranze-la-percezione-e-reinventata\/#primaryimage","url":"https:\/\/www.intoscana.it\/wp-content\/uploads\/Symbiotic-Experience_Artista_Gisella-Alfieri-Sabatini-@retrospectiveAI-scaled.jpg","contentUrl":"https:\/\/www.intoscana.it\/wp-content\/uploads\/Symbiotic-Experience_Artista_Gisella-Alfieri-Sabatini-@retrospectiveAI-scaled.jpg","width":2048,"height":1148,"caption":"Symbiotic Experience dell'artista Gisella Alfieri Sabatini a Pitti Fragranze - @ retrospectiveAI"},{"@type":"BreadcrumbList","@id":"https:\/\/www.intoscana.it\/it\/pitti-immagine-con-fragranze-la-percezione-e-reinventata\/#breadcrumb","itemListElement":[{"@type":"ListItem","position":1,"name":"Home","item":"https:\/\/www.intoscana.it\/it\/"},{"@type":"ListItem","position":2,"name":"Pitti Immagine, con Fragranze la Percezione \u00e8 Reinventata"}]},{"@type":"WebSite","@id":"https:\/\/www.intoscana.it\/it\/#website","url":"https:\/\/www.intoscana.it\/it\/","name":"intoscana","description":"","potentialAction":[{"@type":"SearchAction","target":{"@type":"EntryPoint","urlTemplate":"https:\/\/www.intoscana.it\/it\/?s={search_term_string}"},"query-input":{"@type":"PropertyValueSpecification","valueRequired":true,"valueName":"search_term_string"}}],"inLanguage":"it-IT"},{"@type":"Person","@id":"https:\/\/www.intoscana.it\/it\/#\/schema\/person\/9eb9daa846a49fe51af39a73d9d1986b","name":"Raffaella Galamini","sameAs":["https:\/\/x.com\/orio"],"url":"https:\/\/www.intoscana.it\/it\/author\/r-galamini\/"}]}},"_links":{"self":[{"href":"https:\/\/www.intoscana.it\/it\/wp-json\/wp\/v2\/posts\/304861","targetHints":{"allow":["GET"]}}],"collection":[{"href":"https:\/\/www.intoscana.it\/it\/wp-json\/wp\/v2\/posts"}],"about":[{"href":"https:\/\/www.intoscana.it\/it\/wp-json\/wp\/v2\/types\/post"}],"author":[{"embeddable":true,"href":"https:\/\/www.intoscana.it\/it\/wp-json\/wp\/v2\/users\/554"}],"replies":[{"embeddable":true,"href":"https:\/\/www.intoscana.it\/it\/wp-json\/wp\/v2\/comments?post=304861"}],"version-history":[{"count":0,"href":"https:\/\/www.intoscana.it\/it\/wp-json\/wp\/v2\/posts\/304861\/revisions"}],"wp:featuredmedia":[{"embeddable":true,"href":"https:\/\/www.intoscana.it\/it\/wp-json\/wp\/v2\/media\/304866"}],"wp:attachment":[{"href":"https:\/\/www.intoscana.it\/it\/wp-json\/wp\/v2\/media?parent=304861"}],"wp:term":[{"taxonomy":"category","embeddable":true,"href":"https:\/\/www.intoscana.it\/it\/wp-json\/wp\/v2\/categories?post=304861"},{"taxonomy":"post_tag","embeddable":true,"href":"https:\/\/www.intoscana.it\/it\/wp-json\/wp\/v2\/tags?post=304861"}],"curies":[{"name":"wp","href":"https:\/\/api.w.org\/{rel}","templated":true}]}}