{"id":304891,"date":"2023-09-14T14:51:17","date_gmt":"2023-09-14T12:51:17","guid":{"rendered":"https:\/\/www.intoscana.it\/it\/?p=304891"},"modified":"2023-09-19T11:25:33","modified_gmt":"2023-09-19T09:25:33","slug":"il-24-settembre-torna-corri-la-vita-a-dare-il-via-il-campione-leonardo-fabbri","status":"publish","type":"post","link":"https:\/\/www.intoscana.it\/it\/il-24-settembre-torna-corri-la-vita-a-dare-il-via-il-campione-leonardo-fabbri\/","title":{"rendered":"Il 24 settembre torna Corri la Vita, a dare il via il campione Leonardo Fabbri"},"content":{"rendered":"<p>Appuntamento domenica 24 settembre con la <strong>XXI edizione di Corri la Vita<\/strong>, l&#8217;evento che unisce sport, cultura e solidariet\u00e0. Lo starter d&#8217;eccezione di quest&#8217;anno sar\u00e0 <strong>Leonardo Fabbri<\/strong>, medaglia d&#8217;argento nel lancio del peso ai Mondiali di atletica di Budapest 2023, la partenza sar\u00e0 dal parco delle Cascine mentre l&#8217;arrivo in Piazza della Signoria dove\u00a0sono attese oltre 30mila persone a sostenere la raccolta fondi destinata a <strong>progetti dedicati alla cura <\/strong><strong>del tumore al seno<\/strong>.<\/p>\n<p>Tra gli obiettivi della nuova edizione di\u00a0<strong>Corri la Vita<\/strong>\u00a0vi \u00e8 quello di\u00a0sostenere un importante\u00a0progetto <strong>dell\u2019ISPRO, <\/strong>Istituto per lo studio, la prevenzione e la rete oncologica (ISPRO) del Servizio Sanitario Regionale, volto a favorire ulteriormente la <strong>cultura della prevenzione oncologica<\/strong>. Il progetto, coordinato da ISPRO e promosso da Regione Toscana si inserisce nell\u2019ambito di un pi\u00f9 generale percorso di potenziamento delle attivit\u00e0 inerenti agli screening oncologici nell\u2019ambito del Sistema Sanitario Regionale e si caratterizza per una valenza particolarmente innovativa, promuovendo anche la metodologia del cosiddetto multiscreening. Inoltre, sar\u00e0 destinato a favorire la sensibilizzazione e la consapevolezza degli utenti, non solo sul tema della prevenzione secondaria (screening istituzionali), ma anche in merito alla prevenzione primaria (stili di vita e educazione alla salute, quali strumenti fondamentali nella lotta alle patologie oncologiche). Saranno inoltre sostenute come ogni anno le attivit\u00e0 del <strong>Ce.Ri.On.<\/strong> Centro Riabilitazione Oncologica Ispro-Lilt situato presso <strong>Villa delle Rose<\/strong>; <strong>SenoNetwork<\/strong>, il portale che riunisce tutte le <em>Breast Unit<\/em> italiane e <strong>File <\/strong>Fondazione Italiana di Leniterapia Onlus.<\/p>\n<p><em>\u201cSiamo molto felici che la XXI edizione della manifestazione si possa finalmente correre di nuovo\u00a0in tutto il centro storico di Firenze<\/em> &#8211; afferma\u00a0<strong>Eleonora Frescobaldi<\/strong>, presidente dell\u2019Associazione\u00a0Corri la Vita Onlus\u00a0-: <em>la partenza da viale Lincoln alla Cascine e l&#8217;arrivo in Piazza della Signoria, dove ad attendere i nostri sostenitori\u00a0ci saranno tanti ospiti e sar\u00e0 come sempre una <strong>grande festa per le migliaia di\u00a0persone<\/strong> attese. Trentacinquemila cuori che anche quest&#8217;anno hanno deciso di supportarci nella realizzazione di nuovi ed importanti obiettivi volti a sostenere la lotta al tumore al seno, accompagnando tutte le donne nel loro percorso di prevenzione, cura e riabilitazione psiconcologica\u201d.<\/em><\/p>\n<h3>I percorsi<\/h3>\n<p>I partecipanti potranno scegliere tra <strong>due nuovi percorsi<\/strong> diversificati per gradi di difficolt\u00e0 &#8211; uno dedicato a chi vorr\u00e0 correre e un secondo per chi preferir\u00e0 godersi le <strong>mete culturali<\/strong> lungo il percorso. Entrambi si snodano tra <b>le bellezze del capoluogo toscano.<\/b><\/p>\n<p>Il primo percorso di <strong>circa 10,3 km<\/strong> si svilupper\u00e0 seguendo questo itinerario: Piazza Vittorio Veneto, Ponte alla Vittoria, Piazza Gaddi, Via della Fonderia, Lungarno Santa Rosa, Lungarno Soderini, Piazza Sauro, Via dei Serragli, Via Sant\u2019Agostino, Via Mazzetta, Piazza San Felice, Via Romana, Piazzale di Porta Romana, Viale Machiavelli, Via Schiaparelli, Via San Leonardo, Porta San Giorgio, Costa San Giorgio, Costa Scarpuccia, Via de\u2019 Bardi, Piazza dei Mozzi, Via San Niccol\u00f2, Via San Miniato, Porta San Miniato, Via dei Bastioni, Via Ser Ventura Monachi, Via della Fornace, Lungarno Cellini, Lungarno Serristori, Ponte alle Grazie, Lungarno alle Grazie, Piazza Cavalleggeri, Via dei Neri, Via dei Leoni, Piazza san Firenze, Via del Proconsolo, Piazza Domo, Piazza San Giovanni, Via Roma, Piazza della Repubblica, Via Calimala, Piazza del Mercato Nuovo, Via Vacchereccia, Piazza della Signoria.<\/p>\n<p>Il <strong>secondo itinerario di circa 5,2 km<\/strong>, dal parco delle Cascine a Piazza della Signoria passando dall\u2019Oltrarno, sar\u00e0 costellato da una serie di tappe di carattere culturale con aperture speciali selezionate dell\u2019associazione culturale Firenze Citt\u00e0 Nascosta, che con i suoi volontari storici dell\u2019arte, far\u00e0 scoprire ai partecipanti giardini, cortili e palazzi solitamente chiusi al pubblico come Palazzo Viviani della Robbia e il giardino Malenchini, o raccolte museali poco conosciute come la Fondazione Salvatore Romano che apre questo anno per la prima volta.<\/p>\n<h3>Cultura e prevenzione<\/h3>\n<p>Come da tradizione i partecipanti &#8211; che si saranno precedentemente registrati sul sito <a href=\"http:\/\/www.corrilavita.it\"><strong>www.corrilavita.it<\/strong><\/a> &#8211; avranno la possibilit\u00e0 di <strong>visitare gratuitamente <\/strong>nell\u2019arco di tutta la giornata tantissime mete culturali sempre aperte in collaborazione con l\u2019associazione Firenze Citt\u00e0 Nascosta<strong>, inclusi musei e mostre<\/strong>, indossando la maglia di <strong>Corri la Vita<\/strong>\u00a0<strong>2023<\/strong> o esibendo la ricevuta della donazione effettuata.<\/p>\n<p>Per la prima volta inoltre verr\u00e0 allestito il <strong>\u201cVillaggio della Salute\u201d<\/strong> in <strong>Piazza della Repubblica<\/strong>, dove <strong>ISPRO<\/strong>, al fine di promuovere attivit\u00e0 di prevenzione oncologica e nello specifico del tumore alla mammella, parteciper\u00e0 alla manifestazione attraverso una propria Unit\u00e0 Mobile, dotata di mammografo di ultima generazione. L\u2019Unit\u00e0 Mobile e gli operatori di ISPRO saranno a disposizione della cittadinanza sabato 23 settembre &#8211; dalle 9 alle 16 &#8211; e domenica 24 settembre &#8211; dalle 8 alle 13. In occasione dell\u2019evento, l\u2019ISPRO garantir\u00e0 la esecuzione di esami mammografici. Le donne, gi\u00e0 in appuntamento per lo <strong>screening mammografico<\/strong> o comunque eleggibili per l\u2019anno in corso, avranno la possibilit\u00e0 di effettuare la mammografia, prenotando telefonicamente al numero 055\/545454 (lun-ven 7:45-18:30, sab. 7:45-12:30). Le donne che necessitano di un <strong>controllo senologico<\/strong> al di fuori dell\u2019ordinaria attivit\u00e0 di screening potranno prenotare l\u2019esame diagnostico telefonando al numero LILT 055.576939 dal luned\u00ec al venerd\u00ec dalle 9 alle 13. La mammografia sar\u00e0 effettuata, a seguito di valutazione di appropriatezza da parte del medico radiologo dell\u2019ISPRO, presente sul mezzo mobile.<\/p>\n<p>Sabato 23 e domenica 24 settembre in <strong>Piazza della Signoria<\/strong> sar\u00e0 presente anche il camper della\u00a0<strong>LILT\u00a0<\/strong>\u2013 Lega Italiana per la Lotta contro i Tumori Firenze &#8211; dove saranno svolte\u00a0<strong>visite di prevenzione del melanoma<\/strong> totalmente gratuite e senza bisogno di ticket. La prenotazione andr\u00e0 effettuata dal 18 settembre (fino ad esaurimento delle disponibilit\u00e0) con\u00adtattando il numero telefonico della Lilt\u00a0055 576939.<\/p>\n","protected":false},"excerpt":{"rendered":"<p>Partenza dalle Cascine, arrivo in Piazza della Signoria e due percorsi di lunghezza diverse tra le bellezze di Firenze. Tante le iniziative di prevenzione in collaborazione con LILT e ISPRO<\/p>\n","protected":false},"author":525,"featured_media":304899,"comment_status":"open","ping_status":"open","sticky":false,"template":"","format":"standard","meta":{"_acf_changed":false,"footnotes":""},"categories":[494],"tags":[6144,202],"class_list":["post-304891","post","type-post","status-publish","format-standard","has-post-thumbnail","hentry","category-attualita","tag-corri-la-vita","tag-firenze"],"acf":[],"yoast_head":"<!-- This site is optimized with the Yoast SEO Premium plugin v24.2 (Yoast SEO v25.6) - https:\/\/yoast.com\/wordpress\/plugins\/seo\/ -->\n<title>Il 24 settembre torna Corri la Vita, a dare il via il campione Leonardo Fabbri - intoscana<\/title>\n<meta name=\"robots\" content=\"index, follow, max-snippet:-1, max-image-preview:large, max-video-preview:-1\" \/>\n<link rel=\"canonical\" href=\"https:\/\/www.intoscana.it\/it\/il-24-settembre-torna-corri-la-vita-a-dare-il-via-il-campione-leonardo-fabbri\/\" \/>\n<meta property=\"og:locale\" content=\"it_IT\" \/>\n<meta property=\"og:type\" content=\"article\" \/>\n<meta property=\"og:title\" content=\"Il 24 settembre torna Corri la Vita, a dare il via il campione Leonardo Fabbri\" \/>\n<meta property=\"og:description\" content=\"Partenza dalle Cascine, arrivo in Piazza della Signoria e due percorsi di lunghezza diverse tra le bellezze di Firenze. Tante le iniziative di prevenzione in collaborazione con LILT e ISPRO\" \/>\n<meta property=\"og:url\" content=\"https:\/\/www.intoscana.it\/it\/il-24-settembre-torna-corri-la-vita-a-dare-il-via-il-campione-leonardo-fabbri\/\" \/>\n<meta property=\"og:site_name\" content=\"intoscana\" \/>\n<meta property=\"article:publisher\" content=\"https:\/\/www.facebook.com\/intoscana.it\" \/>\n<meta property=\"article:published_time\" content=\"2023-09-14T12:51:17+00:00\" \/>\n<meta property=\"article:modified_time\" content=\"2023-09-19T09:25:33+00:00\" \/>\n<meta property=\"og:image\" content=\"https:\/\/www.intoscana.it\/wp-content\/uploads\/01_Leonardo-Fabbri-Starter-CLV-2023-1.jpg\" \/>\n\t<meta property=\"og:image:width\" content=\"891\" \/>\n\t<meta property=\"og:image:height\" content=\"1054\" \/>\n\t<meta property=\"og:image:type\" content=\"image\/jpeg\" \/>\n<meta name=\"author\" content=\"Redazione\" \/>\n<meta name=\"twitter:card\" content=\"summary_large_image\" \/>\n<meta name=\"twitter:creator\" content=\"@intoscana\" \/>\n<meta name=\"twitter:site\" content=\"@intoscana\" \/>\n<meta name=\"twitter:label1\" content=\"Written by\" \/>\n\t<meta name=\"twitter:data1\" content=\"Redazione\" \/>\n\t<meta name=\"twitter:label2\" content=\"Est. reading time\" \/>\n\t<meta name=\"twitter:data2\" content=\"4 minuti\" \/>\n<script type=\"application\/ld+json\" class=\"yoast-schema-graph\">{\"@context\":\"https:\/\/schema.org\",\"@graph\":[{\"@type\":\"WebPage\",\"@id\":\"https:\/\/www.intoscana.it\/it\/il-24-settembre-torna-corri-la-vita-a-dare-il-via-il-campione-leonardo-fabbri\/\",\"url\":\"https:\/\/www.intoscana.it\/it\/il-24-settembre-torna-corri-la-vita-a-dare-il-via-il-campione-leonardo-fabbri\/\",\"name\":\"Il 24 settembre torna Corri la Vita, a dare il via il campione Leonardo Fabbri - intoscana\",\"isPartOf\":{\"@id\":\"https:\/\/www.intoscana.it\/it\/#website\"},\"primaryImageOfPage\":{\"@id\":\"https:\/\/www.intoscana.it\/it\/il-24-settembre-torna-corri-la-vita-a-dare-il-via-il-campione-leonardo-fabbri\/#primaryimage\"},\"image\":{\"@id\":\"https:\/\/www.intoscana.it\/it\/il-24-settembre-torna-corri-la-vita-a-dare-il-via-il-campione-leonardo-fabbri\/#primaryimage\"},\"thumbnailUrl\":\"https:\/\/www.intoscana.it\/wp-content\/uploads\/01_Leonardo-Fabbri-Starter-CLV-2023-1.jpg\",\"datePublished\":\"2023-09-14T12:51:17+00:00\",\"dateModified\":\"2023-09-19T09:25:33+00:00\",\"author\":{\"@id\":\"https:\/\/www.intoscana.it\/it\/#\/schema\/person\/9223810753230f20bd670fdd322661f8\"},\"breadcrumb\":{\"@id\":\"https:\/\/www.intoscana.it\/it\/il-24-settembre-torna-corri-la-vita-a-dare-il-via-il-campione-leonardo-fabbri\/#breadcrumb\"},\"inLanguage\":\"it-IT\",\"potentialAction\":[{\"@type\":\"ReadAction\",\"target\":[\"https:\/\/www.intoscana.it\/it\/il-24-settembre-torna-corri-la-vita-a-dare-il-via-il-campione-leonardo-fabbri\/\"]}]},{\"@type\":\"ImageObject\",\"inLanguage\":\"it-IT\",\"@id\":\"https:\/\/www.intoscana.it\/it\/il-24-settembre-torna-corri-la-vita-a-dare-il-via-il-campione-leonardo-fabbri\/#primaryimage\",\"url\":\"https:\/\/www.intoscana.it\/wp-content\/uploads\/01_Leonardo-Fabbri-Starter-CLV-2023-1.jpg\",\"contentUrl\":\"https:\/\/www.intoscana.it\/wp-content\/uploads\/01_Leonardo-Fabbri-Starter-CLV-2023-1.jpg\",\"width\":891,\"height\":1054},{\"@type\":\"BreadcrumbList\",\"@id\":\"https:\/\/www.intoscana.it\/it\/il-24-settembre-torna-corri-la-vita-a-dare-il-via-il-campione-leonardo-fabbri\/#breadcrumb\",\"itemListElement\":[{\"@type\":\"ListItem\",\"position\":1,\"name\":\"Home\",\"item\":\"https:\/\/www.intoscana.it\/it\/\"},{\"@type\":\"ListItem\",\"position\":2,\"name\":\"Il 24 settembre torna Corri la Vita, a dare il via il campione Leonardo Fabbri\"}]},{\"@type\":\"WebSite\",\"@id\":\"https:\/\/www.intoscana.it\/it\/#website\",\"url\":\"https:\/\/www.intoscana.it\/it\/\",\"name\":\"intoscana\",\"description\":\"\",\"potentialAction\":[{\"@type\":\"SearchAction\",\"target\":{\"@type\":\"EntryPoint\",\"urlTemplate\":\"https:\/\/www.intoscana.it\/it\/?s={search_term_string}\"},\"query-input\":{\"@type\":\"PropertyValueSpecification\",\"valueRequired\":true,\"valueName\":\"search_term_string\"}}],\"inLanguage\":\"it-IT\"},{\"@type\":\"Person\",\"@id\":\"https:\/\/www.intoscana.it\/it\/#\/schema\/person\/9223810753230f20bd670fdd322661f8\",\"name\":\"Redazione\",\"url\":\"https:\/\/www.intoscana.it\/it\/author\/redazione\/\"}]}<\/script>\n<!-- \/ Yoast SEO Premium plugin. -->","yoast_head_json":{"title":"Il 24 settembre torna Corri la Vita, a dare il via il campione Leonardo Fabbri - intoscana","robots":{"index":"index","follow":"follow","max-snippet":"max-snippet:-1","max-image-preview":"max-image-preview:large","max-video-preview":"max-video-preview:-1"},"canonical":"https:\/\/www.intoscana.it\/it\/il-24-settembre-torna-corri-la-vita-a-dare-il-via-il-campione-leonardo-fabbri\/","og_locale":"it_IT","og_type":"article","og_title":"Il 24 settembre torna Corri la Vita, a dare il via il campione Leonardo Fabbri","og_description":"Partenza dalle Cascine, arrivo in Piazza della Signoria e due percorsi di lunghezza diverse tra le bellezze di Firenze. Tante le iniziative di prevenzione in collaborazione con LILT e ISPRO","og_url":"https:\/\/www.intoscana.it\/it\/il-24-settembre-torna-corri-la-vita-a-dare-il-via-il-campione-leonardo-fabbri\/","og_site_name":"intoscana","article_publisher":"https:\/\/www.facebook.com\/intoscana.it","article_published_time":"2023-09-14T12:51:17+00:00","article_modified_time":"2023-09-19T09:25:33+00:00","og_image":[{"width":891,"height":1054,"url":"https:\/\/www.intoscana.it\/wp-content\/uploads\/01_Leonardo-Fabbri-Starter-CLV-2023-1.jpg","type":"image\/jpeg"}],"author":"Redazione","twitter_card":"summary_large_image","twitter_creator":"@intoscana","twitter_site":"@intoscana","twitter_misc":{"Written by":"Redazione","Est. reading time":"4 minuti"},"schema":{"@context":"https:\/\/schema.org","@graph":[{"@type":"WebPage","@id":"https:\/\/www.intoscana.it\/it\/il-24-settembre-torna-corri-la-vita-a-dare-il-via-il-campione-leonardo-fabbri\/","url":"https:\/\/www.intoscana.it\/it\/il-24-settembre-torna-corri-la-vita-a-dare-il-via-il-campione-leonardo-fabbri\/","name":"Il 24 settembre torna Corri la Vita, a dare il via il campione Leonardo Fabbri - intoscana","isPartOf":{"@id":"https:\/\/www.intoscana.it\/it\/#website"},"primaryImageOfPage":{"@id":"https:\/\/www.intoscana.it\/it\/il-24-settembre-torna-corri-la-vita-a-dare-il-via-il-campione-leonardo-fabbri\/#primaryimage"},"image":{"@id":"https:\/\/www.intoscana.it\/it\/il-24-settembre-torna-corri-la-vita-a-dare-il-via-il-campione-leonardo-fabbri\/#primaryimage"},"thumbnailUrl":"https:\/\/www.intoscana.it\/wp-content\/uploads\/01_Leonardo-Fabbri-Starter-CLV-2023-1.jpg","datePublished":"2023-09-14T12:51:17+00:00","dateModified":"2023-09-19T09:25:33+00:00","author":{"@id":"https:\/\/www.intoscana.it\/it\/#\/schema\/person\/9223810753230f20bd670fdd322661f8"},"breadcrumb":{"@id":"https:\/\/www.intoscana.it\/it\/il-24-settembre-torna-corri-la-vita-a-dare-il-via-il-campione-leonardo-fabbri\/#breadcrumb"},"inLanguage":"it-IT","potentialAction":[{"@type":"ReadAction","target":["https:\/\/www.intoscana.it\/it\/il-24-settembre-torna-corri-la-vita-a-dare-il-via-il-campione-leonardo-fabbri\/"]}]},{"@type":"ImageObject","inLanguage":"it-IT","@id":"https:\/\/www.intoscana.it\/it\/il-24-settembre-torna-corri-la-vita-a-dare-il-via-il-campione-leonardo-fabbri\/#primaryimage","url":"https:\/\/www.intoscana.it\/wp-content\/uploads\/01_Leonardo-Fabbri-Starter-CLV-2023-1.jpg","contentUrl":"https:\/\/www.intoscana.it\/wp-content\/uploads\/01_Leonardo-Fabbri-Starter-CLV-2023-1.jpg","width":891,"height":1054},{"@type":"BreadcrumbList","@id":"https:\/\/www.intoscana.it\/it\/il-24-settembre-torna-corri-la-vita-a-dare-il-via-il-campione-leonardo-fabbri\/#breadcrumb","itemListElement":[{"@type":"ListItem","position":1,"name":"Home","item":"https:\/\/www.intoscana.it\/it\/"},{"@type":"ListItem","position":2,"name":"Il 24 settembre torna Corri la Vita, a dare il via il campione Leonardo Fabbri"}]},{"@type":"WebSite","@id":"https:\/\/www.intoscana.it\/it\/#website","url":"https:\/\/www.intoscana.it\/it\/","name":"intoscana","description":"","potentialAction":[{"@type":"SearchAction","target":{"@type":"EntryPoint","urlTemplate":"https:\/\/www.intoscana.it\/it\/?s={search_term_string}"},"query-input":{"@type":"PropertyValueSpecification","valueRequired":true,"valueName":"search_term_string"}}],"inLanguage":"it-IT"},{"@type":"Person","@id":"https:\/\/www.intoscana.it\/it\/#\/schema\/person\/9223810753230f20bd670fdd322661f8","name":"Redazione","url":"https:\/\/www.intoscana.it\/it\/author\/redazione\/"}]}},"_links":{"self":[{"href":"https:\/\/www.intoscana.it\/it\/wp-json\/wp\/v2\/posts\/304891","targetHints":{"allow":["GET"]}}],"collection":[{"href":"https:\/\/www.intoscana.it\/it\/wp-json\/wp\/v2\/posts"}],"about":[{"href":"https:\/\/www.intoscana.it\/it\/wp-json\/wp\/v2\/types\/post"}],"author":[{"embeddable":true,"href":"https:\/\/www.intoscana.it\/it\/wp-json\/wp\/v2\/users\/525"}],"replies":[{"embeddable":true,"href":"https:\/\/www.intoscana.it\/it\/wp-json\/wp\/v2\/comments?post=304891"}],"version-history":[{"count":0,"href":"https:\/\/www.intoscana.it\/it\/wp-json\/wp\/v2\/posts\/304891\/revisions"}],"wp:featuredmedia":[{"embeddable":true,"href":"https:\/\/www.intoscana.it\/it\/wp-json\/wp\/v2\/media\/304899"}],"wp:attachment":[{"href":"https:\/\/www.intoscana.it\/it\/wp-json\/wp\/v2\/media?parent=304891"}],"wp:term":[{"taxonomy":"category","embeddable":true,"href":"https:\/\/www.intoscana.it\/it\/wp-json\/wp\/v2\/categories?post=304891"},{"taxonomy":"post_tag","embeddable":true,"href":"https:\/\/www.intoscana.it\/it\/wp-json\/wp\/v2\/tags?post=304891"}],"curies":[{"name":"wp","href":"https:\/\/api.w.org\/{rel}","templated":true}]}}