{"id":304958,"date":"2023-09-15T13:40:17","date_gmt":"2023-09-15T11:40:17","guid":{"rendered":"https:\/\/www.intoscana.it\/it\/?p=304958"},"modified":"2023-09-15T14:59:11","modified_gmt":"2023-09-15T12:59:11","slug":"siena-al-via-il-cantiere-scuola-per-il-restauro-della-fonte-gaia-di-tito-sarrocchi","status":"publish","type":"post","link":"https:\/\/www.intoscana.it\/it\/siena-al-via-il-cantiere-scuola-per-il-restauro-della-fonte-gaia-di-tito-sarrocchi\/","title":{"rendered":"Siena, al via il cantiere-scuola per il restauro della Fonte Gaia di Tito Sarrocchi"},"content":{"rendered":"<p>Sta per partire in <strong>piazza del Campo a Siena<\/strong> un <strong>cantiere-scuola<\/strong> per restituire all&#8217;antico splendore la<strong> Fonte Gaia di Tito Sarrocchi<\/strong> opera inestimabile, vero e proprio <strong>simbolo della piazza e di tutta la citt\u00e0.<\/strong><\/p>\n<p>Per l\u2019intero lavoro di pulizia e ripristino che sar\u00e0 eseguito dagli allievi della<strong> Scuola Edile di Siena<\/strong>, occorreranno<strong> 60.000 euro<\/strong>, in parte finanziati dal contributo erogato dalla <strong>Fondazione Monte dei Paschi di Siena e del Comune di Siena. <\/strong><\/p>\n<p>Oltre ai contributi pubblici \u00e8 stata attivata <strong>una campagna di fundraising,<\/strong> saranno dunque le imprese e i cittadini che con i loro contributi potranno diventare <strong>co-protagonisti del restauro di Fonte Gaia.<\/strong><\/p>\n<p>L\u2019appello rivolto alla citt\u00e0 <strong>ha gi\u00e0 suscitato l\u2019impegno civico di imprese, enti e cittadini<\/strong> che hanno gi\u00e0 aderito al progetto manifestando la volont\u00e0 di sostenere economicamente il restauro.<\/p>\n<p><em>\u201cQuesto progetto fortemente sostenuto dall\u2019amministrazione comunale riguarda uno dei luoghi simboli della citt\u00e0, un monumento che arricchisce non solo lo sguardo ma anche il valore storico-artistico di tutta Piazza del Campo \u2013<\/em><strong> spiega il vicesindaco del Comune di Siena Michele Capitani<\/strong><em> \u2013. La Fonte Gaia appartiene alla piazza e a tutta la nostra comunit\u00e0, proprio per questo la risposta di pubblico e privato rivolta a questo ambizioso progetto \u00e8 stata una reazione importante, non soltanto in termini economici. Preziosa la collaborazione con la Scuola Edile Senese e i suoi tecnici, cos\u00ec come con le altre istituzioni del territorio. Il restauro, che vedr\u00e0 coinvolta la Fonte, permetter\u00e0 nel suo allestimento di essere vissuto e compreso da cittadini e visitatori, nel rispetto dell\u2019ambiente circostante e in piena sintonia con la storia di questa citt\u00e0\u201d.<\/em><\/p>\n<h3>Il restauro<\/h3>\n<p>Un gruppo di tecnici, coordinati da <strong>Stefano Landi docente esperto restauratore,<\/strong> dal mese di ottobre lavorer\u00e0 con gli allievi al cantiere. Gli interventi<strong> dovrebbero terminare entro la fine dell\u2019anno. <\/strong><\/p>\n<p><strong>Il cantiere-scuola alla Fonte Gaia in Piazza del Campo a Siena<\/strong> sar\u00e0 organizzato e allestito con il rispetto delle norme di sicurezza e di compatibilit\u00e0 ambientale, secondo quanto previsto per i beni di interesse storico architettonico paesaggistico.<\/p>\n<p><em>\u201cForti della positiva esperienza del progetto di restauro del Monumento ai Caduti delle Guerre di Indipendenza \u2018Una donna di Nome Italia\u2019 \u2013 <\/em><strong>sottolinea il presidente della Scuola Edile di Siena Giannetto Marchettini \u2013<\/strong><em>, abbiamo deciso di intervenire per il recupero di Fonte Gaia. Il cantiere-scuola alla Fonte Gaia, eccellente sintesi tra storia, societ\u00e0, economia, ricerca e buone pratiche, coinvolger\u00e0 professionisti affermati accanto ai pi\u00f9 giovani. Si salvaguarderanno tecniche a rischio scomparsa, favorendo il ricambio generazionale. Nei suoi trenta anni di storia \u2013 <\/em><strong>prosegue Giannetto Marchettini <\/strong><em>-, la Scuola Edile si \u00e8 adeguata alle esigenze del settore delle costruzioni, espressioni dei bisogni e dello sviluppo della societ\u00e0. Il restauro di Fonte Gaia, secondo la nostra strategia di sviluppare sinergie, \u00e8 sostenuto dalla consapevolezza di promuovere una pi\u00f9 matura fruizione dei beni comuni. L\u2019immenso patrimonio storico-artistico rappresenta una ricchezza della comunit\u00e0: preservarlo \u00e8 condizione imprescindibile per la sua disponibilit\u00e0, promozione e trasmissione. Sono certo che il nostro appello di partecipazione alla comunit\u00e0 senese sar\u00e0 ancora accolto\u201d.<\/em><\/p>\n<p><strong>Il restauro di Fonte Gaia<\/strong> consolida il rapporto costruito nel tempo tra il ricco patrimonio architettonico storico artistico di Siena e la<strong> Scuola Edile di Siena,<\/strong> gi\u00e0 protagonista, con il <strong>vasto programma dei suoi percorsi formativi,<\/strong> di interventi su beni artistici e architettonici della citt\u00e0.<\/p>\n<p>Siu va dal restauro di <strong>Fontenuova d\u2019Ovile<\/strong> (1992 -1994) a quello del <strong>Bastione San Filippo della Fortezza Medicea<\/strong> (1995), passando per la riqualificazione dell\u2019area circostante le fonti di <strong>Fontebranda<\/strong> (1993-1994), fino ad arrivare al restauro sulla scultura del <strong>Cristo Re presso il Cimitero Monumentale della Misericordia<\/strong> (2020), ed al recente intervento del <strong>monumento ai caduti della Guerra di Indipendenza<\/strong> opera sempre di Tito Sarrocchi (2022).<\/p>\n<h3>La Fonte Gaia<\/h3>\n<p><strong>Fonte Gaia, opera di Tito Sarrocchi<\/strong>, sostitu\u00ec in Piazza del Campo nel 1869 l\u2019originale Fonte realizzata da <strong>Jacopo della Quercia tra il 1409 ed il 1419. <\/strong><\/p>\n<p>Posizionata in quell\u2019anno, <strong>sub\u00ec un intenso degrado, per la vita quotidiana in Piazza del Campo<\/strong> e per il debole materiale impiegato per la sua realizzazione.<\/p>\n<p>Cos\u00ec, <strong>nel 1858 fu deciso di sostituire la Fonte di Jacopo con una copia<\/strong> realizzata con il pi\u00f9 forte <strong>marmo di Carrara,<\/strong> commissionata allo scultore purista senese<strong> Tito Sarrocchi.<\/strong><\/p>\n<p>&nbsp;<\/p>\n<p>&nbsp;<\/p>\n","protected":false},"excerpt":{"rendered":"<p>Un gruppo di tecnici, coordinati da Stefano Landi docente esperto restauratore, dal mese di ottobre lavorer\u00e0 con gli allievi della Scuola Edile di Siena al cantiere in piazza del Campo. Gli interventi dovrebbero terminare entro la fine dell\u2019anno<\/p>\n","protected":false},"author":518,"featured_media":141639,"comment_status":"open","ping_status":"open","sticky":false,"template":"","format":"standard","meta":{"_acf_changed":false,"footnotes":""},"categories":[493],"tags":[5246,164],"class_list":["post-304958","post","type-post","status-publish","format-standard","has-post-thumbnail","hentry","category-cultura","tag-restauro","tag-siena"],"acf":[],"yoast_head":"<!-- This site is optimized with the Yoast SEO Premium plugin v24.2 (Yoast SEO v25.6) - https:\/\/yoast.com\/wordpress\/plugins\/seo\/ -->\n<title>Siena, al via il cantiere-scuola per il restauro della Fonte Gaia di Tito Sarrocchi - intoscana<\/title>\n<meta name=\"description\" content=\"Un gruppo di tecnici, coordinati da Stefano Landi docente esperto restauratore, dal mese di ottobre lavorer\u00e0 con gli allievi al cantiere\" \/>\n<meta name=\"robots\" content=\"index, follow, max-snippet:-1, max-image-preview:large, max-video-preview:-1\" \/>\n<link rel=\"canonical\" href=\"https:\/\/www.intoscana.it\/it\/siena-al-via-il-cantiere-scuola-per-il-restauro-della-fonte-gaia-di-tito-sarrocchi\/\" \/>\n<meta property=\"og:locale\" content=\"it_IT\" \/>\n<meta property=\"og:type\" content=\"article\" \/>\n<meta property=\"og:title\" content=\"Siena, al via il cantiere-scuola per il restauro della Fonte Gaia di Tito Sarrocchi\" \/>\n<meta property=\"og:description\" content=\"Un gruppo di tecnici, coordinati da Stefano Landi docente esperto restauratore, dal mese di ottobre lavorer\u00e0 con gli allievi al cantiere\" \/>\n<meta property=\"og:url\" content=\"https:\/\/www.intoscana.it\/it\/siena-al-via-il-cantiere-scuola-per-il-restauro-della-fonte-gaia-di-tito-sarrocchi\/\" \/>\n<meta property=\"og:site_name\" content=\"intoscana\" \/>\n<meta property=\"article:publisher\" content=\"https:\/\/www.facebook.com\/intoscana.it\" \/>\n<meta property=\"article:published_time\" content=\"2023-09-15T11:40:17+00:00\" \/>\n<meta property=\"article:modified_time\" content=\"2023-09-15T12:59:11+00:00\" \/>\n<meta property=\"og:image\" content=\"https:\/\/www.intoscana.it\/wp-content\/uploads\/fonte-gaia-siena.jpg\" \/>\n\t<meta property=\"og:image:width\" content=\"1000\" \/>\n\t<meta property=\"og:image:height\" content=\"750\" \/>\n\t<meta property=\"og:image:type\" content=\"image\/jpeg\" \/>\n<meta name=\"author\" content=\"Costanza Baldini\" \/>\n<meta name=\"twitter:card\" content=\"summary_large_image\" \/>\n<meta name=\"twitter:creator\" content=\"@intoscana\" \/>\n<meta name=\"twitter:site\" content=\"@intoscana\" \/>\n<meta name=\"twitter:label1\" content=\"Written by\" \/>\n\t<meta name=\"twitter:data1\" content=\"Costanza Baldini\" \/>\n\t<meta name=\"twitter:label2\" content=\"Est. reading time\" \/>\n\t<meta name=\"twitter:data2\" content=\"3 minuti\" \/>\n<script type=\"application\/ld+json\" class=\"yoast-schema-graph\">{\"@context\":\"https:\/\/schema.org\",\"@graph\":[{\"@type\":\"WebPage\",\"@id\":\"https:\/\/www.intoscana.it\/it\/siena-al-via-il-cantiere-scuola-per-il-restauro-della-fonte-gaia-di-tito-sarrocchi\/\",\"url\":\"https:\/\/www.intoscana.it\/it\/siena-al-via-il-cantiere-scuola-per-il-restauro-della-fonte-gaia-di-tito-sarrocchi\/\",\"name\":\"Siena, al via il cantiere-scuola per il restauro della Fonte Gaia di Tito Sarrocchi - intoscana\",\"isPartOf\":{\"@id\":\"https:\/\/www.intoscana.it\/it\/#website\"},\"primaryImageOfPage\":{\"@id\":\"https:\/\/www.intoscana.it\/it\/siena-al-via-il-cantiere-scuola-per-il-restauro-della-fonte-gaia-di-tito-sarrocchi\/#primaryimage\"},\"image\":{\"@id\":\"https:\/\/www.intoscana.it\/it\/siena-al-via-il-cantiere-scuola-per-il-restauro-della-fonte-gaia-di-tito-sarrocchi\/#primaryimage\"},\"thumbnailUrl\":\"https:\/\/www.intoscana.it\/wp-content\/uploads\/fonte-gaia-siena.jpg\",\"datePublished\":\"2023-09-15T11:40:17+00:00\",\"dateModified\":\"2023-09-15T12:59:11+00:00\",\"author\":{\"@id\":\"https:\/\/www.intoscana.it\/it\/#\/schema\/person\/d469f35f09739bdf00bf5dd3f0647a82\"},\"description\":\"Un gruppo di tecnici, coordinati da Stefano Landi docente esperto restauratore, dal mese di ottobre lavorer\u00e0 con gli allievi al cantiere\",\"breadcrumb\":{\"@id\":\"https:\/\/www.intoscana.it\/it\/siena-al-via-il-cantiere-scuola-per-il-restauro-della-fonte-gaia-di-tito-sarrocchi\/#breadcrumb\"},\"inLanguage\":\"it-IT\",\"potentialAction\":[{\"@type\":\"ReadAction\",\"target\":[\"https:\/\/www.intoscana.it\/it\/siena-al-via-il-cantiere-scuola-per-il-restauro-della-fonte-gaia-di-tito-sarrocchi\/\"]}]},{\"@type\":\"ImageObject\",\"inLanguage\":\"it-IT\",\"@id\":\"https:\/\/www.intoscana.it\/it\/siena-al-via-il-cantiere-scuola-per-il-restauro-della-fonte-gaia-di-tito-sarrocchi\/#primaryimage\",\"url\":\"https:\/\/www.intoscana.it\/wp-content\/uploads\/fonte-gaia-siena.jpg\",\"contentUrl\":\"https:\/\/www.intoscana.it\/wp-content\/uploads\/fonte-gaia-siena.jpg\",\"width\":1000,\"height\":750,\"caption\":\"Tour tra le acciughe sotto pesto e le fonti medievali, ecco cosa fare a Siena nel week end.\"},{\"@type\":\"BreadcrumbList\",\"@id\":\"https:\/\/www.intoscana.it\/it\/siena-al-via-il-cantiere-scuola-per-il-restauro-della-fonte-gaia-di-tito-sarrocchi\/#breadcrumb\",\"itemListElement\":[{\"@type\":\"ListItem\",\"position\":1,\"name\":\"Home\",\"item\":\"https:\/\/www.intoscana.it\/it\/\"},{\"@type\":\"ListItem\",\"position\":2,\"name\":\"Siena, al via il cantiere-scuola per il restauro della Fonte Gaia di Tito Sarrocchi\"}]},{\"@type\":\"WebSite\",\"@id\":\"https:\/\/www.intoscana.it\/it\/#website\",\"url\":\"https:\/\/www.intoscana.it\/it\/\",\"name\":\"intoscana\",\"description\":\"\",\"potentialAction\":[{\"@type\":\"SearchAction\",\"target\":{\"@type\":\"EntryPoint\",\"urlTemplate\":\"https:\/\/www.intoscana.it\/it\/?s={search_term_string}\"},\"query-input\":{\"@type\":\"PropertyValueSpecification\",\"valueRequired\":true,\"valueName\":\"search_term_string\"}}],\"inLanguage\":\"it-IT\"},{\"@type\":\"Person\",\"@id\":\"https:\/\/www.intoscana.it\/it\/#\/schema\/person\/d469f35f09739bdf00bf5dd3f0647a82\",\"name\":\"Costanza Baldini\",\"url\":\"https:\/\/www.intoscana.it\/it\/author\/costanza-baldini\/\"}]}<\/script>\n<!-- \/ Yoast SEO Premium plugin. -->","yoast_head_json":{"title":"Siena, al via il cantiere-scuola per il restauro della Fonte Gaia di Tito Sarrocchi - intoscana","description":"Un gruppo di tecnici, coordinati da Stefano Landi docente esperto restauratore, dal mese di ottobre lavorer\u00e0 con gli allievi al cantiere","robots":{"index":"index","follow":"follow","max-snippet":"max-snippet:-1","max-image-preview":"max-image-preview:large","max-video-preview":"max-video-preview:-1"},"canonical":"https:\/\/www.intoscana.it\/it\/siena-al-via-il-cantiere-scuola-per-il-restauro-della-fonte-gaia-di-tito-sarrocchi\/","og_locale":"it_IT","og_type":"article","og_title":"Siena, al via il cantiere-scuola per il restauro della Fonte Gaia di Tito Sarrocchi","og_description":"Un gruppo di tecnici, coordinati da Stefano Landi docente esperto restauratore, dal mese di ottobre lavorer\u00e0 con gli allievi al cantiere","og_url":"https:\/\/www.intoscana.it\/it\/siena-al-via-il-cantiere-scuola-per-il-restauro-della-fonte-gaia-di-tito-sarrocchi\/","og_site_name":"intoscana","article_publisher":"https:\/\/www.facebook.com\/intoscana.it","article_published_time":"2023-09-15T11:40:17+00:00","article_modified_time":"2023-09-15T12:59:11+00:00","og_image":[{"width":1000,"height":750,"url":"https:\/\/www.intoscana.it\/wp-content\/uploads\/fonte-gaia-siena.jpg","type":"image\/jpeg"}],"author":"Costanza Baldini","twitter_card":"summary_large_image","twitter_creator":"@intoscana","twitter_site":"@intoscana","twitter_misc":{"Written by":"Costanza Baldini","Est. reading time":"3 minuti"},"schema":{"@context":"https:\/\/schema.org","@graph":[{"@type":"WebPage","@id":"https:\/\/www.intoscana.it\/it\/siena-al-via-il-cantiere-scuola-per-il-restauro-della-fonte-gaia-di-tito-sarrocchi\/","url":"https:\/\/www.intoscana.it\/it\/siena-al-via-il-cantiere-scuola-per-il-restauro-della-fonte-gaia-di-tito-sarrocchi\/","name":"Siena, al via il cantiere-scuola per il restauro della Fonte Gaia di Tito Sarrocchi - intoscana","isPartOf":{"@id":"https:\/\/www.intoscana.it\/it\/#website"},"primaryImageOfPage":{"@id":"https:\/\/www.intoscana.it\/it\/siena-al-via-il-cantiere-scuola-per-il-restauro-della-fonte-gaia-di-tito-sarrocchi\/#primaryimage"},"image":{"@id":"https:\/\/www.intoscana.it\/it\/siena-al-via-il-cantiere-scuola-per-il-restauro-della-fonte-gaia-di-tito-sarrocchi\/#primaryimage"},"thumbnailUrl":"https:\/\/www.intoscana.it\/wp-content\/uploads\/fonte-gaia-siena.jpg","datePublished":"2023-09-15T11:40:17+00:00","dateModified":"2023-09-15T12:59:11+00:00","author":{"@id":"https:\/\/www.intoscana.it\/it\/#\/schema\/person\/d469f35f09739bdf00bf5dd3f0647a82"},"description":"Un gruppo di tecnici, coordinati da Stefano Landi docente esperto restauratore, dal mese di ottobre lavorer\u00e0 con gli allievi al cantiere","breadcrumb":{"@id":"https:\/\/www.intoscana.it\/it\/siena-al-via-il-cantiere-scuola-per-il-restauro-della-fonte-gaia-di-tito-sarrocchi\/#breadcrumb"},"inLanguage":"it-IT","potentialAction":[{"@type":"ReadAction","target":["https:\/\/www.intoscana.it\/it\/siena-al-via-il-cantiere-scuola-per-il-restauro-della-fonte-gaia-di-tito-sarrocchi\/"]}]},{"@type":"ImageObject","inLanguage":"it-IT","@id":"https:\/\/www.intoscana.it\/it\/siena-al-via-il-cantiere-scuola-per-il-restauro-della-fonte-gaia-di-tito-sarrocchi\/#primaryimage","url":"https:\/\/www.intoscana.it\/wp-content\/uploads\/fonte-gaia-siena.jpg","contentUrl":"https:\/\/www.intoscana.it\/wp-content\/uploads\/fonte-gaia-siena.jpg","width":1000,"height":750,"caption":"Tour tra le acciughe sotto pesto e le fonti medievali, ecco cosa fare a Siena nel week end."},{"@type":"BreadcrumbList","@id":"https:\/\/www.intoscana.it\/it\/siena-al-via-il-cantiere-scuola-per-il-restauro-della-fonte-gaia-di-tito-sarrocchi\/#breadcrumb","itemListElement":[{"@type":"ListItem","position":1,"name":"Home","item":"https:\/\/www.intoscana.it\/it\/"},{"@type":"ListItem","position":2,"name":"Siena, al via il cantiere-scuola per il restauro della Fonte Gaia di Tito Sarrocchi"}]},{"@type":"WebSite","@id":"https:\/\/www.intoscana.it\/it\/#website","url":"https:\/\/www.intoscana.it\/it\/","name":"intoscana","description":"","potentialAction":[{"@type":"SearchAction","target":{"@type":"EntryPoint","urlTemplate":"https:\/\/www.intoscana.it\/it\/?s={search_term_string}"},"query-input":{"@type":"PropertyValueSpecification","valueRequired":true,"valueName":"search_term_string"}}],"inLanguage":"it-IT"},{"@type":"Person","@id":"https:\/\/www.intoscana.it\/it\/#\/schema\/person\/d469f35f09739bdf00bf5dd3f0647a82","name":"Costanza Baldini","url":"https:\/\/www.intoscana.it\/it\/author\/costanza-baldini\/"}]}},"_links":{"self":[{"href":"https:\/\/www.intoscana.it\/it\/wp-json\/wp\/v2\/posts\/304958","targetHints":{"allow":["GET"]}}],"collection":[{"href":"https:\/\/www.intoscana.it\/it\/wp-json\/wp\/v2\/posts"}],"about":[{"href":"https:\/\/www.intoscana.it\/it\/wp-json\/wp\/v2\/types\/post"}],"author":[{"embeddable":true,"href":"https:\/\/www.intoscana.it\/it\/wp-json\/wp\/v2\/users\/518"}],"replies":[{"embeddable":true,"href":"https:\/\/www.intoscana.it\/it\/wp-json\/wp\/v2\/comments?post=304958"}],"version-history":[{"count":0,"href":"https:\/\/www.intoscana.it\/it\/wp-json\/wp\/v2\/posts\/304958\/revisions"}],"wp:featuredmedia":[{"embeddable":true,"href":"https:\/\/www.intoscana.it\/it\/wp-json\/wp\/v2\/media\/141639"}],"wp:attachment":[{"href":"https:\/\/www.intoscana.it\/it\/wp-json\/wp\/v2\/media?parent=304958"}],"wp:term":[{"taxonomy":"category","embeddable":true,"href":"https:\/\/www.intoscana.it\/it\/wp-json\/wp\/v2\/categories?post=304958"},{"taxonomy":"post_tag","embeddable":true,"href":"https:\/\/www.intoscana.it\/it\/wp-json\/wp\/v2\/tags?post=304958"}],"curies":[{"name":"wp","href":"https:\/\/api.w.org\/{rel}","templated":true}]}}