{"id":305057,"date":"2023-09-15T14:33:28","date_gmt":"2023-09-15T12:33:28","guid":{"rendered":"https:\/\/www.intoscana.it\/it\/?p=305057"},"modified":"2023-09-15T14:35:57","modified_gmt":"2023-09-15T12:35:57","slug":"il-festival-puccini-di-torre-del-lago-celebra-nel-2024-i-100-anni-dalla-morte-del-grande-compositore-toscano","status":"publish","type":"post","link":"https:\/\/www.intoscana.it\/it\/il-festival-puccini-di-torre-del-lago-celebra-nel-2024-i-100-anni-dalla-morte-del-grande-compositore-toscano\/","title":{"rendered":"Il Festival Puccini di Torre del Lago celebra nel 2024 i 100 anni dalla morte del Maestro"},"content":{"rendered":"<p>Nel 2024 saranno <strong>cento anni dalla morte di Giacomo Puccini<\/strong> uno dei pi\u00f9 grandi compositori al mondo, nato a Lucca il 22 dicembre 1858 e <strong>scomparso a Bruxelles il 29 novembre 1924.<\/strong><\/p>\n<p>Per celebrare il Maestro il <a href=\"https:\/\/www.puccinifestival.it\/\" target=\"_blank\" rel=\"noopener\" class=\"broken_link\"><strong>Festival Puccini di Torre del Lago<\/strong><\/a> alla sua <strong>70esima edizione<\/strong> ha presentato un cartellone con la <strong>direzione artistica di Pier Luigi Pizzi,<\/strong> che ripercorr\u00e0 la parabola artistica di <strong>Puccini<\/strong> con <strong>sei Opere in scena dal 12 luglio al 24 agosto.<\/strong><\/p>\n<h3>Il programma<\/h3>\n<p>Saranno in scena <strong>dal 12 luglio al 24 agosto sei titoli pucciniani<\/strong> che nell\u2019ordine della loro presentazione al pubblico saranno<strong><em> Le Villi ed Edgar<\/em><\/strong> in un dittico nella stessa serata, <em><strong>Manon Lescaut , la Boh\u00e8me, \u00a0Tosca<\/strong> <\/em>e l&#8217;incompiuta <em><strong>Turandot<\/strong> <\/em>che terminer\u00e0 con la celebre struggente nota dell&#8217;ottavino che commenta la morte di Li\u00f9.<\/p>\n<p>Il cartellone tratteggia il percorso artistico di Puccini, dall\u2019opera d&#8217;esordio <strong>Le Villi (del 1884)<\/strong> del ventiseienne Giacomo, scritta su suggerimento del suo insegnante di conservatorio Amilcare Ponchielli e con la quale il pur giovane musicista si fece notare per la forza della scrittura sinfonica.<\/p>\n<p><strong>Le Villi<\/strong> sar\u00e0 in scena in dittico nella stessa sera con <strong>Edgar,<\/strong> titolo che rappresenta <strong>una rarit\u00e0 sul palcoscenico operistico nazionale ed internazionale, <\/strong>sono trascorsi 16 anni dalla sua ultima presentazione al Festival Puccini.<\/p>\n<p>Si tratta della<strong> seconda opera di Giacomo Puccini,<\/strong> che ebbe la sua prima al Teatro alla Scala di Milano la sera del 21 aprile 1889, una partitura che non dava ancora la misura del suo talento ma che non manc\u00f2 di raccogliere giudizi positivi e di apprezzamento dal pubblico e dalla critica.<\/p>\n<p>Seguir\u00e0 l\u2019opera della maturit\u00e0 artistica di Giacomo Puccini <strong>Manon Lescaut <\/strong>con cui esplose e si impose il genio pucciniano, presentata in due serate.<\/p>\n<p>Il programma prosegue poi con due nuovi allestimenti de <strong>La Boh\u00e8me e Tosca.<\/strong><\/p>\n<p>Il <strong>Festival Puccini<\/strong> proporr\u00e0 in agosto per quattro rappresentazioni l\u2019opera senza finale <strong>Turandot<\/strong> con cui Puccini concluse prematuramente la sua carriera di grande operista.<\/p>\n<p><strong>Un lavoro incompiuto<\/strong> rispetto al quale sono molti a credere alle <strong>difficolt\u00e0 del compositore a trovare un lieto fine<\/strong> dopo la pagina musicale di assoluta intensit\u00e0 per la morte di Li\u00f9.<\/p>\n<p>Tutte le opere, ad eccezione di Manon Lescaut, che sar\u00e0 presentata in forma di concerto e di La Boh\u00e8me la cui regia sar\u00e0 di <strong>Massimo Gasparon, \u00a0<\/strong>saranno affidate per <strong>regia, scene e costumi a Pier Luigi Pizzi<\/strong> che realizzer\u00e0 <strong>un progetto tecnologicamente innovativo.<\/strong><\/p>\n<figure id=\"post-305059 media-305059\" class=\"align-none\"><img decoding=\"async\" src=\"https:\/\/www.intoscana.it\/wp-content\/uploads\/FESTIVAL-PUCCINI-2024-PRESENTAZIONE.jpg\" alt=\"\" \/><\/figure>\n<h3 class=\"titleimg\">I numeri del Festival Puccini 2023<\/h3>\n<p>Gli incassi dell&#8217;edizione appena conclusa hanno superato la previsione grazie ad <strong>un pubblico di oltre 28.000 spettatori provenienti da 59 Paesi del mondo.<\/strong><\/p>\n<p>In scena dal 14 luglio al 26 agosto, <strong>27 proposte di spettacolo per 3 nuove produzioni<\/strong> La Boh\u00e8me, Madama Butterfly e il Dittico (Tabarro e Castello di Barbabl\u00f9) e la ripresa di <strong>Turandot<\/strong> che hanno richiamato <strong>28408 spettatori<\/strong> con un incremento del 23,75% rispetto all\u2019edizione 2022 producendo <strong>un incasso da biglietteria di \u20ac 1.350.000.<\/strong><\/p>\n<p><strong>Madama Butterfly il titolo che ha riscosso unanime consenso di pubblico e critica<\/strong> il cui allestimento innovativo ha visto crescere il pubblico ad ogni recita per giungere alla sua ultima recita con un teatro quasi sold out.<\/p>\n<p><strong>Campioni di incasso La Boh\u00e8me e Turandot<\/strong> quest\u2019ultima nell\u2019allestimento frutto di una coproduzione con il Teatro Goldoni di Livorno dove sar\u00e0 in scena nella prossima stagione e proposta a Torre del Lago per il terzo anno consecutivo per la regia di Daniele Abbado.<\/p>\n<p><strong>10.434 i biglietti venduti online<\/strong> con un incremento in valore assoluto di oltre 2000 rispetto all\u2019edizione 2022 ed un indice di riempimento del Teatro che nelle 14 serate supera il 50% e si attesta al 54, 14%.<\/p>\n<p><strong>Taiwan, Hong Kong, Bahamas, Swaziland, Filippine, Brasile, Nuova Zelanda<\/strong> alcuni dei 59 Paesi di provenienza del pubblico del Festival Puccini 2023 con <strong>in testa ancora una volta la Germania seguita da Regno Unito e Paesi del Nord Europa<\/strong>.<\/p>\n<p>Numeri che attestano la notoriet\u00e0 del Festival Puccini in Italia e nel mondo e che<strong> il presidente della Regione Toscana Eugenio Giani ha premiato con il Pegaso d\u2019oro<\/strong> consegnato nella serata conclusiva del Festival Puccini 2023.<\/p>\n<figure id=\"post-305060 media-305060\" class=\"align-none\"><img decoding=\"async\" src=\"https:\/\/www.intoscana.it\/wp-content\/uploads\/image001-11.jpg\" alt=\"\" \/><\/figure>\n<div class=\"titleimg\">Festival Puccini Torre del Lago 2024<\/div>\n","protected":false},"excerpt":{"rendered":"<p>Dal 12 luglio al 24 agosto a Torre del Lago in programma sei titoli pucciniani con la direzione artistica di Pier Luigi Pizzi: Le Villi ed Edgar in un dittico nella stessa serata, Manon Lescaut, la Boh\u00e8me, Tosca e la Turandot<\/p>\n","protected":false},"author":518,"featured_media":305066,"comment_status":"open","ping_status":"open","sticky":false,"template":"","format":"standard","meta":{"_acf_changed":false,"footnotes":""},"categories":[14],"tags":[216,4474,228,277,6024,5797],"class_list":["post-305057","post","type-post","status-publish","format-standard","has-post-thumbnail","hentry","category-musica","tag-concerti","tag-eventi","tag-festival","tag-musica-classica","tag-puccini","tag-torre-del-lago"],"acf":[],"yoast_head":"<!-- This site is optimized with the Yoast SEO Premium plugin v24.2 (Yoast SEO v25.6) - https:\/\/yoast.com\/wordpress\/plugins\/seo\/ -->\n<title>Il Festival Puccini di Torre del Lago celebra nel 2024 i 100 anni dalla morte del Maestro - intoscana<\/title>\n<meta name=\"description\" content=\"Dal 12 luglio al 24 agosto a Torre del Lago in programma sei titoli pucciniani e nuove produzioni con la direzione di Pier Luigi Pizzi\" \/>\n<meta name=\"robots\" content=\"index, follow, max-snippet:-1, max-image-preview:large, max-video-preview:-1\" \/>\n<link rel=\"canonical\" href=\"https:\/\/www.intoscana.it\/it\/il-festival-puccini-di-torre-del-lago-celebra-nel-2024-i-100-anni-dalla-morte-del-grande-compositore-toscano\/\" \/>\n<meta property=\"og:locale\" content=\"it_IT\" \/>\n<meta property=\"og:type\" content=\"article\" \/>\n<meta property=\"og:title\" content=\"Il Festival Puccini di Torre del Lago celebra nel 2024 i 100 anni dalla morte del Maestro\" \/>\n<meta property=\"og:description\" content=\"Dal 12 luglio al 24 agosto a Torre del Lago in programma sei titoli pucciniani e nuove produzioni con la direzione di Pier Luigi Pizzi\" \/>\n<meta property=\"og:url\" content=\"https:\/\/www.intoscana.it\/it\/il-festival-puccini-di-torre-del-lago-celebra-nel-2024-i-100-anni-dalla-morte-del-grande-compositore-toscano\/\" \/>\n<meta property=\"og:site_name\" content=\"intoscana\" \/>\n<meta property=\"article:publisher\" content=\"https:\/\/www.facebook.com\/intoscana.it\" \/>\n<meta property=\"article:published_time\" content=\"2023-09-15T12:33:28+00:00\" \/>\n<meta property=\"article:modified_time\" content=\"2023-09-15T12:35:57+00:00\" \/>\n<meta property=\"og:image\" content=\"https:\/\/www.intoscana.it\/wp-content\/uploads\/IMG_8323-scaled-1-scaled.jpeg\" \/>\n\t<meta property=\"og:image:width\" content=\"2048\" \/>\n\t<meta property=\"og:image:height\" content=\"1536\" \/>\n\t<meta property=\"og:image:type\" content=\"image\/jpeg\" \/>\n<meta name=\"author\" content=\"Costanza Baldini\" \/>\n<meta name=\"twitter:card\" content=\"summary_large_image\" \/>\n<meta name=\"twitter:creator\" content=\"@intoscana\" \/>\n<meta name=\"twitter:site\" content=\"@intoscana\" \/>\n<meta name=\"twitter:label1\" content=\"Written by\" \/>\n\t<meta name=\"twitter:data1\" content=\"Costanza Baldini\" \/>\n\t<meta name=\"twitter:label2\" content=\"Est. reading time\" \/>\n\t<meta name=\"twitter:data2\" content=\"3 minuti\" \/>\n<script type=\"application\/ld+json\" class=\"yoast-schema-graph\">{\"@context\":\"https:\/\/schema.org\",\"@graph\":[{\"@type\":\"WebPage\",\"@id\":\"https:\/\/www.intoscana.it\/it\/il-festival-puccini-di-torre-del-lago-celebra-nel-2024-i-100-anni-dalla-morte-del-grande-compositore-toscano\/\",\"url\":\"https:\/\/www.intoscana.it\/it\/il-festival-puccini-di-torre-del-lago-celebra-nel-2024-i-100-anni-dalla-morte-del-grande-compositore-toscano\/\",\"name\":\"Il Festival Puccini di Torre del Lago celebra nel 2024 i 100 anni dalla morte del Maestro - intoscana\",\"isPartOf\":{\"@id\":\"https:\/\/www.intoscana.it\/it\/#website\"},\"primaryImageOfPage\":{\"@id\":\"https:\/\/www.intoscana.it\/it\/il-festival-puccini-di-torre-del-lago-celebra-nel-2024-i-100-anni-dalla-morte-del-grande-compositore-toscano\/#primaryimage\"},\"image\":{\"@id\":\"https:\/\/www.intoscana.it\/it\/il-festival-puccini-di-torre-del-lago-celebra-nel-2024-i-100-anni-dalla-morte-del-grande-compositore-toscano\/#primaryimage\"},\"thumbnailUrl\":\"https:\/\/www.intoscana.it\/wp-content\/uploads\/IMG_8323-scaled-1-scaled.jpeg\",\"datePublished\":\"2023-09-15T12:33:28+00:00\",\"dateModified\":\"2023-09-15T12:35:57+00:00\",\"author\":{\"@id\":\"https:\/\/www.intoscana.it\/it\/#\/schema\/person\/d469f35f09739bdf00bf5dd3f0647a82\"},\"description\":\"Dal 12 luglio al 24 agosto a Torre del Lago in programma sei titoli pucciniani e nuove produzioni con la direzione di Pier Luigi Pizzi\",\"breadcrumb\":{\"@id\":\"https:\/\/www.intoscana.it\/it\/il-festival-puccini-di-torre-del-lago-celebra-nel-2024-i-100-anni-dalla-morte-del-grande-compositore-toscano\/#breadcrumb\"},\"inLanguage\":\"it-IT\",\"potentialAction\":[{\"@type\":\"ReadAction\",\"target\":[\"https:\/\/www.intoscana.it\/it\/il-festival-puccini-di-torre-del-lago-celebra-nel-2024-i-100-anni-dalla-morte-del-grande-compositore-toscano\/\"]}]},{\"@type\":\"ImageObject\",\"inLanguage\":\"it-IT\",\"@id\":\"https:\/\/www.intoscana.it\/it\/il-festival-puccini-di-torre-del-lago-celebra-nel-2024-i-100-anni-dalla-morte-del-grande-compositore-toscano\/#primaryimage\",\"url\":\"https:\/\/www.intoscana.it\/wp-content\/uploads\/IMG_8323-scaled-1-scaled.jpeg\",\"contentUrl\":\"https:\/\/www.intoscana.it\/wp-content\/uploads\/IMG_8323-scaled-1-scaled.jpeg\",\"width\":2048,\"height\":1536},{\"@type\":\"BreadcrumbList\",\"@id\":\"https:\/\/www.intoscana.it\/it\/il-festival-puccini-di-torre-del-lago-celebra-nel-2024-i-100-anni-dalla-morte-del-grande-compositore-toscano\/#breadcrumb\",\"itemListElement\":[{\"@type\":\"ListItem\",\"position\":1,\"name\":\"Home\",\"item\":\"https:\/\/www.intoscana.it\/it\/\"},{\"@type\":\"ListItem\",\"position\":2,\"name\":\"Il Festival Puccini di Torre del Lago celebra nel 2024 i 100 anni dalla morte del Maestro\"}]},{\"@type\":\"WebSite\",\"@id\":\"https:\/\/www.intoscana.it\/it\/#website\",\"url\":\"https:\/\/www.intoscana.it\/it\/\",\"name\":\"intoscana\",\"description\":\"\",\"potentialAction\":[{\"@type\":\"SearchAction\",\"target\":{\"@type\":\"EntryPoint\",\"urlTemplate\":\"https:\/\/www.intoscana.it\/it\/?s={search_term_string}\"},\"query-input\":{\"@type\":\"PropertyValueSpecification\",\"valueRequired\":true,\"valueName\":\"search_term_string\"}}],\"inLanguage\":\"it-IT\"},{\"@type\":\"Person\",\"@id\":\"https:\/\/www.intoscana.it\/it\/#\/schema\/person\/d469f35f09739bdf00bf5dd3f0647a82\",\"name\":\"Costanza Baldini\",\"url\":\"https:\/\/www.intoscana.it\/it\/author\/costanza-baldini\/\"}]}<\/script>\n<!-- \/ Yoast SEO Premium plugin. -->","yoast_head_json":{"title":"Il Festival Puccini di Torre del Lago celebra nel 2024 i 100 anni dalla morte del Maestro - intoscana","description":"Dal 12 luglio al 24 agosto a Torre del Lago in programma sei titoli pucciniani e nuove produzioni con la direzione di Pier Luigi Pizzi","robots":{"index":"index","follow":"follow","max-snippet":"max-snippet:-1","max-image-preview":"max-image-preview:large","max-video-preview":"max-video-preview:-1"},"canonical":"https:\/\/www.intoscana.it\/it\/il-festival-puccini-di-torre-del-lago-celebra-nel-2024-i-100-anni-dalla-morte-del-grande-compositore-toscano\/","og_locale":"it_IT","og_type":"article","og_title":"Il Festival Puccini di Torre del Lago celebra nel 2024 i 100 anni dalla morte del Maestro","og_description":"Dal 12 luglio al 24 agosto a Torre del Lago in programma sei titoli pucciniani e nuove produzioni con la direzione di Pier Luigi Pizzi","og_url":"https:\/\/www.intoscana.it\/it\/il-festival-puccini-di-torre-del-lago-celebra-nel-2024-i-100-anni-dalla-morte-del-grande-compositore-toscano\/","og_site_name":"intoscana","article_publisher":"https:\/\/www.facebook.com\/intoscana.it","article_published_time":"2023-09-15T12:33:28+00:00","article_modified_time":"2023-09-15T12:35:57+00:00","og_image":[{"width":2048,"height":1536,"url":"https:\/\/www.intoscana.it\/wp-content\/uploads\/IMG_8323-scaled-1-scaled.jpeg","type":"image\/jpeg"}],"author":"Costanza Baldini","twitter_card":"summary_large_image","twitter_creator":"@intoscana","twitter_site":"@intoscana","twitter_misc":{"Written by":"Costanza Baldini","Est. reading time":"3 minuti"},"schema":{"@context":"https:\/\/schema.org","@graph":[{"@type":"WebPage","@id":"https:\/\/www.intoscana.it\/it\/il-festival-puccini-di-torre-del-lago-celebra-nel-2024-i-100-anni-dalla-morte-del-grande-compositore-toscano\/","url":"https:\/\/www.intoscana.it\/it\/il-festival-puccini-di-torre-del-lago-celebra-nel-2024-i-100-anni-dalla-morte-del-grande-compositore-toscano\/","name":"Il Festival Puccini di Torre del Lago celebra nel 2024 i 100 anni dalla morte del Maestro - intoscana","isPartOf":{"@id":"https:\/\/www.intoscana.it\/it\/#website"},"primaryImageOfPage":{"@id":"https:\/\/www.intoscana.it\/it\/il-festival-puccini-di-torre-del-lago-celebra-nel-2024-i-100-anni-dalla-morte-del-grande-compositore-toscano\/#primaryimage"},"image":{"@id":"https:\/\/www.intoscana.it\/it\/il-festival-puccini-di-torre-del-lago-celebra-nel-2024-i-100-anni-dalla-morte-del-grande-compositore-toscano\/#primaryimage"},"thumbnailUrl":"https:\/\/www.intoscana.it\/wp-content\/uploads\/IMG_8323-scaled-1-scaled.jpeg","datePublished":"2023-09-15T12:33:28+00:00","dateModified":"2023-09-15T12:35:57+00:00","author":{"@id":"https:\/\/www.intoscana.it\/it\/#\/schema\/person\/d469f35f09739bdf00bf5dd3f0647a82"},"description":"Dal 12 luglio al 24 agosto a Torre del Lago in programma sei titoli pucciniani e nuove produzioni con la direzione di Pier Luigi Pizzi","breadcrumb":{"@id":"https:\/\/www.intoscana.it\/it\/il-festival-puccini-di-torre-del-lago-celebra-nel-2024-i-100-anni-dalla-morte-del-grande-compositore-toscano\/#breadcrumb"},"inLanguage":"it-IT","potentialAction":[{"@type":"ReadAction","target":["https:\/\/www.intoscana.it\/it\/il-festival-puccini-di-torre-del-lago-celebra-nel-2024-i-100-anni-dalla-morte-del-grande-compositore-toscano\/"]}]},{"@type":"ImageObject","inLanguage":"it-IT","@id":"https:\/\/www.intoscana.it\/it\/il-festival-puccini-di-torre-del-lago-celebra-nel-2024-i-100-anni-dalla-morte-del-grande-compositore-toscano\/#primaryimage","url":"https:\/\/www.intoscana.it\/wp-content\/uploads\/IMG_8323-scaled-1-scaled.jpeg","contentUrl":"https:\/\/www.intoscana.it\/wp-content\/uploads\/IMG_8323-scaled-1-scaled.jpeg","width":2048,"height":1536},{"@type":"BreadcrumbList","@id":"https:\/\/www.intoscana.it\/it\/il-festival-puccini-di-torre-del-lago-celebra-nel-2024-i-100-anni-dalla-morte-del-grande-compositore-toscano\/#breadcrumb","itemListElement":[{"@type":"ListItem","position":1,"name":"Home","item":"https:\/\/www.intoscana.it\/it\/"},{"@type":"ListItem","position":2,"name":"Il Festival Puccini di Torre del Lago celebra nel 2024 i 100 anni dalla morte del Maestro"}]},{"@type":"WebSite","@id":"https:\/\/www.intoscana.it\/it\/#website","url":"https:\/\/www.intoscana.it\/it\/","name":"intoscana","description":"","potentialAction":[{"@type":"SearchAction","target":{"@type":"EntryPoint","urlTemplate":"https:\/\/www.intoscana.it\/it\/?s={search_term_string}"},"query-input":{"@type":"PropertyValueSpecification","valueRequired":true,"valueName":"search_term_string"}}],"inLanguage":"it-IT"},{"@type":"Person","@id":"https:\/\/www.intoscana.it\/it\/#\/schema\/person\/d469f35f09739bdf00bf5dd3f0647a82","name":"Costanza Baldini","url":"https:\/\/www.intoscana.it\/it\/author\/costanza-baldini\/"}]}},"_links":{"self":[{"href":"https:\/\/www.intoscana.it\/it\/wp-json\/wp\/v2\/posts\/305057","targetHints":{"allow":["GET"]}}],"collection":[{"href":"https:\/\/www.intoscana.it\/it\/wp-json\/wp\/v2\/posts"}],"about":[{"href":"https:\/\/www.intoscana.it\/it\/wp-json\/wp\/v2\/types\/post"}],"author":[{"embeddable":true,"href":"https:\/\/www.intoscana.it\/it\/wp-json\/wp\/v2\/users\/518"}],"replies":[{"embeddable":true,"href":"https:\/\/www.intoscana.it\/it\/wp-json\/wp\/v2\/comments?post=305057"}],"version-history":[{"count":0,"href":"https:\/\/www.intoscana.it\/it\/wp-json\/wp\/v2\/posts\/305057\/revisions"}],"wp:featuredmedia":[{"embeddable":true,"href":"https:\/\/www.intoscana.it\/it\/wp-json\/wp\/v2\/media\/305066"}],"wp:attachment":[{"href":"https:\/\/www.intoscana.it\/it\/wp-json\/wp\/v2\/media?parent=305057"}],"wp:term":[{"taxonomy":"category","embeddable":true,"href":"https:\/\/www.intoscana.it\/it\/wp-json\/wp\/v2\/categories?post=305057"},{"taxonomy":"post_tag","embeddable":true,"href":"https:\/\/www.intoscana.it\/it\/wp-json\/wp\/v2\/tags?post=305057"}],"curies":[{"name":"wp","href":"https:\/\/api.w.org\/{rel}","templated":true}]}}