{"id":305256,"date":"2023-09-18T09:25:26","date_gmt":"2023-09-18T07:25:26","guid":{"rendered":"https:\/\/www.intoscana.it\/it\/?p=305256"},"modified":"2023-09-18T14:21:27","modified_gmt":"2023-09-18T12:21:27","slug":"vince-il-premio-pieve-saverio-tutino-2023-paola-tellaroli-che-ha-raccontato-lictus-in-tutta-la-polvere-del-mondo-in-faccia","status":"publish","type":"post","link":"https:\/\/www.intoscana.it\/it\/vince-il-premio-pieve-saverio-tutino-2023-paola-tellaroli-che-ha-raccontato-lictus-in-tutta-la-polvere-del-mondo-in-faccia\/","title":{"rendered":"Vince il Premio Pieve Saverio Tutino 2023 Paola Tellaroli che ha raccontato l&#8217;ictus in \u201cTutta la polvere del mondo in faccia\u201d"},"content":{"rendered":"<p>\u00c8 la giovanissima<strong>\u00a0Paola Tellaroli,\u00a0<\/strong>nata a Castiglion delle Stiviere in provincia di Mantova nel <strong>1986,<\/strong> la vincitrice del<strong>\u00a0Premio Pieve Saverio Tutino 2023<\/strong> con <strong><em>&#8220;Tutta la polvere del mondo in faccia&#8221;.<\/em><\/strong><\/p>\n<p>Il suo diario\u00a0racconta <strong>l&#8217;ictus che ha colpito Paola<\/strong> sottoposta ad un delicato intervento di trombo-aspirazione. Al risveglio Paola scopre progressivamente i danni che ha subito il suo corpo, la paralisi della parte destra, l&#8217;impossibilit\u00e0 di comunicare.<\/p>\n<p>Ma la dimostrazione d&#8217;affetto che riceve dai suoi amici, dal suo compagno Emanuele e dai suoi familiari, sempre al suo fianco nei successivi<strong> cinque anni di riabilitazione<\/strong>, riaccende <strong>la scintilla della vita.<\/strong><\/p>\n<p>Il diario di Paola si conclude nell&#8217;ottobre 2022, alla vigilia di <strong>un viaggio verso l&#8217;Amazzonia atteso per anni.<\/strong><\/p>\n<p>La cerimonia di premiazione si \u00e8 svolta <strong>domenica 17 settembre a Pieve Santo Stefano.<\/strong><\/p>\n<p><strong>Paola Tellaroli ha ritirato il premio commossa<\/strong>, con gli occhi lucidi.<\/p>\n<p><em>&#8220;Oggi posso dire che quel giorno inizi\u00f2 ufficialmente l&#8217;atto della guarigione &#8211; <\/em><strong>ha detto Paola\u00a0<\/strong><em>-: il pi\u00f9 lungo, impegnativo e corale della mia vita. E sono dell&#8217;idea che senza quel branco di delfini non mi sarei mai salvata dall&#8217;alternativa dello stato vegetale. Durante questi cinque anni ho capito che una vita normale non esiste, ma piano piano la mia ha iniziato ad avvicinarsi alla cosa pi\u00f9 simile alla vita che ricordavo. Un po&#8217; alla volta si torna a vedere la luce, a ridere e a sognare&#8221;.<\/em><\/p>\n<h3>La motivazione della Giuria<\/h3>\n<p>Questa la motivazione della Giuria per il premio a <strong>Paola Tellaroli: <\/strong><em><strong>&#8220;<\/strong>Paola ha 31 anni, \u00e8 una giovane donna piena di iniziative, di sogni, determinata. \u00c8 assegnista in biostatistica, ha un compagno, si sente &#8220;in motorino con il vento tra i capelli, le mani alzate prima dello schianto&#8221;. Lo schianto arriva la sera del 14 febbraio quando un grumo di sangue si deposita nel cervello di Paola. \u00c8 vittima di un ictus ischemico cerebrale, ma nessuno pu\u00f2 ancora immaginarlo. Al pronto soccorso la diagnosi corretta arriva dopo nove lunghe ore. Al risveglio scopre progressivamente i danni che ha subito il suo corpo: la paralisi della parte destra, l&#8217;impossibilit\u00e0 di comunicare. Ma Paola non si scoraggia e comincia un lungo cammino di riabilitazione, reso possibile anche dalla vicinanza degli affetti, del compagno e degli amici, un &#8220;branco di delfini&#8221; che le ha dato la forza necessaria. Questo assaggio di mortalit\u00e0 le fa capire di non essere invincibile, bensi vulnerabile come tutti.\u00a0Paola ci consegna un diario del presente pieno di ironia e di capacit\u00e0 di autoanalisi, oltre che una lucida critica verso la burocrazia del sistema sanitario. A cinque anni dall&#8217;ictus, \u00e8 pronta a riprendere la strada che si era bruscamente interrotta: prepara lo zaino e parte per l&#8217;Amazzonia.&#8221;<\/em><\/p>\n<p>La giuria ha deciso di assegnare <strong>una menzione speciale ad altri due diari<\/strong> che condividono il periodo storico 1944-45: <em><strong>\u201cQuando saremo di nuovo uomini\u201d<\/strong><\/em>\u00a0di <strong>Ettore Piccinini<\/strong>\u00a0(1922-2007) e <em><strong>\u201cLa via della vita\u201d<\/strong> <\/em>di <strong>Maria Anna Rold<\/strong> (1926-2018).<\/p>\n<div class=\"titleimg\">\n<div class=\"titleimg\">\n<figure id=\"post-305401 media-305401\" class=\"align-none\"><img decoding=\"async\" src=\"https:\/\/www.intoscana.it\/wp-content\/uploads\/Giulia-Zanelli_PremioPieve2023__Domenica_97-scaled.jpg\" alt=\"\" \/><\/figure>\n<div class=\"titleimg\"><em>Premio Pieve 2023 &#8211; \u00a9 Giulia Zanelli<\/em><\/div>\n<\/div>\n<\/div>\n<h3>Il premio Citt\u00e0 del Diario 2023 a Ezio Mauro<\/h3>\n<p>Momento di grande emozione \u00a0quando \u00e8 stato assegnato il <strong>Premio Citt\u00e0 del diario 2023<\/strong> al giornalista <strong>Ezio Mauro. <\/strong><\/p>\n<p>Un riconoscimento che assume valore simbolico nel <strong>centenario dalla nascita di Saverio Tutino,<\/strong> fondatore dell\u2019Archivio di Pieve Santo Stefano. Tutino fu infatti inviato speciale come esperto di politica internazionale di<em><strong> \u201cRepubblica\u201d<\/strong> <\/em>nel 1976, quotidiano che poi fu <strong>diretto da Mauro per ben vent\u2019anni, dal 1996 al 2016.<\/strong><\/p>\n<p><strong>Questa la motivazione:<\/strong> per <em>\u201cla passione per la storia, la scelta del metodo giornalistico come schema privilegiato di indagine e racconto, l\u2019attenzione sempre rivolta ai veri protagonisti dell\u2019et\u00e0 contemporanea: gli uomini, le donne, le \u201cmasse\u201d che hanno animato, spesso subito, le grandi guerre e le ondate migratorie, le metamorfosi della politica, i progressi e i rovesci della societ\u00e0 e dell\u2019economia\u201d.<\/em><\/p>\n<h3>La storia di Paola Tellaroli (2017-2022)<\/h3>\n<p><em>Quel giorno pensavo ancora di poter avere il controllo su ogni cosa: avevo da poco compiuto trent\u2019anni e condividevo un grazioso appartamento con un paio di amici e col mio ragazzo, Emanuele, a Padova, dove ci eravamo conosciuti e dove i sogni non la smettevano di avverarsi. Avevo il lavoro che ritengo il pi\u00f9 entusiasmante possibile, ovvero facevo ricerca come assegnista in biostatistica, insegnavo all&#8217;universit\u00e0 e avevo una valanga di progetti strampalati per la testa che si stavano pian piano avverando. Ero insomma in quella disposizione d&#8217;animo in cui tutto sembrava cos\u00ec facile, possibile e allegro da suggerirmi che il tempo presente fosse l\u2019unico che avesse senso di esistere. Mi sentivo come ci si sente in motorino col vento tra i capelli e le mani alzate prima dello schianto. <\/em><\/p>\n<p><strong>Lo \u201cschianto\u201d per Paola arriva la sera del 14 febbraio 2017<\/strong>, a casa, in un momento di vita comune: la sua gattina la graffia e succede qualcosa di inaspettato.<\/p>\n<p><em> Inseguii quella vigliacca fino in sala per urlarle che era veramente una stupida e che mi aveva fatto male, ma stranamente in quell&#8217;istante la mia lingua e le mie labbra si ribellarono e restarono immobili. Stranita, ma ingenuamente non preoccupata, decisi di far bambinamente finta che nulla fosse accaduto. Quindi mi abbassai per afferrare il computer, che improvvisamente attir\u00f2 tutto il mio interesse, ma &#8211; mentre il braccio si mosse &#8211; la mano destra se ne stette l\u00ec come un pezzo di legno. In quel momento mi accorsi che anche la mia gamba destra stava scioperando. Un grumo di sangue si \u00e8 depositato nel cervello. <\/em><\/p>\n<p><strong>Paola \u00e8 vittima di un ictus ischemico cerebrale,<\/strong> ma nessuno pu\u00f2 ancora immaginarlo.<\/p>\n<p><em>Ignara com&#8217;ero del fatto che il tempo stesse erodendo i miei neuroni che, come ali di farfalla, una volta offesi avrebbero perso per sempre la polvere che permette loro di volare. E che il mio cervello, la mia roccaforte, si stava sgretolando di minuto in minuto senza che io me ne rendessi conto. Non sapevo cos\u2019era ad impedirmi di parlare, ma infondo di dolore non ne stavo provando e, per la mia stupida ingenuit\u00e0, quello era il termometro della gravit\u00e0 di ogni malanno. Per mia fortuna gli altri chiamarono immediatamente il 118. <\/em><\/p>\n<p>Purtroppo, <strong>dall\u2019arrivo in ospedale alla diagnosi corretta trascorreranno molte ore<\/strong>, nel frattempo Paola sprofonda in uno stato di incoscienza, dal quale si riprene solo dopo un delicato intervento di trombo-aspirazione. Al risveglio scopre progressivamente<strong> i danni che ha subito il suo corpo, la paralisi della parte destra, l\u2019impossibilit\u00e0 di comunicare<\/strong>. Ma la dimostrazione d\u2019affetto che riceve dai suoi amici, dal suo Emanuele e dai suoi familiari, che si precipitano al suo fianco in terapia intensiva, riaccende la scintilla della vita.<\/p>\n<p><em>Oggi posso dire che quel giorno inizi\u00f2 ufficialmente l&#8217;atto della guarigione: il pi\u00f9 lungo, impegnativo e corale della mia vita. E sono dell&#8217;idea che senza quel branco di delfini non mi sarei mai salvata dall\u2019alternativa dello stato vegetale. \u00c8 stato grazie agli amici che unendosi mi hanno dato la forza. Perci\u00f2 grazie, amici miei. <\/em><\/p>\n<p><strong>Ha inizio una lunga riabilitazione,<\/strong> che in prima battuta svolge in un ospedale del Lido di Venezia, dove con grande impegno torna a camminare, a compiere gesti quotidiani come insaponarsi i capelli e allacciarsi le scarpe. <strong>La strada del recupero sar\u00e0 lunga e piena di difficolt\u00e0,<\/strong> nel privato, in ambito lavorativo, nello sfiancante rapporto con la burocrazia.<\/p>\n<p><em>Durante questi cinque anni ho capito che una vita normale non esiste, ma piano piano la mia ha iniziato ad avvicinarsi alla cosa pi\u00f9 simile alla vita che ricordavo. <\/em><\/p>\n<p>Un po&#8217; alla volta si torna a vedere la luce, a ridere e a sognare. <strong>Il diario di Paola si conclude nell\u2019ottobre 2022 quando Paola parte l\u2019Amazzonia.<\/strong><\/p>\n<p><em>Perch\u00e9 l&#8217;antidoto migliore per me \u00e8 e rester\u00e0 sempre avere tutta la polvere del mondo in faccia.<\/em><\/p>\n<div class=\"titleimg\">\n<figure id=\"post-305407 media-305407\" class=\"align-none\"><img decoding=\"async\" src=\"https:\/\/www.intoscana.it\/wp-content\/uploads\/Giulia-Zanelli_PremioPieve2023__Domenica_102-scaled.jpg\" alt=\"\" \/><\/figure>\n<div class=\"titleimg\">Paola Tellaroli &#8211; \u00a9 Giulia Zanelli<\/div>\n<\/div>\n","protected":false},"excerpt":{"rendered":"<p>La giuria ha deciso di assegnare una menzione speciale ad altri due diari che condividono il periodo storico 1944-45: \u201cQuando saremo di nuovo uomini\u201d\u00a0di Ettore Piccinini e \u201cLa via della vita\u201d di Maria Anna Rold<\/p>\n","protected":false},"author":518,"featured_media":305420,"comment_status":"open","ping_status":"open","sticky":false,"template":"","format":"standard","meta":{"_acf_changed":false,"footnotes":""},"categories":[493],"tags":[138],"class_list":["post-305256","post","type-post","status-publish","format-standard","has-post-thumbnail","hentry","category-cultura","tag-premio-pieve"],"acf":[],"yoast_head":"<!-- This site is optimized with the Yoast SEO Premium plugin v24.2 (Yoast SEO v25.6) - https:\/\/yoast.com\/wordpress\/plugins\/seo\/ -->\n<title>Vince il Premio Pieve Saverio Tutino 2023 Paola Tellaroli che ha raccontato l&#039;ictus in \u201cTutta la polvere del mondo in faccia\u201d - intoscana<\/title>\n<meta name=\"description\" content=\"Vince il Premio Pieve Saverio Tutino 2023 Paola Tellaroli che ha raccontato l&#039;ictus con \u201cTutta la polvere del mondo in faccia\u201d\" \/>\n<meta name=\"robots\" content=\"index, follow, max-snippet:-1, max-image-preview:large, max-video-preview:-1\" \/>\n<link rel=\"canonical\" href=\"https:\/\/www.intoscana.it\/it\/vince-il-premio-pieve-saverio-tutino-2023-paola-tellaroli-che-ha-raccontato-lictus-in-tutta-la-polvere-del-mondo-in-faccia\/\" \/>\n<meta property=\"og:locale\" content=\"it_IT\" \/>\n<meta property=\"og:type\" content=\"article\" \/>\n<meta property=\"og:title\" content=\"Vince il Premio Pieve Saverio Tutino 2023 Paola Tellaroli che ha raccontato l&#039;ictus in \u201cTutta la polvere del mondo in faccia\u201d\" \/>\n<meta property=\"og:description\" content=\"Vince il Premio Pieve Saverio Tutino 2023 Paola Tellaroli che ha raccontato l&#039;ictus con \u201cTutta la polvere del mondo in faccia\u201d\" \/>\n<meta property=\"og:url\" content=\"https:\/\/www.intoscana.it\/it\/vince-il-premio-pieve-saverio-tutino-2023-paola-tellaroli-che-ha-raccontato-lictus-in-tutta-la-polvere-del-mondo-in-faccia\/\" \/>\n<meta property=\"og:site_name\" content=\"intoscana\" \/>\n<meta property=\"article:publisher\" content=\"https:\/\/www.facebook.com\/intoscana.it\" \/>\n<meta property=\"article:published_time\" content=\"2023-09-18T07:25:26+00:00\" \/>\n<meta property=\"article:modified_time\" content=\"2023-09-18T12:21:27+00:00\" \/>\n<meta property=\"og:image\" content=\"https:\/\/www.intoscana.it\/wp-content\/uploads\/Giulia-Zanelli_PremioPieve2023__Domenica_99-1-scaled.jpg\" \/>\n\t<meta property=\"og:image:width\" content=\"2048\" \/>\n\t<meta property=\"og:image:height\" content=\"1092\" \/>\n\t<meta property=\"og:image:type\" content=\"image\/jpeg\" \/>\n<meta name=\"author\" content=\"Costanza Baldini\" \/>\n<meta name=\"twitter:card\" content=\"summary_large_image\" \/>\n<meta name=\"twitter:creator\" content=\"@intoscana\" \/>\n<meta name=\"twitter:site\" content=\"@intoscana\" \/>\n<meta name=\"twitter:label1\" content=\"Written by\" \/>\n\t<meta name=\"twitter:data1\" content=\"Costanza Baldini\" \/>\n\t<meta name=\"twitter:label2\" content=\"Est. reading time\" \/>\n\t<meta name=\"twitter:data2\" content=\"6 minuti\" \/>\n<script type=\"application\/ld+json\" class=\"yoast-schema-graph\">{\"@context\":\"https:\/\/schema.org\",\"@graph\":[{\"@type\":\"WebPage\",\"@id\":\"https:\/\/www.intoscana.it\/it\/vince-il-premio-pieve-saverio-tutino-2023-paola-tellaroli-che-ha-raccontato-lictus-in-tutta-la-polvere-del-mondo-in-faccia\/\",\"url\":\"https:\/\/www.intoscana.it\/it\/vince-il-premio-pieve-saverio-tutino-2023-paola-tellaroli-che-ha-raccontato-lictus-in-tutta-la-polvere-del-mondo-in-faccia\/\",\"name\":\"Vince il Premio Pieve Saverio Tutino 2023 Paola Tellaroli che ha raccontato l'ictus in \u201cTutta la polvere del mondo in faccia\u201d - intoscana\",\"isPartOf\":{\"@id\":\"https:\/\/www.intoscana.it\/it\/#website\"},\"primaryImageOfPage\":{\"@id\":\"https:\/\/www.intoscana.it\/it\/vince-il-premio-pieve-saverio-tutino-2023-paola-tellaroli-che-ha-raccontato-lictus-in-tutta-la-polvere-del-mondo-in-faccia\/#primaryimage\"},\"image\":{\"@id\":\"https:\/\/www.intoscana.it\/it\/vince-il-premio-pieve-saverio-tutino-2023-paola-tellaroli-che-ha-raccontato-lictus-in-tutta-la-polvere-del-mondo-in-faccia\/#primaryimage\"},\"thumbnailUrl\":\"https:\/\/www.intoscana.it\/wp-content\/uploads\/Giulia-Zanelli_PremioPieve2023__Domenica_99-1-scaled.jpg\",\"datePublished\":\"2023-09-18T07:25:26+00:00\",\"dateModified\":\"2023-09-18T12:21:27+00:00\",\"author\":{\"@id\":\"https:\/\/www.intoscana.it\/it\/#\/schema\/person\/d469f35f09739bdf00bf5dd3f0647a82\"},\"description\":\"Vince il Premio Pieve Saverio Tutino 2023 Paola Tellaroli che ha raccontato l'ictus con \u201cTutta la polvere del mondo in faccia\u201d\",\"breadcrumb\":{\"@id\":\"https:\/\/www.intoscana.it\/it\/vince-il-premio-pieve-saverio-tutino-2023-paola-tellaroli-che-ha-raccontato-lictus-in-tutta-la-polvere-del-mondo-in-faccia\/#breadcrumb\"},\"inLanguage\":\"it-IT\",\"potentialAction\":[{\"@type\":\"ReadAction\",\"target\":[\"https:\/\/www.intoscana.it\/it\/vince-il-premio-pieve-saverio-tutino-2023-paola-tellaroli-che-ha-raccontato-lictus-in-tutta-la-polvere-del-mondo-in-faccia\/\"]}]},{\"@type\":\"ImageObject\",\"inLanguage\":\"it-IT\",\"@id\":\"https:\/\/www.intoscana.it\/it\/vince-il-premio-pieve-saverio-tutino-2023-paola-tellaroli-che-ha-raccontato-lictus-in-tutta-la-polvere-del-mondo-in-faccia\/#primaryimage\",\"url\":\"https:\/\/www.intoscana.it\/wp-content\/uploads\/Giulia-Zanelli_PremioPieve2023__Domenica_99-1-scaled.jpg\",\"contentUrl\":\"https:\/\/www.intoscana.it\/wp-content\/uploads\/Giulia-Zanelli_PremioPieve2023__Domenica_99-1-scaled.jpg\",\"width\":2048,\"height\":1092},{\"@type\":\"BreadcrumbList\",\"@id\":\"https:\/\/www.intoscana.it\/it\/vince-il-premio-pieve-saverio-tutino-2023-paola-tellaroli-che-ha-raccontato-lictus-in-tutta-la-polvere-del-mondo-in-faccia\/#breadcrumb\",\"itemListElement\":[{\"@type\":\"ListItem\",\"position\":1,\"name\":\"Home\",\"item\":\"https:\/\/www.intoscana.it\/it\/\"},{\"@type\":\"ListItem\",\"position\":2,\"name\":\"Vince il Premio Pieve Saverio Tutino 2023 Paola Tellaroli che ha raccontato l&#8217;ictus in \u201cTutta la polvere del mondo in faccia\u201d\"}]},{\"@type\":\"WebSite\",\"@id\":\"https:\/\/www.intoscana.it\/it\/#website\",\"url\":\"https:\/\/www.intoscana.it\/it\/\",\"name\":\"intoscana\",\"description\":\"\",\"potentialAction\":[{\"@type\":\"SearchAction\",\"target\":{\"@type\":\"EntryPoint\",\"urlTemplate\":\"https:\/\/www.intoscana.it\/it\/?s={search_term_string}\"},\"query-input\":{\"@type\":\"PropertyValueSpecification\",\"valueRequired\":true,\"valueName\":\"search_term_string\"}}],\"inLanguage\":\"it-IT\"},{\"@type\":\"Person\",\"@id\":\"https:\/\/www.intoscana.it\/it\/#\/schema\/person\/d469f35f09739bdf00bf5dd3f0647a82\",\"name\":\"Costanza Baldini\",\"url\":\"https:\/\/www.intoscana.it\/it\/author\/costanza-baldini\/\"}]}<\/script>\n<!-- \/ Yoast SEO Premium plugin. -->","yoast_head_json":{"title":"Vince il Premio Pieve Saverio Tutino 2023 Paola Tellaroli che ha raccontato l'ictus in \u201cTutta la polvere del mondo in faccia\u201d - intoscana","description":"Vince il Premio Pieve Saverio Tutino 2023 Paola Tellaroli che ha raccontato l'ictus con \u201cTutta la polvere del mondo in faccia\u201d","robots":{"index":"index","follow":"follow","max-snippet":"max-snippet:-1","max-image-preview":"max-image-preview:large","max-video-preview":"max-video-preview:-1"},"canonical":"https:\/\/www.intoscana.it\/it\/vince-il-premio-pieve-saverio-tutino-2023-paola-tellaroli-che-ha-raccontato-lictus-in-tutta-la-polvere-del-mondo-in-faccia\/","og_locale":"it_IT","og_type":"article","og_title":"Vince il Premio Pieve Saverio Tutino 2023 Paola Tellaroli che ha raccontato l'ictus in \u201cTutta la polvere del mondo in faccia\u201d","og_description":"Vince il Premio Pieve Saverio Tutino 2023 Paola Tellaroli che ha raccontato l'ictus con \u201cTutta la polvere del mondo in faccia\u201d","og_url":"https:\/\/www.intoscana.it\/it\/vince-il-premio-pieve-saverio-tutino-2023-paola-tellaroli-che-ha-raccontato-lictus-in-tutta-la-polvere-del-mondo-in-faccia\/","og_site_name":"intoscana","article_publisher":"https:\/\/www.facebook.com\/intoscana.it","article_published_time":"2023-09-18T07:25:26+00:00","article_modified_time":"2023-09-18T12:21:27+00:00","og_image":[{"width":2048,"height":1092,"url":"https:\/\/www.intoscana.it\/wp-content\/uploads\/Giulia-Zanelli_PremioPieve2023__Domenica_99-1-scaled.jpg","type":"image\/jpeg"}],"author":"Costanza Baldini","twitter_card":"summary_large_image","twitter_creator":"@intoscana","twitter_site":"@intoscana","twitter_misc":{"Written by":"Costanza Baldini","Est. reading time":"6 minuti"},"schema":{"@context":"https:\/\/schema.org","@graph":[{"@type":"WebPage","@id":"https:\/\/www.intoscana.it\/it\/vince-il-premio-pieve-saverio-tutino-2023-paola-tellaroli-che-ha-raccontato-lictus-in-tutta-la-polvere-del-mondo-in-faccia\/","url":"https:\/\/www.intoscana.it\/it\/vince-il-premio-pieve-saverio-tutino-2023-paola-tellaroli-che-ha-raccontato-lictus-in-tutta-la-polvere-del-mondo-in-faccia\/","name":"Vince il Premio Pieve Saverio Tutino 2023 Paola Tellaroli che ha raccontato l'ictus in \u201cTutta la polvere del mondo in faccia\u201d - intoscana","isPartOf":{"@id":"https:\/\/www.intoscana.it\/it\/#website"},"primaryImageOfPage":{"@id":"https:\/\/www.intoscana.it\/it\/vince-il-premio-pieve-saverio-tutino-2023-paola-tellaroli-che-ha-raccontato-lictus-in-tutta-la-polvere-del-mondo-in-faccia\/#primaryimage"},"image":{"@id":"https:\/\/www.intoscana.it\/it\/vince-il-premio-pieve-saverio-tutino-2023-paola-tellaroli-che-ha-raccontato-lictus-in-tutta-la-polvere-del-mondo-in-faccia\/#primaryimage"},"thumbnailUrl":"https:\/\/www.intoscana.it\/wp-content\/uploads\/Giulia-Zanelli_PremioPieve2023__Domenica_99-1-scaled.jpg","datePublished":"2023-09-18T07:25:26+00:00","dateModified":"2023-09-18T12:21:27+00:00","author":{"@id":"https:\/\/www.intoscana.it\/it\/#\/schema\/person\/d469f35f09739bdf00bf5dd3f0647a82"},"description":"Vince il Premio Pieve Saverio Tutino 2023 Paola Tellaroli che ha raccontato l'ictus con \u201cTutta la polvere del mondo in faccia\u201d","breadcrumb":{"@id":"https:\/\/www.intoscana.it\/it\/vince-il-premio-pieve-saverio-tutino-2023-paola-tellaroli-che-ha-raccontato-lictus-in-tutta-la-polvere-del-mondo-in-faccia\/#breadcrumb"},"inLanguage":"it-IT","potentialAction":[{"@type":"ReadAction","target":["https:\/\/www.intoscana.it\/it\/vince-il-premio-pieve-saverio-tutino-2023-paola-tellaroli-che-ha-raccontato-lictus-in-tutta-la-polvere-del-mondo-in-faccia\/"]}]},{"@type":"ImageObject","inLanguage":"it-IT","@id":"https:\/\/www.intoscana.it\/it\/vince-il-premio-pieve-saverio-tutino-2023-paola-tellaroli-che-ha-raccontato-lictus-in-tutta-la-polvere-del-mondo-in-faccia\/#primaryimage","url":"https:\/\/www.intoscana.it\/wp-content\/uploads\/Giulia-Zanelli_PremioPieve2023__Domenica_99-1-scaled.jpg","contentUrl":"https:\/\/www.intoscana.it\/wp-content\/uploads\/Giulia-Zanelli_PremioPieve2023__Domenica_99-1-scaled.jpg","width":2048,"height":1092},{"@type":"BreadcrumbList","@id":"https:\/\/www.intoscana.it\/it\/vince-il-premio-pieve-saverio-tutino-2023-paola-tellaroli-che-ha-raccontato-lictus-in-tutta-la-polvere-del-mondo-in-faccia\/#breadcrumb","itemListElement":[{"@type":"ListItem","position":1,"name":"Home","item":"https:\/\/www.intoscana.it\/it\/"},{"@type":"ListItem","position":2,"name":"Vince il Premio Pieve Saverio Tutino 2023 Paola Tellaroli che ha raccontato l&#8217;ictus in \u201cTutta la polvere del mondo in faccia\u201d"}]},{"@type":"WebSite","@id":"https:\/\/www.intoscana.it\/it\/#website","url":"https:\/\/www.intoscana.it\/it\/","name":"intoscana","description":"","potentialAction":[{"@type":"SearchAction","target":{"@type":"EntryPoint","urlTemplate":"https:\/\/www.intoscana.it\/it\/?s={search_term_string}"},"query-input":{"@type":"PropertyValueSpecification","valueRequired":true,"valueName":"search_term_string"}}],"inLanguage":"it-IT"},{"@type":"Person","@id":"https:\/\/www.intoscana.it\/it\/#\/schema\/person\/d469f35f09739bdf00bf5dd3f0647a82","name":"Costanza Baldini","url":"https:\/\/www.intoscana.it\/it\/author\/costanza-baldini\/"}]}},"_links":{"self":[{"href":"https:\/\/www.intoscana.it\/it\/wp-json\/wp\/v2\/posts\/305256","targetHints":{"allow":["GET"]}}],"collection":[{"href":"https:\/\/www.intoscana.it\/it\/wp-json\/wp\/v2\/posts"}],"about":[{"href":"https:\/\/www.intoscana.it\/it\/wp-json\/wp\/v2\/types\/post"}],"author":[{"embeddable":true,"href":"https:\/\/www.intoscana.it\/it\/wp-json\/wp\/v2\/users\/518"}],"replies":[{"embeddable":true,"href":"https:\/\/www.intoscana.it\/it\/wp-json\/wp\/v2\/comments?post=305256"}],"version-history":[{"count":0,"href":"https:\/\/www.intoscana.it\/it\/wp-json\/wp\/v2\/posts\/305256\/revisions"}],"wp:featuredmedia":[{"embeddable":true,"href":"https:\/\/www.intoscana.it\/it\/wp-json\/wp\/v2\/media\/305420"}],"wp:attachment":[{"href":"https:\/\/www.intoscana.it\/it\/wp-json\/wp\/v2\/media?parent=305256"}],"wp:term":[{"taxonomy":"category","embeddable":true,"href":"https:\/\/www.intoscana.it\/it\/wp-json\/wp\/v2\/categories?post=305256"},{"taxonomy":"post_tag","embeddable":true,"href":"https:\/\/www.intoscana.it\/it\/wp-json\/wp\/v2\/tags?post=305256"}],"curies":[{"name":"wp","href":"https:\/\/api.w.org\/{rel}","templated":true}]}}